{"id":93105,"date":"2021-06-27T07:51:04","date_gmt":"2021-06-27T05:51:04","guid":{"rendered":"https:\/\/marieclaire.be\/nl\/?p=93105"},"modified":"2021-06-25T13:41:39","modified_gmt":"2021-06-25T11:41:39","slug":"cafe-costume-x-denis-meyers-het-event-voor-mode-en-kunstliefhebbers","status":"publish","type":"post","link":"https:\/\/marieclaire.be\/nl\/cafe-costume-x-denis-meyers-het-event-voor-mode-en-kunstliefhebbers\/","title":{"rendered":"Caf\u00e9 Costume x Denis Meyers: het event voor mode- en kunstliefhebbers"},"content":{"rendered":"","protected":false},"excerpt":{"rendered":"Op 24 juni opent Caf\u00e9 Costume zijn deuren voor Brussels artiest Denis Meyers. Meyers....","protected":false},"author":7,"featured_media":93136,"comment_status":"closed","ping_status":"open","sticky":false,"template":"","format":"standard","meta":{"_acf_changed":false,"footnotes":""},"categories":[4154],"tags":[771,8237,8238,3089],"class_list":["post-93105","post","type-post","status-publish","format-standard","has-post-thumbnail","hentry","category-events","tag-cafe-costume","tag-denis-meyers","tag-evenementen","tag-event"],"acf":[],"_yoast_wpseo_metadesc":"Op 24 juni opent Caf\u00e9 Costume zijn deuren voor Brussels artiest Denis Meyers. Tien dagen lang word je ondergedompeld in Meyers fresco's en iconische typografie. Altijd al gedroomd van kunst in je garderobe? Laat je dan omtoveren in het kunstwalhalla van \u00e9\u00e9n van de Brusselse Caf\u00e9 Costume-panden.","image_verticale":"93137","_yoast_wpseo_title":null,"yoast_head":"<!-- This site is optimized with the Yoast SEO plugin v27.3 - https:\/\/yoast.com\/product\/yoast-seo-wordpress\/ -->\n<title>Caf\u00e9 Costume x Denis Meyers: het event voor mode- en kunstliefhebbers - Marie Claire<\/title>\n<meta name=\"description\" content=\"Op 24 juni opent Caf\u00e9 Costume zijn deuren voor Brussels artiest Denis Meyers. Tien dagen lang word je ondergedompeld in Meyers fresco&#039;s en iconische typografie. Altijd al gedroomd van kunst in je garderobe? Laat je dan omtoveren in het kunstwalhalla van \u00e9\u00e9n van de Brusselse Caf\u00e9 Costume-panden.\" \/>\n<meta name=\"robots\" content=\"index, follow, max-snippet:-1, max-image-preview:large, max-video-preview:-1\" \/>\n<link rel=\"canonical\" href=\"https:\/\/marieclaire.be\/nl\/cafe-costume-x-denis-meyers-het-event-voor-mode-en-kunstliefhebbers\/\" \/>\n<link rel=\"next\" href=\"https:\/\/marieclaire.be\/nl\/cafe-costume-x-denis-meyers-het-event-voor-mode-en-kunstliefhebbers\/2\/\" \/>\n<meta property=\"og:locale\" content=\"nl_BE\" \/>\n<meta property=\"og:type\" content=\"article\" \/>\n<meta property=\"og:title\" content=\"Caf\u00e9 Costume x Denis Meyers: het event voor mode- en kunstliefhebbers - Marie Claire\" \/>\n<meta property=\"og:description\" content=\"Op 24 juni opent Caf\u00e9 Costume zijn deuren voor Brussels artiest Denis Meyers. Tien dagen lang word je ondergedompeld in Meyers fresco&#039;s en iconische typografie. Altijd al gedroomd van kunst in je garderobe? Laat je dan omtoveren in het kunstwalhalla van \u00e9\u00e9n van de Brusselse Caf\u00e9 Costume-panden.\" \/>\n<meta property=\"og:url\" content=\"https:\/\/marieclaire.be\/nl\/cafe-costume-x-denis-meyers-het-event-voor-mode-en-kunstliefhebbers\/\" \/>\n<meta property=\"og:site_name\" content=\"Marie Claire\" \/>\n<meta property=\"article:publisher\" content=\"https:\/\/www.facebook.com\/MarieClaireBelgie\/\" \/>\n<meta property=\"article:published_time\" content=\"2021-06-27T05:51:04+00:00\" \/>\n<meta property=\"og:image\" content=\"https:\/\/marieclaire.be\/nl\/wp-content\/uploads\/2021\/06\/ontwerp-zonder-titel-2021-06-22t141335142.png\" \/>\n\t<meta property=\"og:image:width\" content=\"1280\" \/>\n\t<meta property=\"og:image:height\" content=\"670\" \/>\n\t<meta property=\"og:image:type\" content=\"image\/png\" \/>\n<meta name=\"author\" content=\"MarieClaire Belg\u00efe\" \/>\n<meta name=\"twitter:card\" content=\"summary_large_image\" \/>\n<meta name=\"twitter:creator\" content=\"@MarieClaireBelg\" \/>\n<meta name=\"twitter:site\" content=\"@MarieClaireBelg\" \/>\n<meta name=\"twitter:label1\" content=\"Geschreven door\" \/>\n\t<meta name=\"twitter:data1\" content=\"MarieClaire Belg\u00efe\" \/>\n\t<meta name=\"twitter:label2\" content=\"Geschatte leestijd\" \/>\n\t<meta name=\"twitter:data2\" content=\"2 minuten\" \/>\n<script type=\"application\/ld+json\" class=\"yoast-schema-graph\">{\"@context\":\"https:\\\/\\\/schema.org\",\"@graph\":[{\"@type\":\"NewsArticle\",\"@id\":\"https:\\\/\\\/marieclaire.be\\\/nl\\\/cafe-costume-x-denis-meyers-het-event-voor-mode-en-kunstliefhebbers\\\/#article\",\"isPartOf\":{\"@id\":\"https:\\\/\\\/marieclaire.be\\\/nl\\\/cafe-costume-x-denis-meyers-het-event-voor-mode-en-kunstliefhebbers\\\/\"},\"author\":{\"name\":\"MarieClaire Belg\u00efe\",\"@id\":\"https:\\\/\\\/marieclaire.be\\\/nl\\\/#\\\/schema\\\/person\\\/40ecaf04184069a7d983c6441f961736\"},\"headline\":\"Caf\u00e9 Costume x Denis Meyers: het event voor mode- en kunstliefhebbers\",\"datePublished\":\"2021-06-27T05:51:04+00:00\",\"mainEntityOfPage\":{\"@id\":\"https:\\\/\\\/marieclaire.be\\\/nl\\\/cafe-costume-x-denis-meyers-het-event-voor-mode-en-kunstliefhebbers\\\/\"},\"wordCount\":386,\"publisher\":{\"@id\":\"https:\\\/\\\/marieclaire.be\\\/nl\\\/#organization\"},\"image\":{\"@id\":\"https:\\\/\\\/marieclaire.be\\\/nl\\\/cafe-costume-x-denis-meyers-het-event-voor-mode-en-kunstliefhebbers\\\/#primaryimage\"},\"thumbnailUrl\":\"https:\\\/\\\/marieclaire.be\\\/nl\\\/wp-content\\\/uploads\\\/2021\\\/06\\\/ontwerp-zonder-titel-2021-06-22t141335142.png\",\"keywords\":[\"Caf\u00e9 Costume\",\"Denis Meyers\",\"Evenementen\",\"event\"],\"articleSection\":[\"Events\"],\"inLanguage\":\"nl-BE\"},{\"@type\":\"WebPage\",\"@id\":\"https:\\\/\\\/marieclaire.be\\\/nl\\\/cafe-costume-x-denis-meyers-het-event-voor-mode-en-kunstliefhebbers\\\/\",\"url\":\"https:\\\/\\\/marieclaire.be\\\/nl\\\/cafe-costume-x-denis-meyers-het-event-voor-mode-en-kunstliefhebbers\\\/\",\"name\":\"Caf\u00e9 Costume x Denis Meyers: het event voor mode- en kunstliefhebbers - Marie Claire\",\"isPartOf\":{\"@id\":\"https:\\\/\\\/marieclaire.be\\\/nl\\\/#website\"},\"primaryImageOfPage\":{\"@id\":\"https:\\\/\\\/marieclaire.be\\\/nl\\\/cafe-costume-x-denis-meyers-het-event-voor-mode-en-kunstliefhebbers\\\/#primaryimage\"},\"image\":{\"@id\":\"https:\\\/\\\/marieclaire.be\\\/nl\\\/cafe-costume-x-denis-meyers-het-event-voor-mode-en-kunstliefhebbers\\\/#primaryimage\"},\"thumbnailUrl\":\"https:\\\/\\\/marieclaire.be\\\/nl\\\/wp-content\\\/uploads\\\/2021\\\/06\\\/ontwerp-zonder-titel-2021-06-22t141335142.png\",\"datePublished\":\"2021-06-27T05:51:04+00:00\",\"description\":\"Op 24 juni opent Caf\u00e9 Costume zijn deuren voor Brussels artiest Denis Meyers. Tien dagen lang word je ondergedompeld in Meyers fresco's en iconische typografie. Altijd al gedroomd van kunst in je garderobe? Laat je dan omtoveren in het kunstwalhalla van \u00e9\u00e9n van de Brusselse Caf\u00e9 Costume-panden.\",\"inLanguage\":\"nl-BE\",\"potentialAction\":[{\"@type\":\"ReadAction\",\"target\":[\"https:\\\/\\\/marieclaire.be\\\/nl\\\/cafe-costume-x-denis-meyers-het-event-voor-mode-en-kunstliefhebbers\\\/\"]}]},{\"@type\":\"ImageObject\",\"inLanguage\":\"nl-BE\",\"@id\":\"https:\\\/\\\/marieclaire.be\\\/nl\\\/cafe-costume-x-denis-meyers-het-event-voor-mode-en-kunstliefhebbers\\\/#primaryimage\",\"url\":\"https:\\\/\\\/marieclaire.be\\\/nl\\\/wp-content\\\/uploads\\\/2021\\\/06\\\/ontwerp-zonder-titel-2021-06-22t141335142.png\",\"contentUrl\":\"https:\\\/\\\/marieclaire.be\\\/nl\\\/wp-content\\\/uploads\\\/2021\\\/06\\\/ontwerp-zonder-titel-2021-06-22t141335142.png\",\"width\":1280,\"height\":670,\"caption\":\"Caf\u00e9 Costume x Denis Meyers\"},{\"@type\":\"WebSite\",\"@id\":\"https:\\\/\\\/marieclaire.be\\\/nl\\\/#website\",\"url\":\"https:\\\/\\\/marieclaire.be\\\/nl\\\/\",\"name\":\"Marie Claire Belgie\",\"description\":\"Marie Claire Belgie, de site voor de intelligente vrouw vol mode, beauty, lifestyle, hotspots en nieuwtjes. Think smart - look amazing.\",\"publisher\":{\"@id\":\"https:\\\/\\\/marieclaire.be\\\/nl\\\/#organization\"},\"potentialAction\":[{\"@type\":\"SearchAction\",\"target\":{\"@type\":\"EntryPoint\",\"urlTemplate\":\"https:\\\/\\\/marieclaire.be\\\/nl\\\/?s={search_term_string}\"},\"query-input\":{\"@type\":\"PropertyValueSpecification\",\"valueRequired\":true,\"valueName\":\"search_term_string\"}}],\"inLanguage\":\"nl-BE\"},{\"@type\":\"Organization\",\"@id\":\"https:\\\/\\\/marieclaire.be\\\/nl\\\/#organization\",\"name\":\"Marie Claire\",\"url\":\"https:\\\/\\\/marieclaire.be\\\/nl\\\/\",\"logo\":{\"@type\":\"ImageObject\",\"inLanguage\":\"nl-BE\",\"@id\":\"https:\\\/\\\/marieclaire.be\\\/nl\\\/#\\\/schema\\\/logo\\\/image\\\/\",\"url\":\"https:\\\/\\\/marieclaire.be\\\/nl\\\/wp-content\\\/uploads\\\/2024\\\/12\\\/marieclaire-512.png\",\"contentUrl\":\"https:\\\/\\\/marieclaire.be\\\/nl\\\/wp-content\\\/uploads\\\/2024\\\/12\\\/marieclaire-512.png\",\"width\":512,\"height\":512,\"caption\":\"Marie Claire\"},\"image\":{\"@id\":\"https:\\\/\\\/marieclaire.be\\\/nl\\\/#\\\/schema\\\/logo\\\/image\\\/\"},\"sameAs\":[\"https:\\\/\\\/www.facebook.com\\\/MarieClaireBelgie\\\/\",\"https:\\\/\\\/x.com\\\/MarieClaireBelg\",\"https:\\\/\\\/www.instagram.com\\\/marieclaire_belgie\\\/\",\"https:\\\/\\\/fr.pinterest.com\\\/marieclairebe\\\/\"]},{\"@type\":\"Person\",\"@id\":\"https:\\\/\\\/marieclaire.be\\\/nl\\\/#\\\/schema\\\/person\\\/40ecaf04184069a7d983c6441f961736\",\"name\":\"MarieClaire Belg\u00efe\",\"image\":{\"@type\":\"ImageObject\",\"inLanguage\":\"nl-BE\",\"@id\":\"https:\\\/\\\/marieclaire.be\\\/nl\\\/wp-content\\\/uploads\\\/2017\\\/05\\\/14156610_872896619478535_590200538_a-96x96.jpg\",\"url\":\"https:\\\/\\\/marieclaire.be\\\/nl\\\/wp-content\\\/uploads\\\/2017\\\/05\\\/14156610_872896619478535_590200538_a-96x96.jpg\",\"contentUrl\":\"https:\\\/\\\/marieclaire.be\\\/nl\\\/wp-content\\\/uploads\\\/2017\\\/05\\\/14156610_872896619478535_590200538_a-96x96.jpg\",\"caption\":\"MarieClaire Belg\u00efe\"},\"url\":\"https:\\\/\\\/marieclaire.be\\\/nl\\\/author\\\/marie-claire\\\/\"}]}<\/script>\n<!-- \/ Yoast SEO plugin. -->","yoast_head_json":{"title":"Caf\u00e9 Costume x Denis Meyers: het event voor mode- en kunstliefhebbers - Marie Claire","description":"Op 24 juni opent Caf\u00e9 Costume zijn deuren voor Brussels artiest Denis Meyers. Tien dagen lang word je ondergedompeld in Meyers fresco's en iconische typografie. Altijd al gedroomd van kunst in je garderobe? Laat je dan omtoveren in het kunstwalhalla van \u00e9\u00e9n van de Brusselse Caf\u00e9 Costume-panden.","robots":{"index":"index","follow":"follow","max-snippet":"max-snippet:-1","max-image-preview":"max-image-preview:large","max-video-preview":"max-video-preview:-1"},"canonical":"https:\/\/marieclaire.be\/nl\/cafe-costume-x-denis-meyers-het-event-voor-mode-en-kunstliefhebbers\/","next":"https:\/\/marieclaire.be\/nl\/cafe-costume-x-denis-meyers-het-event-voor-mode-en-kunstliefhebbers\/2\/","og_locale":"nl_BE","og_type":"article","og_title":"Caf\u00e9 Costume x Denis Meyers: het event voor mode- en kunstliefhebbers - Marie Claire","og_description":"Op 24 juni opent Caf\u00e9 Costume zijn deuren voor Brussels artiest Denis Meyers. Tien dagen lang word je ondergedompeld in Meyers fresco's en iconische typografie. Altijd al gedroomd van kunst in je garderobe? Laat je dan omtoveren in het kunstwalhalla van \u00e9\u00e9n van de Brusselse Caf\u00e9 Costume-panden.","og_url":"https:\/\/marieclaire.be\/nl\/cafe-costume-x-denis-meyers-het-event-voor-mode-en-kunstliefhebbers\/","og_site_name":"Marie Claire","article_publisher":"https:\/\/www.facebook.com\/MarieClaireBelgie\/","article_published_time":"2021-06-27T05:51:04+00:00","og_image":[{"width":1280,"height":670,"url":"https:\/\/marieclaire.be\/nl\/wp-content\/uploads\/2021\/06\/ontwerp-zonder-titel-2021-06-22t141335142.png","type":"image\/png"}],"author":"MarieClaire Belg\u00efe","twitter_card":"summary_large_image","twitter_creator":"@MarieClaireBelg","twitter_site":"@MarieClaireBelg","twitter_misc":{"Geschreven door":"MarieClaire Belg\u00efe","Geschatte leestijd":"2 minuten"},"schema":{"@context":"https:\/\/schema.org","@graph":[{"@type":"NewsArticle","@id":"https:\/\/marieclaire.be\/nl\/cafe-costume-x-denis-meyers-het-event-voor-mode-en-kunstliefhebbers\/#article","isPartOf":{"@id":"https:\/\/marieclaire.be\/nl\/cafe-costume-x-denis-meyers-het-event-voor-mode-en-kunstliefhebbers\/"},"author":{"name":"MarieClaire Belg\u00efe","@id":"https:\/\/marieclaire.be\/nl\/#\/schema\/person\/40ecaf04184069a7d983c6441f961736"},"headline":"Caf\u00e9 Costume x Denis Meyers: het event voor mode- en kunstliefhebbers","datePublished":"2021-06-27T05:51:04+00:00","mainEntityOfPage":{"@id":"https:\/\/marieclaire.be\/nl\/cafe-costume-x-denis-meyers-het-event-voor-mode-en-kunstliefhebbers\/"},"wordCount":386,"publisher":{"@id":"https:\/\/marieclaire.be\/nl\/#organization"},"image":{"@id":"https:\/\/marieclaire.be\/nl\/cafe-costume-x-denis-meyers-het-event-voor-mode-en-kunstliefhebbers\/#primaryimage"},"thumbnailUrl":"https:\/\/marieclaire.be\/nl\/wp-content\/uploads\/2021\/06\/ontwerp-zonder-titel-2021-06-22t141335142.png","keywords":["Caf\u00e9 Costume","Denis Meyers","Evenementen","event"],"articleSection":["Events"],"inLanguage":"nl-BE"},{"@type":"WebPage","@id":"https:\/\/marieclaire.be\/nl\/cafe-costume-x-denis-meyers-het-event-voor-mode-en-kunstliefhebbers\/","url":"https:\/\/marieclaire.be\/nl\/cafe-costume-x-denis-meyers-het-event-voor-mode-en-kunstliefhebbers\/","name":"Caf\u00e9 Costume x Denis Meyers: het event voor mode- en kunstliefhebbers - Marie Claire","isPartOf":{"@id":"https:\/\/marieclaire.be\/nl\/#website"},"primaryImageOfPage":{"@id":"https:\/\/marieclaire.be\/nl\/cafe-costume-x-denis-meyers-het-event-voor-mode-en-kunstliefhebbers\/#primaryimage"},"image":{"@id":"https:\/\/marieclaire.be\/nl\/cafe-costume-x-denis-meyers-het-event-voor-mode-en-kunstliefhebbers\/#primaryimage"},"thumbnailUrl":"https:\/\/marieclaire.be\/nl\/wp-content\/uploads\/2021\/06\/ontwerp-zonder-titel-2021-06-22t141335142.png","datePublished":"2021-06-27T05:51:04+00:00","description":"Op 24 juni opent Caf\u00e9 Costume zijn deuren voor Brussels artiest Denis Meyers. Tien dagen lang word je ondergedompeld in Meyers fresco's en iconische typografie. Altijd al gedroomd van kunst in je garderobe? Laat je dan omtoveren in het kunstwalhalla van \u00e9\u00e9n van de Brusselse Caf\u00e9 Costume-panden.","inLanguage":"nl-BE","potentialAction":[{"@type":"ReadAction","target":["https:\/\/marieclaire.be\/nl\/cafe-costume-x-denis-meyers-het-event-voor-mode-en-kunstliefhebbers\/"]}]},{"@type":"ImageObject","inLanguage":"nl-BE","@id":"https:\/\/marieclaire.be\/nl\/cafe-costume-x-denis-meyers-het-event-voor-mode-en-kunstliefhebbers\/#primaryimage","url":"https:\/\/marieclaire.be\/nl\/wp-content\/uploads\/2021\/06\/ontwerp-zonder-titel-2021-06-22t141335142.png","contentUrl":"https:\/\/marieclaire.be\/nl\/wp-content\/uploads\/2021\/06\/ontwerp-zonder-titel-2021-06-22t141335142.png","width":1280,"height":670,"caption":"Caf\u00e9 Costume x Denis Meyers"},{"@type":"WebSite","@id":"https:\/\/marieclaire.be\/nl\/#website","url":"https:\/\/marieclaire.be\/nl\/","name":"Marie Claire Belgie","description":"Marie Claire Belgie, de site voor de intelligente vrouw vol mode, beauty, lifestyle, hotspots en nieuwtjes. Think smart - look amazing.","publisher":{"@id":"https:\/\/marieclaire.be\/nl\/#organization"},"potentialAction":[{"@type":"SearchAction","target":{"@type":"EntryPoint","urlTemplate":"https:\/\/marieclaire.be\/nl\/?s={search_term_string}"},"query-input":{"@type":"PropertyValueSpecification","valueRequired":true,"valueName":"search_term_string"}}],"inLanguage":"nl-BE"},{"@type":"Organization","@id":"https:\/\/marieclaire.be\/nl\/#organization","name":"Marie Claire","url":"https:\/\/marieclaire.be\/nl\/","logo":{"@type":"ImageObject","inLanguage":"nl-BE","@id":"https:\/\/marieclaire.be\/nl\/#\/schema\/logo\/image\/","url":"https:\/\/marieclaire.be\/nl\/wp-content\/uploads\/2024\/12\/marieclaire-512.png","contentUrl":"https:\/\/marieclaire.be\/nl\/wp-content\/uploads\/2024\/12\/marieclaire-512.png","width":512,"height":512,"caption":"Marie Claire"},"image":{"@id":"https:\/\/marieclaire.be\/nl\/#\/schema\/logo\/image\/"},"sameAs":["https:\/\/www.facebook.com\/MarieClaireBelgie\/","https:\/\/x.com\/MarieClaireBelg","https:\/\/www.instagram.com\/marieclaire_belgie\/","https:\/\/fr.pinterest.com\/marieclairebe\/"]},{"@type":"Person","@id":"https:\/\/marieclaire.be\/nl\/#\/schema\/person\/40ecaf04184069a7d983c6441f961736","name":"MarieClaire Belg\u00efe","image":{"@type":"ImageObject","inLanguage":"nl-BE","@id":"https:\/\/marieclaire.be\/nl\/wp-content\/uploads\/2017\/05\/14156610_872896619478535_590200538_a-96x96.jpg","url":"https:\/\/marieclaire.be\/nl\/wp-content\/uploads\/2017\/05\/14156610_872896619478535_590200538_a-96x96.jpg","contentUrl":"https:\/\/marieclaire.be\/nl\/wp-content\/uploads\/2017\/05\/14156610_872896619478535_590200538_a-96x96.jpg","caption":"MarieClaire Belg\u00efe"},"url":"https:\/\/marieclaire.be\/nl\/author\/marie-claire\/"}]}},"_links":{"self":[{"href":"https:\/\/marieclaire.be\/nl\/wp-json\/wp\/v2\/posts\/93105","targetHints":{"allow":["GET"]}}],"collection":[{"href":"https:\/\/marieclaire.be\/nl\/wp-json\/wp\/v2\/posts"}],"about":[{"href":"https:\/\/marieclaire.be\/nl\/wp-json\/wp\/v2\/types\/post"}],"author":[{"embeddable":true,"href":"https:\/\/marieclaire.be\/nl\/wp-json\/wp\/v2\/users\/7"}],"replies":[{"embeddable":true,"href":"https:\/\/marieclaire.be\/nl\/wp-json\/wp\/v2\/comments?post=93105"}],"version-history":[{"count":8,"href":"https:\/\/marieclaire.be\/nl\/wp-json\/wp\/v2\/posts\/93105\/revisions"}],"predecessor-version":[{"id":93383,"href":"https:\/\/marieclaire.be\/nl\/wp-json\/wp\/v2\/posts\/93105\/revisions\/93383"}],"wp:featuredmedia":[{"embeddable":true,"href":"https:\/\/marieclaire.be\/nl\/wp-json\/wp\/v2\/media\/93136"}],"wp:attachment":[{"href":"https:\/\/marieclaire.be\/nl\/wp-json\/wp\/v2\/media?parent=93105"}],"wp:term":[{"taxonomy":"category","embeddable":true,"href":"https:\/\/marieclaire.be\/nl\/wp-json\/wp\/v2\/categories?post=93105"},{"taxonomy":"post_tag","embeddable":true,"href":"https:\/\/marieclaire.be\/nl\/wp-json\/wp\/v2\/tags?post=93105"}],"curies":[{"name":"wp","href":"https:\/\/api.w.org\/{rel}","templated":true}]}}