{"id":138271,"date":"2025-06-15T09:30:46","date_gmt":"2025-06-15T07:30:46","guid":{"rendered":"https:\/\/marieclaire.be\/nl\/?p=138271"},"modified":"2025-06-15T09:30:58","modified_gmt":"2025-06-15T07:30:58","slug":"de-beste-getinte-dagcremes-voor-een-natuurlijke-teint","status":"publish","type":"post","link":"https:\/\/marieclaire.be\/nl\/de-beste-getinte-dagcremes-voor-een-natuurlijke-teint\/","title":{"rendered":"De beste getinte dagcr\u00e8mes voor een natuurlijke teint"},"content":{"rendered":"","protected":false},"excerpt":{"rendered":"Steeds meer mensen kiezen tegenwoordig voor een getinte dagcr\u00e8me in plaats van een foundation. ...","protected":false},"author":67,"featured_media":138274,"comment_status":"closed","ping_status":"open","sticky":false,"template":"","format":"standard","meta":{"_acf_changed":false,"footnotes":""},"categories":[7,20],"tags":[37,8323,778,9017],"class_list":["post-138271","post","type-post","status-publish","format-standard","has-post-thumbnail","hentry","category-beauty-marie-claire","category-skincare","tag-beauty","tag-getinte-dagcreme","tag-huidverzorging","tag-moisturizer"],"acf":[],"_yoast_wpseo_metadesc":"Getinte dagcr\u00e8mes bieden de perfecte balans tussen hydratatie en een subtiele dekking. Twee stappen in \u00e9\u00e9n dus!","image_verticale":"138273","_yoast_wpseo_title":null,"yoast_head":"<!-- This site is optimized with the Yoast SEO plugin v27.3 - https:\/\/yoast.com\/product\/yoast-seo-wordpress\/ -->\n<title>De beste getinte dagcr\u00e8mes voor een natuurlijke teint - Marie Claire<\/title>\n<meta name=\"description\" content=\"Getinte dagcr\u00e8mes bieden de perfecte balans tussen hydratatie en een subtiele dekking. Twee stappen in \u00e9\u00e9n dus!\" \/>\n<meta name=\"robots\" content=\"index, follow, max-snippet:-1, max-image-preview:large, max-video-preview:-1\" \/>\n<link rel=\"canonical\" href=\"https:\/\/marieclaire.be\/nl\/de-beste-getinte-dagcremes-voor-een-natuurlijke-teint\/\" \/>\n<meta property=\"og:locale\" content=\"nl_BE\" \/>\n<meta property=\"og:type\" content=\"article\" \/>\n<meta property=\"og:title\" content=\"De beste getinte dagcr\u00e8mes voor een natuurlijke teint - Marie Claire\" \/>\n<meta property=\"og:description\" content=\"Getinte dagcr\u00e8mes bieden de perfecte balans tussen hydratatie en een subtiele dekking. Twee stappen in \u00e9\u00e9n dus!\" \/>\n<meta property=\"og:url\" content=\"https:\/\/marieclaire.be\/nl\/de-beste-getinte-dagcremes-voor-een-natuurlijke-teint\/\" \/>\n<meta property=\"og:site_name\" content=\"Marie Claire\" \/>\n<meta property=\"article:publisher\" content=\"https:\/\/www.facebook.com\/MarieClaireBelgie\/\" \/>\n<meta property=\"article:published_time\" content=\"2025-06-15T07:30:46+00:00\" \/>\n<meta property=\"article:modified_time\" content=\"2025-06-15T07:30:58+00:00\" \/>\n<meta property=\"og:image\" content=\"https:\/\/marieclaire.be\/nl\/wp-content\/uploads\/2024\/08\/barbecue-bijgerechten-19.png\" \/>\n\t<meta property=\"og:image:width\" content=\"1280\" \/>\n\t<meta property=\"og:image:height\" content=\"670\" \/>\n\t<meta property=\"og:image:type\" content=\"image\/png\" \/>\n<meta name=\"author\" content=\"Lisa Aelvoet\" \/>\n<meta name=\"twitter:card\" content=\"summary_large_image\" \/>\n<meta name=\"twitter:creator\" content=\"@MarieClaireBelg\" \/>\n<meta name=\"twitter:site\" content=\"@MarieClaireBelg\" \/>\n<meta name=\"twitter:label1\" content=\"Geschreven door\" \/>\n\t<meta name=\"twitter:data1\" content=\"Lisa Aelvoet\" \/>\n\t<meta name=\"twitter:label2\" content=\"Geschatte leestijd\" \/>\n\t<meta name=\"twitter:data2\" content=\"3 minuten\" \/>\n<script type=\"application\/ld+json\" class=\"yoast-schema-graph\">{\"@context\":\"https:\\\/\\\/schema.org\",\"@graph\":[{\"@type\":\"NewsArticle\",\"@id\":\"https:\\\/\\\/marieclaire.be\\\/nl\\\/de-beste-getinte-dagcremes-voor-een-natuurlijke-teint\\\/#article\",\"isPartOf\":{\"@id\":\"https:\\\/\\\/marieclaire.be\\\/nl\\\/de-beste-getinte-dagcremes-voor-een-natuurlijke-teint\\\/\"},\"author\":{\"name\":\"Lisa Aelvoet\",\"@id\":\"https:\\\/\\\/marieclaire.be\\\/nl\\\/#\\\/schema\\\/person\\\/c3e72e6cd2a62898fac7fef8266689c9\"},\"headline\":\"De beste getinte dagcr\u00e8mes voor een natuurlijke teint\",\"datePublished\":\"2025-06-15T07:30:46+00:00\",\"dateModified\":\"2025-06-15T07:30:58+00:00\",\"mainEntityOfPage\":{\"@id\":\"https:\\\/\\\/marieclaire.be\\\/nl\\\/de-beste-getinte-dagcremes-voor-een-natuurlijke-teint\\\/\"},\"wordCount\":523,\"publisher\":{\"@id\":\"https:\\\/\\\/marieclaire.be\\\/nl\\\/#organization\"},\"image\":{\"@id\":\"https:\\\/\\\/marieclaire.be\\\/nl\\\/de-beste-getinte-dagcremes-voor-een-natuurlijke-teint\\\/#primaryimage\"},\"thumbnailUrl\":\"https:\\\/\\\/marieclaire.be\\\/nl\\\/wp-content\\\/uploads\\\/2024\\\/08\\\/barbecue-bijgerechten-19.png\",\"keywords\":[\"beauty\",\"getinte dagcr\u00e8me\",\"huidverzorging\",\"moisturizer\"],\"articleSection\":[\"Beauty\",\"Skincare\"],\"inLanguage\":\"nl-BE\"},{\"@type\":\"WebPage\",\"@id\":\"https:\\\/\\\/marieclaire.be\\\/nl\\\/de-beste-getinte-dagcremes-voor-een-natuurlijke-teint\\\/\",\"url\":\"https:\\\/\\\/marieclaire.be\\\/nl\\\/de-beste-getinte-dagcremes-voor-een-natuurlijke-teint\\\/\",\"name\":\"De beste getinte dagcr\u00e8mes voor een natuurlijke teint - Marie Claire\",\"isPartOf\":{\"@id\":\"https:\\\/\\\/marieclaire.be\\\/nl\\\/#website\"},\"primaryImageOfPage\":{\"@id\":\"https:\\\/\\\/marieclaire.be\\\/nl\\\/de-beste-getinte-dagcremes-voor-een-natuurlijke-teint\\\/#primaryimage\"},\"image\":{\"@id\":\"https:\\\/\\\/marieclaire.be\\\/nl\\\/de-beste-getinte-dagcremes-voor-een-natuurlijke-teint\\\/#primaryimage\"},\"thumbnailUrl\":\"https:\\\/\\\/marieclaire.be\\\/nl\\\/wp-content\\\/uploads\\\/2024\\\/08\\\/barbecue-bijgerechten-19.png\",\"datePublished\":\"2025-06-15T07:30:46+00:00\",\"dateModified\":\"2025-06-15T07:30:58+00:00\",\"description\":\"Getinte dagcr\u00e8mes bieden de perfecte balans tussen hydratatie en een subtiele dekking. Twee stappen in \u00e9\u00e9n dus!\",\"breadcrumb\":{\"@id\":\"https:\\\/\\\/marieclaire.be\\\/nl\\\/de-beste-getinte-dagcremes-voor-een-natuurlijke-teint\\\/#breadcrumb\"},\"inLanguage\":\"nl-BE\",\"potentialAction\":[{\"@type\":\"ReadAction\",\"target\":[\"https:\\\/\\\/marieclaire.be\\\/nl\\\/de-beste-getinte-dagcremes-voor-een-natuurlijke-teint\\\/\"]}]},{\"@type\":\"ImageObject\",\"inLanguage\":\"nl-BE\",\"@id\":\"https:\\\/\\\/marieclaire.be\\\/nl\\\/de-beste-getinte-dagcremes-voor-een-natuurlijke-teint\\\/#primaryimage\",\"url\":\"https:\\\/\\\/marieclaire.be\\\/nl\\\/wp-content\\\/uploads\\\/2024\\\/08\\\/barbecue-bijgerechten-19.png\",\"contentUrl\":\"https:\\\/\\\/marieclaire.be\\\/nl\\\/wp-content\\\/uploads\\\/2024\\\/08\\\/barbecue-bijgerechten-19.png\",\"width\":1280,\"height\":670,\"caption\":\"getinte-dagcr\u00e8mes\"},{\"@type\":\"BreadcrumbList\",\"@id\":\"https:\\\/\\\/marieclaire.be\\\/nl\\\/de-beste-getinte-dagcremes-voor-een-natuurlijke-teint\\\/#breadcrumb\",\"itemListElement\":[{\"@type\":\"ListItem\",\"position\":1,\"name\":\"Accueil\",\"item\":\"https:\\\/\\\/marieclaire.be\\\/nl\\\/\"},{\"@type\":\"ListItem\",\"position\":2,\"name\":\"De beste getinte dagcr\u00e8mes voor een natuurlijke teint\"}]},{\"@type\":\"WebSite\",\"@id\":\"https:\\\/\\\/marieclaire.be\\\/nl\\\/#website\",\"url\":\"https:\\\/\\\/marieclaire.be\\\/nl\\\/\",\"name\":\"Marie Claire Belgie\",\"description\":\"Marie Claire Belgie, de site voor de intelligente vrouw vol mode, beauty, lifestyle, hotspots en nieuwtjes. Think smart - look amazing.\",\"publisher\":{\"@id\":\"https:\\\/\\\/marieclaire.be\\\/nl\\\/#organization\"},\"potentialAction\":[{\"@type\":\"SearchAction\",\"target\":{\"@type\":\"EntryPoint\",\"urlTemplate\":\"https:\\\/\\\/marieclaire.be\\\/nl\\\/?s={search_term_string}\"},\"query-input\":{\"@type\":\"PropertyValueSpecification\",\"valueRequired\":true,\"valueName\":\"search_term_string\"}}],\"inLanguage\":\"nl-BE\"},{\"@type\":\"Organization\",\"@id\":\"https:\\\/\\\/marieclaire.be\\\/nl\\\/#organization\",\"name\":\"Marie Claire\",\"url\":\"https:\\\/\\\/marieclaire.be\\\/nl\\\/\",\"logo\":{\"@type\":\"ImageObject\",\"inLanguage\":\"nl-BE\",\"@id\":\"https:\\\/\\\/marieclaire.be\\\/nl\\\/#\\\/schema\\\/logo\\\/image\\\/\",\"url\":\"https:\\\/\\\/marieclaire.be\\\/nl\\\/wp-content\\\/uploads\\\/2024\\\/12\\\/marieclaire-512.png\",\"contentUrl\":\"https:\\\/\\\/marieclaire.be\\\/nl\\\/wp-content\\\/uploads\\\/2024\\\/12\\\/marieclaire-512.png\",\"width\":512,\"height\":512,\"caption\":\"Marie Claire\"},\"image\":{\"@id\":\"https:\\\/\\\/marieclaire.be\\\/nl\\\/#\\\/schema\\\/logo\\\/image\\\/\"},\"sameAs\":[\"https:\\\/\\\/www.facebook.com\\\/MarieClaireBelgie\\\/\",\"https:\\\/\\\/x.com\\\/MarieClaireBelg\",\"https:\\\/\\\/www.instagram.com\\\/marieclaire_belgie\\\/\",\"https:\\\/\\\/fr.pinterest.com\\\/marieclairebe\\\/\"]},{\"@type\":\"Person\",\"@id\":\"https:\\\/\\\/marieclaire.be\\\/nl\\\/#\\\/schema\\\/person\\\/c3e72e6cd2a62898fac7fef8266689c9\",\"name\":\"Lisa Aelvoet\",\"image\":{\"@type\":\"ImageObject\",\"inLanguage\":\"nl-BE\",\"@id\":\"https:\\\/\\\/marieclaire.be\\\/nl\\\/wp-content\\\/uploads\\\/2024\\\/06\\\/img-7462-96x96.jpeg\",\"url\":\"https:\\\/\\\/marieclaire.be\\\/nl\\\/wp-content\\\/uploads\\\/2024\\\/06\\\/img-7462-96x96.jpeg\",\"contentUrl\":\"https:\\\/\\\/marieclaire.be\\\/nl\\\/wp-content\\\/uploads\\\/2024\\\/06\\\/img-7462-96x96.jpeg\",\"caption\":\"Lisa Aelvoet\"},\"description\":\"Koestert een gezonde obsessie voor de TikTok-video's van Nara Smith, verse bloemen en Belgische chocolade. Parijs is haar tweede thuis en alles Frans - van mode tot wijn - laat haar hart sneller slaan. Op zaterdagochtend vind je haar in een veel te lange rij bij de laatste nieuwe bakker, snakkend naar een kop koffie. Als ze niet lijkt te luisteren, plant ze waarschijnlijk in haar hoofd alweer haar volgende reis \u2013 want het Belgische weer is nu eenmaal altijd een goed excuus om te vertrekken.\",\"sameAs\":[\"https:\\\/\\\/www.instagram.com\\\/lisaaelvoet\\\/\"],\"url\":\"https:\\\/\\\/marieclaire.be\\\/nl\\\/author\\\/lisa-aelvoet\\\/\"}]}<\/script>\n<!-- \/ Yoast SEO plugin. -->","yoast_head_json":{"title":"De beste getinte dagcr\u00e8mes voor een natuurlijke teint - Marie Claire","description":"Getinte dagcr\u00e8mes bieden de perfecte balans tussen hydratatie en een subtiele dekking. Twee stappen in \u00e9\u00e9n dus!","robots":{"index":"index","follow":"follow","max-snippet":"max-snippet:-1","max-image-preview":"max-image-preview:large","max-video-preview":"max-video-preview:-1"},"canonical":"https:\/\/marieclaire.be\/nl\/de-beste-getinte-dagcremes-voor-een-natuurlijke-teint\/","og_locale":"nl_BE","og_type":"article","og_title":"De beste getinte dagcr\u00e8mes voor een natuurlijke teint - Marie Claire","og_description":"Getinte dagcr\u00e8mes bieden de perfecte balans tussen hydratatie en een subtiele dekking. Twee stappen in \u00e9\u00e9n dus!","og_url":"https:\/\/marieclaire.be\/nl\/de-beste-getinte-dagcremes-voor-een-natuurlijke-teint\/","og_site_name":"Marie Claire","article_publisher":"https:\/\/www.facebook.com\/MarieClaireBelgie\/","article_published_time":"2025-06-15T07:30:46+00:00","article_modified_time":"2025-06-15T07:30:58+00:00","og_image":[{"width":1280,"height":670,"url":"https:\/\/marieclaire.be\/nl\/wp-content\/uploads\/2024\/08\/barbecue-bijgerechten-19.png","type":"image\/png"}],"author":"Lisa Aelvoet","twitter_card":"summary_large_image","twitter_creator":"@MarieClaireBelg","twitter_site":"@MarieClaireBelg","twitter_misc":{"Geschreven door":"Lisa Aelvoet","Geschatte leestijd":"3 minuten"},"schema":{"@context":"https:\/\/schema.org","@graph":[{"@type":"NewsArticle","@id":"https:\/\/marieclaire.be\/nl\/de-beste-getinte-dagcremes-voor-een-natuurlijke-teint\/#article","isPartOf":{"@id":"https:\/\/marieclaire.be\/nl\/de-beste-getinte-dagcremes-voor-een-natuurlijke-teint\/"},"author":{"name":"Lisa Aelvoet","@id":"https:\/\/marieclaire.be\/nl\/#\/schema\/person\/c3e72e6cd2a62898fac7fef8266689c9"},"headline":"De beste getinte dagcr\u00e8mes voor een natuurlijke teint","datePublished":"2025-06-15T07:30:46+00:00","dateModified":"2025-06-15T07:30:58+00:00","mainEntityOfPage":{"@id":"https:\/\/marieclaire.be\/nl\/de-beste-getinte-dagcremes-voor-een-natuurlijke-teint\/"},"wordCount":523,"publisher":{"@id":"https:\/\/marieclaire.be\/nl\/#organization"},"image":{"@id":"https:\/\/marieclaire.be\/nl\/de-beste-getinte-dagcremes-voor-een-natuurlijke-teint\/#primaryimage"},"thumbnailUrl":"https:\/\/marieclaire.be\/nl\/wp-content\/uploads\/2024\/08\/barbecue-bijgerechten-19.png","keywords":["beauty","getinte dagcr\u00e8me","huidverzorging","moisturizer"],"articleSection":["Beauty","Skincare"],"inLanguage":"nl-BE"},{"@type":"WebPage","@id":"https:\/\/marieclaire.be\/nl\/de-beste-getinte-dagcremes-voor-een-natuurlijke-teint\/","url":"https:\/\/marieclaire.be\/nl\/de-beste-getinte-dagcremes-voor-een-natuurlijke-teint\/","name":"De beste getinte dagcr\u00e8mes voor een natuurlijke teint - Marie Claire","isPartOf":{"@id":"https:\/\/marieclaire.be\/nl\/#website"},"primaryImageOfPage":{"@id":"https:\/\/marieclaire.be\/nl\/de-beste-getinte-dagcremes-voor-een-natuurlijke-teint\/#primaryimage"},"image":{"@id":"https:\/\/marieclaire.be\/nl\/de-beste-getinte-dagcremes-voor-een-natuurlijke-teint\/#primaryimage"},"thumbnailUrl":"https:\/\/marieclaire.be\/nl\/wp-content\/uploads\/2024\/08\/barbecue-bijgerechten-19.png","datePublished":"2025-06-15T07:30:46+00:00","dateModified":"2025-06-15T07:30:58+00:00","description":"Getinte dagcr\u00e8mes bieden de perfecte balans tussen hydratatie en een subtiele dekking. Twee stappen in \u00e9\u00e9n dus!","breadcrumb":{"@id":"https:\/\/marieclaire.be\/nl\/de-beste-getinte-dagcremes-voor-een-natuurlijke-teint\/#breadcrumb"},"inLanguage":"nl-BE","potentialAction":[{"@type":"ReadAction","target":["https:\/\/marieclaire.be\/nl\/de-beste-getinte-dagcremes-voor-een-natuurlijke-teint\/"]}]},{"@type":"ImageObject","inLanguage":"nl-BE","@id":"https:\/\/marieclaire.be\/nl\/de-beste-getinte-dagcremes-voor-een-natuurlijke-teint\/#primaryimage","url":"https:\/\/marieclaire.be\/nl\/wp-content\/uploads\/2024\/08\/barbecue-bijgerechten-19.png","contentUrl":"https:\/\/marieclaire.be\/nl\/wp-content\/uploads\/2024\/08\/barbecue-bijgerechten-19.png","width":1280,"height":670,"caption":"getinte-dagcr\u00e8mes"},{"@type":"BreadcrumbList","@id":"https:\/\/marieclaire.be\/nl\/de-beste-getinte-dagcremes-voor-een-natuurlijke-teint\/#breadcrumb","itemListElement":[{"@type":"ListItem","position":1,"name":"Accueil","item":"https:\/\/marieclaire.be\/nl\/"},{"@type":"ListItem","position":2,"name":"De beste getinte dagcr\u00e8mes voor een natuurlijke teint"}]},{"@type":"WebSite","@id":"https:\/\/marieclaire.be\/nl\/#website","url":"https:\/\/marieclaire.be\/nl\/","name":"Marie Claire Belgie","description":"Marie Claire Belgie, de site voor de intelligente vrouw vol mode, beauty, lifestyle, hotspots en nieuwtjes. Think smart - look amazing.","publisher":{"@id":"https:\/\/marieclaire.be\/nl\/#organization"},"potentialAction":[{"@type":"SearchAction","target":{"@type":"EntryPoint","urlTemplate":"https:\/\/marieclaire.be\/nl\/?s={search_term_string}"},"query-input":{"@type":"PropertyValueSpecification","valueRequired":true,"valueName":"search_term_string"}}],"inLanguage":"nl-BE"},{"@type":"Organization","@id":"https:\/\/marieclaire.be\/nl\/#organization","name":"Marie Claire","url":"https:\/\/marieclaire.be\/nl\/","logo":{"@type":"ImageObject","inLanguage":"nl-BE","@id":"https:\/\/marieclaire.be\/nl\/#\/schema\/logo\/image\/","url":"https:\/\/marieclaire.be\/nl\/wp-content\/uploads\/2024\/12\/marieclaire-512.png","contentUrl":"https:\/\/marieclaire.be\/nl\/wp-content\/uploads\/2024\/12\/marieclaire-512.png","width":512,"height":512,"caption":"Marie Claire"},"image":{"@id":"https:\/\/marieclaire.be\/nl\/#\/schema\/logo\/image\/"},"sameAs":["https:\/\/www.facebook.com\/MarieClaireBelgie\/","https:\/\/x.com\/MarieClaireBelg","https:\/\/www.instagram.com\/marieclaire_belgie\/","https:\/\/fr.pinterest.com\/marieclairebe\/"]},{"@type":"Person","@id":"https:\/\/marieclaire.be\/nl\/#\/schema\/person\/c3e72e6cd2a62898fac7fef8266689c9","name":"Lisa Aelvoet","image":{"@type":"ImageObject","inLanguage":"nl-BE","@id":"https:\/\/marieclaire.be\/nl\/wp-content\/uploads\/2024\/06\/img-7462-96x96.jpeg","url":"https:\/\/marieclaire.be\/nl\/wp-content\/uploads\/2024\/06\/img-7462-96x96.jpeg","contentUrl":"https:\/\/marieclaire.be\/nl\/wp-content\/uploads\/2024\/06\/img-7462-96x96.jpeg","caption":"Lisa Aelvoet"},"description":"Koestert een gezonde obsessie voor de TikTok-video's van Nara Smith, verse bloemen en Belgische chocolade. Parijs is haar tweede thuis en alles Frans - van mode tot wijn - laat haar hart sneller slaan. Op zaterdagochtend vind je haar in een veel te lange rij bij de laatste nieuwe bakker, snakkend naar een kop koffie. Als ze niet lijkt te luisteren, plant ze waarschijnlijk in haar hoofd alweer haar volgende reis \u2013 want het Belgische weer is nu eenmaal altijd een goed excuus om te vertrekken.","sameAs":["https:\/\/www.instagram.com\/lisaaelvoet\/"],"url":"https:\/\/marieclaire.be\/nl\/author\/lisa-aelvoet\/"}]}},"_links":{"self":[{"href":"https:\/\/marieclaire.be\/nl\/wp-json\/wp\/v2\/posts\/138271","targetHints":{"allow":["GET"]}}],"collection":[{"href":"https:\/\/marieclaire.be\/nl\/wp-json\/wp\/v2\/posts"}],"about":[{"href":"https:\/\/marieclaire.be\/nl\/wp-json\/wp\/v2\/types\/post"}],"author":[{"embeddable":true,"href":"https:\/\/marieclaire.be\/nl\/wp-json\/wp\/v2\/users\/67"}],"replies":[{"embeddable":true,"href":"https:\/\/marieclaire.be\/nl\/wp-json\/wp\/v2\/comments?post=138271"}],"version-history":[{"count":14,"href":"https:\/\/marieclaire.be\/nl\/wp-json\/wp\/v2\/posts\/138271\/revisions"}],"predecessor-version":[{"id":152346,"href":"https:\/\/marieclaire.be\/nl\/wp-json\/wp\/v2\/posts\/138271\/revisions\/152346"}],"wp:featuredmedia":[{"embeddable":true,"href":"https:\/\/marieclaire.be\/nl\/wp-json\/wp\/v2\/media\/138274"}],"wp:attachment":[{"href":"https:\/\/marieclaire.be\/nl\/wp-json\/wp\/v2\/media?parent=138271"}],"wp:term":[{"taxonomy":"category","embeddable":true,"href":"https:\/\/marieclaire.be\/nl\/wp-json\/wp\/v2\/categories?post=138271"},{"taxonomy":"post_tag","embeddable":true,"href":"https:\/\/marieclaire.be\/nl\/wp-json\/wp\/v2\/tags?post=138271"}],"curies":[{"name":"wp","href":"https:\/\/api.w.org\/{rel}","templated":true}]}}