{"id":121165,"date":"2023-08-16T15:39:27","date_gmt":"2023-08-16T13:39:27","guid":{"rendered":"https:\/\/marieclaire.be\/nl\/?p=121165"},"modified":"2023-08-16T15:39:41","modified_gmt":"2023-08-16T13:39:41","slug":"de-redactie-van-marie-claire-test-de-belgische-zonnecreme","status":"publish","type":"post","link":"https:\/\/marieclaire.be\/nl\/de-redactie-van-marie-claire-test-de-belgische-zonnecreme\/","title":{"rendered":"De redactie van Marie Claire test: de Belgische zonnecr\u00e8me"},"content":{"rendered":"","protected":false},"excerpt":{"rendered":"Een trend die we toejuichen: steeds meer Belgische merken lanceren hun eigen zonnecr\u00e8me. ...","protected":false},"author":66,"featured_media":121171,"comment_status":"closed","ping_status":"open","sticky":false,"template":"","format":"standard","meta":{"_acf_changed":false,"footnotes":""},"categories":[7,19],"tags":[],"class_list":["post-121165","post","type-post","status-publish","format-standard","has-post-thumbnail","hentry","category-beauty-marie-claire","category-getest"],"acf":[],"_yoast_wpseo_metadesc":"Een trend die we toejuichen: steeds meer Belgische merken lanceren hun eigen zonnecr\u00e8me. Maar welke is de zonnecr\u00e8me de la cr\u00e8me?","image_verticale":"121170","_yoast_wpseo_title":null,"yoast_head":"<!-- This site is optimized with the Yoast SEO plugin v27.3 - https:\/\/yoast.com\/product\/yoast-seo-wordpress\/ -->\n<title>De redactie van Marie Claire test: de Belgische zonnecr\u00e8me - Marie Claire<\/title>\n<meta name=\"description\" content=\"Een trend die we toejuichen: steeds meer Belgische merken lanceren hun eigen zonnecr\u00e8me. Maar welke is de zonnecr\u00e8me de la cr\u00e8me?\" \/>\n<meta name=\"robots\" content=\"index, follow, max-snippet:-1, max-image-preview:large, max-video-preview:-1\" \/>\n<link rel=\"canonical\" href=\"https:\/\/marieclaire.be\/nl\/de-redactie-van-marie-claire-test-de-belgische-zonnecreme\/\" \/>\n<link rel=\"next\" href=\"https:\/\/marieclaire.be\/nl\/de-redactie-van-marie-claire-test-de-belgische-zonnecreme\/2\/\" \/>\n<meta property=\"og:locale\" content=\"nl_BE\" \/>\n<meta property=\"og:type\" content=\"article\" \/>\n<meta property=\"og:title\" content=\"De redactie van Marie Claire test: de Belgische zonnecr\u00e8me - Marie Claire\" \/>\n<meta property=\"og:description\" content=\"Een trend die we toejuichen: steeds meer Belgische merken lanceren hun eigen zonnecr\u00e8me. Maar welke is de zonnecr\u00e8me de la cr\u00e8me?\" \/>\n<meta property=\"og:url\" content=\"https:\/\/marieclaire.be\/nl\/de-redactie-van-marie-claire-test-de-belgische-zonnecreme\/\" \/>\n<meta property=\"og:site_name\" content=\"Marie Claire\" \/>\n<meta property=\"article:publisher\" content=\"https:\/\/www.facebook.com\/MarieClaireBelgie\/\" \/>\n<meta property=\"article:published_time\" content=\"2023-08-16T13:39:27+00:00\" \/>\n<meta property=\"article:modified_time\" content=\"2023-08-16T13:39:41+00:00\" \/>\n<meta property=\"og:image\" content=\"https:\/\/marieclaire.be\/nl\/wp-content\/uploads\/2023\/08\/naamloos-2-13.jpg\" \/>\n\t<meta property=\"og:image:width\" content=\"1280\" \/>\n\t<meta property=\"og:image:height\" content=\"670\" \/>\n\t<meta property=\"og:image:type\" content=\"image\/jpeg\" \/>\n<meta name=\"author\" content=\"Kim De Craene\" \/>\n<meta name=\"twitter:card\" content=\"summary_large_image\" \/>\n<meta name=\"twitter:creator\" content=\"@MarieClaireBelg\" \/>\n<meta name=\"twitter:site\" content=\"@MarieClaireBelg\" \/>\n<meta name=\"twitter:label1\" content=\"Geschreven door\" \/>\n\t<meta name=\"twitter:data1\" content=\"Kim De Craene\" \/>\n\t<meta name=\"twitter:label2\" content=\"Geschatte leestijd\" \/>\n\t<meta name=\"twitter:data2\" content=\"4 minuten\" \/>\n<script type=\"application\/ld+json\" class=\"yoast-schema-graph\">{\"@context\":\"https:\\\/\\\/schema.org\",\"@graph\":[{\"@type\":\"NewsArticle\",\"@id\":\"https:\\\/\\\/marieclaire.be\\\/nl\\\/de-redactie-van-marie-claire-test-de-belgische-zonnecreme\\\/#article\",\"isPartOf\":{\"@id\":\"https:\\\/\\\/marieclaire.be\\\/nl\\\/de-redactie-van-marie-claire-test-de-belgische-zonnecreme\\\/\"},\"author\":{\"name\":\"Kim De Craene\",\"@id\":\"https:\\\/\\\/marieclaire.be\\\/nl\\\/#\\\/schema\\\/person\\\/8a683c9f1e5ed1e9535e30711a79e0a0\"},\"headline\":\"De redactie van Marie Claire test: de Belgische zonnecr\u00e8me\",\"datePublished\":\"2023-08-16T13:39:27+00:00\",\"dateModified\":\"2023-08-16T13:39:41+00:00\",\"mainEntityOfPage\":{\"@id\":\"https:\\\/\\\/marieclaire.be\\\/nl\\\/de-redactie-van-marie-claire-test-de-belgische-zonnecreme\\\/\"},\"wordCount\":684,\"publisher\":{\"@id\":\"https:\\\/\\\/marieclaire.be\\\/nl\\\/#organization\"},\"image\":{\"@id\":\"https:\\\/\\\/marieclaire.be\\\/nl\\\/de-redactie-van-marie-claire-test-de-belgische-zonnecreme\\\/#primaryimage\"},\"thumbnailUrl\":\"https:\\\/\\\/marieclaire.be\\\/nl\\\/wp-content\\\/uploads\\\/2023\\\/08\\\/naamloos-2-13.jpg\",\"articleSection\":[\"Beauty\",\"Het beauty verdict\"],\"inLanguage\":\"nl-BE\"},{\"@type\":\"WebPage\",\"@id\":\"https:\\\/\\\/marieclaire.be\\\/nl\\\/de-redactie-van-marie-claire-test-de-belgische-zonnecreme\\\/\",\"url\":\"https:\\\/\\\/marieclaire.be\\\/nl\\\/de-redactie-van-marie-claire-test-de-belgische-zonnecreme\\\/\",\"name\":\"De redactie van Marie Claire test: de Belgische zonnecr\u00e8me - Marie Claire\",\"isPartOf\":{\"@id\":\"https:\\\/\\\/marieclaire.be\\\/nl\\\/#website\"},\"primaryImageOfPage\":{\"@id\":\"https:\\\/\\\/marieclaire.be\\\/nl\\\/de-redactie-van-marie-claire-test-de-belgische-zonnecreme\\\/#primaryimage\"},\"image\":{\"@id\":\"https:\\\/\\\/marieclaire.be\\\/nl\\\/de-redactie-van-marie-claire-test-de-belgische-zonnecreme\\\/#primaryimage\"},\"thumbnailUrl\":\"https:\\\/\\\/marieclaire.be\\\/nl\\\/wp-content\\\/uploads\\\/2023\\\/08\\\/naamloos-2-13.jpg\",\"datePublished\":\"2023-08-16T13:39:27+00:00\",\"dateModified\":\"2023-08-16T13:39:41+00:00\",\"description\":\"Een trend die we toejuichen: steeds meer Belgische merken lanceren hun eigen zonnecr\u00e8me. Maar welke is de zonnecr\u00e8me de la cr\u00e8me?\",\"inLanguage\":\"nl-BE\",\"potentialAction\":[{\"@type\":\"ReadAction\",\"target\":[\"https:\\\/\\\/marieclaire.be\\\/nl\\\/de-redactie-van-marie-claire-test-de-belgische-zonnecreme\\\/\"]}]},{\"@type\":\"ImageObject\",\"inLanguage\":\"nl-BE\",\"@id\":\"https:\\\/\\\/marieclaire.be\\\/nl\\\/de-redactie-van-marie-claire-test-de-belgische-zonnecreme\\\/#primaryimage\",\"url\":\"https:\\\/\\\/marieclaire.be\\\/nl\\\/wp-content\\\/uploads\\\/2023\\\/08\\\/naamloos-2-13.jpg\",\"contentUrl\":\"https:\\\/\\\/marieclaire.be\\\/nl\\\/wp-content\\\/uploads\\\/2023\\\/08\\\/naamloos-2-13.jpg\",\"width\":1280,\"height\":670,\"caption\":\"Getty Images\"},{\"@type\":\"WebSite\",\"@id\":\"https:\\\/\\\/marieclaire.be\\\/nl\\\/#website\",\"url\":\"https:\\\/\\\/marieclaire.be\\\/nl\\\/\",\"name\":\"Marie Claire Belgie\",\"description\":\"Marie Claire Belgie, de site voor de intelligente vrouw vol mode, beauty, lifestyle, hotspots en nieuwtjes. Think smart - look amazing.\",\"publisher\":{\"@id\":\"https:\\\/\\\/marieclaire.be\\\/nl\\\/#organization\"},\"potentialAction\":[{\"@type\":\"SearchAction\",\"target\":{\"@type\":\"EntryPoint\",\"urlTemplate\":\"https:\\\/\\\/marieclaire.be\\\/nl\\\/?s={search_term_string}\"},\"query-input\":{\"@type\":\"PropertyValueSpecification\",\"valueRequired\":true,\"valueName\":\"search_term_string\"}}],\"inLanguage\":\"nl-BE\"},{\"@type\":\"Organization\",\"@id\":\"https:\\\/\\\/marieclaire.be\\\/nl\\\/#organization\",\"name\":\"Marie Claire\",\"url\":\"https:\\\/\\\/marieclaire.be\\\/nl\\\/\",\"logo\":{\"@type\":\"ImageObject\",\"inLanguage\":\"nl-BE\",\"@id\":\"https:\\\/\\\/marieclaire.be\\\/nl\\\/#\\\/schema\\\/logo\\\/image\\\/\",\"url\":\"https:\\\/\\\/marieclaire.be\\\/nl\\\/wp-content\\\/uploads\\\/2024\\\/12\\\/marieclaire-512.png\",\"contentUrl\":\"https:\\\/\\\/marieclaire.be\\\/nl\\\/wp-content\\\/uploads\\\/2024\\\/12\\\/marieclaire-512.png\",\"width\":512,\"height\":512,\"caption\":\"Marie Claire\"},\"image\":{\"@id\":\"https:\\\/\\\/marieclaire.be\\\/nl\\\/#\\\/schema\\\/logo\\\/image\\\/\"},\"sameAs\":[\"https:\\\/\\\/www.facebook.com\\\/MarieClaireBelgie\\\/\",\"https:\\\/\\\/x.com\\\/MarieClaireBelg\",\"https:\\\/\\\/www.instagram.com\\\/marieclaire_belgie\\\/\",\"https:\\\/\\\/fr.pinterest.com\\\/marieclairebe\\\/\"]},{\"@type\":\"Person\",\"@id\":\"https:\\\/\\\/marieclaire.be\\\/nl\\\/#\\\/schema\\\/person\\\/8a683c9f1e5ed1e9535e30711a79e0a0\",\"name\":\"Kim De Craene\",\"image\":{\"@type\":\"ImageObject\",\"inLanguage\":\"nl-BE\",\"@id\":\"https:\\\/\\\/marieclaire.be\\\/nl\\\/wp-content\\\/uploads\\\/2023\\\/01\\\/ontwerp-zonder-titel-5-96x96.png\",\"url\":\"https:\\\/\\\/marieclaire.be\\\/nl\\\/wp-content\\\/uploads\\\/2023\\\/01\\\/ontwerp-zonder-titel-5-96x96.png\",\"contentUrl\":\"https:\\\/\\\/marieclaire.be\\\/nl\\\/wp-content\\\/uploads\\\/2023\\\/01\\\/ontwerp-zonder-titel-5-96x96.png\",\"caption\":\"Kim De Craene\"},\"description\":\"Kim De Craene schrijft over beauty en lifestyle, boeken en muziek. Na tien jaar S\u00e3o Paulo woont ze terug in Antwerpen. Ze woonde dus zo\u2019n kwart van haar leven in Brazili\u00eb. Wat haar toch een beetje Braziliaans maakt. Ze houdt van rode lipstick, languit op een massagetafel liggen, dansen op het strand op blote voeten, bioboeren en stelt zich bij elk dilemma vaak de vraag \\\"wat zou Audrey Hepburn doen?\\\"\",\"sameAs\":[\"https:\\\/\\\/www.instagram.com\\\/kimdecraene\\\/\"],\"url\":\"https:\\\/\\\/marieclaire.be\\\/nl\\\/author\\\/kdcmarieclaire-be\\\/\"}]}<\/script>\n<!-- \/ Yoast SEO plugin. -->","yoast_head_json":{"title":"De redactie van Marie Claire test: de Belgische zonnecr\u00e8me - Marie Claire","description":"Een trend die we toejuichen: steeds meer Belgische merken lanceren hun eigen zonnecr\u00e8me. Maar welke is de zonnecr\u00e8me de la cr\u00e8me?","robots":{"index":"index","follow":"follow","max-snippet":"max-snippet:-1","max-image-preview":"max-image-preview:large","max-video-preview":"max-video-preview:-1"},"canonical":"https:\/\/marieclaire.be\/nl\/de-redactie-van-marie-claire-test-de-belgische-zonnecreme\/","next":"https:\/\/marieclaire.be\/nl\/de-redactie-van-marie-claire-test-de-belgische-zonnecreme\/2\/","og_locale":"nl_BE","og_type":"article","og_title":"De redactie van Marie Claire test: de Belgische zonnecr\u00e8me - Marie Claire","og_description":"Een trend die we toejuichen: steeds meer Belgische merken lanceren hun eigen zonnecr\u00e8me. Maar welke is de zonnecr\u00e8me de la cr\u00e8me?","og_url":"https:\/\/marieclaire.be\/nl\/de-redactie-van-marie-claire-test-de-belgische-zonnecreme\/","og_site_name":"Marie Claire","article_publisher":"https:\/\/www.facebook.com\/MarieClaireBelgie\/","article_published_time":"2023-08-16T13:39:27+00:00","article_modified_time":"2023-08-16T13:39:41+00:00","og_image":[{"width":1280,"height":670,"url":"https:\/\/marieclaire.be\/nl\/wp-content\/uploads\/2023\/08\/naamloos-2-13.jpg","type":"image\/jpeg"}],"author":"Kim De Craene","twitter_card":"summary_large_image","twitter_creator":"@MarieClaireBelg","twitter_site":"@MarieClaireBelg","twitter_misc":{"Geschreven door":"Kim De Craene","Geschatte leestijd":"4 minuten"},"schema":{"@context":"https:\/\/schema.org","@graph":[{"@type":"NewsArticle","@id":"https:\/\/marieclaire.be\/nl\/de-redactie-van-marie-claire-test-de-belgische-zonnecreme\/#article","isPartOf":{"@id":"https:\/\/marieclaire.be\/nl\/de-redactie-van-marie-claire-test-de-belgische-zonnecreme\/"},"author":{"name":"Kim De Craene","@id":"https:\/\/marieclaire.be\/nl\/#\/schema\/person\/8a683c9f1e5ed1e9535e30711a79e0a0"},"headline":"De redactie van Marie Claire test: de Belgische zonnecr\u00e8me","datePublished":"2023-08-16T13:39:27+00:00","dateModified":"2023-08-16T13:39:41+00:00","mainEntityOfPage":{"@id":"https:\/\/marieclaire.be\/nl\/de-redactie-van-marie-claire-test-de-belgische-zonnecreme\/"},"wordCount":684,"publisher":{"@id":"https:\/\/marieclaire.be\/nl\/#organization"},"image":{"@id":"https:\/\/marieclaire.be\/nl\/de-redactie-van-marie-claire-test-de-belgische-zonnecreme\/#primaryimage"},"thumbnailUrl":"https:\/\/marieclaire.be\/nl\/wp-content\/uploads\/2023\/08\/naamloos-2-13.jpg","articleSection":["Beauty","Het beauty verdict"],"inLanguage":"nl-BE"},{"@type":"WebPage","@id":"https:\/\/marieclaire.be\/nl\/de-redactie-van-marie-claire-test-de-belgische-zonnecreme\/","url":"https:\/\/marieclaire.be\/nl\/de-redactie-van-marie-claire-test-de-belgische-zonnecreme\/","name":"De redactie van Marie Claire test: de Belgische zonnecr\u00e8me - Marie Claire","isPartOf":{"@id":"https:\/\/marieclaire.be\/nl\/#website"},"primaryImageOfPage":{"@id":"https:\/\/marieclaire.be\/nl\/de-redactie-van-marie-claire-test-de-belgische-zonnecreme\/#primaryimage"},"image":{"@id":"https:\/\/marieclaire.be\/nl\/de-redactie-van-marie-claire-test-de-belgische-zonnecreme\/#primaryimage"},"thumbnailUrl":"https:\/\/marieclaire.be\/nl\/wp-content\/uploads\/2023\/08\/naamloos-2-13.jpg","datePublished":"2023-08-16T13:39:27+00:00","dateModified":"2023-08-16T13:39:41+00:00","description":"Een trend die we toejuichen: steeds meer Belgische merken lanceren hun eigen zonnecr\u00e8me. Maar welke is de zonnecr\u00e8me de la cr\u00e8me?","inLanguage":"nl-BE","potentialAction":[{"@type":"ReadAction","target":["https:\/\/marieclaire.be\/nl\/de-redactie-van-marie-claire-test-de-belgische-zonnecreme\/"]}]},{"@type":"ImageObject","inLanguage":"nl-BE","@id":"https:\/\/marieclaire.be\/nl\/de-redactie-van-marie-claire-test-de-belgische-zonnecreme\/#primaryimage","url":"https:\/\/marieclaire.be\/nl\/wp-content\/uploads\/2023\/08\/naamloos-2-13.jpg","contentUrl":"https:\/\/marieclaire.be\/nl\/wp-content\/uploads\/2023\/08\/naamloos-2-13.jpg","width":1280,"height":670,"caption":"Getty Images"},{"@type":"WebSite","@id":"https:\/\/marieclaire.be\/nl\/#website","url":"https:\/\/marieclaire.be\/nl\/","name":"Marie Claire Belgie","description":"Marie Claire Belgie, de site voor de intelligente vrouw vol mode, beauty, lifestyle, hotspots en nieuwtjes. Think smart - look amazing.","publisher":{"@id":"https:\/\/marieclaire.be\/nl\/#organization"},"potentialAction":[{"@type":"SearchAction","target":{"@type":"EntryPoint","urlTemplate":"https:\/\/marieclaire.be\/nl\/?s={search_term_string}"},"query-input":{"@type":"PropertyValueSpecification","valueRequired":true,"valueName":"search_term_string"}}],"inLanguage":"nl-BE"},{"@type":"Organization","@id":"https:\/\/marieclaire.be\/nl\/#organization","name":"Marie Claire","url":"https:\/\/marieclaire.be\/nl\/","logo":{"@type":"ImageObject","inLanguage":"nl-BE","@id":"https:\/\/marieclaire.be\/nl\/#\/schema\/logo\/image\/","url":"https:\/\/marieclaire.be\/nl\/wp-content\/uploads\/2024\/12\/marieclaire-512.png","contentUrl":"https:\/\/marieclaire.be\/nl\/wp-content\/uploads\/2024\/12\/marieclaire-512.png","width":512,"height":512,"caption":"Marie Claire"},"image":{"@id":"https:\/\/marieclaire.be\/nl\/#\/schema\/logo\/image\/"},"sameAs":["https:\/\/www.facebook.com\/MarieClaireBelgie\/","https:\/\/x.com\/MarieClaireBelg","https:\/\/www.instagram.com\/marieclaire_belgie\/","https:\/\/fr.pinterest.com\/marieclairebe\/"]},{"@type":"Person","@id":"https:\/\/marieclaire.be\/nl\/#\/schema\/person\/8a683c9f1e5ed1e9535e30711a79e0a0","name":"Kim De Craene","image":{"@type":"ImageObject","inLanguage":"nl-BE","@id":"https:\/\/marieclaire.be\/nl\/wp-content\/uploads\/2023\/01\/ontwerp-zonder-titel-5-96x96.png","url":"https:\/\/marieclaire.be\/nl\/wp-content\/uploads\/2023\/01\/ontwerp-zonder-titel-5-96x96.png","contentUrl":"https:\/\/marieclaire.be\/nl\/wp-content\/uploads\/2023\/01\/ontwerp-zonder-titel-5-96x96.png","caption":"Kim De Craene"},"description":"Kim De Craene schrijft over beauty en lifestyle, boeken en muziek. Na tien jaar S\u00e3o Paulo woont ze terug in Antwerpen. Ze woonde dus zo\u2019n kwart van haar leven in Brazili\u00eb. Wat haar toch een beetje Braziliaans maakt. Ze houdt van rode lipstick, languit op een massagetafel liggen, dansen op het strand op blote voeten, bioboeren en stelt zich bij elk dilemma vaak de vraag \"wat zou Audrey Hepburn doen?\"","sameAs":["https:\/\/www.instagram.com\/kimdecraene\/"],"url":"https:\/\/marieclaire.be\/nl\/author\/kdcmarieclaire-be\/"}]}},"_links":{"self":[{"href":"https:\/\/marieclaire.be\/nl\/wp-json\/wp\/v2\/posts\/121165","targetHints":{"allow":["GET"]}}],"collection":[{"href":"https:\/\/marieclaire.be\/nl\/wp-json\/wp\/v2\/posts"}],"about":[{"href":"https:\/\/marieclaire.be\/nl\/wp-json\/wp\/v2\/types\/post"}],"author":[{"embeddable":true,"href":"https:\/\/marieclaire.be\/nl\/wp-json\/wp\/v2\/users\/66"}],"replies":[{"embeddable":true,"href":"https:\/\/marieclaire.be\/nl\/wp-json\/wp\/v2\/comments?post=121165"}],"version-history":[{"count":4,"href":"https:\/\/marieclaire.be\/nl\/wp-json\/wp\/v2\/posts\/121165\/revisions"}],"predecessor-version":[{"id":121175,"href":"https:\/\/marieclaire.be\/nl\/wp-json\/wp\/v2\/posts\/121165\/revisions\/121175"}],"wp:featuredmedia":[{"embeddable":true,"href":"https:\/\/marieclaire.be\/nl\/wp-json\/wp\/v2\/media\/121171"}],"wp:attachment":[{"href":"https:\/\/marieclaire.be\/nl\/wp-json\/wp\/v2\/media?parent=121165"}],"wp:term":[{"taxonomy":"category","embeddable":true,"href":"https:\/\/marieclaire.be\/nl\/wp-json\/wp\/v2\/categories?post=121165"},{"taxonomy":"post_tag","embeddable":true,"href":"https:\/\/marieclaire.be\/nl\/wp-json\/wp\/v2\/tags?post=121165"}],"curies":[{"name":"wp","href":"https:\/\/api.w.org\/{rel}","templated":true}]}}