{"id":112821,"date":"2022-12-15T11:01:20","date_gmt":"2022-12-15T10:01:20","guid":{"rendered":"https:\/\/marieclaire.be\/nl\/?p=112821"},"modified":"2022-12-14T22:46:05","modified_gmt":"2022-12-14T21:46:05","slug":"belgisch-schoenenlabel-morobe-lanceert-eerste-kledingcollectie","status":"publish","type":"post","link":"https:\/\/marieclaire.be\/nl\/belgisch-schoenenlabel-morobe-lanceert-eerste-kledingcollectie\/","title":{"rendered":"Belgisch schoenenlabel Morob\u00e9 lanceert eerste kledingcollectie"},"content":{"rendered":"","protected":false},"excerpt":{"rendered":"Na een decocollectie pakt het Belgische schoenenmerk Morob\u00e9 nu uit met een kledingcapsule. ...","protected":false},"author":58,"featured_media":112831,"comment_status":"closed","ping_status":"open","sticky":false,"template":"","format":"standard","meta":{"_acf_changed":false,"footnotes":""},"categories":[6,5302],"tags":[267,4432],"class_list":["post-112821","post","type-post","status-publish","format-standard","has-post-thumbnail","hentry","category-mode","category-shopping","tag-belgische-mode","tag-morobe"],"acf":[],"_yoast_wpseo_metadesc":"Na een decocollectie pakt het Belgische schoenenmerk Morob\u00e9 nu uit met een kledingcapsule \u00e9n een nieuwe winkel in Antwerpen.","image_verticale":"112823","_yoast_wpseo_title":"Belgisch schoenenmerk Morob\u00e9 lanceert eerste kledingcollectie","yoast_head":"<!-- This site is optimized with the Yoast SEO plugin v27.3 - https:\/\/yoast.com\/product\/yoast-seo-wordpress\/ -->\n<title>Belgisch schoenenmerk Morob\u00e9 lanceert eerste kledingcollectie<\/title>\n<meta name=\"description\" content=\"Na een decocollectie pakt het Belgische schoenenmerk Morob\u00e9 nu uit met een kledingcapsule \u00e9n een nieuwe winkel in Antwerpen.\" \/>\n<meta name=\"robots\" content=\"index, follow, max-snippet:-1, max-image-preview:large, max-video-preview:-1\" \/>\n<link rel=\"canonical\" href=\"https:\/\/marieclaire.be\/nl\/belgisch-schoenenlabel-morobe-lanceert-eerste-kledingcollectie\/\" \/>\n<link rel=\"next\" href=\"https:\/\/marieclaire.be\/nl\/belgisch-schoenenlabel-morobe-lanceert-eerste-kledingcollectie\/2\/\" \/>\n<meta property=\"og:locale\" content=\"nl_BE\" \/>\n<meta property=\"og:type\" content=\"article\" \/>\n<meta property=\"og:title\" content=\"Belgisch schoenenmerk Morob\u00e9 lanceert eerste kledingcollectie\" \/>\n<meta property=\"og:description\" content=\"Na een decocollectie pakt het Belgische schoenenmerk Morob\u00e9 nu uit met een kledingcapsule \u00e9n een nieuwe winkel in Antwerpen.\" \/>\n<meta property=\"og:url\" content=\"https:\/\/marieclaire.be\/nl\/belgisch-schoenenlabel-morobe-lanceert-eerste-kledingcollectie\/\" \/>\n<meta property=\"og:site_name\" content=\"Marie Claire\" \/>\n<meta property=\"article:publisher\" content=\"https:\/\/www.facebook.com\/MarieClaireBelgie\/\" \/>\n<meta property=\"article:published_time\" content=\"2022-12-15T10:01:20+00:00\" \/>\n<meta property=\"og:image\" content=\"https:\/\/marieclaire.be\/nl\/wp-content\/uploads\/2022\/12\/naamloos-3-1.jpg\" \/>\n\t<meta property=\"og:image:width\" content=\"1280\" \/>\n\t<meta property=\"og:image:height\" content=\"670\" \/>\n\t<meta property=\"og:image:type\" content=\"image\/jpeg\" \/>\n<meta name=\"author\" content=\"Timon Van Mechelen\" \/>\n<meta name=\"twitter:card\" content=\"summary_large_image\" \/>\n<meta name=\"twitter:creator\" content=\"@MarieClaireBelg\" \/>\n<meta name=\"twitter:site\" content=\"@MarieClaireBelg\" \/>\n<meta name=\"twitter:label1\" content=\"Geschreven door\" \/>\n\t<meta name=\"twitter:data1\" content=\"Timon Van Mechelen\" \/>\n\t<meta name=\"twitter:label2\" content=\"Geschatte leestijd\" \/>\n\t<meta name=\"twitter:data2\" content=\"3 minuten\" \/>\n<script type=\"application\/ld+json\" class=\"yoast-schema-graph\">{\"@context\":\"https:\\\/\\\/schema.org\",\"@graph\":[{\"@type\":\"NewsArticle\",\"@id\":\"https:\\\/\\\/marieclaire.be\\\/nl\\\/belgisch-schoenenlabel-morobe-lanceert-eerste-kledingcollectie\\\/#article\",\"isPartOf\":{\"@id\":\"https:\\\/\\\/marieclaire.be\\\/nl\\\/belgisch-schoenenlabel-morobe-lanceert-eerste-kledingcollectie\\\/\"},\"author\":{\"name\":\"Timon Van Mechelen\",\"@id\":\"https:\\\/\\\/marieclaire.be\\\/nl\\\/#\\\/schema\\\/person\\\/a1f685e615c2c2c6e4458ebdce4c3a9e\"},\"headline\":\"Belgisch schoenenlabel Morob\u00e9 lanceert eerste kledingcollectie\",\"datePublished\":\"2022-12-15T10:01:20+00:00\",\"mainEntityOfPage\":{\"@id\":\"https:\\\/\\\/marieclaire.be\\\/nl\\\/belgisch-schoenenlabel-morobe-lanceert-eerste-kledingcollectie\\\/\"},\"wordCount\":316,\"publisher\":{\"@id\":\"https:\\\/\\\/marieclaire.be\\\/nl\\\/#organization\"},\"image\":{\"@id\":\"https:\\\/\\\/marieclaire.be\\\/nl\\\/belgisch-schoenenlabel-morobe-lanceert-eerste-kledingcollectie\\\/#primaryimage\"},\"thumbnailUrl\":\"https:\\\/\\\/marieclaire.be\\\/nl\\\/wp-content\\\/uploads\\\/2022\\\/12\\\/naamloos-3-1.jpg\",\"keywords\":[\"Belgische mode\",\"morob\u00e9\"],\"articleSection\":[\"Mode\",\"Shopping\"],\"inLanguage\":\"nl-BE\"},{\"@type\":\"WebPage\",\"@id\":\"https:\\\/\\\/marieclaire.be\\\/nl\\\/belgisch-schoenenlabel-morobe-lanceert-eerste-kledingcollectie\\\/\",\"url\":\"https:\\\/\\\/marieclaire.be\\\/nl\\\/belgisch-schoenenlabel-morobe-lanceert-eerste-kledingcollectie\\\/\",\"name\":\"Belgisch schoenenmerk Morob\u00e9 lanceert eerste kledingcollectie\",\"isPartOf\":{\"@id\":\"https:\\\/\\\/marieclaire.be\\\/nl\\\/#website\"},\"primaryImageOfPage\":{\"@id\":\"https:\\\/\\\/marieclaire.be\\\/nl\\\/belgisch-schoenenlabel-morobe-lanceert-eerste-kledingcollectie\\\/#primaryimage\"},\"image\":{\"@id\":\"https:\\\/\\\/marieclaire.be\\\/nl\\\/belgisch-schoenenlabel-morobe-lanceert-eerste-kledingcollectie\\\/#primaryimage\"},\"thumbnailUrl\":\"https:\\\/\\\/marieclaire.be\\\/nl\\\/wp-content\\\/uploads\\\/2022\\\/12\\\/naamloos-3-1.jpg\",\"datePublished\":\"2022-12-15T10:01:20+00:00\",\"description\":\"Na een decocollectie pakt het Belgische schoenenmerk Morob\u00e9 nu uit met een kledingcapsule \u00e9n een nieuwe winkel in Antwerpen.\",\"inLanguage\":\"nl-BE\",\"potentialAction\":[{\"@type\":\"ReadAction\",\"target\":[\"https:\\\/\\\/marieclaire.be\\\/nl\\\/belgisch-schoenenlabel-morobe-lanceert-eerste-kledingcollectie\\\/\"]}]},{\"@type\":\"ImageObject\",\"inLanguage\":\"nl-BE\",\"@id\":\"https:\\\/\\\/marieclaire.be\\\/nl\\\/belgisch-schoenenlabel-morobe-lanceert-eerste-kledingcollectie\\\/#primaryimage\",\"url\":\"https:\\\/\\\/marieclaire.be\\\/nl\\\/wp-content\\\/uploads\\\/2022\\\/12\\\/naamloos-3-1.jpg\",\"contentUrl\":\"https:\\\/\\\/marieclaire.be\\\/nl\\\/wp-content\\\/uploads\\\/2022\\\/12\\\/naamloos-3-1.jpg\",\"width\":1280,\"height\":670,\"caption\":\"Morob\u00e9\"},{\"@type\":\"WebSite\",\"@id\":\"https:\\\/\\\/marieclaire.be\\\/nl\\\/#website\",\"url\":\"https:\\\/\\\/marieclaire.be\\\/nl\\\/\",\"name\":\"Marie Claire Belgie\",\"description\":\"Marie Claire Belgie, de site voor de intelligente vrouw vol mode, beauty, lifestyle, hotspots en nieuwtjes. Think smart - look amazing.\",\"publisher\":{\"@id\":\"https:\\\/\\\/marieclaire.be\\\/nl\\\/#organization\"},\"potentialAction\":[{\"@type\":\"SearchAction\",\"target\":{\"@type\":\"EntryPoint\",\"urlTemplate\":\"https:\\\/\\\/marieclaire.be\\\/nl\\\/?s={search_term_string}\"},\"query-input\":{\"@type\":\"PropertyValueSpecification\",\"valueRequired\":true,\"valueName\":\"search_term_string\"}}],\"inLanguage\":\"nl-BE\"},{\"@type\":\"Organization\",\"@id\":\"https:\\\/\\\/marieclaire.be\\\/nl\\\/#organization\",\"name\":\"Marie Claire\",\"url\":\"https:\\\/\\\/marieclaire.be\\\/nl\\\/\",\"logo\":{\"@type\":\"ImageObject\",\"inLanguage\":\"nl-BE\",\"@id\":\"https:\\\/\\\/marieclaire.be\\\/nl\\\/#\\\/schema\\\/logo\\\/image\\\/\",\"url\":\"https:\\\/\\\/marieclaire.be\\\/nl\\\/wp-content\\\/uploads\\\/2024\\\/12\\\/marieclaire-512.png\",\"contentUrl\":\"https:\\\/\\\/marieclaire.be\\\/nl\\\/wp-content\\\/uploads\\\/2024\\\/12\\\/marieclaire-512.png\",\"width\":512,\"height\":512,\"caption\":\"Marie Claire\"},\"image\":{\"@id\":\"https:\\\/\\\/marieclaire.be\\\/nl\\\/#\\\/schema\\\/logo\\\/image\\\/\"},\"sameAs\":[\"https:\\\/\\\/www.facebook.com\\\/MarieClaireBelgie\\\/\",\"https:\\\/\\\/x.com\\\/MarieClaireBelg\",\"https:\\\/\\\/www.instagram.com\\\/marieclaire_belgie\\\/\",\"https:\\\/\\\/fr.pinterest.com\\\/marieclairebe\\\/\"]},{\"@type\":\"Person\",\"@id\":\"https:\\\/\\\/marieclaire.be\\\/nl\\\/#\\\/schema\\\/person\\\/a1f685e615c2c2c6e4458ebdce4c3a9e\",\"name\":\"Timon Van Mechelen\",\"image\":{\"@type\":\"ImageObject\",\"inLanguage\":\"nl-BE\",\"@id\":\"https:\\\/\\\/marieclaire.be\\\/nl\\\/wp-content\\\/uploads\\\/2020\\\/08\\\/timon-96x96.jpg\",\"url\":\"https:\\\/\\\/marieclaire.be\\\/nl\\\/wp-content\\\/uploads\\\/2020\\\/08\\\/timon-96x96.jpg\",\"contentUrl\":\"https:\\\/\\\/marieclaire.be\\\/nl\\\/wp-content\\\/uploads\\\/2020\\\/08\\\/timon-96x96.jpg\",\"caption\":\"Timon Van Mechelen\"},\"description\":\"Als mode-expert weet hij trends en ontwikkelingen als geen ander te duiden. Is weg van Dries Van Noten en Prada en ziet zijn kleren als waardevolle investeringen. Haalt evenveel plezier uit de stockverkopen als jij uit je verjaardag, kerst en zomervakantie samen. Vindt verder weinig bevredigender dan te veel natuurwijn drinken en mensen kijken op een terras.\",\"sameAs\":[\"https:\\\/\\\/www.instagram.com\\\/timonvm\\\/\"],\"url\":\"https:\\\/\\\/marieclaire.be\\\/nl\\\/author\\\/timon\\\/\"}]}<\/script>\n<!-- \/ Yoast SEO plugin. -->","yoast_head_json":{"title":"Belgisch schoenenmerk Morob\u00e9 lanceert eerste kledingcollectie","description":"Na een decocollectie pakt het Belgische schoenenmerk Morob\u00e9 nu uit met een kledingcapsule \u00e9n een nieuwe winkel in Antwerpen.","robots":{"index":"index","follow":"follow","max-snippet":"max-snippet:-1","max-image-preview":"max-image-preview:large","max-video-preview":"max-video-preview:-1"},"canonical":"https:\/\/marieclaire.be\/nl\/belgisch-schoenenlabel-morobe-lanceert-eerste-kledingcollectie\/","next":"https:\/\/marieclaire.be\/nl\/belgisch-schoenenlabel-morobe-lanceert-eerste-kledingcollectie\/2\/","og_locale":"nl_BE","og_type":"article","og_title":"Belgisch schoenenmerk Morob\u00e9 lanceert eerste kledingcollectie","og_description":"Na een decocollectie pakt het Belgische schoenenmerk Morob\u00e9 nu uit met een kledingcapsule \u00e9n een nieuwe winkel in Antwerpen.","og_url":"https:\/\/marieclaire.be\/nl\/belgisch-schoenenlabel-morobe-lanceert-eerste-kledingcollectie\/","og_site_name":"Marie Claire","article_publisher":"https:\/\/www.facebook.com\/MarieClaireBelgie\/","article_published_time":"2022-12-15T10:01:20+00:00","og_image":[{"width":1280,"height":670,"url":"https:\/\/marieclaire.be\/nl\/wp-content\/uploads\/2022\/12\/naamloos-3-1.jpg","type":"image\/jpeg"}],"author":"Timon Van Mechelen","twitter_card":"summary_large_image","twitter_creator":"@MarieClaireBelg","twitter_site":"@MarieClaireBelg","twitter_misc":{"Geschreven door":"Timon Van Mechelen","Geschatte leestijd":"3 minuten"},"schema":{"@context":"https:\/\/schema.org","@graph":[{"@type":"NewsArticle","@id":"https:\/\/marieclaire.be\/nl\/belgisch-schoenenlabel-morobe-lanceert-eerste-kledingcollectie\/#article","isPartOf":{"@id":"https:\/\/marieclaire.be\/nl\/belgisch-schoenenlabel-morobe-lanceert-eerste-kledingcollectie\/"},"author":{"name":"Timon Van Mechelen","@id":"https:\/\/marieclaire.be\/nl\/#\/schema\/person\/a1f685e615c2c2c6e4458ebdce4c3a9e"},"headline":"Belgisch schoenenlabel Morob\u00e9 lanceert eerste kledingcollectie","datePublished":"2022-12-15T10:01:20+00:00","mainEntityOfPage":{"@id":"https:\/\/marieclaire.be\/nl\/belgisch-schoenenlabel-morobe-lanceert-eerste-kledingcollectie\/"},"wordCount":316,"publisher":{"@id":"https:\/\/marieclaire.be\/nl\/#organization"},"image":{"@id":"https:\/\/marieclaire.be\/nl\/belgisch-schoenenlabel-morobe-lanceert-eerste-kledingcollectie\/#primaryimage"},"thumbnailUrl":"https:\/\/marieclaire.be\/nl\/wp-content\/uploads\/2022\/12\/naamloos-3-1.jpg","keywords":["Belgische mode","morob\u00e9"],"articleSection":["Mode","Shopping"],"inLanguage":"nl-BE"},{"@type":"WebPage","@id":"https:\/\/marieclaire.be\/nl\/belgisch-schoenenlabel-morobe-lanceert-eerste-kledingcollectie\/","url":"https:\/\/marieclaire.be\/nl\/belgisch-schoenenlabel-morobe-lanceert-eerste-kledingcollectie\/","name":"Belgisch schoenenmerk Morob\u00e9 lanceert eerste kledingcollectie","isPartOf":{"@id":"https:\/\/marieclaire.be\/nl\/#website"},"primaryImageOfPage":{"@id":"https:\/\/marieclaire.be\/nl\/belgisch-schoenenlabel-morobe-lanceert-eerste-kledingcollectie\/#primaryimage"},"image":{"@id":"https:\/\/marieclaire.be\/nl\/belgisch-schoenenlabel-morobe-lanceert-eerste-kledingcollectie\/#primaryimage"},"thumbnailUrl":"https:\/\/marieclaire.be\/nl\/wp-content\/uploads\/2022\/12\/naamloos-3-1.jpg","datePublished":"2022-12-15T10:01:20+00:00","description":"Na een decocollectie pakt het Belgische schoenenmerk Morob\u00e9 nu uit met een kledingcapsule \u00e9n een nieuwe winkel in Antwerpen.","inLanguage":"nl-BE","potentialAction":[{"@type":"ReadAction","target":["https:\/\/marieclaire.be\/nl\/belgisch-schoenenlabel-morobe-lanceert-eerste-kledingcollectie\/"]}]},{"@type":"ImageObject","inLanguage":"nl-BE","@id":"https:\/\/marieclaire.be\/nl\/belgisch-schoenenlabel-morobe-lanceert-eerste-kledingcollectie\/#primaryimage","url":"https:\/\/marieclaire.be\/nl\/wp-content\/uploads\/2022\/12\/naamloos-3-1.jpg","contentUrl":"https:\/\/marieclaire.be\/nl\/wp-content\/uploads\/2022\/12\/naamloos-3-1.jpg","width":1280,"height":670,"caption":"Morob\u00e9"},{"@type":"WebSite","@id":"https:\/\/marieclaire.be\/nl\/#website","url":"https:\/\/marieclaire.be\/nl\/","name":"Marie Claire Belgie","description":"Marie Claire Belgie, de site voor de intelligente vrouw vol mode, beauty, lifestyle, hotspots en nieuwtjes. Think smart - look amazing.","publisher":{"@id":"https:\/\/marieclaire.be\/nl\/#organization"},"potentialAction":[{"@type":"SearchAction","target":{"@type":"EntryPoint","urlTemplate":"https:\/\/marieclaire.be\/nl\/?s={search_term_string}"},"query-input":{"@type":"PropertyValueSpecification","valueRequired":true,"valueName":"search_term_string"}}],"inLanguage":"nl-BE"},{"@type":"Organization","@id":"https:\/\/marieclaire.be\/nl\/#organization","name":"Marie Claire","url":"https:\/\/marieclaire.be\/nl\/","logo":{"@type":"ImageObject","inLanguage":"nl-BE","@id":"https:\/\/marieclaire.be\/nl\/#\/schema\/logo\/image\/","url":"https:\/\/marieclaire.be\/nl\/wp-content\/uploads\/2024\/12\/marieclaire-512.png","contentUrl":"https:\/\/marieclaire.be\/nl\/wp-content\/uploads\/2024\/12\/marieclaire-512.png","width":512,"height":512,"caption":"Marie Claire"},"image":{"@id":"https:\/\/marieclaire.be\/nl\/#\/schema\/logo\/image\/"},"sameAs":["https:\/\/www.facebook.com\/MarieClaireBelgie\/","https:\/\/x.com\/MarieClaireBelg","https:\/\/www.instagram.com\/marieclaire_belgie\/","https:\/\/fr.pinterest.com\/marieclairebe\/"]},{"@type":"Person","@id":"https:\/\/marieclaire.be\/nl\/#\/schema\/person\/a1f685e615c2c2c6e4458ebdce4c3a9e","name":"Timon Van Mechelen","image":{"@type":"ImageObject","inLanguage":"nl-BE","@id":"https:\/\/marieclaire.be\/nl\/wp-content\/uploads\/2020\/08\/timon-96x96.jpg","url":"https:\/\/marieclaire.be\/nl\/wp-content\/uploads\/2020\/08\/timon-96x96.jpg","contentUrl":"https:\/\/marieclaire.be\/nl\/wp-content\/uploads\/2020\/08\/timon-96x96.jpg","caption":"Timon Van Mechelen"},"description":"Als mode-expert weet hij trends en ontwikkelingen als geen ander te duiden. Is weg van Dries Van Noten en Prada en ziet zijn kleren als waardevolle investeringen. Haalt evenveel plezier uit de stockverkopen als jij uit je verjaardag, kerst en zomervakantie samen. Vindt verder weinig bevredigender dan te veel natuurwijn drinken en mensen kijken op een terras.","sameAs":["https:\/\/www.instagram.com\/timonvm\/"],"url":"https:\/\/marieclaire.be\/nl\/author\/timon\/"}]}},"_links":{"self":[{"href":"https:\/\/marieclaire.be\/nl\/wp-json\/wp\/v2\/posts\/112821","targetHints":{"allow":["GET"]}}],"collection":[{"href":"https:\/\/marieclaire.be\/nl\/wp-json\/wp\/v2\/posts"}],"about":[{"href":"https:\/\/marieclaire.be\/nl\/wp-json\/wp\/v2\/types\/post"}],"author":[{"embeddable":true,"href":"https:\/\/marieclaire.be\/nl\/wp-json\/wp\/v2\/users\/58"}],"replies":[{"embeddable":true,"href":"https:\/\/marieclaire.be\/nl\/wp-json\/wp\/v2\/comments?post=112821"}],"version-history":[{"count":5,"href":"https:\/\/marieclaire.be\/nl\/wp-json\/wp\/v2\/posts\/112821\/revisions"}],"predecessor-version":[{"id":112836,"href":"https:\/\/marieclaire.be\/nl\/wp-json\/wp\/v2\/posts\/112821\/revisions\/112836"}],"wp:featuredmedia":[{"embeddable":true,"href":"https:\/\/marieclaire.be\/nl\/wp-json\/wp\/v2\/media\/112831"}],"wp:attachment":[{"href":"https:\/\/marieclaire.be\/nl\/wp-json\/wp\/v2\/media?parent=112821"}],"wp:term":[{"taxonomy":"category","embeddable":true,"href":"https:\/\/marieclaire.be\/nl\/wp-json\/wp\/v2\/categories?post=112821"},{"taxonomy":"post_tag","embeddable":true,"href":"https:\/\/marieclaire.be\/nl\/wp-json\/wp\/v2\/tags?post=112821"}],"curies":[{"name":"wp","href":"https:\/\/api.w.org\/{rel}","templated":true}]}}