{"id":10751,"date":"2017-02-11T10:00:23","date_gmt":"2017-02-11T09:00:23","guid":{"rendered":"http:\/\/marieclaire.be\/nl\/?p=10751"},"modified":"2017-06-02T18:14:22","modified_gmt":"2017-06-02T16:14:22","slug":"beautytrend-ombre-lippen","status":"publish","type":"post","link":"https:\/\/marieclaire.be\/nl\/beautytrend-ombre-lippen\/","title":{"rendered":"Getest: Beautytrend ombr\u00e9 lippen"},"content":{"rendered":"","protected":false},"excerpt":{"rendered":"Ombr\u00e9 lippen zijn het beauty statement du jour en we leggen je graag uit hoe je het doet! Na het contouren van je gelaat, je ogen en zelfs je haar\u00a0,\u00a0haal je door het betere maquilleerwerk nu ook het beste uit je lippen.","protected":false},"author":22,"featured_media":10765,"comment_status":"closed","ping_status":"open","sticky":false,"template":"","format":"standard","meta":{"_acf_changed":false,"footnotes":""},"categories":[7,19],"tags":[250,1809,956,2715,2716],"class_list":["post-10751","post","type-post","status-publish","format-standard","has-post-thumbnail","hentry","category-beauty-marie-claire","category-getest","tag-benefit","tag-catrice","tag-lancome","tag-ombre","tag-ombre-lippen"],"acf":[],"_yoast_wpseo_metadesc":"Ombr\u00e9 lippen zijn het beauty statement du jour. We testten de twee-kleuren-in-\u00e9\u00e9n lipsticks van Benefit en Catrice die perfect op deze trend inspelen!","image_verticale":null,"_yoast_wpseo_title":null,"yoast_head":"<!-- This site is optimized with the Yoast SEO plugin v27.3 - https:\/\/yoast.com\/product\/yoast-seo-wordpress\/ -->\n<title>Getest: Beautytrend ombr\u00e9 lippen - Marie Claire<\/title>\n<meta name=\"description\" content=\"Ombr\u00e9 lippen zijn het beauty statement du jour. We testten de twee-kleuren-in-\u00e9\u00e9n lipsticks van Benefit en Catrice die perfect op deze trend inspelen!\" \/>\n<meta name=\"robots\" content=\"index, follow, max-snippet:-1, max-image-preview:large, max-video-preview:-1\" \/>\n<link rel=\"canonical\" href=\"https:\/\/marieclaire.be\/nl\/beautytrend-ombre-lippen\/\" \/>\n<meta property=\"og:locale\" content=\"nl_BE\" \/>\n<meta property=\"og:type\" content=\"article\" \/>\n<meta property=\"og:title\" content=\"Getest: Beautytrend ombr\u00e9 lippen - Marie Claire\" \/>\n<meta property=\"og:description\" content=\"Ombr\u00e9 lippen zijn het beauty statement du jour. We testten de twee-kleuren-in-\u00e9\u00e9n lipsticks van Benefit en Catrice die perfect op deze trend inspelen!\" \/>\n<meta property=\"og:url\" content=\"https:\/\/marieclaire.be\/nl\/beautytrend-ombre-lippen\/\" \/>\n<meta property=\"og:site_name\" content=\"Marie Claire\" \/>\n<meta property=\"article:publisher\" content=\"https:\/\/www.facebook.com\/MarieClaireBelgie\/\" \/>\n<meta property=\"article:published_time\" content=\"2017-02-11T09:00:23+00:00\" \/>\n<meta property=\"article:modified_time\" content=\"2017-06-02T16:14:22+00:00\" \/>\n<meta property=\"og:image\" content=\"https:\/\/marieclaire.be\/nl\/wp-content\/uploads\/2017\/02\/ombre-lippen-lancome-benefit-catrice.jpg\" \/>\n\t<meta property=\"og:image:width\" content=\"690\" \/>\n\t<meta property=\"og:image:height\" content=\"361\" \/>\n\t<meta property=\"og:image:type\" content=\"image\/jpeg\" \/>\n<meta name=\"author\" content=\"Vicky Dorny\" \/>\n<meta name=\"twitter:card\" content=\"summary_large_image\" \/>\n<meta name=\"twitter:creator\" content=\"@MarieClaireBelg\" \/>\n<meta name=\"twitter:site\" content=\"@MarieClaireBelg\" \/>\n<meta name=\"twitter:label1\" content=\"Geschreven door\" \/>\n\t<meta name=\"twitter:data1\" content=\"Vicky Dorny\" \/>\n\t<meta name=\"twitter:label2\" content=\"Geschatte leestijd\" \/>\n\t<meta name=\"twitter:data2\" content=\"2 minuten\" \/>\n<script type=\"application\/ld+json\" class=\"yoast-schema-graph\">{\"@context\":\"https:\\\/\\\/schema.org\",\"@graph\":[{\"@type\":\"NewsArticle\",\"@id\":\"https:\\\/\\\/marieclaire.be\\\/nl\\\/beautytrend-ombre-lippen\\\/#article\",\"isPartOf\":{\"@id\":\"https:\\\/\\\/marieclaire.be\\\/nl\\\/beautytrend-ombre-lippen\\\/\"},\"author\":{\"name\":\"Vicky Dorny\",\"@id\":\"https:\\\/\\\/marieclaire.be\\\/nl\\\/#\\\/schema\\\/person\\\/4ab933d81eb9b47dce23c5b1a8ae276f\"},\"headline\":\"Getest: Beautytrend ombr\u00e9 lippen\",\"datePublished\":\"2017-02-11T09:00:23+00:00\",\"dateModified\":\"2017-06-02T16:14:22+00:00\",\"mainEntityOfPage\":{\"@id\":\"https:\\\/\\\/marieclaire.be\\\/nl\\\/beautytrend-ombre-lippen\\\/\"},\"wordCount\":427,\"publisher\":{\"@id\":\"https:\\\/\\\/marieclaire.be\\\/nl\\\/#organization\"},\"image\":{\"@id\":\"https:\\\/\\\/marieclaire.be\\\/nl\\\/beautytrend-ombre-lippen\\\/#primaryimage\"},\"thumbnailUrl\":\"https:\\\/\\\/marieclaire.be\\\/nl\\\/wp-content\\\/uploads\\\/2017\\\/02\\\/ombre-lippen-lancome-benefit-catrice.jpg\",\"keywords\":[\"Benefit\",\"Catrice\",\"Lanc\u00f4me\",\"ombr\u00e9\",\"ombr\u00e9 lippen\"],\"articleSection\":[\"Beauty\",\"Het beauty verdict\"],\"inLanguage\":\"nl-BE\"},{\"@type\":\"WebPage\",\"@id\":\"https:\\\/\\\/marieclaire.be\\\/nl\\\/beautytrend-ombre-lippen\\\/\",\"url\":\"https:\\\/\\\/marieclaire.be\\\/nl\\\/beautytrend-ombre-lippen\\\/\",\"name\":\"Getest: Beautytrend ombr\u00e9 lippen - Marie Claire\",\"isPartOf\":{\"@id\":\"https:\\\/\\\/marieclaire.be\\\/nl\\\/#website\"},\"primaryImageOfPage\":{\"@id\":\"https:\\\/\\\/marieclaire.be\\\/nl\\\/beautytrend-ombre-lippen\\\/#primaryimage\"},\"image\":{\"@id\":\"https:\\\/\\\/marieclaire.be\\\/nl\\\/beautytrend-ombre-lippen\\\/#primaryimage\"},\"thumbnailUrl\":\"https:\\\/\\\/marieclaire.be\\\/nl\\\/wp-content\\\/uploads\\\/2017\\\/02\\\/ombre-lippen-lancome-benefit-catrice.jpg\",\"datePublished\":\"2017-02-11T09:00:23+00:00\",\"dateModified\":\"2017-06-02T16:14:22+00:00\",\"description\":\"Ombr\u00e9 lippen zijn het beauty statement du jour. We testten de twee-kleuren-in-\u00e9\u00e9n lipsticks van Benefit en Catrice die perfect op deze trend inspelen!\",\"breadcrumb\":{\"@id\":\"https:\\\/\\\/marieclaire.be\\\/nl\\\/beautytrend-ombre-lippen\\\/#breadcrumb\"},\"inLanguage\":\"nl-BE\",\"potentialAction\":[{\"@type\":\"ReadAction\",\"target\":[\"https:\\\/\\\/marieclaire.be\\\/nl\\\/beautytrend-ombre-lippen\\\/\"]}]},{\"@type\":\"ImageObject\",\"inLanguage\":\"nl-BE\",\"@id\":\"https:\\\/\\\/marieclaire.be\\\/nl\\\/beautytrend-ombre-lippen\\\/#primaryimage\",\"url\":\"https:\\\/\\\/marieclaire.be\\\/nl\\\/wp-content\\\/uploads\\\/2017\\\/02\\\/ombre-lippen-lancome-benefit-catrice.jpg\",\"contentUrl\":\"https:\\\/\\\/marieclaire.be\\\/nl\\\/wp-content\\\/uploads\\\/2017\\\/02\\\/ombre-lippen-lancome-benefit-catrice.jpg\",\"width\":690,\"height\":361},{\"@type\":\"BreadcrumbList\",\"@id\":\"https:\\\/\\\/marieclaire.be\\\/nl\\\/beautytrend-ombre-lippen\\\/#breadcrumb\",\"itemListElement\":[{\"@type\":\"ListItem\",\"position\":1,\"name\":\"Accueil\",\"item\":\"https:\\\/\\\/marieclaire.be\\\/nl\\\/\"},{\"@type\":\"ListItem\",\"position\":2,\"name\":\"Getest: Beautytrend ombr\u00e9 lippen\"}]},{\"@type\":\"WebSite\",\"@id\":\"https:\\\/\\\/marieclaire.be\\\/nl\\\/#website\",\"url\":\"https:\\\/\\\/marieclaire.be\\\/nl\\\/\",\"name\":\"Marie Claire Belgie\",\"description\":\"Marie Claire Belgie, de site voor de intelligente vrouw vol mode, beauty, lifestyle, hotspots en nieuwtjes. Think smart - look amazing.\",\"publisher\":{\"@id\":\"https:\\\/\\\/marieclaire.be\\\/nl\\\/#organization\"},\"potentialAction\":[{\"@type\":\"SearchAction\",\"target\":{\"@type\":\"EntryPoint\",\"urlTemplate\":\"https:\\\/\\\/marieclaire.be\\\/nl\\\/?s={search_term_string}\"},\"query-input\":{\"@type\":\"PropertyValueSpecification\",\"valueRequired\":true,\"valueName\":\"search_term_string\"}}],\"inLanguage\":\"nl-BE\"},{\"@type\":\"Organization\",\"@id\":\"https:\\\/\\\/marieclaire.be\\\/nl\\\/#organization\",\"name\":\"Marie Claire\",\"url\":\"https:\\\/\\\/marieclaire.be\\\/nl\\\/\",\"logo\":{\"@type\":\"ImageObject\",\"inLanguage\":\"nl-BE\",\"@id\":\"https:\\\/\\\/marieclaire.be\\\/nl\\\/#\\\/schema\\\/logo\\\/image\\\/\",\"url\":\"https:\\\/\\\/marieclaire.be\\\/nl\\\/wp-content\\\/uploads\\\/2024\\\/12\\\/marieclaire-512.png\",\"contentUrl\":\"https:\\\/\\\/marieclaire.be\\\/nl\\\/wp-content\\\/uploads\\\/2024\\\/12\\\/marieclaire-512.png\",\"width\":512,\"height\":512,\"caption\":\"Marie Claire\"},\"image\":{\"@id\":\"https:\\\/\\\/marieclaire.be\\\/nl\\\/#\\\/schema\\\/logo\\\/image\\\/\"},\"sameAs\":[\"https:\\\/\\\/www.facebook.com\\\/MarieClaireBelgie\\\/\",\"https:\\\/\\\/x.com\\\/MarieClaireBelg\",\"https:\\\/\\\/www.instagram.com\\\/marieclaire_belgie\\\/\",\"https:\\\/\\\/fr.pinterest.com\\\/marieclairebe\\\/\"]},{\"@type\":\"Person\",\"@id\":\"https:\\\/\\\/marieclaire.be\\\/nl\\\/#\\\/schema\\\/person\\\/4ab933d81eb9b47dce23c5b1a8ae276f\",\"name\":\"Vicky Dorny\",\"image\":{\"@type\":\"ImageObject\",\"inLanguage\":\"nl-BE\",\"@id\":\"https:\\\/\\\/marieclaire.be\\\/nl\\\/wp-content\\\/uploads\\\/2016\\\/11\\\/vicky-96x96.jpg\",\"url\":\"https:\\\/\\\/marieclaire.be\\\/nl\\\/wp-content\\\/uploads\\\/2016\\\/11\\\/vicky-96x96.jpg\",\"contentUrl\":\"https:\\\/\\\/marieclaire.be\\\/nl\\\/wp-content\\\/uploads\\\/2016\\\/11\\\/vicky-96x96.jpg\",\"caption\":\"Vicky Dorny\"},\"description\":\"Praat in memes, houdt van katten en neemt weinig zo serieus als goeie make-up. Atypische Antwerpenaar die durft toe te geven dat de stad eigenlijk \u00e9\u00e9n grote parking is.\",\"sameAs\":[\"https:\\\/\\\/www.instagram.com\\\/discometooblivion\\\/\",\"https:\\\/\\\/www.pinterest.com\\\/vickyoblivion\\\/\"],\"url\":\"https:\\\/\\\/marieclaire.be\\\/nl\\\/author\\\/vicky\\\/\"}]}<\/script>\n<!-- \/ Yoast SEO plugin. -->","yoast_head_json":{"title":"Getest: Beautytrend ombr\u00e9 lippen - Marie Claire","description":"Ombr\u00e9 lippen zijn het beauty statement du jour. We testten de twee-kleuren-in-\u00e9\u00e9n lipsticks van Benefit en Catrice die perfect op deze trend inspelen!","robots":{"index":"index","follow":"follow","max-snippet":"max-snippet:-1","max-image-preview":"max-image-preview:large","max-video-preview":"max-video-preview:-1"},"canonical":"https:\/\/marieclaire.be\/nl\/beautytrend-ombre-lippen\/","og_locale":"nl_BE","og_type":"article","og_title":"Getest: Beautytrend ombr\u00e9 lippen - Marie Claire","og_description":"Ombr\u00e9 lippen zijn het beauty statement du jour. We testten de twee-kleuren-in-\u00e9\u00e9n lipsticks van Benefit en Catrice die perfect op deze trend inspelen!","og_url":"https:\/\/marieclaire.be\/nl\/beautytrend-ombre-lippen\/","og_site_name":"Marie Claire","article_publisher":"https:\/\/www.facebook.com\/MarieClaireBelgie\/","article_published_time":"2017-02-11T09:00:23+00:00","article_modified_time":"2017-06-02T16:14:22+00:00","og_image":[{"width":690,"height":361,"url":"https:\/\/marieclaire.be\/nl\/wp-content\/uploads\/2017\/02\/ombre-lippen-lancome-benefit-catrice.jpg","type":"image\/jpeg"}],"author":"Vicky Dorny","twitter_card":"summary_large_image","twitter_creator":"@MarieClaireBelg","twitter_site":"@MarieClaireBelg","twitter_misc":{"Geschreven door":"Vicky Dorny","Geschatte leestijd":"2 minuten"},"schema":{"@context":"https:\/\/schema.org","@graph":[{"@type":"NewsArticle","@id":"https:\/\/marieclaire.be\/nl\/beautytrend-ombre-lippen\/#article","isPartOf":{"@id":"https:\/\/marieclaire.be\/nl\/beautytrend-ombre-lippen\/"},"author":{"name":"Vicky Dorny","@id":"https:\/\/marieclaire.be\/nl\/#\/schema\/person\/4ab933d81eb9b47dce23c5b1a8ae276f"},"headline":"Getest: Beautytrend ombr\u00e9 lippen","datePublished":"2017-02-11T09:00:23+00:00","dateModified":"2017-06-02T16:14:22+00:00","mainEntityOfPage":{"@id":"https:\/\/marieclaire.be\/nl\/beautytrend-ombre-lippen\/"},"wordCount":427,"publisher":{"@id":"https:\/\/marieclaire.be\/nl\/#organization"},"image":{"@id":"https:\/\/marieclaire.be\/nl\/beautytrend-ombre-lippen\/#primaryimage"},"thumbnailUrl":"https:\/\/marieclaire.be\/nl\/wp-content\/uploads\/2017\/02\/ombre-lippen-lancome-benefit-catrice.jpg","keywords":["Benefit","Catrice","Lanc\u00f4me","ombr\u00e9","ombr\u00e9 lippen"],"articleSection":["Beauty","Het beauty verdict"],"inLanguage":"nl-BE"},{"@type":"WebPage","@id":"https:\/\/marieclaire.be\/nl\/beautytrend-ombre-lippen\/","url":"https:\/\/marieclaire.be\/nl\/beautytrend-ombre-lippen\/","name":"Getest: Beautytrend ombr\u00e9 lippen - Marie Claire","isPartOf":{"@id":"https:\/\/marieclaire.be\/nl\/#website"},"primaryImageOfPage":{"@id":"https:\/\/marieclaire.be\/nl\/beautytrend-ombre-lippen\/#primaryimage"},"image":{"@id":"https:\/\/marieclaire.be\/nl\/beautytrend-ombre-lippen\/#primaryimage"},"thumbnailUrl":"https:\/\/marieclaire.be\/nl\/wp-content\/uploads\/2017\/02\/ombre-lippen-lancome-benefit-catrice.jpg","datePublished":"2017-02-11T09:00:23+00:00","dateModified":"2017-06-02T16:14:22+00:00","description":"Ombr\u00e9 lippen zijn het beauty statement du jour. We testten de twee-kleuren-in-\u00e9\u00e9n lipsticks van Benefit en Catrice die perfect op deze trend inspelen!","breadcrumb":{"@id":"https:\/\/marieclaire.be\/nl\/beautytrend-ombre-lippen\/#breadcrumb"},"inLanguage":"nl-BE","potentialAction":[{"@type":"ReadAction","target":["https:\/\/marieclaire.be\/nl\/beautytrend-ombre-lippen\/"]}]},{"@type":"ImageObject","inLanguage":"nl-BE","@id":"https:\/\/marieclaire.be\/nl\/beautytrend-ombre-lippen\/#primaryimage","url":"https:\/\/marieclaire.be\/nl\/wp-content\/uploads\/2017\/02\/ombre-lippen-lancome-benefit-catrice.jpg","contentUrl":"https:\/\/marieclaire.be\/nl\/wp-content\/uploads\/2017\/02\/ombre-lippen-lancome-benefit-catrice.jpg","width":690,"height":361},{"@type":"BreadcrumbList","@id":"https:\/\/marieclaire.be\/nl\/beautytrend-ombre-lippen\/#breadcrumb","itemListElement":[{"@type":"ListItem","position":1,"name":"Accueil","item":"https:\/\/marieclaire.be\/nl\/"},{"@type":"ListItem","position":2,"name":"Getest: Beautytrend ombr\u00e9 lippen"}]},{"@type":"WebSite","@id":"https:\/\/marieclaire.be\/nl\/#website","url":"https:\/\/marieclaire.be\/nl\/","name":"Marie Claire Belgie","description":"Marie Claire Belgie, de site voor de intelligente vrouw vol mode, beauty, lifestyle, hotspots en nieuwtjes. Think smart - look amazing.","publisher":{"@id":"https:\/\/marieclaire.be\/nl\/#organization"},"potentialAction":[{"@type":"SearchAction","target":{"@type":"EntryPoint","urlTemplate":"https:\/\/marieclaire.be\/nl\/?s={search_term_string}"},"query-input":{"@type":"PropertyValueSpecification","valueRequired":true,"valueName":"search_term_string"}}],"inLanguage":"nl-BE"},{"@type":"Organization","@id":"https:\/\/marieclaire.be\/nl\/#organization","name":"Marie Claire","url":"https:\/\/marieclaire.be\/nl\/","logo":{"@type":"ImageObject","inLanguage":"nl-BE","@id":"https:\/\/marieclaire.be\/nl\/#\/schema\/logo\/image\/","url":"https:\/\/marieclaire.be\/nl\/wp-content\/uploads\/2024\/12\/marieclaire-512.png","contentUrl":"https:\/\/marieclaire.be\/nl\/wp-content\/uploads\/2024\/12\/marieclaire-512.png","width":512,"height":512,"caption":"Marie Claire"},"image":{"@id":"https:\/\/marieclaire.be\/nl\/#\/schema\/logo\/image\/"},"sameAs":["https:\/\/www.facebook.com\/MarieClaireBelgie\/","https:\/\/x.com\/MarieClaireBelg","https:\/\/www.instagram.com\/marieclaire_belgie\/","https:\/\/fr.pinterest.com\/marieclairebe\/"]},{"@type":"Person","@id":"https:\/\/marieclaire.be\/nl\/#\/schema\/person\/4ab933d81eb9b47dce23c5b1a8ae276f","name":"Vicky Dorny","image":{"@type":"ImageObject","inLanguage":"nl-BE","@id":"https:\/\/marieclaire.be\/nl\/wp-content\/uploads\/2016\/11\/vicky-96x96.jpg","url":"https:\/\/marieclaire.be\/nl\/wp-content\/uploads\/2016\/11\/vicky-96x96.jpg","contentUrl":"https:\/\/marieclaire.be\/nl\/wp-content\/uploads\/2016\/11\/vicky-96x96.jpg","caption":"Vicky Dorny"},"description":"Praat in memes, houdt van katten en neemt weinig zo serieus als goeie make-up. Atypische Antwerpenaar die durft toe te geven dat de stad eigenlijk \u00e9\u00e9n grote parking is.","sameAs":["https:\/\/www.instagram.com\/discometooblivion\/","https:\/\/www.pinterest.com\/vickyoblivion\/"],"url":"https:\/\/marieclaire.be\/nl\/author\/vicky\/"}]}},"_links":{"self":[{"href":"https:\/\/marieclaire.be\/nl\/wp-json\/wp\/v2\/posts\/10751","targetHints":{"allow":["GET"]}}],"collection":[{"href":"https:\/\/marieclaire.be\/nl\/wp-json\/wp\/v2\/posts"}],"about":[{"href":"https:\/\/marieclaire.be\/nl\/wp-json\/wp\/v2\/types\/post"}],"author":[{"embeddable":true,"href":"https:\/\/marieclaire.be\/nl\/wp-json\/wp\/v2\/users\/22"}],"replies":[{"embeddable":true,"href":"https:\/\/marieclaire.be\/nl\/wp-json\/wp\/v2\/comments?post=10751"}],"version-history":[{"count":11,"href":"https:\/\/marieclaire.be\/nl\/wp-json\/wp\/v2\/posts\/10751\/revisions"}],"predecessor-version":[{"id":15859,"href":"https:\/\/marieclaire.be\/nl\/wp-json\/wp\/v2\/posts\/10751\/revisions\/15859"}],"wp:featuredmedia":[{"embeddable":true,"href":"https:\/\/marieclaire.be\/nl\/wp-json\/wp\/v2\/media\/10765"}],"wp:attachment":[{"href":"https:\/\/marieclaire.be\/nl\/wp-json\/wp\/v2\/media?parent=10751"}],"wp:term":[{"taxonomy":"category","embeddable":true,"href":"https:\/\/marieclaire.be\/nl\/wp-json\/wp\/v2\/categories?post=10751"},{"taxonomy":"post_tag","embeddable":true,"href":"https:\/\/marieclaire.be\/nl\/wp-json\/wp\/v2\/tags?post=10751"}],"curies":[{"name":"wp","href":"https:\/\/api.w.org\/{rel}","templated":true}]}}