{"id":96812,"date":"2020-10-11T10:32:44","date_gmt":"2020-10-11T08:32:44","guid":{"rendered":"https:\/\/marieclaire.be\/fr\/?p=96812"},"modified":"2020-10-13T12:15:37","modified_gmt":"2020-10-13T10:15:37","slug":"plan-international-belgique-petition-education-jeunes-filles","status":"publish","type":"post","link":"https:\/\/marieclaire.be\/fr\/plan-international-belgique-petition-education-jeunes-filles\/","title":{"rendered":"Journ\u00e9e internationale de la Fille : Plan International Belgique se mobilise pour l\u2019\u00e9ducation"},"content":{"rendered":"","protected":false},"excerpt":{"rendered":"Ce 8 octobre, l\u2019organisation Plan International a remis aux autorit\u00e9s f\u00e9d\u00e9rales une p\u00e9tition remplie par 5919 signataires. ...","protected":false},"author":8,"featured_media":96818,"comment_status":"closed","ping_status":"closed","sticky":false,"template":"","format":"standard","meta":{"_acf_changed":false,"footnotes":""},"categories":[1453],"tags":[1526,4888,4529,2468,4916],"class_list":["post-96812","post","type-post","status-publish","format-standard","has-post-thumbnail","hentry","category-enbref","tag-education","tag-fini-lecole","tag-petition","tag-plan-international","tag-plan-international-belgique"],"acf":[],"_yoast_wpseo_title":null,"_yoast_wpseo_metadesc":"Plan International Belgique a remis une p\u00e9tition au gouvernement pour l'inciter \u00e0 investir davantage dans l\u2019\u00e9ducation des jeunes filles.","image_verticale":"96817","yoast_head":"<!-- This site is optimized with the Yoast SEO plugin v27.3 - https:\/\/yoast.com\/product\/yoast-seo-wordpress\/ -->\n<title>Journ\u00e9e internationale de la Fille : Plan International Belgique se mobilise pour l\u2019\u00e9ducation - Marie Claire Belgique<\/title>\n<meta name=\"description\" content=\"Plan International Belgique a remis une p\u00e9tition au gouvernement pour l&#039;inciter \u00e0 investir davantage dans l\u2019\u00e9ducation des jeunes filles.\" \/>\n<meta name=\"robots\" content=\"index, follow, max-snippet:-1, max-image-preview:large, max-video-preview:-1\" \/>\n<link rel=\"canonical\" href=\"https:\/\/marieclaire.be\/fr\/plan-international-belgique-petition-education-jeunes-filles\/\" \/>\n<meta property=\"og:locale\" content=\"fr_FR\" \/>\n<meta property=\"og:type\" content=\"article\" \/>\n<meta property=\"og:title\" content=\"Journ\u00e9e internationale de la Fille : Plan International Belgique se mobilise pour l\u2019\u00e9ducation - Marie Claire Belgique\" \/>\n<meta property=\"og:description\" content=\"Plan International Belgique a remis une p\u00e9tition au gouvernement pour l&#039;inciter \u00e0 investir davantage dans l\u2019\u00e9ducation des jeunes filles.\" \/>\n<meta property=\"og:url\" content=\"https:\/\/marieclaire.be\/fr\/plan-international-belgique-petition-education-jeunes-filles\/\" \/>\n<meta property=\"og:site_name\" content=\"Marie Claire Belgique\" \/>\n<meta property=\"article:publisher\" content=\"https:\/\/www.facebook.com\/MarieClaire.Belgique\/\" \/>\n<meta property=\"article:published_time\" content=\"2020-10-11T08:32:44+00:00\" \/>\n<meta property=\"article:modified_time\" content=\"2020-10-13T10:15:37+00:00\" \/>\n<meta property=\"og:image\" content=\"https:\/\/marieclaire.be\/fr\/wp-content\/uploads\/2020\/10\/plan-international-horizontal.png\" \/>\n\t<meta property=\"og:image:width\" content=\"1280\" \/>\n\t<meta property=\"og:image:height\" content=\"670\" \/>\n\t<meta property=\"og:image:type\" content=\"image\/png\" \/>\n<meta name=\"author\" content=\"Marie Claire\" \/>\n<meta name=\"twitter:label1\" content=\"\u00c9crit par\" \/>\n\t<meta name=\"twitter:data1\" content=\"Marie Claire\" \/>\n\t<meta name=\"twitter:label2\" content=\"Dur\u00e9e de lecture estim\u00e9e\" \/>\n\t<meta name=\"twitter:data2\" content=\"2 minutes\" \/>\n<script type=\"application\/ld+json\" class=\"yoast-schema-graph\">{\"@context\":\"https:\\\/\\\/schema.org\",\"@graph\":[{\"@type\":\"NewsArticle\",\"@id\":\"https:\\\/\\\/marieclaire.be\\\/fr\\\/plan-international-belgique-petition-education-jeunes-filles\\\/#article\",\"isPartOf\":{\"@id\":\"https:\\\/\\\/marieclaire.be\\\/fr\\\/plan-international-belgique-petition-education-jeunes-filles\\\/\"},\"author\":{\"name\":\"Marie Claire\",\"@id\":\"https:\\\/\\\/marieclaire.be\\\/fr\\\/#\\\/schema\\\/person\\\/6a5bc4eb4707dbc5cb47d17804a85f8c\"},\"headline\":\"Journ\u00e9e internationale de la Fille : Plan International Belgique se mobilise pour l\u2019\u00e9ducation\",\"datePublished\":\"2020-10-11T08:32:44+00:00\",\"dateModified\":\"2020-10-13T10:15:37+00:00\",\"mainEntityOfPage\":{\"@id\":\"https:\\\/\\\/marieclaire.be\\\/fr\\\/plan-international-belgique-petition-education-jeunes-filles\\\/\"},\"wordCount\":493,\"publisher\":{\"@id\":\"https:\\\/\\\/marieclaire.be\\\/fr\\\/#organization\"},\"image\":{\"@id\":\"https:\\\/\\\/marieclaire.be\\\/fr\\\/plan-international-belgique-petition-education-jeunes-filles\\\/#primaryimage\"},\"thumbnailUrl\":\"https:\\\/\\\/marieclaire.be\\\/fr\\\/wp-content\\\/uploads\\\/2020\\\/10\\\/plan-international-horizontal.png\",\"keywords\":[\"\u00e9ducation\",\"Fini l'\u00e9cole\",\"p\u00e9tition\",\"Plan International\",\"plan international belgique\"],\"articleSection\":[\"En bref\"],\"inLanguage\":\"fr-FR\"},{\"@type\":\"WebPage\",\"@id\":\"https:\\\/\\\/marieclaire.be\\\/fr\\\/plan-international-belgique-petition-education-jeunes-filles\\\/\",\"url\":\"https:\\\/\\\/marieclaire.be\\\/fr\\\/plan-international-belgique-petition-education-jeunes-filles\\\/\",\"name\":\"Journ\u00e9e internationale de la Fille : Plan International Belgique se mobilise pour l\u2019\u00e9ducation - Marie Claire Belgique\",\"isPartOf\":{\"@id\":\"https:\\\/\\\/marieclaire.be\\\/fr\\\/#website\"},\"primaryImageOfPage\":{\"@id\":\"https:\\\/\\\/marieclaire.be\\\/fr\\\/plan-international-belgique-petition-education-jeunes-filles\\\/#primaryimage\"},\"image\":{\"@id\":\"https:\\\/\\\/marieclaire.be\\\/fr\\\/plan-international-belgique-petition-education-jeunes-filles\\\/#primaryimage\"},\"thumbnailUrl\":\"https:\\\/\\\/marieclaire.be\\\/fr\\\/wp-content\\\/uploads\\\/2020\\\/10\\\/plan-international-horizontal.png\",\"datePublished\":\"2020-10-11T08:32:44+00:00\",\"dateModified\":\"2020-10-13T10:15:37+00:00\",\"description\":\"Plan International Belgique a remis une p\u00e9tition au gouvernement pour l'inciter \u00e0 investir davantage dans l\u2019\u00e9ducation des jeunes filles.\",\"breadcrumb\":{\"@id\":\"https:\\\/\\\/marieclaire.be\\\/fr\\\/plan-international-belgique-petition-education-jeunes-filles\\\/#breadcrumb\"},\"inLanguage\":\"fr-FR\",\"potentialAction\":[{\"@type\":\"ReadAction\",\"target\":[\"https:\\\/\\\/marieclaire.be\\\/fr\\\/plan-international-belgique-petition-education-jeunes-filles\\\/\"]}]},{\"@type\":\"ImageObject\",\"inLanguage\":\"fr-FR\",\"@id\":\"https:\\\/\\\/marieclaire.be\\\/fr\\\/plan-international-belgique-petition-education-jeunes-filles\\\/#primaryimage\",\"url\":\"https:\\\/\\\/marieclaire.be\\\/fr\\\/wp-content\\\/uploads\\\/2020\\\/10\\\/plan-international-horizontal.png\",\"contentUrl\":\"https:\\\/\\\/marieclaire.be\\\/fr\\\/wp-content\\\/uploads\\\/2020\\\/10\\\/plan-international-horizontal.png\",\"width\":1280,\"height\":670,\"caption\":\"Presse\"},{\"@type\":\"BreadcrumbList\",\"@id\":\"https:\\\/\\\/marieclaire.be\\\/fr\\\/plan-international-belgique-petition-education-jeunes-filles\\\/#breadcrumb\",\"itemListElement\":[{\"@type\":\"ListItem\",\"position\":1,\"name\":\"Accueil\",\"item\":\"https:\\\/\\\/marieclaire.be\\\/fr\\\/\"},{\"@type\":\"ListItem\",\"position\":2,\"name\":\"Journ\u00e9e internationale de la Fille : Plan International Belgique se mobilise pour l\u2019\u00e9ducation\"}]},{\"@type\":\"WebSite\",\"@id\":\"https:\\\/\\\/marieclaire.be\\\/fr\\\/#website\",\"url\":\"https:\\\/\\\/marieclaire.be\\\/fr\\\/\",\"name\":\"Marie Claire Belgique\",\"description\":\"Marie Claire Belgique, le magazine du style et de l\u2019intelligence qui parle de mode, des tendances, de la beaut\u00e9, de l\u2019actualit\u00e9 et de la culture\",\"publisher\":{\"@id\":\"https:\\\/\\\/marieclaire.be\\\/fr\\\/#organization\"},\"potentialAction\":[{\"@type\":\"SearchAction\",\"target\":{\"@type\":\"EntryPoint\",\"urlTemplate\":\"https:\\\/\\\/marieclaire.be\\\/fr\\\/?s={search_term_string}\"},\"query-input\":{\"@type\":\"PropertyValueSpecification\",\"valueRequired\":true,\"valueName\":\"search_term_string\"}}],\"inLanguage\":\"fr-FR\"},{\"@type\":\"Organization\",\"@id\":\"https:\\\/\\\/marieclaire.be\\\/fr\\\/#organization\",\"name\":\"Marie Claire\",\"url\":\"https:\\\/\\\/marieclaire.be\\\/fr\\\/\",\"logo\":{\"@type\":\"ImageObject\",\"inLanguage\":\"fr-FR\",\"@id\":\"https:\\\/\\\/marieclaire.be\\\/fr\\\/#\\\/schema\\\/logo\\\/image\\\/\",\"url\":\"https:\\\/\\\/marieclaire.be\\\/fr\\\/wp-content\\\/uploads\\\/2018\\\/05\\\/mc-logo2.png\",\"contentUrl\":\"https:\\\/\\\/marieclaire.be\\\/fr\\\/wp-content\\\/uploads\\\/2018\\\/05\\\/mc-logo2.png\",\"width\":1001,\"height\":189,\"caption\":\"Marie Claire\"},\"image\":{\"@id\":\"https:\\\/\\\/marieclaire.be\\\/fr\\\/#\\\/schema\\\/logo\\\/image\\\/\"},\"sameAs\":[\"https:\\\/\\\/www.facebook.com\\\/MarieClaire.Belgique\\\/\",\"https:\\\/\\\/www.instagram.com\\\/marieclaire_belgique\\\/\",\"https:\\\/\\\/fr.pinterest.com\\\/marieclairebe\\\/\",\"https:\\\/\\\/www.youtube.com\\\/user\\\/BelgiumMarieClaire\"]},{\"@type\":\"Person\",\"@id\":\"https:\\\/\\\/marieclaire.be\\\/fr\\\/#\\\/schema\\\/person\\\/6a5bc4eb4707dbc5cb47d17804a85f8c\",\"name\":\"Marie Claire\",\"image\":{\"@type\":\"ImageObject\",\"inLanguage\":\"fr-FR\",\"@id\":\"https:\\\/\\\/marieclaire.be\\\/fr\\\/wp-content\\\/uploads\\\/2016\\\/11\\\/mclogo-96x96.jpg\",\"url\":\"https:\\\/\\\/marieclaire.be\\\/fr\\\/wp-content\\\/uploads\\\/2016\\\/11\\\/mclogo-96x96.jpg\",\"contentUrl\":\"https:\\\/\\\/marieclaire.be\\\/fr\\\/wp-content\\\/uploads\\\/2016\\\/11\\\/mclogo-96x96.jpg\",\"caption\":\"Marie Claire\"},\"url\":\"https:\\\/\\\/marieclaire.be\\\/fr\\\/author\\\/stagiaire\\\/\"}]}<\/script>\n<!-- \/ Yoast SEO plugin. -->","yoast_head_json":{"title":"Journ\u00e9e internationale de la Fille : Plan International Belgique se mobilise pour l\u2019\u00e9ducation - Marie Claire Belgique","description":"Plan International Belgique a remis une p\u00e9tition au gouvernement pour l'inciter \u00e0 investir davantage dans l\u2019\u00e9ducation des jeunes filles.","robots":{"index":"index","follow":"follow","max-snippet":"max-snippet:-1","max-image-preview":"max-image-preview:large","max-video-preview":"max-video-preview:-1"},"canonical":"https:\/\/marieclaire.be\/fr\/plan-international-belgique-petition-education-jeunes-filles\/","og_locale":"fr_FR","og_type":"article","og_title":"Journ\u00e9e internationale de la Fille : Plan International Belgique se mobilise pour l\u2019\u00e9ducation - Marie Claire Belgique","og_description":"Plan International Belgique a remis une p\u00e9tition au gouvernement pour l'inciter \u00e0 investir davantage dans l\u2019\u00e9ducation des jeunes filles.","og_url":"https:\/\/marieclaire.be\/fr\/plan-international-belgique-petition-education-jeunes-filles\/","og_site_name":"Marie Claire Belgique","article_publisher":"https:\/\/www.facebook.com\/MarieClaire.Belgique\/","article_published_time":"2020-10-11T08:32:44+00:00","article_modified_time":"2020-10-13T10:15:37+00:00","og_image":[{"width":1280,"height":670,"url":"https:\/\/marieclaire.be\/fr\/wp-content\/uploads\/2020\/10\/plan-international-horizontal.png","type":"image\/png"}],"author":"Marie Claire","twitter_misc":{"\u00c9crit par":"Marie Claire","Dur\u00e9e de lecture estim\u00e9e":"2 minutes"},"schema":{"@context":"https:\/\/schema.org","@graph":[{"@type":"NewsArticle","@id":"https:\/\/marieclaire.be\/fr\/plan-international-belgique-petition-education-jeunes-filles\/#article","isPartOf":{"@id":"https:\/\/marieclaire.be\/fr\/plan-international-belgique-petition-education-jeunes-filles\/"},"author":{"name":"Marie Claire","@id":"https:\/\/marieclaire.be\/fr\/#\/schema\/person\/6a5bc4eb4707dbc5cb47d17804a85f8c"},"headline":"Journ\u00e9e internationale de la Fille : Plan International Belgique se mobilise pour l\u2019\u00e9ducation","datePublished":"2020-10-11T08:32:44+00:00","dateModified":"2020-10-13T10:15:37+00:00","mainEntityOfPage":{"@id":"https:\/\/marieclaire.be\/fr\/plan-international-belgique-petition-education-jeunes-filles\/"},"wordCount":493,"publisher":{"@id":"https:\/\/marieclaire.be\/fr\/#organization"},"image":{"@id":"https:\/\/marieclaire.be\/fr\/plan-international-belgique-petition-education-jeunes-filles\/#primaryimage"},"thumbnailUrl":"https:\/\/marieclaire.be\/fr\/wp-content\/uploads\/2020\/10\/plan-international-horizontal.png","keywords":["\u00e9ducation","Fini l'\u00e9cole","p\u00e9tition","Plan International","plan international belgique"],"articleSection":["En bref"],"inLanguage":"fr-FR"},{"@type":"WebPage","@id":"https:\/\/marieclaire.be\/fr\/plan-international-belgique-petition-education-jeunes-filles\/","url":"https:\/\/marieclaire.be\/fr\/plan-international-belgique-petition-education-jeunes-filles\/","name":"Journ\u00e9e internationale de la Fille : Plan International Belgique se mobilise pour l\u2019\u00e9ducation - Marie Claire Belgique","isPartOf":{"@id":"https:\/\/marieclaire.be\/fr\/#website"},"primaryImageOfPage":{"@id":"https:\/\/marieclaire.be\/fr\/plan-international-belgique-petition-education-jeunes-filles\/#primaryimage"},"image":{"@id":"https:\/\/marieclaire.be\/fr\/plan-international-belgique-petition-education-jeunes-filles\/#primaryimage"},"thumbnailUrl":"https:\/\/marieclaire.be\/fr\/wp-content\/uploads\/2020\/10\/plan-international-horizontal.png","datePublished":"2020-10-11T08:32:44+00:00","dateModified":"2020-10-13T10:15:37+00:00","description":"Plan International Belgique a remis une p\u00e9tition au gouvernement pour l'inciter \u00e0 investir davantage dans l\u2019\u00e9ducation des jeunes filles.","breadcrumb":{"@id":"https:\/\/marieclaire.be\/fr\/plan-international-belgique-petition-education-jeunes-filles\/#breadcrumb"},"inLanguage":"fr-FR","potentialAction":[{"@type":"ReadAction","target":["https:\/\/marieclaire.be\/fr\/plan-international-belgique-petition-education-jeunes-filles\/"]}]},{"@type":"ImageObject","inLanguage":"fr-FR","@id":"https:\/\/marieclaire.be\/fr\/plan-international-belgique-petition-education-jeunes-filles\/#primaryimage","url":"https:\/\/marieclaire.be\/fr\/wp-content\/uploads\/2020\/10\/plan-international-horizontal.png","contentUrl":"https:\/\/marieclaire.be\/fr\/wp-content\/uploads\/2020\/10\/plan-international-horizontal.png","width":1280,"height":670,"caption":"Presse"},{"@type":"BreadcrumbList","@id":"https:\/\/marieclaire.be\/fr\/plan-international-belgique-petition-education-jeunes-filles\/#breadcrumb","itemListElement":[{"@type":"ListItem","position":1,"name":"Accueil","item":"https:\/\/marieclaire.be\/fr\/"},{"@type":"ListItem","position":2,"name":"Journ\u00e9e internationale de la Fille : Plan International Belgique se mobilise pour l\u2019\u00e9ducation"}]},{"@type":"WebSite","@id":"https:\/\/marieclaire.be\/fr\/#website","url":"https:\/\/marieclaire.be\/fr\/","name":"Marie Claire Belgique","description":"Marie Claire Belgique, le magazine du style et de l\u2019intelligence qui parle de mode, des tendances, de la beaut\u00e9, de l\u2019actualit\u00e9 et de la culture","publisher":{"@id":"https:\/\/marieclaire.be\/fr\/#organization"},"potentialAction":[{"@type":"SearchAction","target":{"@type":"EntryPoint","urlTemplate":"https:\/\/marieclaire.be\/fr\/?s={search_term_string}"},"query-input":{"@type":"PropertyValueSpecification","valueRequired":true,"valueName":"search_term_string"}}],"inLanguage":"fr-FR"},{"@type":"Organization","@id":"https:\/\/marieclaire.be\/fr\/#organization","name":"Marie Claire","url":"https:\/\/marieclaire.be\/fr\/","logo":{"@type":"ImageObject","inLanguage":"fr-FR","@id":"https:\/\/marieclaire.be\/fr\/#\/schema\/logo\/image\/","url":"https:\/\/marieclaire.be\/fr\/wp-content\/uploads\/2018\/05\/mc-logo2.png","contentUrl":"https:\/\/marieclaire.be\/fr\/wp-content\/uploads\/2018\/05\/mc-logo2.png","width":1001,"height":189,"caption":"Marie Claire"},"image":{"@id":"https:\/\/marieclaire.be\/fr\/#\/schema\/logo\/image\/"},"sameAs":["https:\/\/www.facebook.com\/MarieClaire.Belgique\/","https:\/\/www.instagram.com\/marieclaire_belgique\/","https:\/\/fr.pinterest.com\/marieclairebe\/","https:\/\/www.youtube.com\/user\/BelgiumMarieClaire"]},{"@type":"Person","@id":"https:\/\/marieclaire.be\/fr\/#\/schema\/person\/6a5bc4eb4707dbc5cb47d17804a85f8c","name":"Marie Claire","image":{"@type":"ImageObject","inLanguage":"fr-FR","@id":"https:\/\/marieclaire.be\/fr\/wp-content\/uploads\/2016\/11\/mclogo-96x96.jpg","url":"https:\/\/marieclaire.be\/fr\/wp-content\/uploads\/2016\/11\/mclogo-96x96.jpg","contentUrl":"https:\/\/marieclaire.be\/fr\/wp-content\/uploads\/2016\/11\/mclogo-96x96.jpg","caption":"Marie Claire"},"url":"https:\/\/marieclaire.be\/fr\/author\/stagiaire\/"}]}},"_links":{"self":[{"href":"https:\/\/marieclaire.be\/fr\/wp-json\/wp\/v2\/posts\/96812","targetHints":{"allow":["GET"]}}],"collection":[{"href":"https:\/\/marieclaire.be\/fr\/wp-json\/wp\/v2\/posts"}],"about":[{"href":"https:\/\/marieclaire.be\/fr\/wp-json\/wp\/v2\/types\/post"}],"author":[{"embeddable":true,"href":"https:\/\/marieclaire.be\/fr\/wp-json\/wp\/v2\/users\/8"}],"replies":[{"embeddable":true,"href":"https:\/\/marieclaire.be\/fr\/wp-json\/wp\/v2\/comments?post=96812"}],"version-history":[{"count":19,"href":"https:\/\/marieclaire.be\/fr\/wp-json\/wp\/v2\/posts\/96812\/revisions"}],"predecessor-version":[{"id":96919,"href":"https:\/\/marieclaire.be\/fr\/wp-json\/wp\/v2\/posts\/96812\/revisions\/96919"}],"wp:featuredmedia":[{"embeddable":true,"href":"https:\/\/marieclaire.be\/fr\/wp-json\/wp\/v2\/media\/96818"}],"wp:attachment":[{"href":"https:\/\/marieclaire.be\/fr\/wp-json\/wp\/v2\/media?parent=96812"}],"wp:term":[{"taxonomy":"category","embeddable":true,"href":"https:\/\/marieclaire.be\/fr\/wp-json\/wp\/v2\/categories?post=96812"},{"taxonomy":"post_tag","embeddable":true,"href":"https:\/\/marieclaire.be\/fr\/wp-json\/wp\/v2\/tags?post=96812"}],"curies":[{"name":"wp","href":"https:\/\/api.w.org\/{rel}","templated":true}]}}