{"id":96309,"date":"2020-09-25T11:00:00","date_gmt":"2020-09-25T09:00:00","guid":{"rendered":"https:\/\/marieclaire.be\/fr\/?p=96309"},"modified":"2020-11-09T09:18:09","modified_gmt":"2020-11-09T08:18:09","slug":"collaboration-kenzo-wwf","status":"publish","type":"post","link":"https:\/\/marieclaire.be\/fr\/collaboration-kenzo-wwf\/","title":{"rendered":"Editor&#8217;s Pick : la collaboration eco-friendly de Kenzo et WWF"},"content":{"rendered":"","protected":false},"excerpt":{"rendered":"Figure embl\u00e9matique de la marque, le tigre symbolise les principes fondateurs de Kenzo : une \u00e9nergie intense, la nature comme terrain de jeu et un esprit sauvage.","protected":false},"author":8,"featured_media":96311,"comment_status":"closed","ping_status":"closed","sticky":false,"template":"","format":"standard","meta":{"_acf_changed":false,"footnotes":""},"categories":[4733],"tags":[104,4903,2503],"class_list":["post-96309","post","type-post","status-publish","format-standard","has-post-thumbnail","hentry","category-crush-of-the-day","tag-kenzo","tag-tigres","tag-wwf"],"acf":[],"_yoast_wpseo_title":null,"_yoast_wpseo_metadesc":"Le temps d'une collection capsule \u00e9thique et engag\u00e9e, Kenzo et WWF s'associent avec un objectif commun: la protection des tigres sauvages.","image_verticale":"96338","yoast_head":"<!-- This site is optimized with the Yoast SEO plugin v27.3 - https:\/\/yoast.com\/product\/yoast-seo-wordpress\/ -->\n<title>Editor&#039;s Pick : la collaboration eco-friendly de Kenzo et WWF - Marie Claire Belgique<\/title>\n<meta name=\"description\" content=\"Le temps d&#039;une collection capsule \u00e9thique et engag\u00e9e, Kenzo et WWF s&#039;associent avec un objectif commun: la protection des tigres sauvages.\" \/>\n<meta name=\"robots\" content=\"index, follow, max-snippet:-1, max-image-preview:large, max-video-preview:-1\" \/>\n<link rel=\"canonical\" href=\"https:\/\/marieclaire.be\/fr\/collaboration-kenzo-wwf\/\" \/>\n<link rel=\"next\" href=\"https:\/\/marieclaire.be\/fr\/collaboration-kenzo-wwf\/2\/\" \/>\n<meta property=\"og:locale\" content=\"fr_FR\" \/>\n<meta property=\"og:type\" content=\"article\" \/>\n<meta property=\"og:title\" content=\"Editor&#039;s Pick : la collaboration eco-friendly de Kenzo et WWF - Marie Claire Belgique\" \/>\n<meta property=\"og:description\" content=\"Le temps d&#039;une collection capsule \u00e9thique et engag\u00e9e, Kenzo et WWF s&#039;associent avec un objectif commun: la protection des tigres sauvages.\" \/>\n<meta property=\"og:url\" content=\"https:\/\/marieclaire.be\/fr\/collaboration-kenzo-wwf\/\" \/>\n<meta property=\"og:site_name\" content=\"Marie Claire Belgique\" \/>\n<meta property=\"article:publisher\" content=\"https:\/\/www.facebook.com\/MarieClaire.Belgique\/\" \/>\n<meta property=\"article:published_time\" content=\"2020-09-25T09:00:00+00:00\" \/>\n<meta property=\"article:modified_time\" content=\"2020-11-09T08:18:09+00:00\" \/>\n<meta property=\"og:image\" content=\"https:\/\/marieclaire.be\/fr\/wp-content\/uploads\/2020\/09\/marie_claire_kenzoxwwf.png\" \/>\n\t<meta property=\"og:image:width\" content=\"1280\" \/>\n\t<meta property=\"og:image:height\" content=\"670\" \/>\n\t<meta property=\"og:image:type\" content=\"image\/png\" \/>\n<meta name=\"author\" content=\"Marie Claire\" \/>\n<meta name=\"twitter:label1\" content=\"\u00c9crit par\" \/>\n\t<meta name=\"twitter:data1\" content=\"Marie Claire\" \/>\n\t<meta name=\"twitter:label2\" content=\"Dur\u00e9e de lecture estim\u00e9e\" \/>\n\t<meta name=\"twitter:data2\" content=\"3 minutes\" \/>\n<script type=\"application\/ld+json\" class=\"yoast-schema-graph\">{\"@context\":\"https:\\\/\\\/schema.org\",\"@graph\":[{\"@type\":\"NewsArticle\",\"@id\":\"https:\\\/\\\/marieclaire.be\\\/fr\\\/collaboration-kenzo-wwf\\\/#article\",\"isPartOf\":{\"@id\":\"https:\\\/\\\/marieclaire.be\\\/fr\\\/collaboration-kenzo-wwf\\\/\"},\"author\":{\"name\":\"Marie Claire\",\"@id\":\"https:\\\/\\\/marieclaire.be\\\/fr\\\/#\\\/schema\\\/person\\\/6a5bc4eb4707dbc5cb47d17804a85f8c\"},\"headline\":\"Editor&#8217;s Pick : la collaboration eco-friendly de Kenzo et WWF\",\"datePublished\":\"2020-09-25T09:00:00+00:00\",\"dateModified\":\"2020-11-09T08:18:09+00:00\",\"mainEntityOfPage\":{\"@id\":\"https:\\\/\\\/marieclaire.be\\\/fr\\\/collaboration-kenzo-wwf\\\/\"},\"wordCount\":512,\"publisher\":{\"@id\":\"https:\\\/\\\/marieclaire.be\\\/fr\\\/#organization\"},\"image\":{\"@id\":\"https:\\\/\\\/marieclaire.be\\\/fr\\\/collaboration-kenzo-wwf\\\/#primaryimage\"},\"thumbnailUrl\":\"https:\\\/\\\/marieclaire.be\\\/fr\\\/wp-content\\\/uploads\\\/2020\\\/09\\\/marie_claire_kenzoxwwf.png\",\"keywords\":[\"kenzo\",\"tigres\",\"WWF\"],\"articleSection\":[\"Editor's Pick\"],\"inLanguage\":\"fr-FR\"},{\"@type\":\"WebPage\",\"@id\":\"https:\\\/\\\/marieclaire.be\\\/fr\\\/collaboration-kenzo-wwf\\\/\",\"url\":\"https:\\\/\\\/marieclaire.be\\\/fr\\\/collaboration-kenzo-wwf\\\/\",\"name\":\"Editor's Pick : la collaboration eco-friendly de Kenzo et WWF - Marie Claire Belgique\",\"isPartOf\":{\"@id\":\"https:\\\/\\\/marieclaire.be\\\/fr\\\/#website\"},\"primaryImageOfPage\":{\"@id\":\"https:\\\/\\\/marieclaire.be\\\/fr\\\/collaboration-kenzo-wwf\\\/#primaryimage\"},\"image\":{\"@id\":\"https:\\\/\\\/marieclaire.be\\\/fr\\\/collaboration-kenzo-wwf\\\/#primaryimage\"},\"thumbnailUrl\":\"https:\\\/\\\/marieclaire.be\\\/fr\\\/wp-content\\\/uploads\\\/2020\\\/09\\\/marie_claire_kenzoxwwf.png\",\"datePublished\":\"2020-09-25T09:00:00+00:00\",\"dateModified\":\"2020-11-09T08:18:09+00:00\",\"description\":\"Le temps d'une collection capsule \u00e9thique et engag\u00e9e, Kenzo et WWF s'associent avec un objectif commun: la protection des tigres sauvages.\",\"inLanguage\":\"fr-FR\",\"potentialAction\":[{\"@type\":\"ReadAction\",\"target\":[\"https:\\\/\\\/marieclaire.be\\\/fr\\\/collaboration-kenzo-wwf\\\/\"]}]},{\"@type\":\"ImageObject\",\"inLanguage\":\"fr-FR\",\"@id\":\"https:\\\/\\\/marieclaire.be\\\/fr\\\/collaboration-kenzo-wwf\\\/#primaryimage\",\"url\":\"https:\\\/\\\/marieclaire.be\\\/fr\\\/wp-content\\\/uploads\\\/2020\\\/09\\\/marie_claire_kenzoxwwf.png\",\"contentUrl\":\"https:\\\/\\\/marieclaire.be\\\/fr\\\/wp-content\\\/uploads\\\/2020\\\/09\\\/marie_claire_kenzoxwwf.png\",\"width\":1280,\"height\":670,\"caption\":\"Presse\"},{\"@type\":\"WebSite\",\"@id\":\"https:\\\/\\\/marieclaire.be\\\/fr\\\/#website\",\"url\":\"https:\\\/\\\/marieclaire.be\\\/fr\\\/\",\"name\":\"Marie Claire Belgique\",\"description\":\"Marie Claire Belgique, le magazine du style et de l\u2019intelligence qui parle de mode, des tendances, de la beaut\u00e9, de l\u2019actualit\u00e9 et de la culture\",\"publisher\":{\"@id\":\"https:\\\/\\\/marieclaire.be\\\/fr\\\/#organization\"},\"potentialAction\":[{\"@type\":\"SearchAction\",\"target\":{\"@type\":\"EntryPoint\",\"urlTemplate\":\"https:\\\/\\\/marieclaire.be\\\/fr\\\/?s={search_term_string}\"},\"query-input\":{\"@type\":\"PropertyValueSpecification\",\"valueRequired\":true,\"valueName\":\"search_term_string\"}}],\"inLanguage\":\"fr-FR\"},{\"@type\":\"Organization\",\"@id\":\"https:\\\/\\\/marieclaire.be\\\/fr\\\/#organization\",\"name\":\"Marie Claire\",\"url\":\"https:\\\/\\\/marieclaire.be\\\/fr\\\/\",\"logo\":{\"@type\":\"ImageObject\",\"inLanguage\":\"fr-FR\",\"@id\":\"https:\\\/\\\/marieclaire.be\\\/fr\\\/#\\\/schema\\\/logo\\\/image\\\/\",\"url\":\"https:\\\/\\\/marieclaire.be\\\/fr\\\/wp-content\\\/uploads\\\/2018\\\/05\\\/mc-logo2.png\",\"contentUrl\":\"https:\\\/\\\/marieclaire.be\\\/fr\\\/wp-content\\\/uploads\\\/2018\\\/05\\\/mc-logo2.png\",\"width\":1001,\"height\":189,\"caption\":\"Marie Claire\"},\"image\":{\"@id\":\"https:\\\/\\\/marieclaire.be\\\/fr\\\/#\\\/schema\\\/logo\\\/image\\\/\"},\"sameAs\":[\"https:\\\/\\\/www.facebook.com\\\/MarieClaire.Belgique\\\/\",\"https:\\\/\\\/www.instagram.com\\\/marieclaire_belgique\\\/\",\"https:\\\/\\\/fr.pinterest.com\\\/marieclairebe\\\/\",\"https:\\\/\\\/www.youtube.com\\\/user\\\/BelgiumMarieClaire\"]},{\"@type\":\"Person\",\"@id\":\"https:\\\/\\\/marieclaire.be\\\/fr\\\/#\\\/schema\\\/person\\\/6a5bc4eb4707dbc5cb47d17804a85f8c\",\"name\":\"Marie Claire\",\"image\":{\"@type\":\"ImageObject\",\"inLanguage\":\"fr-FR\",\"@id\":\"https:\\\/\\\/marieclaire.be\\\/fr\\\/wp-content\\\/uploads\\\/2016\\\/11\\\/mclogo-96x96.jpg\",\"url\":\"https:\\\/\\\/marieclaire.be\\\/fr\\\/wp-content\\\/uploads\\\/2016\\\/11\\\/mclogo-96x96.jpg\",\"contentUrl\":\"https:\\\/\\\/marieclaire.be\\\/fr\\\/wp-content\\\/uploads\\\/2016\\\/11\\\/mclogo-96x96.jpg\",\"caption\":\"Marie Claire\"},\"url\":\"https:\\\/\\\/marieclaire.be\\\/fr\\\/author\\\/stagiaire\\\/\"}]}<\/script>\n<!-- \/ Yoast SEO plugin. -->","yoast_head_json":{"title":"Editor's Pick : la collaboration eco-friendly de Kenzo et WWF - Marie Claire Belgique","description":"Le temps d'une collection capsule \u00e9thique et engag\u00e9e, Kenzo et WWF s'associent avec un objectif commun: la protection des tigres sauvages.","robots":{"index":"index","follow":"follow","max-snippet":"max-snippet:-1","max-image-preview":"max-image-preview:large","max-video-preview":"max-video-preview:-1"},"canonical":"https:\/\/marieclaire.be\/fr\/collaboration-kenzo-wwf\/","next":"https:\/\/marieclaire.be\/fr\/collaboration-kenzo-wwf\/2\/","og_locale":"fr_FR","og_type":"article","og_title":"Editor's Pick : la collaboration eco-friendly de Kenzo et WWF - Marie Claire Belgique","og_description":"Le temps d'une collection capsule \u00e9thique et engag\u00e9e, Kenzo et WWF s'associent avec un objectif commun: la protection des tigres sauvages.","og_url":"https:\/\/marieclaire.be\/fr\/collaboration-kenzo-wwf\/","og_site_name":"Marie Claire Belgique","article_publisher":"https:\/\/www.facebook.com\/MarieClaire.Belgique\/","article_published_time":"2020-09-25T09:00:00+00:00","article_modified_time":"2020-11-09T08:18:09+00:00","og_image":[{"width":1280,"height":670,"url":"https:\/\/marieclaire.be\/fr\/wp-content\/uploads\/2020\/09\/marie_claire_kenzoxwwf.png","type":"image\/png"}],"author":"Marie Claire","twitter_misc":{"\u00c9crit par":"Marie Claire","Dur\u00e9e de lecture estim\u00e9e":"3 minutes"},"schema":{"@context":"https:\/\/schema.org","@graph":[{"@type":"NewsArticle","@id":"https:\/\/marieclaire.be\/fr\/collaboration-kenzo-wwf\/#article","isPartOf":{"@id":"https:\/\/marieclaire.be\/fr\/collaboration-kenzo-wwf\/"},"author":{"name":"Marie Claire","@id":"https:\/\/marieclaire.be\/fr\/#\/schema\/person\/6a5bc4eb4707dbc5cb47d17804a85f8c"},"headline":"Editor&#8217;s Pick : la collaboration eco-friendly de Kenzo et WWF","datePublished":"2020-09-25T09:00:00+00:00","dateModified":"2020-11-09T08:18:09+00:00","mainEntityOfPage":{"@id":"https:\/\/marieclaire.be\/fr\/collaboration-kenzo-wwf\/"},"wordCount":512,"publisher":{"@id":"https:\/\/marieclaire.be\/fr\/#organization"},"image":{"@id":"https:\/\/marieclaire.be\/fr\/collaboration-kenzo-wwf\/#primaryimage"},"thumbnailUrl":"https:\/\/marieclaire.be\/fr\/wp-content\/uploads\/2020\/09\/marie_claire_kenzoxwwf.png","keywords":["kenzo","tigres","WWF"],"articleSection":["Editor's Pick"],"inLanguage":"fr-FR"},{"@type":"WebPage","@id":"https:\/\/marieclaire.be\/fr\/collaboration-kenzo-wwf\/","url":"https:\/\/marieclaire.be\/fr\/collaboration-kenzo-wwf\/","name":"Editor's Pick : la collaboration eco-friendly de Kenzo et WWF - Marie Claire Belgique","isPartOf":{"@id":"https:\/\/marieclaire.be\/fr\/#website"},"primaryImageOfPage":{"@id":"https:\/\/marieclaire.be\/fr\/collaboration-kenzo-wwf\/#primaryimage"},"image":{"@id":"https:\/\/marieclaire.be\/fr\/collaboration-kenzo-wwf\/#primaryimage"},"thumbnailUrl":"https:\/\/marieclaire.be\/fr\/wp-content\/uploads\/2020\/09\/marie_claire_kenzoxwwf.png","datePublished":"2020-09-25T09:00:00+00:00","dateModified":"2020-11-09T08:18:09+00:00","description":"Le temps d'une collection capsule \u00e9thique et engag\u00e9e, Kenzo et WWF s'associent avec un objectif commun: la protection des tigres sauvages.","inLanguage":"fr-FR","potentialAction":[{"@type":"ReadAction","target":["https:\/\/marieclaire.be\/fr\/collaboration-kenzo-wwf\/"]}]},{"@type":"ImageObject","inLanguage":"fr-FR","@id":"https:\/\/marieclaire.be\/fr\/collaboration-kenzo-wwf\/#primaryimage","url":"https:\/\/marieclaire.be\/fr\/wp-content\/uploads\/2020\/09\/marie_claire_kenzoxwwf.png","contentUrl":"https:\/\/marieclaire.be\/fr\/wp-content\/uploads\/2020\/09\/marie_claire_kenzoxwwf.png","width":1280,"height":670,"caption":"Presse"},{"@type":"WebSite","@id":"https:\/\/marieclaire.be\/fr\/#website","url":"https:\/\/marieclaire.be\/fr\/","name":"Marie Claire Belgique","description":"Marie Claire Belgique, le magazine du style et de l\u2019intelligence qui parle de mode, des tendances, de la beaut\u00e9, de l\u2019actualit\u00e9 et de la culture","publisher":{"@id":"https:\/\/marieclaire.be\/fr\/#organization"},"potentialAction":[{"@type":"SearchAction","target":{"@type":"EntryPoint","urlTemplate":"https:\/\/marieclaire.be\/fr\/?s={search_term_string}"},"query-input":{"@type":"PropertyValueSpecification","valueRequired":true,"valueName":"search_term_string"}}],"inLanguage":"fr-FR"},{"@type":"Organization","@id":"https:\/\/marieclaire.be\/fr\/#organization","name":"Marie Claire","url":"https:\/\/marieclaire.be\/fr\/","logo":{"@type":"ImageObject","inLanguage":"fr-FR","@id":"https:\/\/marieclaire.be\/fr\/#\/schema\/logo\/image\/","url":"https:\/\/marieclaire.be\/fr\/wp-content\/uploads\/2018\/05\/mc-logo2.png","contentUrl":"https:\/\/marieclaire.be\/fr\/wp-content\/uploads\/2018\/05\/mc-logo2.png","width":1001,"height":189,"caption":"Marie Claire"},"image":{"@id":"https:\/\/marieclaire.be\/fr\/#\/schema\/logo\/image\/"},"sameAs":["https:\/\/www.facebook.com\/MarieClaire.Belgique\/","https:\/\/www.instagram.com\/marieclaire_belgique\/","https:\/\/fr.pinterest.com\/marieclairebe\/","https:\/\/www.youtube.com\/user\/BelgiumMarieClaire"]},{"@type":"Person","@id":"https:\/\/marieclaire.be\/fr\/#\/schema\/person\/6a5bc4eb4707dbc5cb47d17804a85f8c","name":"Marie Claire","image":{"@type":"ImageObject","inLanguage":"fr-FR","@id":"https:\/\/marieclaire.be\/fr\/wp-content\/uploads\/2016\/11\/mclogo-96x96.jpg","url":"https:\/\/marieclaire.be\/fr\/wp-content\/uploads\/2016\/11\/mclogo-96x96.jpg","contentUrl":"https:\/\/marieclaire.be\/fr\/wp-content\/uploads\/2016\/11\/mclogo-96x96.jpg","caption":"Marie Claire"},"url":"https:\/\/marieclaire.be\/fr\/author\/stagiaire\/"}]}},"_links":{"self":[{"href":"https:\/\/marieclaire.be\/fr\/wp-json\/wp\/v2\/posts\/96309","targetHints":{"allow":["GET"]}}],"collection":[{"href":"https:\/\/marieclaire.be\/fr\/wp-json\/wp\/v2\/posts"}],"about":[{"href":"https:\/\/marieclaire.be\/fr\/wp-json\/wp\/v2\/types\/post"}],"author":[{"embeddable":true,"href":"https:\/\/marieclaire.be\/fr\/wp-json\/wp\/v2\/users\/8"}],"replies":[{"embeddable":true,"href":"https:\/\/marieclaire.be\/fr\/wp-json\/wp\/v2\/comments?post=96309"}],"version-history":[{"count":6,"href":"https:\/\/marieclaire.be\/fr\/wp-json\/wp\/v2\/posts\/96309\/revisions"}],"predecessor-version":[{"id":97842,"href":"https:\/\/marieclaire.be\/fr\/wp-json\/wp\/v2\/posts\/96309\/revisions\/97842"}],"wp:featuredmedia":[{"embeddable":true,"href":"https:\/\/marieclaire.be\/fr\/wp-json\/wp\/v2\/media\/96311"}],"wp:attachment":[{"href":"https:\/\/marieclaire.be\/fr\/wp-json\/wp\/v2\/media?parent=96309"}],"wp:term":[{"taxonomy":"category","embeddable":true,"href":"https:\/\/marieclaire.be\/fr\/wp-json\/wp\/v2\/categories?post=96309"},{"taxonomy":"post_tag","embeddable":true,"href":"https:\/\/marieclaire.be\/fr\/wp-json\/wp\/v2\/tags?post=96309"}],"curies":[{"name":"wp","href":"https:\/\/api.w.org\/{rel}","templated":true}]}}