{"id":88505,"date":"2020-04-15T12:35:43","date_gmt":"2020-04-15T10:35:43","guid":{"rendered":"https:\/\/marieclaire.be\/fr\/?p=88505"},"modified":"2020-05-08T15:49:45","modified_gmt":"2020-05-08T13:49:45","slug":"la-poussette-preferee-des-it-moms-est-de-retour","status":"publish","type":"post","link":"https:\/\/marieclaire.be\/fr\/la-poussette-preferee-des-it-moms-est-de-retour\/","title":{"rendered":"La poussette pr\u00e9f\u00e9r\u00e9e des it-moms est de retour !"},"content":{"rendered":"","protected":false},"excerpt":{"rendered":"Si l\u2019on se fie \u00e0 son nom, c\u2019\u00e9tait certain que YOYO, l\u2019ind\u00e9tr\u00f4nable poussette des parents branch\u00e9s, allait nous revenir en main dans une nouvelle version am\u00e9lior\u00e9e\u2009!\nLa Rolls des poussettes, mais en mieux\u2009!\nOn l\u2019a vue partout.","protected":false},"author":44,"featured_media":89338,"comment_status":"closed","ping_status":"closed","sticky":false,"template":"","format":"standard","meta":{"_acf_changed":false,"footnotes":""},"categories":[67,1725],"tags":[1387,2473],"class_list":["post-88505","post","type-post","status-publish","format-standard","has-post-thumbnail","hentry","category-lifestyle","category-vie-pratique","tag-maman","tag-poussette"],"acf":[],"_yoast_wpseo_title":null,"_yoast_wpseo_metadesc":"C\u2019\u00e9tait certain que YOYO, l\u2019ind\u00e9tr\u00f4nable poussette des parents branch\u00e9s, allait nous revenir en main dans une nouvelle version am\u00e9lior\u00e9e\u2009!","image_verticale":"89337","yoast_head":"<!-- This site is optimized with the Yoast SEO plugin v27.3 - https:\/\/yoast.com\/product\/yoast-seo-wordpress\/ -->\n<title>La poussette pr\u00e9f\u00e9r\u00e9e des it-moms est de retour ! - Marie Claire Belgique<\/title>\n<meta name=\"description\" content=\"C\u2019\u00e9tait certain que YOYO, l\u2019ind\u00e9tr\u00f4nable poussette des parents branch\u00e9s, allait nous revenir en main dans une nouvelle version am\u00e9lior\u00e9e\u2009!\" \/>\n<meta name=\"robots\" content=\"index, follow, max-snippet:-1, max-image-preview:large, max-video-preview:-1\" \/>\n<link rel=\"canonical\" href=\"https:\/\/marieclaire.be\/fr\/la-poussette-preferee-des-it-moms-est-de-retour\/\" \/>\n<meta property=\"og:locale\" content=\"fr_FR\" \/>\n<meta property=\"og:type\" content=\"article\" \/>\n<meta property=\"og:title\" content=\"La poussette pr\u00e9f\u00e9r\u00e9e des it-moms est de retour ! - Marie Claire Belgique\" \/>\n<meta property=\"og:description\" content=\"C\u2019\u00e9tait certain que YOYO, l\u2019ind\u00e9tr\u00f4nable poussette des parents branch\u00e9s, allait nous revenir en main dans une nouvelle version am\u00e9lior\u00e9e\u2009!\" \/>\n<meta property=\"og:url\" content=\"https:\/\/marieclaire.be\/fr\/la-poussette-preferee-des-it-moms-est-de-retour\/\" \/>\n<meta property=\"og:site_name\" content=\"Marie Claire Belgique\" \/>\n<meta property=\"article:publisher\" content=\"https:\/\/www.facebook.com\/MarieClaire.Belgique\/\" \/>\n<meta property=\"article:published_time\" content=\"2020-04-15T10:35:43+00:00\" \/>\n<meta property=\"article:modified_time\" content=\"2020-05-08T13:49:45+00:00\" \/>\n<meta property=\"og:image\" content=\"https:\/\/marieclaire.be\/fr\/wp-content\/uploads\/2012\/03\/img_babyzen_header-3.jpg\" \/>\n\t<meta property=\"og:image:width\" content=\"1280\" \/>\n\t<meta property=\"og:image:height\" content=\"670\" \/>\n\t<meta property=\"og:image:type\" content=\"image\/jpeg\" \/>\n<meta name=\"author\" content=\"Marie Claire Partenaire\" \/>\n<meta name=\"twitter:label1\" content=\"\u00c9crit par\" \/>\n\t<meta name=\"twitter:data1\" content=\"Marie Claire Partenaire\" \/>\n\t<meta name=\"twitter:label2\" content=\"Dur\u00e9e de lecture estim\u00e9e\" \/>\n\t<meta name=\"twitter:data2\" content=\"3 minutes\" \/>\n<script type=\"application\/ld+json\" class=\"yoast-schema-graph\">{\"@context\":\"https:\\\/\\\/schema.org\",\"@graph\":[{\"@type\":\"NewsArticle\",\"@id\":\"https:\\\/\\\/marieclaire.be\\\/fr\\\/la-poussette-preferee-des-it-moms-est-de-retour\\\/#article\",\"isPartOf\":{\"@id\":\"https:\\\/\\\/marieclaire.be\\\/fr\\\/la-poussette-preferee-des-it-moms-est-de-retour\\\/\"},\"author\":{\"name\":\"Marie Claire Partenaire\",\"@id\":\"https:\\\/\\\/marieclaire.be\\\/fr\\\/#\\\/schema\\\/person\\\/bdba51896db3a4a4d511b535c2bfb06c\"},\"headline\":\"La poussette pr\u00e9f\u00e9r\u00e9e des it-moms est de retour !\",\"datePublished\":\"2020-04-15T10:35:43+00:00\",\"dateModified\":\"2020-05-08T13:49:45+00:00\",\"mainEntityOfPage\":{\"@id\":\"https:\\\/\\\/marieclaire.be\\\/fr\\\/la-poussette-preferee-des-it-moms-est-de-retour\\\/\"},\"wordCount\":662,\"publisher\":{\"@id\":\"https:\\\/\\\/marieclaire.be\\\/fr\\\/#organization\"},\"image\":{\"@id\":\"https:\\\/\\\/marieclaire.be\\\/fr\\\/la-poussette-preferee-des-it-moms-est-de-retour\\\/#primaryimage\"},\"thumbnailUrl\":\"https:\\\/\\\/marieclaire.be\\\/fr\\\/wp-content\\\/uploads\\\/2012\\\/03\\\/img_babyzen_header-3.jpg\",\"keywords\":[\"maman\",\"poussette\"],\"articleSection\":[\"Lifestyle\",\"Vie pratique\"],\"inLanguage\":\"fr-FR\"},{\"@type\":\"WebPage\",\"@id\":\"https:\\\/\\\/marieclaire.be\\\/fr\\\/la-poussette-preferee-des-it-moms-est-de-retour\\\/\",\"url\":\"https:\\\/\\\/marieclaire.be\\\/fr\\\/la-poussette-preferee-des-it-moms-est-de-retour\\\/\",\"name\":\"La poussette pr\u00e9f\u00e9r\u00e9e des it-moms est de retour ! - Marie Claire Belgique\",\"isPartOf\":{\"@id\":\"https:\\\/\\\/marieclaire.be\\\/fr\\\/#website\"},\"primaryImageOfPage\":{\"@id\":\"https:\\\/\\\/marieclaire.be\\\/fr\\\/la-poussette-preferee-des-it-moms-est-de-retour\\\/#primaryimage\"},\"image\":{\"@id\":\"https:\\\/\\\/marieclaire.be\\\/fr\\\/la-poussette-preferee-des-it-moms-est-de-retour\\\/#primaryimage\"},\"thumbnailUrl\":\"https:\\\/\\\/marieclaire.be\\\/fr\\\/wp-content\\\/uploads\\\/2012\\\/03\\\/img_babyzen_header-3.jpg\",\"datePublished\":\"2020-04-15T10:35:43+00:00\",\"dateModified\":\"2020-05-08T13:49:45+00:00\",\"description\":\"C\u2019\u00e9tait certain que YOYO, l\u2019ind\u00e9tr\u00f4nable poussette des parents branch\u00e9s, allait nous revenir en main dans une nouvelle version am\u00e9lior\u00e9e\u2009!\",\"breadcrumb\":{\"@id\":\"https:\\\/\\\/marieclaire.be\\\/fr\\\/la-poussette-preferee-des-it-moms-est-de-retour\\\/#breadcrumb\"},\"inLanguage\":\"fr-FR\",\"potentialAction\":[{\"@type\":\"ReadAction\",\"target\":[\"https:\\\/\\\/marieclaire.be\\\/fr\\\/la-poussette-preferee-des-it-moms-est-de-retour\\\/\"]}]},{\"@type\":\"ImageObject\",\"inLanguage\":\"fr-FR\",\"@id\":\"https:\\\/\\\/marieclaire.be\\\/fr\\\/la-poussette-preferee-des-it-moms-est-de-retour\\\/#primaryimage\",\"url\":\"https:\\\/\\\/marieclaire.be\\\/fr\\\/wp-content\\\/uploads\\\/2012\\\/03\\\/img_babyzen_header-3.jpg\",\"contentUrl\":\"https:\\\/\\\/marieclaire.be\\\/fr\\\/wp-content\\\/uploads\\\/2012\\\/03\\\/img_babyzen_header-3.jpg\",\"width\":1280,\"height\":670,\"caption\":\"Yoyo, Babyzen\"},{\"@type\":\"BreadcrumbList\",\"@id\":\"https:\\\/\\\/marieclaire.be\\\/fr\\\/la-poussette-preferee-des-it-moms-est-de-retour\\\/#breadcrumb\",\"itemListElement\":[{\"@type\":\"ListItem\",\"position\":1,\"name\":\"Accueil\",\"item\":\"https:\\\/\\\/marieclaire.be\\\/fr\\\/\"},{\"@type\":\"ListItem\",\"position\":2,\"name\":\"La poussette pr\u00e9f\u00e9r\u00e9e des it-moms est de retour !\"}]},{\"@type\":\"WebSite\",\"@id\":\"https:\\\/\\\/marieclaire.be\\\/fr\\\/#website\",\"url\":\"https:\\\/\\\/marieclaire.be\\\/fr\\\/\",\"name\":\"Marie Claire Belgique\",\"description\":\"Marie Claire Belgique, le magazine du style et de l\u2019intelligence qui parle de mode, des tendances, de la beaut\u00e9, de l\u2019actualit\u00e9 et de la culture\",\"publisher\":{\"@id\":\"https:\\\/\\\/marieclaire.be\\\/fr\\\/#organization\"},\"potentialAction\":[{\"@type\":\"SearchAction\",\"target\":{\"@type\":\"EntryPoint\",\"urlTemplate\":\"https:\\\/\\\/marieclaire.be\\\/fr\\\/?s={search_term_string}\"},\"query-input\":{\"@type\":\"PropertyValueSpecification\",\"valueRequired\":true,\"valueName\":\"search_term_string\"}}],\"inLanguage\":\"fr-FR\"},{\"@type\":\"Organization\",\"@id\":\"https:\\\/\\\/marieclaire.be\\\/fr\\\/#organization\",\"name\":\"Marie Claire\",\"url\":\"https:\\\/\\\/marieclaire.be\\\/fr\\\/\",\"logo\":{\"@type\":\"ImageObject\",\"inLanguage\":\"fr-FR\",\"@id\":\"https:\\\/\\\/marieclaire.be\\\/fr\\\/#\\\/schema\\\/logo\\\/image\\\/\",\"url\":\"https:\\\/\\\/marieclaire.be\\\/fr\\\/wp-content\\\/uploads\\\/2018\\\/05\\\/mc-logo2.png\",\"contentUrl\":\"https:\\\/\\\/marieclaire.be\\\/fr\\\/wp-content\\\/uploads\\\/2018\\\/05\\\/mc-logo2.png\",\"width\":1001,\"height\":189,\"caption\":\"Marie Claire\"},\"image\":{\"@id\":\"https:\\\/\\\/marieclaire.be\\\/fr\\\/#\\\/schema\\\/logo\\\/image\\\/\"},\"sameAs\":[\"https:\\\/\\\/www.facebook.com\\\/MarieClaire.Belgique\\\/\",\"https:\\\/\\\/www.instagram.com\\\/marieclaire_belgique\\\/\",\"https:\\\/\\\/fr.pinterest.com\\\/marieclairebe\\\/\",\"https:\\\/\\\/www.youtube.com\\\/user\\\/BelgiumMarieClaire\"]},{\"@type\":\"Person\",\"@id\":\"https:\\\/\\\/marieclaire.be\\\/fr\\\/#\\\/schema\\\/person\\\/bdba51896db3a4a4d511b535c2bfb06c\",\"name\":\"Marie Claire Partenaire\",\"image\":{\"@type\":\"ImageObject\",\"inLanguage\":\"fr-FR\",\"@id\":\"https:\\\/\\\/marieclaire.be\\\/fr\\\/wp-content\\\/uploads\\\/2025\\\/02\\\/mclogo-300x3001-96x96.jpg\",\"url\":\"https:\\\/\\\/marieclaire.be\\\/fr\\\/wp-content\\\/uploads\\\/2025\\\/02\\\/mclogo-300x3001-96x96.jpg\",\"contentUrl\":\"https:\\\/\\\/marieclaire.be\\\/fr\\\/wp-content\\\/uploads\\\/2025\\\/02\\\/mclogo-300x3001-96x96.jpg\",\"caption\":\"Marie Claire Partenaire\"},\"url\":\"https:\\\/\\\/marieclaire.be\\\/fr\\\/author\\\/marie-claire-os\\\/\"}]}<\/script>\n<!-- \/ Yoast SEO plugin. -->","yoast_head_json":{"title":"La poussette pr\u00e9f\u00e9r\u00e9e des it-moms est de retour ! - Marie Claire Belgique","description":"C\u2019\u00e9tait certain que YOYO, l\u2019ind\u00e9tr\u00f4nable poussette des parents branch\u00e9s, allait nous revenir en main dans une nouvelle version am\u00e9lior\u00e9e\u2009!","robots":{"index":"index","follow":"follow","max-snippet":"max-snippet:-1","max-image-preview":"max-image-preview:large","max-video-preview":"max-video-preview:-1"},"canonical":"https:\/\/marieclaire.be\/fr\/la-poussette-preferee-des-it-moms-est-de-retour\/","og_locale":"fr_FR","og_type":"article","og_title":"La poussette pr\u00e9f\u00e9r\u00e9e des it-moms est de retour ! - Marie Claire Belgique","og_description":"C\u2019\u00e9tait certain que YOYO, l\u2019ind\u00e9tr\u00f4nable poussette des parents branch\u00e9s, allait nous revenir en main dans une nouvelle version am\u00e9lior\u00e9e\u2009!","og_url":"https:\/\/marieclaire.be\/fr\/la-poussette-preferee-des-it-moms-est-de-retour\/","og_site_name":"Marie Claire Belgique","article_publisher":"https:\/\/www.facebook.com\/MarieClaire.Belgique\/","article_published_time":"2020-04-15T10:35:43+00:00","article_modified_time":"2020-05-08T13:49:45+00:00","og_image":[{"width":1280,"height":670,"url":"https:\/\/marieclaire.be\/fr\/wp-content\/uploads\/2012\/03\/img_babyzen_header-3.jpg","type":"image\/jpeg"}],"author":"Marie Claire Partenaire","twitter_misc":{"\u00c9crit par":"Marie Claire Partenaire","Dur\u00e9e de lecture estim\u00e9e":"3 minutes"},"schema":{"@context":"https:\/\/schema.org","@graph":[{"@type":"NewsArticle","@id":"https:\/\/marieclaire.be\/fr\/la-poussette-preferee-des-it-moms-est-de-retour\/#article","isPartOf":{"@id":"https:\/\/marieclaire.be\/fr\/la-poussette-preferee-des-it-moms-est-de-retour\/"},"author":{"name":"Marie Claire Partenaire","@id":"https:\/\/marieclaire.be\/fr\/#\/schema\/person\/bdba51896db3a4a4d511b535c2bfb06c"},"headline":"La poussette pr\u00e9f\u00e9r\u00e9e des it-moms est de retour !","datePublished":"2020-04-15T10:35:43+00:00","dateModified":"2020-05-08T13:49:45+00:00","mainEntityOfPage":{"@id":"https:\/\/marieclaire.be\/fr\/la-poussette-preferee-des-it-moms-est-de-retour\/"},"wordCount":662,"publisher":{"@id":"https:\/\/marieclaire.be\/fr\/#organization"},"image":{"@id":"https:\/\/marieclaire.be\/fr\/la-poussette-preferee-des-it-moms-est-de-retour\/#primaryimage"},"thumbnailUrl":"https:\/\/marieclaire.be\/fr\/wp-content\/uploads\/2012\/03\/img_babyzen_header-3.jpg","keywords":["maman","poussette"],"articleSection":["Lifestyle","Vie pratique"],"inLanguage":"fr-FR"},{"@type":"WebPage","@id":"https:\/\/marieclaire.be\/fr\/la-poussette-preferee-des-it-moms-est-de-retour\/","url":"https:\/\/marieclaire.be\/fr\/la-poussette-preferee-des-it-moms-est-de-retour\/","name":"La poussette pr\u00e9f\u00e9r\u00e9e des it-moms est de retour ! - Marie Claire Belgique","isPartOf":{"@id":"https:\/\/marieclaire.be\/fr\/#website"},"primaryImageOfPage":{"@id":"https:\/\/marieclaire.be\/fr\/la-poussette-preferee-des-it-moms-est-de-retour\/#primaryimage"},"image":{"@id":"https:\/\/marieclaire.be\/fr\/la-poussette-preferee-des-it-moms-est-de-retour\/#primaryimage"},"thumbnailUrl":"https:\/\/marieclaire.be\/fr\/wp-content\/uploads\/2012\/03\/img_babyzen_header-3.jpg","datePublished":"2020-04-15T10:35:43+00:00","dateModified":"2020-05-08T13:49:45+00:00","description":"C\u2019\u00e9tait certain que YOYO, l\u2019ind\u00e9tr\u00f4nable poussette des parents branch\u00e9s, allait nous revenir en main dans une nouvelle version am\u00e9lior\u00e9e\u2009!","breadcrumb":{"@id":"https:\/\/marieclaire.be\/fr\/la-poussette-preferee-des-it-moms-est-de-retour\/#breadcrumb"},"inLanguage":"fr-FR","potentialAction":[{"@type":"ReadAction","target":["https:\/\/marieclaire.be\/fr\/la-poussette-preferee-des-it-moms-est-de-retour\/"]}]},{"@type":"ImageObject","inLanguage":"fr-FR","@id":"https:\/\/marieclaire.be\/fr\/la-poussette-preferee-des-it-moms-est-de-retour\/#primaryimage","url":"https:\/\/marieclaire.be\/fr\/wp-content\/uploads\/2012\/03\/img_babyzen_header-3.jpg","contentUrl":"https:\/\/marieclaire.be\/fr\/wp-content\/uploads\/2012\/03\/img_babyzen_header-3.jpg","width":1280,"height":670,"caption":"Yoyo, Babyzen"},{"@type":"BreadcrumbList","@id":"https:\/\/marieclaire.be\/fr\/la-poussette-preferee-des-it-moms-est-de-retour\/#breadcrumb","itemListElement":[{"@type":"ListItem","position":1,"name":"Accueil","item":"https:\/\/marieclaire.be\/fr\/"},{"@type":"ListItem","position":2,"name":"La poussette pr\u00e9f\u00e9r\u00e9e des it-moms est de retour !"}]},{"@type":"WebSite","@id":"https:\/\/marieclaire.be\/fr\/#website","url":"https:\/\/marieclaire.be\/fr\/","name":"Marie Claire Belgique","description":"Marie Claire Belgique, le magazine du style et de l\u2019intelligence qui parle de mode, des tendances, de la beaut\u00e9, de l\u2019actualit\u00e9 et de la culture","publisher":{"@id":"https:\/\/marieclaire.be\/fr\/#organization"},"potentialAction":[{"@type":"SearchAction","target":{"@type":"EntryPoint","urlTemplate":"https:\/\/marieclaire.be\/fr\/?s={search_term_string}"},"query-input":{"@type":"PropertyValueSpecification","valueRequired":true,"valueName":"search_term_string"}}],"inLanguage":"fr-FR"},{"@type":"Organization","@id":"https:\/\/marieclaire.be\/fr\/#organization","name":"Marie Claire","url":"https:\/\/marieclaire.be\/fr\/","logo":{"@type":"ImageObject","inLanguage":"fr-FR","@id":"https:\/\/marieclaire.be\/fr\/#\/schema\/logo\/image\/","url":"https:\/\/marieclaire.be\/fr\/wp-content\/uploads\/2018\/05\/mc-logo2.png","contentUrl":"https:\/\/marieclaire.be\/fr\/wp-content\/uploads\/2018\/05\/mc-logo2.png","width":1001,"height":189,"caption":"Marie Claire"},"image":{"@id":"https:\/\/marieclaire.be\/fr\/#\/schema\/logo\/image\/"},"sameAs":["https:\/\/www.facebook.com\/MarieClaire.Belgique\/","https:\/\/www.instagram.com\/marieclaire_belgique\/","https:\/\/fr.pinterest.com\/marieclairebe\/","https:\/\/www.youtube.com\/user\/BelgiumMarieClaire"]},{"@type":"Person","@id":"https:\/\/marieclaire.be\/fr\/#\/schema\/person\/bdba51896db3a4a4d511b535c2bfb06c","name":"Marie Claire Partenaire","image":{"@type":"ImageObject","inLanguage":"fr-FR","@id":"https:\/\/marieclaire.be\/fr\/wp-content\/uploads\/2025\/02\/mclogo-300x3001-96x96.jpg","url":"https:\/\/marieclaire.be\/fr\/wp-content\/uploads\/2025\/02\/mclogo-300x3001-96x96.jpg","contentUrl":"https:\/\/marieclaire.be\/fr\/wp-content\/uploads\/2025\/02\/mclogo-300x3001-96x96.jpg","caption":"Marie Claire Partenaire"},"url":"https:\/\/marieclaire.be\/fr\/author\/marie-claire-os\/"}]}},"_links":{"self":[{"href":"https:\/\/marieclaire.be\/fr\/wp-json\/wp\/v2\/posts\/88505","targetHints":{"allow":["GET"]}}],"collection":[{"href":"https:\/\/marieclaire.be\/fr\/wp-json\/wp\/v2\/posts"}],"about":[{"href":"https:\/\/marieclaire.be\/fr\/wp-json\/wp\/v2\/types\/post"}],"author":[{"embeddable":true,"href":"https:\/\/marieclaire.be\/fr\/wp-json\/wp\/v2\/users\/44"}],"replies":[{"embeddable":true,"href":"https:\/\/marieclaire.be\/fr\/wp-json\/wp\/v2\/comments?post=88505"}],"version-history":[{"count":30,"href":"https:\/\/marieclaire.be\/fr\/wp-json\/wp\/v2\/posts\/88505\/revisions"}],"predecessor-version":[{"id":91928,"href":"https:\/\/marieclaire.be\/fr\/wp-json\/wp\/v2\/posts\/88505\/revisions\/91928"}],"wp:featuredmedia":[{"embeddable":true,"href":"https:\/\/marieclaire.be\/fr\/wp-json\/wp\/v2\/media\/89338"}],"wp:attachment":[{"href":"https:\/\/marieclaire.be\/fr\/wp-json\/wp\/v2\/media?parent=88505"}],"wp:term":[{"taxonomy":"category","embeddable":true,"href":"https:\/\/marieclaire.be\/fr\/wp-json\/wp\/v2\/categories?post=88505"},{"taxonomy":"post_tag","embeddable":true,"href":"https:\/\/marieclaire.be\/fr\/wp-json\/wp\/v2\/tags?post=88505"}],"curies":[{"name":"wp","href":"https:\/\/api.w.org\/{rel}","templated":true}]}}