{"id":88245,"date":"2020-03-18T10:32:33","date_gmt":"2020-03-18T09:32:33","guid":{"rendered":"https:\/\/marieclaire.be\/fr\/?p=88245"},"modified":"2020-05-08T16:00:48","modified_gmt":"2020-05-08T14:00:48","slug":"5-looks-mere-fille-pour-ce-printemps-2","status":"publish","type":"post","link":"https:\/\/marieclaire.be\/fr\/5-looks-mere-fille-pour-ce-printemps-2\/","title":{"rendered":"5\u00a0looks m\u00e8re-fille pour ce printemps"},"content":{"rendered":"","protected":false},"excerpt":{"rendered":"Tendance, casual chic et sportif : les plus jeunes d\u2019entre nous ont aussi envie d\u2019adopter un outfit parfait pour accueillir les beaux jours. ...","protected":false},"author":44,"featured_media":88252,"comment_status":"closed","ping_status":"closed","sticky":false,"template":"","format":"standard","meta":{"_acf_changed":false,"footnotes":""},"categories":[6,24],"tags":[1387,639],"class_list":["post-88245","post","type-post","status-publish","format-standard","has-post-thumbnail","hentry","category-mode","category-tendances","tag-maman","tag-shopping"],"acf":[],"_yoast_wpseo_title":null,"_yoast_wpseo_metadesc":"Tendance, casual chic et sportif\u00a0: les plus jeunes d\u2019entre nous ont aussi envie d\u2019adopter un outfit parfait pour accueillir les beaux jours. Voil\u00e0 pourquoi l\u2019influenceuse engag\u00e9e Ga\u00eblle Van Rosen et sa fille Gabri\u00eblle affichent d\u00e9j\u00e0 leurs plus belles tenues Kocca du printemps\/\u00e9t\u00e9\u00a02020.","image_verticale":"88251","yoast_head":"<!-- This site is optimized with the Yoast SEO plugin v27.3 - https:\/\/yoast.com\/product\/yoast-seo-wordpress\/ -->\n<title>5\u00a0looks m\u00e8re-fille pour ce printemps - Marie Claire Belgique<\/title>\n<meta name=\"description\" content=\"Tendance, casual chic et sportif\u00a0: les plus jeunes d\u2019entre nous ont aussi envie d\u2019adopter un outfit parfait pour accueillir les beaux jours. Voil\u00e0 pourquoi l\u2019influenceuse engag\u00e9e Ga\u00eblle Van Rosen et sa fille Gabri\u00eblle affichent d\u00e9j\u00e0 leurs plus belles tenues Kocca du printemps\/\u00e9t\u00e9\u00a02020.\" \/>\n<meta name=\"robots\" content=\"index, follow, max-snippet:-1, max-image-preview:large, max-video-preview:-1\" \/>\n<link rel=\"canonical\" href=\"https:\/\/marieclaire.be\/fr\/5-looks-mere-fille-pour-ce-printemps-2\/\" \/>\n<link rel=\"next\" href=\"https:\/\/marieclaire.be\/fr\/5-looks-mere-fille-pour-ce-printemps-2\/2\/\" \/>\n<meta property=\"og:locale\" content=\"fr_FR\" \/>\n<meta property=\"og:type\" content=\"article\" \/>\n<meta property=\"og:title\" content=\"5\u00a0looks m\u00e8re-fille pour ce printemps - Marie Claire Belgique\" \/>\n<meta property=\"og:description\" content=\"Tendance, casual chic et sportif\u00a0: les plus jeunes d\u2019entre nous ont aussi envie d\u2019adopter un outfit parfait pour accueillir les beaux jours. Voil\u00e0 pourquoi l\u2019influenceuse engag\u00e9e Ga\u00eblle Van Rosen et sa fille Gabri\u00eblle affichent d\u00e9j\u00e0 leurs plus belles tenues Kocca du printemps\/\u00e9t\u00e9\u00a02020.\" \/>\n<meta property=\"og:url\" content=\"https:\/\/marieclaire.be\/fr\/5-looks-mere-fille-pour-ce-printemps-2\/\" \/>\n<meta property=\"og:site_name\" content=\"Marie Claire Belgique\" \/>\n<meta property=\"article:publisher\" content=\"https:\/\/www.facebook.com\/MarieClaire.Belgique\/\" \/>\n<meta property=\"article:published_time\" content=\"2020-03-18T09:32:33+00:00\" \/>\n<meta property=\"article:modified_time\" content=\"2020-05-08T14:00:48+00:00\" \/>\n<meta property=\"og:image\" content=\"https:\/\/marieclaire.be\/fr\/wp-content\/uploads\/2020\/03\/marieclaire_1200x628-1.jpg\" \/>\n\t<meta property=\"og:image:width\" content=\"1280\" \/>\n\t<meta property=\"og:image:height\" content=\"670\" \/>\n\t<meta property=\"og:image:type\" content=\"image\/jpeg\" \/>\n<meta name=\"author\" content=\"Marie Claire Partenaire\" \/>\n<meta name=\"twitter:label1\" content=\"\u00c9crit par\" \/>\n\t<meta name=\"twitter:data1\" content=\"Marie Claire Partenaire\" \/>\n\t<meta name=\"twitter:label2\" content=\"Dur\u00e9e de lecture estim\u00e9e\" \/>\n\t<meta name=\"twitter:data2\" content=\"3 minutes\" \/>\n<script type=\"application\/ld+json\" class=\"yoast-schema-graph\">{\"@context\":\"https:\\\/\\\/schema.org\",\"@graph\":[{\"@type\":\"NewsArticle\",\"@id\":\"https:\\\/\\\/marieclaire.be\\\/fr\\\/5-looks-mere-fille-pour-ce-printemps-2\\\/#article\",\"isPartOf\":{\"@id\":\"https:\\\/\\\/marieclaire.be\\\/fr\\\/5-looks-mere-fille-pour-ce-printemps-2\\\/\"},\"author\":{\"name\":\"Marie Claire Partenaire\",\"@id\":\"https:\\\/\\\/marieclaire.be\\\/fr\\\/#\\\/schema\\\/person\\\/bdba51896db3a4a4d511b535c2bfb06c\"},\"headline\":\"5\u00a0looks m\u00e8re-fille pour ce printemps\",\"datePublished\":\"2020-03-18T09:32:33+00:00\",\"dateModified\":\"2020-05-08T14:00:48+00:00\",\"mainEntityOfPage\":{\"@id\":\"https:\\\/\\\/marieclaire.be\\\/fr\\\/5-looks-mere-fille-pour-ce-printemps-2\\\/\"},\"wordCount\":584,\"publisher\":{\"@id\":\"https:\\\/\\\/marieclaire.be\\\/fr\\\/#organization\"},\"image\":{\"@id\":\"https:\\\/\\\/marieclaire.be\\\/fr\\\/5-looks-mere-fille-pour-ce-printemps-2\\\/#primaryimage\"},\"thumbnailUrl\":\"https:\\\/\\\/marieclaire.be\\\/fr\\\/wp-content\\\/uploads\\\/2020\\\/03\\\/marieclaire_1200x628-1.jpg\",\"keywords\":[\"maman\",\"shopping\"],\"articleSection\":[\"Mode\",\"Tendances\"],\"inLanguage\":\"fr-FR\"},{\"@type\":\"WebPage\",\"@id\":\"https:\\\/\\\/marieclaire.be\\\/fr\\\/5-looks-mere-fille-pour-ce-printemps-2\\\/\",\"url\":\"https:\\\/\\\/marieclaire.be\\\/fr\\\/5-looks-mere-fille-pour-ce-printemps-2\\\/\",\"name\":\"5\u00a0looks m\u00e8re-fille pour ce printemps - Marie Claire Belgique\",\"isPartOf\":{\"@id\":\"https:\\\/\\\/marieclaire.be\\\/fr\\\/#website\"},\"primaryImageOfPage\":{\"@id\":\"https:\\\/\\\/marieclaire.be\\\/fr\\\/5-looks-mere-fille-pour-ce-printemps-2\\\/#primaryimage\"},\"image\":{\"@id\":\"https:\\\/\\\/marieclaire.be\\\/fr\\\/5-looks-mere-fille-pour-ce-printemps-2\\\/#primaryimage\"},\"thumbnailUrl\":\"https:\\\/\\\/marieclaire.be\\\/fr\\\/wp-content\\\/uploads\\\/2020\\\/03\\\/marieclaire_1200x628-1.jpg\",\"datePublished\":\"2020-03-18T09:32:33+00:00\",\"dateModified\":\"2020-05-08T14:00:48+00:00\",\"description\":\"Tendance, casual chic et sportif\u00a0: les plus jeunes d\u2019entre nous ont aussi envie d\u2019adopter un outfit parfait pour accueillir les beaux jours. Voil\u00e0 pourquoi l\u2019influenceuse engag\u00e9e Ga\u00eblle Van Rosen et sa fille Gabri\u00eblle affichent d\u00e9j\u00e0 leurs plus belles tenues Kocca du printemps\\\/\u00e9t\u00e9\u00a02020.\",\"inLanguage\":\"fr-FR\",\"potentialAction\":[{\"@type\":\"ReadAction\",\"target\":[\"https:\\\/\\\/marieclaire.be\\\/fr\\\/5-looks-mere-fille-pour-ce-printemps-2\\\/\"]}]},{\"@type\":\"ImageObject\",\"inLanguage\":\"fr-FR\",\"@id\":\"https:\\\/\\\/marieclaire.be\\\/fr\\\/5-looks-mere-fille-pour-ce-printemps-2\\\/#primaryimage\",\"url\":\"https:\\\/\\\/marieclaire.be\\\/fr\\\/wp-content\\\/uploads\\\/2020\\\/03\\\/marieclaire_1200x628-1.jpg\",\"contentUrl\":\"https:\\\/\\\/marieclaire.be\\\/fr\\\/wp-content\\\/uploads\\\/2020\\\/03\\\/marieclaire_1200x628-1.jpg\",\"width\":1280,\"height\":670,\"caption\":\"Marie Claire x Kocca\"},{\"@type\":\"WebSite\",\"@id\":\"https:\\\/\\\/marieclaire.be\\\/fr\\\/#website\",\"url\":\"https:\\\/\\\/marieclaire.be\\\/fr\\\/\",\"name\":\"Marie Claire Belgique\",\"description\":\"Marie Claire Belgique, le magazine du style et de l\u2019intelligence qui parle de mode, des tendances, de la beaut\u00e9, de l\u2019actualit\u00e9 et de la culture\",\"publisher\":{\"@id\":\"https:\\\/\\\/marieclaire.be\\\/fr\\\/#organization\"},\"potentialAction\":[{\"@type\":\"SearchAction\",\"target\":{\"@type\":\"EntryPoint\",\"urlTemplate\":\"https:\\\/\\\/marieclaire.be\\\/fr\\\/?s={search_term_string}\"},\"query-input\":{\"@type\":\"PropertyValueSpecification\",\"valueRequired\":true,\"valueName\":\"search_term_string\"}}],\"inLanguage\":\"fr-FR\"},{\"@type\":\"Organization\",\"@id\":\"https:\\\/\\\/marieclaire.be\\\/fr\\\/#organization\",\"name\":\"Marie Claire\",\"url\":\"https:\\\/\\\/marieclaire.be\\\/fr\\\/\",\"logo\":{\"@type\":\"ImageObject\",\"inLanguage\":\"fr-FR\",\"@id\":\"https:\\\/\\\/marieclaire.be\\\/fr\\\/#\\\/schema\\\/logo\\\/image\\\/\",\"url\":\"https:\\\/\\\/marieclaire.be\\\/fr\\\/wp-content\\\/uploads\\\/2018\\\/05\\\/mc-logo2.png\",\"contentUrl\":\"https:\\\/\\\/marieclaire.be\\\/fr\\\/wp-content\\\/uploads\\\/2018\\\/05\\\/mc-logo2.png\",\"width\":1001,\"height\":189,\"caption\":\"Marie Claire\"},\"image\":{\"@id\":\"https:\\\/\\\/marieclaire.be\\\/fr\\\/#\\\/schema\\\/logo\\\/image\\\/\"},\"sameAs\":[\"https:\\\/\\\/www.facebook.com\\\/MarieClaire.Belgique\\\/\",\"https:\\\/\\\/www.instagram.com\\\/marieclaire_belgique\\\/\",\"https:\\\/\\\/fr.pinterest.com\\\/marieclairebe\\\/\",\"https:\\\/\\\/www.youtube.com\\\/user\\\/BelgiumMarieClaire\"]},{\"@type\":\"Person\",\"@id\":\"https:\\\/\\\/marieclaire.be\\\/fr\\\/#\\\/schema\\\/person\\\/bdba51896db3a4a4d511b535c2bfb06c\",\"name\":\"Marie Claire Partenaire\",\"image\":{\"@type\":\"ImageObject\",\"inLanguage\":\"fr-FR\",\"@id\":\"https:\\\/\\\/marieclaire.be\\\/fr\\\/wp-content\\\/uploads\\\/2025\\\/02\\\/mclogo-300x3001-96x96.jpg\",\"url\":\"https:\\\/\\\/marieclaire.be\\\/fr\\\/wp-content\\\/uploads\\\/2025\\\/02\\\/mclogo-300x3001-96x96.jpg\",\"contentUrl\":\"https:\\\/\\\/marieclaire.be\\\/fr\\\/wp-content\\\/uploads\\\/2025\\\/02\\\/mclogo-300x3001-96x96.jpg\",\"caption\":\"Marie Claire Partenaire\"},\"url\":\"https:\\\/\\\/marieclaire.be\\\/fr\\\/author\\\/marie-claire-os\\\/\"}]}<\/script>\n<!-- \/ Yoast SEO plugin. -->","yoast_head_json":{"title":"5\u00a0looks m\u00e8re-fille pour ce printemps - Marie Claire Belgique","description":"Tendance, casual chic et sportif\u00a0: les plus jeunes d\u2019entre nous ont aussi envie d\u2019adopter un outfit parfait pour accueillir les beaux jours. Voil\u00e0 pourquoi l\u2019influenceuse engag\u00e9e Ga\u00eblle Van Rosen et sa fille Gabri\u00eblle affichent d\u00e9j\u00e0 leurs plus belles tenues Kocca du printemps\/\u00e9t\u00e9\u00a02020.","robots":{"index":"index","follow":"follow","max-snippet":"max-snippet:-1","max-image-preview":"max-image-preview:large","max-video-preview":"max-video-preview:-1"},"canonical":"https:\/\/marieclaire.be\/fr\/5-looks-mere-fille-pour-ce-printemps-2\/","next":"https:\/\/marieclaire.be\/fr\/5-looks-mere-fille-pour-ce-printemps-2\/2\/","og_locale":"fr_FR","og_type":"article","og_title":"5\u00a0looks m\u00e8re-fille pour ce printemps - Marie Claire Belgique","og_description":"Tendance, casual chic et sportif\u00a0: les plus jeunes d\u2019entre nous ont aussi envie d\u2019adopter un outfit parfait pour accueillir les beaux jours. Voil\u00e0 pourquoi l\u2019influenceuse engag\u00e9e Ga\u00eblle Van Rosen et sa fille Gabri\u00eblle affichent d\u00e9j\u00e0 leurs plus belles tenues Kocca du printemps\/\u00e9t\u00e9\u00a02020.","og_url":"https:\/\/marieclaire.be\/fr\/5-looks-mere-fille-pour-ce-printemps-2\/","og_site_name":"Marie Claire Belgique","article_publisher":"https:\/\/www.facebook.com\/MarieClaire.Belgique\/","article_published_time":"2020-03-18T09:32:33+00:00","article_modified_time":"2020-05-08T14:00:48+00:00","og_image":[{"width":1280,"height":670,"url":"https:\/\/marieclaire.be\/fr\/wp-content\/uploads\/2020\/03\/marieclaire_1200x628-1.jpg","type":"image\/jpeg"}],"author":"Marie Claire Partenaire","twitter_misc":{"\u00c9crit par":"Marie Claire Partenaire","Dur\u00e9e de lecture estim\u00e9e":"3 minutes"},"schema":{"@context":"https:\/\/schema.org","@graph":[{"@type":"NewsArticle","@id":"https:\/\/marieclaire.be\/fr\/5-looks-mere-fille-pour-ce-printemps-2\/#article","isPartOf":{"@id":"https:\/\/marieclaire.be\/fr\/5-looks-mere-fille-pour-ce-printemps-2\/"},"author":{"name":"Marie Claire Partenaire","@id":"https:\/\/marieclaire.be\/fr\/#\/schema\/person\/bdba51896db3a4a4d511b535c2bfb06c"},"headline":"5\u00a0looks m\u00e8re-fille pour ce printemps","datePublished":"2020-03-18T09:32:33+00:00","dateModified":"2020-05-08T14:00:48+00:00","mainEntityOfPage":{"@id":"https:\/\/marieclaire.be\/fr\/5-looks-mere-fille-pour-ce-printemps-2\/"},"wordCount":584,"publisher":{"@id":"https:\/\/marieclaire.be\/fr\/#organization"},"image":{"@id":"https:\/\/marieclaire.be\/fr\/5-looks-mere-fille-pour-ce-printemps-2\/#primaryimage"},"thumbnailUrl":"https:\/\/marieclaire.be\/fr\/wp-content\/uploads\/2020\/03\/marieclaire_1200x628-1.jpg","keywords":["maman","shopping"],"articleSection":["Mode","Tendances"],"inLanguage":"fr-FR"},{"@type":"WebPage","@id":"https:\/\/marieclaire.be\/fr\/5-looks-mere-fille-pour-ce-printemps-2\/","url":"https:\/\/marieclaire.be\/fr\/5-looks-mere-fille-pour-ce-printemps-2\/","name":"5\u00a0looks m\u00e8re-fille pour ce printemps - Marie Claire Belgique","isPartOf":{"@id":"https:\/\/marieclaire.be\/fr\/#website"},"primaryImageOfPage":{"@id":"https:\/\/marieclaire.be\/fr\/5-looks-mere-fille-pour-ce-printemps-2\/#primaryimage"},"image":{"@id":"https:\/\/marieclaire.be\/fr\/5-looks-mere-fille-pour-ce-printemps-2\/#primaryimage"},"thumbnailUrl":"https:\/\/marieclaire.be\/fr\/wp-content\/uploads\/2020\/03\/marieclaire_1200x628-1.jpg","datePublished":"2020-03-18T09:32:33+00:00","dateModified":"2020-05-08T14:00:48+00:00","description":"Tendance, casual chic et sportif\u00a0: les plus jeunes d\u2019entre nous ont aussi envie d\u2019adopter un outfit parfait pour accueillir les beaux jours. Voil\u00e0 pourquoi l\u2019influenceuse engag\u00e9e Ga\u00eblle Van Rosen et sa fille Gabri\u00eblle affichent d\u00e9j\u00e0 leurs plus belles tenues Kocca du printemps\/\u00e9t\u00e9\u00a02020.","inLanguage":"fr-FR","potentialAction":[{"@type":"ReadAction","target":["https:\/\/marieclaire.be\/fr\/5-looks-mere-fille-pour-ce-printemps-2\/"]}]},{"@type":"ImageObject","inLanguage":"fr-FR","@id":"https:\/\/marieclaire.be\/fr\/5-looks-mere-fille-pour-ce-printemps-2\/#primaryimage","url":"https:\/\/marieclaire.be\/fr\/wp-content\/uploads\/2020\/03\/marieclaire_1200x628-1.jpg","contentUrl":"https:\/\/marieclaire.be\/fr\/wp-content\/uploads\/2020\/03\/marieclaire_1200x628-1.jpg","width":1280,"height":670,"caption":"Marie Claire x Kocca"},{"@type":"WebSite","@id":"https:\/\/marieclaire.be\/fr\/#website","url":"https:\/\/marieclaire.be\/fr\/","name":"Marie Claire Belgique","description":"Marie Claire Belgique, le magazine du style et de l\u2019intelligence qui parle de mode, des tendances, de la beaut\u00e9, de l\u2019actualit\u00e9 et de la culture","publisher":{"@id":"https:\/\/marieclaire.be\/fr\/#organization"},"potentialAction":[{"@type":"SearchAction","target":{"@type":"EntryPoint","urlTemplate":"https:\/\/marieclaire.be\/fr\/?s={search_term_string}"},"query-input":{"@type":"PropertyValueSpecification","valueRequired":true,"valueName":"search_term_string"}}],"inLanguage":"fr-FR"},{"@type":"Organization","@id":"https:\/\/marieclaire.be\/fr\/#organization","name":"Marie Claire","url":"https:\/\/marieclaire.be\/fr\/","logo":{"@type":"ImageObject","inLanguage":"fr-FR","@id":"https:\/\/marieclaire.be\/fr\/#\/schema\/logo\/image\/","url":"https:\/\/marieclaire.be\/fr\/wp-content\/uploads\/2018\/05\/mc-logo2.png","contentUrl":"https:\/\/marieclaire.be\/fr\/wp-content\/uploads\/2018\/05\/mc-logo2.png","width":1001,"height":189,"caption":"Marie Claire"},"image":{"@id":"https:\/\/marieclaire.be\/fr\/#\/schema\/logo\/image\/"},"sameAs":["https:\/\/www.facebook.com\/MarieClaire.Belgique\/","https:\/\/www.instagram.com\/marieclaire_belgique\/","https:\/\/fr.pinterest.com\/marieclairebe\/","https:\/\/www.youtube.com\/user\/BelgiumMarieClaire"]},{"@type":"Person","@id":"https:\/\/marieclaire.be\/fr\/#\/schema\/person\/bdba51896db3a4a4d511b535c2bfb06c","name":"Marie Claire Partenaire","image":{"@type":"ImageObject","inLanguage":"fr-FR","@id":"https:\/\/marieclaire.be\/fr\/wp-content\/uploads\/2025\/02\/mclogo-300x3001-96x96.jpg","url":"https:\/\/marieclaire.be\/fr\/wp-content\/uploads\/2025\/02\/mclogo-300x3001-96x96.jpg","contentUrl":"https:\/\/marieclaire.be\/fr\/wp-content\/uploads\/2025\/02\/mclogo-300x3001-96x96.jpg","caption":"Marie Claire Partenaire"},"url":"https:\/\/marieclaire.be\/fr\/author\/marie-claire-os\/"}]}},"_links":{"self":[{"href":"https:\/\/marieclaire.be\/fr\/wp-json\/wp\/v2\/posts\/88245","targetHints":{"allow":["GET"]}}],"collection":[{"href":"https:\/\/marieclaire.be\/fr\/wp-json\/wp\/v2\/posts"}],"about":[{"href":"https:\/\/marieclaire.be\/fr\/wp-json\/wp\/v2\/types\/post"}],"author":[{"embeddable":true,"href":"https:\/\/marieclaire.be\/fr\/wp-json\/wp\/v2\/users\/44"}],"replies":[{"embeddable":true,"href":"https:\/\/marieclaire.be\/fr\/wp-json\/wp\/v2\/comments?post=88245"}],"version-history":[{"count":16,"href":"https:\/\/marieclaire.be\/fr\/wp-json\/wp\/v2\/posts\/88245\/revisions"}],"predecessor-version":[{"id":91929,"href":"https:\/\/marieclaire.be\/fr\/wp-json\/wp\/v2\/posts\/88245\/revisions\/91929"}],"wp:featuredmedia":[{"embeddable":true,"href":"https:\/\/marieclaire.be\/fr\/wp-json\/wp\/v2\/media\/88252"}],"wp:attachment":[{"href":"https:\/\/marieclaire.be\/fr\/wp-json\/wp\/v2\/media?parent=88245"}],"wp:term":[{"taxonomy":"category","embeddable":true,"href":"https:\/\/marieclaire.be\/fr\/wp-json\/wp\/v2\/categories?post=88245"},{"taxonomy":"post_tag","embeddable":true,"href":"https:\/\/marieclaire.be\/fr\/wp-json\/wp\/v2\/tags?post=88245"}],"curies":[{"name":"wp","href":"https:\/\/api.w.org\/{rel}","templated":true}]}}