{"id":87609,"date":"2020-02-27T11:27:17","date_gmt":"2020-02-27T10:27:17","guid":{"rendered":"https:\/\/marieclaire.be\/fr\/?p=87609"},"modified":"2020-02-28T11:55:48","modified_gmt":"2020-02-28T10:55:48","slug":"mode-tendances-incontournables-de-ce-printemps-ete-2020","status":"publish","type":"post","link":"https:\/\/marieclaire.be\/fr\/mode-tendances-incontournables-de-ce-printemps-ete-2020\/","title":{"rendered":"Mode : les 7 tendances incontournables de ce printemps\/\u00e9t\u00e9 2020"},"content":{"rendered":"","protected":false},"excerpt":{"rendered":"Chaque saison arrive avec son lot de nouveaut\u00e9s mode \u00e0 d\u00e9couvrir et \u00e0 tester! Si vous faites partie de ces gens toujours \u00e0 l&#8217;aff\u00fbt de la derni\u00e8re tendance et du d\u00e9tail fashion qui fera mouche, vous \u00eates au bon endroit.","protected":false},"author":19,"featured_media":87868,"comment_status":"closed","ping_status":"closed","sticky":false,"template":"","format":"standard","meta":{"_acf_changed":false,"footnotes":""},"categories":[6,24],"tags":[888,1413],"class_list":["post-87609","post","type-post","status-publish","format-standard","has-post-thumbnail","hentry","category-mode","category-tendances","tag-fashion-week","tag-street-style"],"acf":[],"_yoast_wpseo_title":null,"_yoast_wpseo_metadesc":"Chaque saison arrive avec son lot de nouveaut\u00e9s mode! Et on a d\u00e9crypt\u00e9 pour vous 7 tendances qui domineront la street ce printemps.","image_verticale":"87866","yoast_head":"<!-- This site is optimized with the Yoast SEO plugin v27.3 - https:\/\/yoast.com\/product\/yoast-seo-wordpress\/ -->\n<title>Mode : les 7 tendances incontournables de ce printemps\/\u00e9t\u00e9 2020 - Marie Claire Belgique<\/title>\n<meta name=\"description\" content=\"Chaque saison arrive avec son lot de nouveaut\u00e9s mode! Et on a d\u00e9crypt\u00e9 pour vous 7 tendances qui domineront la street ce printemps.\" \/>\n<meta name=\"robots\" content=\"index, follow, max-snippet:-1, max-image-preview:large, max-video-preview:-1\" \/>\n<link rel=\"canonical\" href=\"https:\/\/marieclaire.be\/fr\/mode-tendances-incontournables-de-ce-printemps-ete-2020\/\" \/>\n<link rel=\"next\" href=\"https:\/\/marieclaire.be\/fr\/mode-tendances-incontournables-de-ce-printemps-ete-2020\/2\/\" \/>\n<meta property=\"og:locale\" content=\"fr_FR\" \/>\n<meta property=\"og:type\" content=\"article\" \/>\n<meta property=\"og:title\" content=\"Mode : les 7 tendances incontournables de ce printemps\/\u00e9t\u00e9 2020 - Marie Claire Belgique\" \/>\n<meta property=\"og:description\" content=\"Chaque saison arrive avec son lot de nouveaut\u00e9s mode! Et on a d\u00e9crypt\u00e9 pour vous 7 tendances qui domineront la street ce printemps.\" \/>\n<meta property=\"og:url\" content=\"https:\/\/marieclaire.be\/fr\/mode-tendances-incontournables-de-ce-printemps-ete-2020\/\" \/>\n<meta property=\"og:site_name\" content=\"Marie Claire Belgique\" \/>\n<meta property=\"article:publisher\" content=\"https:\/\/www.facebook.com\/MarieClaire.Belgique\/\" \/>\n<meta property=\"article:published_time\" content=\"2020-02-27T10:27:17+00:00\" \/>\n<meta property=\"article:modified_time\" content=\"2020-02-28T10:55:48+00:00\" \/>\n<meta property=\"og:image\" content=\"https:\/\/marieclaire.be\/fr\/wp-content\/uploads\/2020\/02\/marieclaire_tendances_printemps_ete_horiz.png\" \/>\n\t<meta property=\"og:image:width\" content=\"1280\" \/>\n\t<meta property=\"og:image:height\" content=\"670\" \/>\n\t<meta property=\"og:image:type\" content=\"image\/png\" \/>\n<meta name=\"author\" content=\"Charlotte Deprez\" \/>\n<meta name=\"twitter:label1\" content=\"\u00c9crit par\" \/>\n\t<meta name=\"twitter:data1\" content=\"Charlotte Deprez\" \/>\n\t<meta name=\"twitter:label2\" content=\"Dur\u00e9e de lecture estim\u00e9e\" \/>\n\t<meta name=\"twitter:data2\" content=\"3 minutes\" \/>\n<script type=\"application\/ld+json\" class=\"yoast-schema-graph\">{\"@context\":\"https:\\\/\\\/schema.org\",\"@graph\":[{\"@type\":\"NewsArticle\",\"@id\":\"https:\\\/\\\/marieclaire.be\\\/fr\\\/mode-tendances-incontournables-de-ce-printemps-ete-2020\\\/#article\",\"isPartOf\":{\"@id\":\"https:\\\/\\\/marieclaire.be\\\/fr\\\/mode-tendances-incontournables-de-ce-printemps-ete-2020\\\/\"},\"author\":{\"name\":\"Charlotte Deprez\",\"@id\":\"https:\\\/\\\/marieclaire.be\\\/fr\\\/#\\\/schema\\\/person\\\/0f2a2faab8a1cdf67c909271eb6dcb39\"},\"headline\":\"Mode : les 7 tendances incontournables de ce printemps\\\/\u00e9t\u00e9 2020\",\"datePublished\":\"2020-02-27T10:27:17+00:00\",\"dateModified\":\"2020-02-28T10:55:48+00:00\",\"mainEntityOfPage\":{\"@id\":\"https:\\\/\\\/marieclaire.be\\\/fr\\\/mode-tendances-incontournables-de-ce-printemps-ete-2020\\\/\"},\"wordCount\":598,\"publisher\":{\"@id\":\"https:\\\/\\\/marieclaire.be\\\/fr\\\/#organization\"},\"image\":{\"@id\":\"https:\\\/\\\/marieclaire.be\\\/fr\\\/mode-tendances-incontournables-de-ce-printemps-ete-2020\\\/#primaryimage\"},\"thumbnailUrl\":\"https:\\\/\\\/marieclaire.be\\\/fr\\\/wp-content\\\/uploads\\\/2020\\\/02\\\/marieclaire_tendances_printemps_ete_horiz.png\",\"keywords\":[\"fashion week\",\"street style\"],\"articleSection\":[\"Mode\",\"Tendances\"],\"inLanguage\":\"fr-FR\"},{\"@type\":\"WebPage\",\"@id\":\"https:\\\/\\\/marieclaire.be\\\/fr\\\/mode-tendances-incontournables-de-ce-printemps-ete-2020\\\/\",\"url\":\"https:\\\/\\\/marieclaire.be\\\/fr\\\/mode-tendances-incontournables-de-ce-printemps-ete-2020\\\/\",\"name\":\"Mode : les 7 tendances incontournables de ce printemps\\\/\u00e9t\u00e9 2020 - Marie Claire Belgique\",\"isPartOf\":{\"@id\":\"https:\\\/\\\/marieclaire.be\\\/fr\\\/#website\"},\"primaryImageOfPage\":{\"@id\":\"https:\\\/\\\/marieclaire.be\\\/fr\\\/mode-tendances-incontournables-de-ce-printemps-ete-2020\\\/#primaryimage\"},\"image\":{\"@id\":\"https:\\\/\\\/marieclaire.be\\\/fr\\\/mode-tendances-incontournables-de-ce-printemps-ete-2020\\\/#primaryimage\"},\"thumbnailUrl\":\"https:\\\/\\\/marieclaire.be\\\/fr\\\/wp-content\\\/uploads\\\/2020\\\/02\\\/marieclaire_tendances_printemps_ete_horiz.png\",\"datePublished\":\"2020-02-27T10:27:17+00:00\",\"dateModified\":\"2020-02-28T10:55:48+00:00\",\"description\":\"Chaque saison arrive avec son lot de nouveaut\u00e9s mode! Et on a d\u00e9crypt\u00e9 pour vous 7 tendances qui domineront la street ce printemps.\",\"inLanguage\":\"fr-FR\",\"potentialAction\":[{\"@type\":\"ReadAction\",\"target\":[\"https:\\\/\\\/marieclaire.be\\\/fr\\\/mode-tendances-incontournables-de-ce-printemps-ete-2020\\\/\"]}]},{\"@type\":\"ImageObject\",\"inLanguage\":\"fr-FR\",\"@id\":\"https:\\\/\\\/marieclaire.be\\\/fr\\\/mode-tendances-incontournables-de-ce-printemps-ete-2020\\\/#primaryimage\",\"url\":\"https:\\\/\\\/marieclaire.be\\\/fr\\\/wp-content\\\/uploads\\\/2020\\\/02\\\/marieclaire_tendances_printemps_ete_horiz.png\",\"contentUrl\":\"https:\\\/\\\/marieclaire.be\\\/fr\\\/wp-content\\\/uploads\\\/2020\\\/02\\\/marieclaire_tendances_printemps_ete_horiz.png\",\"width\":1280,\"height\":670,\"caption\":\"Mode : les 7 tendances incontournables de ce printemps\\\/\u00e9t\u00e9 2020\"},{\"@type\":\"WebSite\",\"@id\":\"https:\\\/\\\/marieclaire.be\\\/fr\\\/#website\",\"url\":\"https:\\\/\\\/marieclaire.be\\\/fr\\\/\",\"name\":\"Marie Claire Belgique\",\"description\":\"Marie Claire Belgique, le magazine du style et de l\u2019intelligence qui parle de mode, des tendances, de la beaut\u00e9, de l\u2019actualit\u00e9 et de la culture\",\"publisher\":{\"@id\":\"https:\\\/\\\/marieclaire.be\\\/fr\\\/#organization\"},\"potentialAction\":[{\"@type\":\"SearchAction\",\"target\":{\"@type\":\"EntryPoint\",\"urlTemplate\":\"https:\\\/\\\/marieclaire.be\\\/fr\\\/?s={search_term_string}\"},\"query-input\":{\"@type\":\"PropertyValueSpecification\",\"valueRequired\":true,\"valueName\":\"search_term_string\"}}],\"inLanguage\":\"fr-FR\"},{\"@type\":\"Organization\",\"@id\":\"https:\\\/\\\/marieclaire.be\\\/fr\\\/#organization\",\"name\":\"Marie Claire\",\"url\":\"https:\\\/\\\/marieclaire.be\\\/fr\\\/\",\"logo\":{\"@type\":\"ImageObject\",\"inLanguage\":\"fr-FR\",\"@id\":\"https:\\\/\\\/marieclaire.be\\\/fr\\\/#\\\/schema\\\/logo\\\/image\\\/\",\"url\":\"https:\\\/\\\/marieclaire.be\\\/fr\\\/wp-content\\\/uploads\\\/2018\\\/05\\\/mc-logo2.png\",\"contentUrl\":\"https:\\\/\\\/marieclaire.be\\\/fr\\\/wp-content\\\/uploads\\\/2018\\\/05\\\/mc-logo2.png\",\"width\":1001,\"height\":189,\"caption\":\"Marie Claire\"},\"image\":{\"@id\":\"https:\\\/\\\/marieclaire.be\\\/fr\\\/#\\\/schema\\\/logo\\\/image\\\/\"},\"sameAs\":[\"https:\\\/\\\/www.facebook.com\\\/MarieClaire.Belgique\\\/\",\"https:\\\/\\\/www.instagram.com\\\/marieclaire_belgique\\\/\",\"https:\\\/\\\/fr.pinterest.com\\\/marieclairebe\\\/\",\"https:\\\/\\\/www.youtube.com\\\/user\\\/BelgiumMarieClaire\"]},{\"@type\":\"Person\",\"@id\":\"https:\\\/\\\/marieclaire.be\\\/fr\\\/#\\\/schema\\\/person\\\/0f2a2faab8a1cdf67c909271eb6dcb39\",\"name\":\"Charlotte Deprez\",\"image\":{\"@type\":\"ImageObject\",\"inLanguage\":\"fr-FR\",\"@id\":\"https:\\\/\\\/marieclaire.be\\\/fr\\\/wp-content\\\/uploads\\\/2019\\\/09\\\/charlotte_deprez-96x96.jpg\",\"url\":\"https:\\\/\\\/marieclaire.be\\\/fr\\\/wp-content\\\/uploads\\\/2019\\\/09\\\/charlotte_deprez-96x96.jpg\",\"contentUrl\":\"https:\\\/\\\/marieclaire.be\\\/fr\\\/wp-content\\\/uploads\\\/2019\\\/09\\\/charlotte_deprez-96x96.jpg\",\"caption\":\"Charlotte Deprez\"},\"description\":\"Foodie assum\u00e9e, obs\u00e9d\u00e9e par les voyages, la photographie et la tech, toujours \u00e0 l'aff\u00fbt de la derni\u00e8re tendance Instagram qui va r\u00e9volutionner le monde.\",\"sameAs\":[\"http:\\\/\\\/www.thetinynomad.com\",\"https:\\\/\\\/www.instagram.com\\\/thetinynomad\",\"https:\\\/\\\/be.linkedin.com\\\/in\\\/charlottedeprez\",\"https:\\\/\\\/fr.pinterest.com\\\/chadeprez\\\/\",\"https:\\\/\\\/x.com\\\/chadeprez\"],\"url\":\"https:\\\/\\\/marieclaire.be\\\/fr\\\/author\\\/charlotte\\\/\"}]}<\/script>\n<!-- \/ Yoast SEO plugin. -->","yoast_head_json":{"title":"Mode : les 7 tendances incontournables de ce printemps\/\u00e9t\u00e9 2020 - Marie Claire Belgique","description":"Chaque saison arrive avec son lot de nouveaut\u00e9s mode! Et on a d\u00e9crypt\u00e9 pour vous 7 tendances qui domineront la street ce printemps.","robots":{"index":"index","follow":"follow","max-snippet":"max-snippet:-1","max-image-preview":"max-image-preview:large","max-video-preview":"max-video-preview:-1"},"canonical":"https:\/\/marieclaire.be\/fr\/mode-tendances-incontournables-de-ce-printemps-ete-2020\/","next":"https:\/\/marieclaire.be\/fr\/mode-tendances-incontournables-de-ce-printemps-ete-2020\/2\/","og_locale":"fr_FR","og_type":"article","og_title":"Mode : les 7 tendances incontournables de ce printemps\/\u00e9t\u00e9 2020 - Marie Claire Belgique","og_description":"Chaque saison arrive avec son lot de nouveaut\u00e9s mode! Et on a d\u00e9crypt\u00e9 pour vous 7 tendances qui domineront la street ce printemps.","og_url":"https:\/\/marieclaire.be\/fr\/mode-tendances-incontournables-de-ce-printemps-ete-2020\/","og_site_name":"Marie Claire Belgique","article_publisher":"https:\/\/www.facebook.com\/MarieClaire.Belgique\/","article_published_time":"2020-02-27T10:27:17+00:00","article_modified_time":"2020-02-28T10:55:48+00:00","og_image":[{"width":1280,"height":670,"url":"https:\/\/marieclaire.be\/fr\/wp-content\/uploads\/2020\/02\/marieclaire_tendances_printemps_ete_horiz.png","type":"image\/png"}],"author":"Charlotte Deprez","twitter_misc":{"\u00c9crit par":"Charlotte Deprez","Dur\u00e9e de lecture estim\u00e9e":"3 minutes"},"schema":{"@context":"https:\/\/schema.org","@graph":[{"@type":"NewsArticle","@id":"https:\/\/marieclaire.be\/fr\/mode-tendances-incontournables-de-ce-printemps-ete-2020\/#article","isPartOf":{"@id":"https:\/\/marieclaire.be\/fr\/mode-tendances-incontournables-de-ce-printemps-ete-2020\/"},"author":{"name":"Charlotte Deprez","@id":"https:\/\/marieclaire.be\/fr\/#\/schema\/person\/0f2a2faab8a1cdf67c909271eb6dcb39"},"headline":"Mode : les 7 tendances incontournables de ce printemps\/\u00e9t\u00e9 2020","datePublished":"2020-02-27T10:27:17+00:00","dateModified":"2020-02-28T10:55:48+00:00","mainEntityOfPage":{"@id":"https:\/\/marieclaire.be\/fr\/mode-tendances-incontournables-de-ce-printemps-ete-2020\/"},"wordCount":598,"publisher":{"@id":"https:\/\/marieclaire.be\/fr\/#organization"},"image":{"@id":"https:\/\/marieclaire.be\/fr\/mode-tendances-incontournables-de-ce-printemps-ete-2020\/#primaryimage"},"thumbnailUrl":"https:\/\/marieclaire.be\/fr\/wp-content\/uploads\/2020\/02\/marieclaire_tendances_printemps_ete_horiz.png","keywords":["fashion week","street style"],"articleSection":["Mode","Tendances"],"inLanguage":"fr-FR"},{"@type":"WebPage","@id":"https:\/\/marieclaire.be\/fr\/mode-tendances-incontournables-de-ce-printemps-ete-2020\/","url":"https:\/\/marieclaire.be\/fr\/mode-tendances-incontournables-de-ce-printemps-ete-2020\/","name":"Mode : les 7 tendances incontournables de ce printemps\/\u00e9t\u00e9 2020 - Marie Claire Belgique","isPartOf":{"@id":"https:\/\/marieclaire.be\/fr\/#website"},"primaryImageOfPage":{"@id":"https:\/\/marieclaire.be\/fr\/mode-tendances-incontournables-de-ce-printemps-ete-2020\/#primaryimage"},"image":{"@id":"https:\/\/marieclaire.be\/fr\/mode-tendances-incontournables-de-ce-printemps-ete-2020\/#primaryimage"},"thumbnailUrl":"https:\/\/marieclaire.be\/fr\/wp-content\/uploads\/2020\/02\/marieclaire_tendances_printemps_ete_horiz.png","datePublished":"2020-02-27T10:27:17+00:00","dateModified":"2020-02-28T10:55:48+00:00","description":"Chaque saison arrive avec son lot de nouveaut\u00e9s mode! Et on a d\u00e9crypt\u00e9 pour vous 7 tendances qui domineront la street ce printemps.","inLanguage":"fr-FR","potentialAction":[{"@type":"ReadAction","target":["https:\/\/marieclaire.be\/fr\/mode-tendances-incontournables-de-ce-printemps-ete-2020\/"]}]},{"@type":"ImageObject","inLanguage":"fr-FR","@id":"https:\/\/marieclaire.be\/fr\/mode-tendances-incontournables-de-ce-printemps-ete-2020\/#primaryimage","url":"https:\/\/marieclaire.be\/fr\/wp-content\/uploads\/2020\/02\/marieclaire_tendances_printemps_ete_horiz.png","contentUrl":"https:\/\/marieclaire.be\/fr\/wp-content\/uploads\/2020\/02\/marieclaire_tendances_printemps_ete_horiz.png","width":1280,"height":670,"caption":"Mode : les 7 tendances incontournables de ce printemps\/\u00e9t\u00e9 2020"},{"@type":"WebSite","@id":"https:\/\/marieclaire.be\/fr\/#website","url":"https:\/\/marieclaire.be\/fr\/","name":"Marie Claire Belgique","description":"Marie Claire Belgique, le magazine du style et de l\u2019intelligence qui parle de mode, des tendances, de la beaut\u00e9, de l\u2019actualit\u00e9 et de la culture","publisher":{"@id":"https:\/\/marieclaire.be\/fr\/#organization"},"potentialAction":[{"@type":"SearchAction","target":{"@type":"EntryPoint","urlTemplate":"https:\/\/marieclaire.be\/fr\/?s={search_term_string}"},"query-input":{"@type":"PropertyValueSpecification","valueRequired":true,"valueName":"search_term_string"}}],"inLanguage":"fr-FR"},{"@type":"Organization","@id":"https:\/\/marieclaire.be\/fr\/#organization","name":"Marie Claire","url":"https:\/\/marieclaire.be\/fr\/","logo":{"@type":"ImageObject","inLanguage":"fr-FR","@id":"https:\/\/marieclaire.be\/fr\/#\/schema\/logo\/image\/","url":"https:\/\/marieclaire.be\/fr\/wp-content\/uploads\/2018\/05\/mc-logo2.png","contentUrl":"https:\/\/marieclaire.be\/fr\/wp-content\/uploads\/2018\/05\/mc-logo2.png","width":1001,"height":189,"caption":"Marie Claire"},"image":{"@id":"https:\/\/marieclaire.be\/fr\/#\/schema\/logo\/image\/"},"sameAs":["https:\/\/www.facebook.com\/MarieClaire.Belgique\/","https:\/\/www.instagram.com\/marieclaire_belgique\/","https:\/\/fr.pinterest.com\/marieclairebe\/","https:\/\/www.youtube.com\/user\/BelgiumMarieClaire"]},{"@type":"Person","@id":"https:\/\/marieclaire.be\/fr\/#\/schema\/person\/0f2a2faab8a1cdf67c909271eb6dcb39","name":"Charlotte Deprez","image":{"@type":"ImageObject","inLanguage":"fr-FR","@id":"https:\/\/marieclaire.be\/fr\/wp-content\/uploads\/2019\/09\/charlotte_deprez-96x96.jpg","url":"https:\/\/marieclaire.be\/fr\/wp-content\/uploads\/2019\/09\/charlotte_deprez-96x96.jpg","contentUrl":"https:\/\/marieclaire.be\/fr\/wp-content\/uploads\/2019\/09\/charlotte_deprez-96x96.jpg","caption":"Charlotte Deprez"},"description":"Foodie assum\u00e9e, obs\u00e9d\u00e9e par les voyages, la photographie et la tech, toujours \u00e0 l'aff\u00fbt de la derni\u00e8re tendance Instagram qui va r\u00e9volutionner le monde.","sameAs":["http:\/\/www.thetinynomad.com","https:\/\/www.instagram.com\/thetinynomad","https:\/\/be.linkedin.com\/in\/charlottedeprez","https:\/\/fr.pinterest.com\/chadeprez\/","https:\/\/x.com\/chadeprez"],"url":"https:\/\/marieclaire.be\/fr\/author\/charlotte\/"}]}},"_links":{"self":[{"href":"https:\/\/marieclaire.be\/fr\/wp-json\/wp\/v2\/posts\/87609","targetHints":{"allow":["GET"]}}],"collection":[{"href":"https:\/\/marieclaire.be\/fr\/wp-json\/wp\/v2\/posts"}],"about":[{"href":"https:\/\/marieclaire.be\/fr\/wp-json\/wp\/v2\/types\/post"}],"author":[{"embeddable":true,"href":"https:\/\/marieclaire.be\/fr\/wp-json\/wp\/v2\/users\/19"}],"replies":[{"embeddable":true,"href":"https:\/\/marieclaire.be\/fr\/wp-json\/wp\/v2\/comments?post=87609"}],"version-history":[{"count":16,"href":"https:\/\/marieclaire.be\/fr\/wp-json\/wp\/v2\/posts\/87609\/revisions"}],"predecessor-version":[{"id":87874,"href":"https:\/\/marieclaire.be\/fr\/wp-json\/wp\/v2\/posts\/87609\/revisions\/87874"}],"wp:featuredmedia":[{"embeddable":true,"href":"https:\/\/marieclaire.be\/fr\/wp-json\/wp\/v2\/media\/87868"}],"wp:attachment":[{"href":"https:\/\/marieclaire.be\/fr\/wp-json\/wp\/v2\/media?parent=87609"}],"wp:term":[{"taxonomy":"category","embeddable":true,"href":"https:\/\/marieclaire.be\/fr\/wp-json\/wp\/v2\/categories?post=87609"},{"taxonomy":"post_tag","embeddable":true,"href":"https:\/\/marieclaire.be\/fr\/wp-json\/wp\/v2\/tags?post=87609"}],"curies":[{"name":"wp","href":"https:\/\/api.w.org\/{rel}","templated":true}]}}