{"id":8667,"date":"2017-01-28T13:44:31","date_gmt":"2017-01-28T12:44:31","guid":{"rendered":"http:\/\/marieclaire.be\/fr\/?p=8667"},"modified":"2017-02-08T10:28:36","modified_gmt":"2017-02-08T09:28:36","slug":"gigi-hadid-x-tommy-hilfiger","status":"publish","type":"post","link":"https:\/\/marieclaire.be\/fr\/gigi-hadid-x-tommy-hilfiger\/","title":{"rendered":"Gigi Hadid x Tommy Hilfiger: l&#8217;esprit californien \u00e0 l&#8217;honneur"},"content":{"rendered":"","protected":false},"excerpt":{"rendered":"Summer of love, tel est le th\u00e8me de la deuxi\u00e8me collection capsule TommyXGigi. ...","protected":false},"author":2,"featured_media":8716,"comment_status":"closed","ping_status":"open","sticky":false,"template":"","format":"standard","meta":{"_acf_changed":false,"footnotes":""},"categories":[23,6],"tags":[873,225,948,122,949],"class_list":["post-8667","post","type-post","status-publish","format-standard","has-post-thumbnail","hentry","category-designers","category-mode","tag-californie","tag-collab","tag-gigi-hadid","tag-mode","tag-tommy-hilfiger"],"acf":[],"_yoast_wpseo_title":null,"_yoast_wpseo_metadesc":"Summer of love est le th\u00e8me de la 2e collection capsule TommyXGigi. D\u00e9couvrez en images la collection de Tommy Hilfiger avec la top model Gigi Hadid!","image_verticale":null,"yoast_head":"<!-- This site is optimized with the Yoast SEO plugin v27.3 - https:\/\/yoast.com\/product\/yoast-seo-wordpress\/ -->\n<title>Gigi Hadid x Tommy Hilfiger: l&#039;esprit californien \u00e0 l&#039;honneur - Marie Claire Belgique<\/title>\n<meta name=\"description\" content=\"Summer of love est le th\u00e8me de la 2e collection capsule TommyXGigi. D\u00e9couvrez en images la collection de Tommy Hilfiger avec la top model Gigi Hadid!\" \/>\n<meta name=\"robots\" content=\"index, follow, max-snippet:-1, max-image-preview:large, max-video-preview:-1\" \/>\n<link rel=\"canonical\" href=\"https:\/\/marieclaire.be\/fr\/gigi-hadid-x-tommy-hilfiger\/\" \/>\n<meta property=\"og:locale\" content=\"fr_FR\" \/>\n<meta property=\"og:type\" content=\"article\" \/>\n<meta property=\"og:title\" content=\"Gigi Hadid x Tommy Hilfiger: l&#039;esprit californien \u00e0 l&#039;honneur - Marie Claire Belgique\" \/>\n<meta property=\"og:description\" content=\"Summer of love est le th\u00e8me de la 2e collection capsule TommyXGigi. D\u00e9couvrez en images la collection de Tommy Hilfiger avec la top model Gigi Hadid!\" \/>\n<meta property=\"og:url\" content=\"https:\/\/marieclaire.be\/fr\/gigi-hadid-x-tommy-hilfiger\/\" \/>\n<meta property=\"og:site_name\" content=\"Marie Claire Belgique\" \/>\n<meta property=\"article:publisher\" content=\"https:\/\/www.facebook.com\/MarieClaire.Belgique\/\" \/>\n<meta property=\"article:published_time\" content=\"2017-01-28T12:44:31+00:00\" \/>\n<meta property=\"article:modified_time\" content=\"2017-02-08T09:28:36+00:00\" \/>\n<meta property=\"og:image\" content=\"https:\/\/marieclaire.be\/fr\/wp-content\/uploads\/2017\/01\/tommyhilfigergigihadid.jpg\" \/>\n\t<meta property=\"og:image:width\" content=\"690\" \/>\n\t<meta property=\"og:image:height\" content=\"361\" \/>\n\t<meta property=\"og:image:type\" content=\"image\/jpeg\" \/>\n<meta name=\"author\" content=\"Marieclaire\" \/>\n<meta name=\"twitter:label1\" content=\"\u00c9crit par\" \/>\n\t<meta name=\"twitter:data1\" content=\"Marieclaire\" \/>\n\t<meta name=\"twitter:label2\" content=\"Dur\u00e9e de lecture estim\u00e9e\" \/>\n\t<meta name=\"twitter:data2\" content=\"2 minutes\" \/>\n<script type=\"application\/ld+json\" class=\"yoast-schema-graph\">{\"@context\":\"https:\\\/\\\/schema.org\",\"@graph\":[{\"@type\":\"NewsArticle\",\"@id\":\"https:\\\/\\\/marieclaire.be\\\/fr\\\/gigi-hadid-x-tommy-hilfiger\\\/#article\",\"isPartOf\":{\"@id\":\"https:\\\/\\\/marieclaire.be\\\/fr\\\/gigi-hadid-x-tommy-hilfiger\\\/\"},\"author\":{\"name\":\"Marieclaire\",\"@id\":\"https:\\\/\\\/marieclaire.be\\\/fr\\\/#\\\/schema\\\/person\\\/be1fb0a9a9509ad07ea6321bf4bf3524\"},\"headline\":\"Gigi Hadid x Tommy Hilfiger: l&#8217;esprit californien \u00e0 l&#8217;honneur\",\"datePublished\":\"2017-01-28T12:44:31+00:00\",\"dateModified\":\"2017-02-08T09:28:36+00:00\",\"mainEntityOfPage\":{\"@id\":\"https:\\\/\\\/marieclaire.be\\\/fr\\\/gigi-hadid-x-tommy-hilfiger\\\/\"},\"wordCount\":355,\"publisher\":{\"@id\":\"https:\\\/\\\/marieclaire.be\\\/fr\\\/#organization\"},\"image\":{\"@id\":\"https:\\\/\\\/marieclaire.be\\\/fr\\\/gigi-hadid-x-tommy-hilfiger\\\/#primaryimage\"},\"thumbnailUrl\":\"https:\\\/\\\/marieclaire.be\\\/fr\\\/wp-content\\\/uploads\\\/2017\\\/01\\\/tommyhilfigergigihadid.jpg\",\"keywords\":[\"Californie\",\"Collab\",\"gigi hadid\",\"mode\",\"tommy hilfiger\"],\"articleSection\":[\"Designers\",\"Mode\"],\"inLanguage\":\"fr-FR\"},{\"@type\":\"WebPage\",\"@id\":\"https:\\\/\\\/marieclaire.be\\\/fr\\\/gigi-hadid-x-tommy-hilfiger\\\/\",\"url\":\"https:\\\/\\\/marieclaire.be\\\/fr\\\/gigi-hadid-x-tommy-hilfiger\\\/\",\"name\":\"Gigi Hadid x Tommy Hilfiger: l'esprit californien \u00e0 l'honneur - Marie Claire Belgique\",\"isPartOf\":{\"@id\":\"https:\\\/\\\/marieclaire.be\\\/fr\\\/#website\"},\"primaryImageOfPage\":{\"@id\":\"https:\\\/\\\/marieclaire.be\\\/fr\\\/gigi-hadid-x-tommy-hilfiger\\\/#primaryimage\"},\"image\":{\"@id\":\"https:\\\/\\\/marieclaire.be\\\/fr\\\/gigi-hadid-x-tommy-hilfiger\\\/#primaryimage\"},\"thumbnailUrl\":\"https:\\\/\\\/marieclaire.be\\\/fr\\\/wp-content\\\/uploads\\\/2017\\\/01\\\/tommyhilfigergigihadid.jpg\",\"datePublished\":\"2017-01-28T12:44:31+00:00\",\"dateModified\":\"2017-02-08T09:28:36+00:00\",\"description\":\"Summer of love est le th\u00e8me de la 2e collection capsule TommyXGigi. D\u00e9couvrez en images la collection de Tommy Hilfiger avec la top model Gigi Hadid!\",\"breadcrumb\":{\"@id\":\"https:\\\/\\\/marieclaire.be\\\/fr\\\/gigi-hadid-x-tommy-hilfiger\\\/#breadcrumb\"},\"inLanguage\":\"fr-FR\",\"potentialAction\":[{\"@type\":\"ReadAction\",\"target\":[\"https:\\\/\\\/marieclaire.be\\\/fr\\\/gigi-hadid-x-tommy-hilfiger\\\/\"]}]},{\"@type\":\"ImageObject\",\"inLanguage\":\"fr-FR\",\"@id\":\"https:\\\/\\\/marieclaire.be\\\/fr\\\/gigi-hadid-x-tommy-hilfiger\\\/#primaryimage\",\"url\":\"https:\\\/\\\/marieclaire.be\\\/fr\\\/wp-content\\\/uploads\\\/2017\\\/01\\\/tommyhilfigergigihadid.jpg\",\"contentUrl\":\"https:\\\/\\\/marieclaire.be\\\/fr\\\/wp-content\\\/uploads\\\/2017\\\/01\\\/tommyhilfigergigihadid.jpg\",\"width\":690,\"height\":361,\"caption\":\"gigi hadid\"},{\"@type\":\"BreadcrumbList\",\"@id\":\"https:\\\/\\\/marieclaire.be\\\/fr\\\/gigi-hadid-x-tommy-hilfiger\\\/#breadcrumb\",\"itemListElement\":[{\"@type\":\"ListItem\",\"position\":1,\"name\":\"Accueil\",\"item\":\"https:\\\/\\\/marieclaire.be\\\/fr\\\/\"},{\"@type\":\"ListItem\",\"position\":2,\"name\":\"Gigi Hadid x Tommy Hilfiger: l&rsquo;esprit californien \u00e0 l&rsquo;honneur\"}]},{\"@type\":\"WebSite\",\"@id\":\"https:\\\/\\\/marieclaire.be\\\/fr\\\/#website\",\"url\":\"https:\\\/\\\/marieclaire.be\\\/fr\\\/\",\"name\":\"Marie Claire Belgique\",\"description\":\"Marie Claire Belgique, le magazine du style et de l\u2019intelligence qui parle de mode, des tendances, de la beaut\u00e9, de l\u2019actualit\u00e9 et de la culture\",\"publisher\":{\"@id\":\"https:\\\/\\\/marieclaire.be\\\/fr\\\/#organization\"},\"potentialAction\":[{\"@type\":\"SearchAction\",\"target\":{\"@type\":\"EntryPoint\",\"urlTemplate\":\"https:\\\/\\\/marieclaire.be\\\/fr\\\/?s={search_term_string}\"},\"query-input\":{\"@type\":\"PropertyValueSpecification\",\"valueRequired\":true,\"valueName\":\"search_term_string\"}}],\"inLanguage\":\"fr-FR\"},{\"@type\":\"Organization\",\"@id\":\"https:\\\/\\\/marieclaire.be\\\/fr\\\/#organization\",\"name\":\"Marie Claire\",\"url\":\"https:\\\/\\\/marieclaire.be\\\/fr\\\/\",\"logo\":{\"@type\":\"ImageObject\",\"inLanguage\":\"fr-FR\",\"@id\":\"https:\\\/\\\/marieclaire.be\\\/fr\\\/#\\\/schema\\\/logo\\\/image\\\/\",\"url\":\"https:\\\/\\\/marieclaire.be\\\/fr\\\/wp-content\\\/uploads\\\/2018\\\/05\\\/mc-logo2.png\",\"contentUrl\":\"https:\\\/\\\/marieclaire.be\\\/fr\\\/wp-content\\\/uploads\\\/2018\\\/05\\\/mc-logo2.png\",\"width\":1001,\"height\":189,\"caption\":\"Marie Claire\"},\"image\":{\"@id\":\"https:\\\/\\\/marieclaire.be\\\/fr\\\/#\\\/schema\\\/logo\\\/image\\\/\"},\"sameAs\":[\"https:\\\/\\\/www.facebook.com\\\/MarieClaire.Belgique\\\/\",\"https:\\\/\\\/www.instagram.com\\\/marieclaire_belgique\\\/\",\"https:\\\/\\\/fr.pinterest.com\\\/marieclairebe\\\/\",\"https:\\\/\\\/www.youtube.com\\\/user\\\/BelgiumMarieClaire\"]},{\"@type\":\"Person\",\"@id\":\"https:\\\/\\\/marieclaire.be\\\/fr\\\/#\\\/schema\\\/person\\\/be1fb0a9a9509ad07ea6321bf4bf3524\",\"name\":\"Marieclaire\",\"image\":{\"@type\":\"ImageObject\",\"inLanguage\":\"fr-FR\",\"@id\":\"https:\\\/\\\/marieclaire.be\\\/fr\\\/wp-content\\\/uploads\\\/2016\\\/11\\\/mclogo-96x96.jpg\",\"url\":\"https:\\\/\\\/marieclaire.be\\\/fr\\\/wp-content\\\/uploads\\\/2016\\\/11\\\/mclogo-96x96.jpg\",\"contentUrl\":\"https:\\\/\\\/marieclaire.be\\\/fr\\\/wp-content\\\/uploads\\\/2016\\\/11\\\/mclogo-96x96.jpg\",\"caption\":\"Marieclaire\"},\"url\":\"https:\\\/\\\/marieclaire.be\\\/fr\\\/author\\\/marieclaire\\\/\"}]}<\/script>\n<!-- \/ Yoast SEO plugin. -->","yoast_head_json":{"title":"Gigi Hadid x Tommy Hilfiger: l'esprit californien \u00e0 l'honneur - Marie Claire Belgique","description":"Summer of love est le th\u00e8me de la 2e collection capsule TommyXGigi. D\u00e9couvrez en images la collection de Tommy Hilfiger avec la top model Gigi Hadid!","robots":{"index":"index","follow":"follow","max-snippet":"max-snippet:-1","max-image-preview":"max-image-preview:large","max-video-preview":"max-video-preview:-1"},"canonical":"https:\/\/marieclaire.be\/fr\/gigi-hadid-x-tommy-hilfiger\/","og_locale":"fr_FR","og_type":"article","og_title":"Gigi Hadid x Tommy Hilfiger: l'esprit californien \u00e0 l'honneur - Marie Claire Belgique","og_description":"Summer of love est le th\u00e8me de la 2e collection capsule TommyXGigi. D\u00e9couvrez en images la collection de Tommy Hilfiger avec la top model Gigi Hadid!","og_url":"https:\/\/marieclaire.be\/fr\/gigi-hadid-x-tommy-hilfiger\/","og_site_name":"Marie Claire Belgique","article_publisher":"https:\/\/www.facebook.com\/MarieClaire.Belgique\/","article_published_time":"2017-01-28T12:44:31+00:00","article_modified_time":"2017-02-08T09:28:36+00:00","og_image":[{"width":690,"height":361,"url":"https:\/\/marieclaire.be\/fr\/wp-content\/uploads\/2017\/01\/tommyhilfigergigihadid.jpg","type":"image\/jpeg"}],"author":"Marieclaire","twitter_misc":{"\u00c9crit par":"Marieclaire","Dur\u00e9e de lecture estim\u00e9e":"2 minutes"},"schema":{"@context":"https:\/\/schema.org","@graph":[{"@type":"NewsArticle","@id":"https:\/\/marieclaire.be\/fr\/gigi-hadid-x-tommy-hilfiger\/#article","isPartOf":{"@id":"https:\/\/marieclaire.be\/fr\/gigi-hadid-x-tommy-hilfiger\/"},"author":{"name":"Marieclaire","@id":"https:\/\/marieclaire.be\/fr\/#\/schema\/person\/be1fb0a9a9509ad07ea6321bf4bf3524"},"headline":"Gigi Hadid x Tommy Hilfiger: l&#8217;esprit californien \u00e0 l&#8217;honneur","datePublished":"2017-01-28T12:44:31+00:00","dateModified":"2017-02-08T09:28:36+00:00","mainEntityOfPage":{"@id":"https:\/\/marieclaire.be\/fr\/gigi-hadid-x-tommy-hilfiger\/"},"wordCount":355,"publisher":{"@id":"https:\/\/marieclaire.be\/fr\/#organization"},"image":{"@id":"https:\/\/marieclaire.be\/fr\/gigi-hadid-x-tommy-hilfiger\/#primaryimage"},"thumbnailUrl":"https:\/\/marieclaire.be\/fr\/wp-content\/uploads\/2017\/01\/tommyhilfigergigihadid.jpg","keywords":["Californie","Collab","gigi hadid","mode","tommy hilfiger"],"articleSection":["Designers","Mode"],"inLanguage":"fr-FR"},{"@type":"WebPage","@id":"https:\/\/marieclaire.be\/fr\/gigi-hadid-x-tommy-hilfiger\/","url":"https:\/\/marieclaire.be\/fr\/gigi-hadid-x-tommy-hilfiger\/","name":"Gigi Hadid x Tommy Hilfiger: l'esprit californien \u00e0 l'honneur - Marie Claire Belgique","isPartOf":{"@id":"https:\/\/marieclaire.be\/fr\/#website"},"primaryImageOfPage":{"@id":"https:\/\/marieclaire.be\/fr\/gigi-hadid-x-tommy-hilfiger\/#primaryimage"},"image":{"@id":"https:\/\/marieclaire.be\/fr\/gigi-hadid-x-tommy-hilfiger\/#primaryimage"},"thumbnailUrl":"https:\/\/marieclaire.be\/fr\/wp-content\/uploads\/2017\/01\/tommyhilfigergigihadid.jpg","datePublished":"2017-01-28T12:44:31+00:00","dateModified":"2017-02-08T09:28:36+00:00","description":"Summer of love est le th\u00e8me de la 2e collection capsule TommyXGigi. D\u00e9couvrez en images la collection de Tommy Hilfiger avec la top model Gigi Hadid!","breadcrumb":{"@id":"https:\/\/marieclaire.be\/fr\/gigi-hadid-x-tommy-hilfiger\/#breadcrumb"},"inLanguage":"fr-FR","potentialAction":[{"@type":"ReadAction","target":["https:\/\/marieclaire.be\/fr\/gigi-hadid-x-tommy-hilfiger\/"]}]},{"@type":"ImageObject","inLanguage":"fr-FR","@id":"https:\/\/marieclaire.be\/fr\/gigi-hadid-x-tommy-hilfiger\/#primaryimage","url":"https:\/\/marieclaire.be\/fr\/wp-content\/uploads\/2017\/01\/tommyhilfigergigihadid.jpg","contentUrl":"https:\/\/marieclaire.be\/fr\/wp-content\/uploads\/2017\/01\/tommyhilfigergigihadid.jpg","width":690,"height":361,"caption":"gigi hadid"},{"@type":"BreadcrumbList","@id":"https:\/\/marieclaire.be\/fr\/gigi-hadid-x-tommy-hilfiger\/#breadcrumb","itemListElement":[{"@type":"ListItem","position":1,"name":"Accueil","item":"https:\/\/marieclaire.be\/fr\/"},{"@type":"ListItem","position":2,"name":"Gigi Hadid x Tommy Hilfiger: l&rsquo;esprit californien \u00e0 l&rsquo;honneur"}]},{"@type":"WebSite","@id":"https:\/\/marieclaire.be\/fr\/#website","url":"https:\/\/marieclaire.be\/fr\/","name":"Marie Claire Belgique","description":"Marie Claire Belgique, le magazine du style et de l\u2019intelligence qui parle de mode, des tendances, de la beaut\u00e9, de l\u2019actualit\u00e9 et de la culture","publisher":{"@id":"https:\/\/marieclaire.be\/fr\/#organization"},"potentialAction":[{"@type":"SearchAction","target":{"@type":"EntryPoint","urlTemplate":"https:\/\/marieclaire.be\/fr\/?s={search_term_string}"},"query-input":{"@type":"PropertyValueSpecification","valueRequired":true,"valueName":"search_term_string"}}],"inLanguage":"fr-FR"},{"@type":"Organization","@id":"https:\/\/marieclaire.be\/fr\/#organization","name":"Marie Claire","url":"https:\/\/marieclaire.be\/fr\/","logo":{"@type":"ImageObject","inLanguage":"fr-FR","@id":"https:\/\/marieclaire.be\/fr\/#\/schema\/logo\/image\/","url":"https:\/\/marieclaire.be\/fr\/wp-content\/uploads\/2018\/05\/mc-logo2.png","contentUrl":"https:\/\/marieclaire.be\/fr\/wp-content\/uploads\/2018\/05\/mc-logo2.png","width":1001,"height":189,"caption":"Marie Claire"},"image":{"@id":"https:\/\/marieclaire.be\/fr\/#\/schema\/logo\/image\/"},"sameAs":["https:\/\/www.facebook.com\/MarieClaire.Belgique\/","https:\/\/www.instagram.com\/marieclaire_belgique\/","https:\/\/fr.pinterest.com\/marieclairebe\/","https:\/\/www.youtube.com\/user\/BelgiumMarieClaire"]},{"@type":"Person","@id":"https:\/\/marieclaire.be\/fr\/#\/schema\/person\/be1fb0a9a9509ad07ea6321bf4bf3524","name":"Marieclaire","image":{"@type":"ImageObject","inLanguage":"fr-FR","@id":"https:\/\/marieclaire.be\/fr\/wp-content\/uploads\/2016\/11\/mclogo-96x96.jpg","url":"https:\/\/marieclaire.be\/fr\/wp-content\/uploads\/2016\/11\/mclogo-96x96.jpg","contentUrl":"https:\/\/marieclaire.be\/fr\/wp-content\/uploads\/2016\/11\/mclogo-96x96.jpg","caption":"Marieclaire"},"url":"https:\/\/marieclaire.be\/fr\/author\/marieclaire\/"}]}},"_links":{"self":[{"href":"https:\/\/marieclaire.be\/fr\/wp-json\/wp\/v2\/posts\/8667","targetHints":{"allow":["GET"]}}],"collection":[{"href":"https:\/\/marieclaire.be\/fr\/wp-json\/wp\/v2\/posts"}],"about":[{"href":"https:\/\/marieclaire.be\/fr\/wp-json\/wp\/v2\/types\/post"}],"author":[{"embeddable":true,"href":"https:\/\/marieclaire.be\/fr\/wp-json\/wp\/v2\/users\/2"}],"replies":[{"embeddable":true,"href":"https:\/\/marieclaire.be\/fr\/wp-json\/wp\/v2\/comments?post=8667"}],"version-history":[{"count":0,"href":"https:\/\/marieclaire.be\/fr\/wp-json\/wp\/v2\/posts\/8667\/revisions"}],"wp:featuredmedia":[{"embeddable":true,"href":"https:\/\/marieclaire.be\/fr\/wp-json\/wp\/v2\/media\/8716"}],"wp:attachment":[{"href":"https:\/\/marieclaire.be\/fr\/wp-json\/wp\/v2\/media?parent=8667"}],"wp:term":[{"taxonomy":"category","embeddable":true,"href":"https:\/\/marieclaire.be\/fr\/wp-json\/wp\/v2\/categories?post=8667"},{"taxonomy":"post_tag","embeddable":true,"href":"https:\/\/marieclaire.be\/fr\/wp-json\/wp\/v2\/tags?post=8667"}],"curies":[{"name":"wp","href":"https:\/\/api.w.org\/{rel}","templated":true}]}}