{"id":86368,"date":"2023-01-18T07:12:37","date_gmt":"2023-01-18T06:12:37","guid":{"rendered":"https:\/\/marieclaire.be\/fr\/?p=86368"},"modified":"2022-12-28T00:00:37","modified_gmt":"2022-12-27T23:00:37","slug":"chandeleur-crepes-bruxelles","status":"publish","type":"post","link":"https:\/\/marieclaire.be\/fr\/chandeleur-crepes-bruxelles\/","title":{"rendered":"Chandeleur : o\u00f9 manger de d\u00e9licieuses cr\u00eapes \u00e0 Bruxelles ?"},"content":{"rendered":"","protected":false},"excerpt":{"rendered":"Ce mercredi 2 f\u00e9vrier, les cr\u00eapes sont \u00e0 l&#8217;honneur ! Si comme nous, la Chandeleur est une tradition gourmande que vous ne manqueriez pour rien au monde, voici 5 bonnes adresses o\u00f9 vous ruer pour d\u00e9guster de d\u00e9licieuses cr\u00eapes (et pancakes) dans la capitale.","protected":false},"author":30,"featured_media":86375,"comment_status":"closed","ping_status":"closed","sticky":false,"template":"","format":"standard","meta":{"_acf_changed":false,"footnotes":""},"categories":[806,67],"tags":[156,4249],"class_list":["post-86368","post","type-post","status-publish","format-standard","has-post-thumbnail","hentry","category-food","category-lifestyle","tag-bruxelles","tag-chandeleur"],"acf":[],"_yoast_wpseo_title":null,"_yoast_wpseo_metadesc":"Vous ne manqueriez la Chandeleur pour rien au monde ? Voici o\u00f9 d\u00e9guster de d\u00e9licieuses cr\u00eapes (et pancakes) dans la capitale.","image_verticale":"112039","yoast_head":"<!-- This site is optimized with the Yoast SEO plugin v27.3 - https:\/\/yoast.com\/product\/yoast-seo-wordpress\/ -->\n<title>Chandeleur : o\u00f9 manger de d\u00e9licieuses cr\u00eapes \u00e0 Bruxelles ? - Marie Claire Belgique<\/title>\n<meta name=\"description\" content=\"Vous ne manqueriez la Chandeleur pour rien au monde ? Voici o\u00f9 d\u00e9guster de d\u00e9licieuses cr\u00eapes (et pancakes) dans la capitale.\" \/>\n<meta name=\"robots\" content=\"index, follow, max-snippet:-1, max-image-preview:large, max-video-preview:-1\" \/>\n<link rel=\"canonical\" href=\"https:\/\/marieclaire.be\/fr\/chandeleur-crepes-bruxelles\/\" \/>\n<link rel=\"next\" href=\"https:\/\/marieclaire.be\/fr\/chandeleur-crepes-bruxelles\/2\/\" \/>\n<meta property=\"og:locale\" content=\"fr_FR\" \/>\n<meta property=\"og:type\" content=\"article\" \/>\n<meta property=\"og:title\" content=\"Chandeleur : o\u00f9 manger de d\u00e9licieuses cr\u00eapes \u00e0 Bruxelles ? - Marie Claire Belgique\" \/>\n<meta property=\"og:description\" content=\"Vous ne manqueriez la Chandeleur pour rien au monde ? Voici o\u00f9 d\u00e9guster de d\u00e9licieuses cr\u00eapes (et pancakes) dans la capitale.\" \/>\n<meta property=\"og:url\" content=\"https:\/\/marieclaire.be\/fr\/chandeleur-crepes-bruxelles\/\" \/>\n<meta property=\"og:site_name\" content=\"Marie Claire Belgique\" \/>\n<meta property=\"article:publisher\" content=\"https:\/\/www.facebook.com\/MarieClaire.Belgique\/\" \/>\n<meta property=\"article:published_time\" content=\"2023-01-18T06:12:37+00:00\" \/>\n<meta property=\"og:image\" content=\"https:\/\/marieclaire.be\/fr\/wp-content\/uploads\/2020\/01\/marie_claire_crepes_bruxelles.png\" \/>\n\t<meta property=\"og:image:width\" content=\"1050\" \/>\n\t<meta property=\"og:image:height\" content=\"550\" \/>\n\t<meta property=\"og:image:type\" content=\"image\/png\" \/>\n<meta name=\"author\" content=\"Malvine Sevrin\" \/>\n<meta name=\"twitter:label1\" content=\"\u00c9crit par\" \/>\n\t<meta name=\"twitter:data1\" content=\"Malvine Sevrin\" \/>\n\t<meta name=\"twitter:label2\" content=\"Dur\u00e9e de lecture estim\u00e9e\" \/>\n\t<meta name=\"twitter:data2\" content=\"4 minutes\" \/>\n<script type=\"application\/ld+json\" class=\"yoast-schema-graph\">{\"@context\":\"https:\\\/\\\/schema.org\",\"@graph\":[{\"@type\":\"NewsArticle\",\"@id\":\"https:\\\/\\\/marieclaire.be\\\/fr\\\/chandeleur-crepes-bruxelles\\\/#article\",\"isPartOf\":{\"@id\":\"https:\\\/\\\/marieclaire.be\\\/fr\\\/chandeleur-crepes-bruxelles\\\/\"},\"author\":{\"name\":\"Malvine Sevrin\",\"@id\":\"https:\\\/\\\/marieclaire.be\\\/fr\\\/#\\\/schema\\\/person\\\/c71bd7a8c3e622513c7531a39292a34e\"},\"headline\":\"Chandeleur : o\u00f9 manger de d\u00e9licieuses cr\u00eapes \u00e0 Bruxelles ?\",\"datePublished\":\"2023-01-18T06:12:37+00:00\",\"mainEntityOfPage\":{\"@id\":\"https:\\\/\\\/marieclaire.be\\\/fr\\\/chandeleur-crepes-bruxelles\\\/\"},\"wordCount\":566,\"publisher\":{\"@id\":\"https:\\\/\\\/marieclaire.be\\\/fr\\\/#organization\"},\"image\":{\"@id\":\"https:\\\/\\\/marieclaire.be\\\/fr\\\/chandeleur-crepes-bruxelles\\\/#primaryimage\"},\"thumbnailUrl\":\"https:\\\/\\\/marieclaire.be\\\/fr\\\/wp-content\\\/uploads\\\/2020\\\/01\\\/marie_claire_crepes_bruxelles.png\",\"keywords\":[\"Bruxelles\",\"chandeleur\"],\"articleSection\":[\"Food\",\"Lifestyle\"],\"inLanguage\":\"fr-FR\"},{\"@type\":\"WebPage\",\"@id\":\"https:\\\/\\\/marieclaire.be\\\/fr\\\/chandeleur-crepes-bruxelles\\\/\",\"url\":\"https:\\\/\\\/marieclaire.be\\\/fr\\\/chandeleur-crepes-bruxelles\\\/\",\"name\":\"Chandeleur : o\u00f9 manger de d\u00e9licieuses cr\u00eapes \u00e0 Bruxelles ? - Marie Claire Belgique\",\"isPartOf\":{\"@id\":\"https:\\\/\\\/marieclaire.be\\\/fr\\\/#website\"},\"primaryImageOfPage\":{\"@id\":\"https:\\\/\\\/marieclaire.be\\\/fr\\\/chandeleur-crepes-bruxelles\\\/#primaryimage\"},\"image\":{\"@id\":\"https:\\\/\\\/marieclaire.be\\\/fr\\\/chandeleur-crepes-bruxelles\\\/#primaryimage\"},\"thumbnailUrl\":\"https:\\\/\\\/marieclaire.be\\\/fr\\\/wp-content\\\/uploads\\\/2020\\\/01\\\/marie_claire_crepes_bruxelles.png\",\"datePublished\":\"2023-01-18T06:12:37+00:00\",\"description\":\"Vous ne manqueriez la Chandeleur pour rien au monde ? Voici o\u00f9 d\u00e9guster de d\u00e9licieuses cr\u00eapes (et pancakes) dans la capitale.\",\"inLanguage\":\"fr-FR\",\"potentialAction\":[{\"@type\":\"ReadAction\",\"target\":[\"https:\\\/\\\/marieclaire.be\\\/fr\\\/chandeleur-crepes-bruxelles\\\/\"]}]},{\"@type\":\"ImageObject\",\"inLanguage\":\"fr-FR\",\"@id\":\"https:\\\/\\\/marieclaire.be\\\/fr\\\/chandeleur-crepes-bruxelles\\\/#primaryimage\",\"url\":\"https:\\\/\\\/marieclaire.be\\\/fr\\\/wp-content\\\/uploads\\\/2020\\\/01\\\/marie_claire_crepes_bruxelles.png\",\"contentUrl\":\"https:\\\/\\\/marieclaire.be\\\/fr\\\/wp-content\\\/uploads\\\/2020\\\/01\\\/marie_claire_crepes_bruxelles.png\",\"width\":1050,\"height\":550,\"caption\":\"Presse\"},{\"@type\":\"WebSite\",\"@id\":\"https:\\\/\\\/marieclaire.be\\\/fr\\\/#website\",\"url\":\"https:\\\/\\\/marieclaire.be\\\/fr\\\/\",\"name\":\"Marie Claire Belgique\",\"description\":\"Marie Claire Belgique, le magazine du style et de l\u2019intelligence qui parle de mode, des tendances, de la beaut\u00e9, de l\u2019actualit\u00e9 et de la culture\",\"publisher\":{\"@id\":\"https:\\\/\\\/marieclaire.be\\\/fr\\\/#organization\"},\"potentialAction\":[{\"@type\":\"SearchAction\",\"target\":{\"@type\":\"EntryPoint\",\"urlTemplate\":\"https:\\\/\\\/marieclaire.be\\\/fr\\\/?s={search_term_string}\"},\"query-input\":{\"@type\":\"PropertyValueSpecification\",\"valueRequired\":true,\"valueName\":\"search_term_string\"}}],\"inLanguage\":\"fr-FR\"},{\"@type\":\"Organization\",\"@id\":\"https:\\\/\\\/marieclaire.be\\\/fr\\\/#organization\",\"name\":\"Marie Claire\",\"url\":\"https:\\\/\\\/marieclaire.be\\\/fr\\\/\",\"logo\":{\"@type\":\"ImageObject\",\"inLanguage\":\"fr-FR\",\"@id\":\"https:\\\/\\\/marieclaire.be\\\/fr\\\/#\\\/schema\\\/logo\\\/image\\\/\",\"url\":\"https:\\\/\\\/marieclaire.be\\\/fr\\\/wp-content\\\/uploads\\\/2018\\\/05\\\/mc-logo2.png\",\"contentUrl\":\"https:\\\/\\\/marieclaire.be\\\/fr\\\/wp-content\\\/uploads\\\/2018\\\/05\\\/mc-logo2.png\",\"width\":1001,\"height\":189,\"caption\":\"Marie Claire\"},\"image\":{\"@id\":\"https:\\\/\\\/marieclaire.be\\\/fr\\\/#\\\/schema\\\/logo\\\/image\\\/\"},\"sameAs\":[\"https:\\\/\\\/www.facebook.com\\\/MarieClaire.Belgique\\\/\",\"https:\\\/\\\/www.instagram.com\\\/marieclaire_belgique\\\/\",\"https:\\\/\\\/fr.pinterest.com\\\/marieclairebe\\\/\",\"https:\\\/\\\/www.youtube.com\\\/user\\\/BelgiumMarieClaire\"]},{\"@type\":\"Person\",\"@id\":\"https:\\\/\\\/marieclaire.be\\\/fr\\\/#\\\/schema\\\/person\\\/c71bd7a8c3e622513c7531a39292a34e\",\"name\":\"Malvine Sevrin\",\"image\":{\"@type\":\"ImageObject\",\"inLanguage\":\"fr-FR\",\"@id\":\"https:\\\/\\\/marieclaire.be\\\/fr\\\/wp-content\\\/uploads\\\/2017\\\/05\\\/capture-decran-2024-02-13-a-145920-96x96.png\",\"url\":\"https:\\\/\\\/marieclaire.be\\\/fr\\\/wp-content\\\/uploads\\\/2017\\\/05\\\/capture-decran-2024-02-13-a-145920-96x96.png\",\"contentUrl\":\"https:\\\/\\\/marieclaire.be\\\/fr\\\/wp-content\\\/uploads\\\/2017\\\/05\\\/capture-decran-2024-02-13-a-145920-96x96.png\",\"caption\":\"Malvine Sevrin\"},\"description\":\"Des podiums parisiens aux derni\u00e8res nouveaut\u00e9s skincare qui enflamment TikTok, je d\u00e9crypte les tendances pour Marie Claire Belgique. Passionn\u00e9e de voyage, de mode et de beaut\u00e9, je partage mes coups de coeur d\u00e9nich\u00e9s aux quatre coins du globe. En tant que r\u00e9dactrice en chef digital, j'ai \u00e9galement \u00e0 coeur de mettre en lumi\u00e8re les histoires inspirantes de femmes \u00e0 travers notre site et sur nos r\u00e9seaux sociaux.\",\"sameAs\":[\"https:\\\/\\\/www.instagram.com\\\/malvinesev\\\/\"],\"url\":\"https:\\\/\\\/marieclaire.be\\\/fr\\\/author\\\/malvine\\\/\"}]}<\/script>\n<!-- \/ Yoast SEO plugin. -->","yoast_head_json":{"title":"Chandeleur : o\u00f9 manger de d\u00e9licieuses cr\u00eapes \u00e0 Bruxelles ? - Marie Claire Belgique","description":"Vous ne manqueriez la Chandeleur pour rien au monde ? Voici o\u00f9 d\u00e9guster de d\u00e9licieuses cr\u00eapes (et pancakes) dans la capitale.","robots":{"index":"index","follow":"follow","max-snippet":"max-snippet:-1","max-image-preview":"max-image-preview:large","max-video-preview":"max-video-preview:-1"},"canonical":"https:\/\/marieclaire.be\/fr\/chandeleur-crepes-bruxelles\/","next":"https:\/\/marieclaire.be\/fr\/chandeleur-crepes-bruxelles\/2\/","og_locale":"fr_FR","og_type":"article","og_title":"Chandeleur : o\u00f9 manger de d\u00e9licieuses cr\u00eapes \u00e0 Bruxelles ? - Marie Claire Belgique","og_description":"Vous ne manqueriez la Chandeleur pour rien au monde ? Voici o\u00f9 d\u00e9guster de d\u00e9licieuses cr\u00eapes (et pancakes) dans la capitale.","og_url":"https:\/\/marieclaire.be\/fr\/chandeleur-crepes-bruxelles\/","og_site_name":"Marie Claire Belgique","article_publisher":"https:\/\/www.facebook.com\/MarieClaire.Belgique\/","article_published_time":"2023-01-18T06:12:37+00:00","og_image":[{"width":1050,"height":550,"url":"https:\/\/marieclaire.be\/fr\/wp-content\/uploads\/2020\/01\/marie_claire_crepes_bruxelles.png","type":"image\/png"}],"author":"Malvine Sevrin","twitter_misc":{"\u00c9crit par":"Malvine Sevrin","Dur\u00e9e de lecture estim\u00e9e":"4 minutes"},"schema":{"@context":"https:\/\/schema.org","@graph":[{"@type":"NewsArticle","@id":"https:\/\/marieclaire.be\/fr\/chandeleur-crepes-bruxelles\/#article","isPartOf":{"@id":"https:\/\/marieclaire.be\/fr\/chandeleur-crepes-bruxelles\/"},"author":{"name":"Malvine Sevrin","@id":"https:\/\/marieclaire.be\/fr\/#\/schema\/person\/c71bd7a8c3e622513c7531a39292a34e"},"headline":"Chandeleur : o\u00f9 manger de d\u00e9licieuses cr\u00eapes \u00e0 Bruxelles ?","datePublished":"2023-01-18T06:12:37+00:00","mainEntityOfPage":{"@id":"https:\/\/marieclaire.be\/fr\/chandeleur-crepes-bruxelles\/"},"wordCount":566,"publisher":{"@id":"https:\/\/marieclaire.be\/fr\/#organization"},"image":{"@id":"https:\/\/marieclaire.be\/fr\/chandeleur-crepes-bruxelles\/#primaryimage"},"thumbnailUrl":"https:\/\/marieclaire.be\/fr\/wp-content\/uploads\/2020\/01\/marie_claire_crepes_bruxelles.png","keywords":["Bruxelles","chandeleur"],"articleSection":["Food","Lifestyle"],"inLanguage":"fr-FR"},{"@type":"WebPage","@id":"https:\/\/marieclaire.be\/fr\/chandeleur-crepes-bruxelles\/","url":"https:\/\/marieclaire.be\/fr\/chandeleur-crepes-bruxelles\/","name":"Chandeleur : o\u00f9 manger de d\u00e9licieuses cr\u00eapes \u00e0 Bruxelles ? - Marie Claire Belgique","isPartOf":{"@id":"https:\/\/marieclaire.be\/fr\/#website"},"primaryImageOfPage":{"@id":"https:\/\/marieclaire.be\/fr\/chandeleur-crepes-bruxelles\/#primaryimage"},"image":{"@id":"https:\/\/marieclaire.be\/fr\/chandeleur-crepes-bruxelles\/#primaryimage"},"thumbnailUrl":"https:\/\/marieclaire.be\/fr\/wp-content\/uploads\/2020\/01\/marie_claire_crepes_bruxelles.png","datePublished":"2023-01-18T06:12:37+00:00","description":"Vous ne manqueriez la Chandeleur pour rien au monde ? Voici o\u00f9 d\u00e9guster de d\u00e9licieuses cr\u00eapes (et pancakes) dans la capitale.","inLanguage":"fr-FR","potentialAction":[{"@type":"ReadAction","target":["https:\/\/marieclaire.be\/fr\/chandeleur-crepes-bruxelles\/"]}]},{"@type":"ImageObject","inLanguage":"fr-FR","@id":"https:\/\/marieclaire.be\/fr\/chandeleur-crepes-bruxelles\/#primaryimage","url":"https:\/\/marieclaire.be\/fr\/wp-content\/uploads\/2020\/01\/marie_claire_crepes_bruxelles.png","contentUrl":"https:\/\/marieclaire.be\/fr\/wp-content\/uploads\/2020\/01\/marie_claire_crepes_bruxelles.png","width":1050,"height":550,"caption":"Presse"},{"@type":"WebSite","@id":"https:\/\/marieclaire.be\/fr\/#website","url":"https:\/\/marieclaire.be\/fr\/","name":"Marie Claire Belgique","description":"Marie Claire Belgique, le magazine du style et de l\u2019intelligence qui parle de mode, des tendances, de la beaut\u00e9, de l\u2019actualit\u00e9 et de la culture","publisher":{"@id":"https:\/\/marieclaire.be\/fr\/#organization"},"potentialAction":[{"@type":"SearchAction","target":{"@type":"EntryPoint","urlTemplate":"https:\/\/marieclaire.be\/fr\/?s={search_term_string}"},"query-input":{"@type":"PropertyValueSpecification","valueRequired":true,"valueName":"search_term_string"}}],"inLanguage":"fr-FR"},{"@type":"Organization","@id":"https:\/\/marieclaire.be\/fr\/#organization","name":"Marie Claire","url":"https:\/\/marieclaire.be\/fr\/","logo":{"@type":"ImageObject","inLanguage":"fr-FR","@id":"https:\/\/marieclaire.be\/fr\/#\/schema\/logo\/image\/","url":"https:\/\/marieclaire.be\/fr\/wp-content\/uploads\/2018\/05\/mc-logo2.png","contentUrl":"https:\/\/marieclaire.be\/fr\/wp-content\/uploads\/2018\/05\/mc-logo2.png","width":1001,"height":189,"caption":"Marie Claire"},"image":{"@id":"https:\/\/marieclaire.be\/fr\/#\/schema\/logo\/image\/"},"sameAs":["https:\/\/www.facebook.com\/MarieClaire.Belgique\/","https:\/\/www.instagram.com\/marieclaire_belgique\/","https:\/\/fr.pinterest.com\/marieclairebe\/","https:\/\/www.youtube.com\/user\/BelgiumMarieClaire"]},{"@type":"Person","@id":"https:\/\/marieclaire.be\/fr\/#\/schema\/person\/c71bd7a8c3e622513c7531a39292a34e","name":"Malvine Sevrin","image":{"@type":"ImageObject","inLanguage":"fr-FR","@id":"https:\/\/marieclaire.be\/fr\/wp-content\/uploads\/2017\/05\/capture-decran-2024-02-13-a-145920-96x96.png","url":"https:\/\/marieclaire.be\/fr\/wp-content\/uploads\/2017\/05\/capture-decran-2024-02-13-a-145920-96x96.png","contentUrl":"https:\/\/marieclaire.be\/fr\/wp-content\/uploads\/2017\/05\/capture-decran-2024-02-13-a-145920-96x96.png","caption":"Malvine Sevrin"},"description":"Des podiums parisiens aux derni\u00e8res nouveaut\u00e9s skincare qui enflamment TikTok, je d\u00e9crypte les tendances pour Marie Claire Belgique. Passionn\u00e9e de voyage, de mode et de beaut\u00e9, je partage mes coups de coeur d\u00e9nich\u00e9s aux quatre coins du globe. En tant que r\u00e9dactrice en chef digital, j'ai \u00e9galement \u00e0 coeur de mettre en lumi\u00e8re les histoires inspirantes de femmes \u00e0 travers notre site et sur nos r\u00e9seaux sociaux.","sameAs":["https:\/\/www.instagram.com\/malvinesev\/"],"url":"https:\/\/marieclaire.be\/fr\/author\/malvine\/"}]}},"_links":{"self":[{"href":"https:\/\/marieclaire.be\/fr\/wp-json\/wp\/v2\/posts\/86368","targetHints":{"allow":["GET"]}}],"collection":[{"href":"https:\/\/marieclaire.be\/fr\/wp-json\/wp\/v2\/posts"}],"about":[{"href":"https:\/\/marieclaire.be\/fr\/wp-json\/wp\/v2\/types\/post"}],"author":[{"embeddable":true,"href":"https:\/\/marieclaire.be\/fr\/wp-json\/wp\/v2\/users\/30"}],"replies":[{"embeddable":true,"href":"https:\/\/marieclaire.be\/fr\/wp-json\/wp\/v2\/comments?post=86368"}],"version-history":[{"count":13,"href":"https:\/\/marieclaire.be\/fr\/wp-json\/wp\/v2\/posts\/86368\/revisions"}],"predecessor-version":[{"id":111963,"href":"https:\/\/marieclaire.be\/fr\/wp-json\/wp\/v2\/posts\/86368\/revisions\/111963"}],"wp:featuredmedia":[{"embeddable":true,"href":"https:\/\/marieclaire.be\/fr\/wp-json\/wp\/v2\/media\/86375"}],"wp:attachment":[{"href":"https:\/\/marieclaire.be\/fr\/wp-json\/wp\/v2\/media?parent=86368"}],"wp:term":[{"taxonomy":"category","embeddable":true,"href":"https:\/\/marieclaire.be\/fr\/wp-json\/wp\/v2\/categories?post=86368"},{"taxonomy":"post_tag","embeddable":true,"href":"https:\/\/marieclaire.be\/fr\/wp-json\/wp\/v2\/tags?post=86368"}],"curies":[{"name":"wp","href":"https:\/\/api.w.org\/{rel}","templated":true}]}}