{"id":85782,"date":"2020-01-21T17:54:55","date_gmt":"2020-01-21T16:54:55","guid":{"rendered":"https:\/\/marieclaire.be\/fr\/?p=85782"},"modified":"2020-01-22T10:52:29","modified_gmt":"2020-01-22T09:52:29","slug":"fashion-week-paris-dior-2020-feminisme","status":"publish","type":"post","link":"https:\/\/marieclaire.be\/fr\/fashion-week-paris-dior-2020-feminisme\/","title":{"rendered":"Fashion week de Paris : le f\u00e9minisme a d\u00e9fil\u00e9 chez Dior"},"content":{"rendered":"","protected":false},"excerpt":{"rendered":"Chez Dior, la saison printemps-\u00e9t\u00e9 2020 se pr\u00e9sente sous le signe du f\u00e9minisme. ...","protected":false},"author":8,"featured_media":85800,"comment_status":"closed","ping_status":"closed","sticky":false,"template":"","format":"standard","meta":{"_acf_changed":false,"footnotes":""},"categories":[22,6],"tags":[551,1190,964,4712],"class_list":["post-85782","post","type-post","status-publish","format-standard","has-post-thumbnail","hentry","category-defiles","category-mode","tag-dior","tag-fashion-week-paris","tag-feminisme","tag-printemps-ete-2020"],"acf":[],"_yoast_wpseo_title":null,"_yoast_wpseo_metadesc":"La collection printemps-\u00e9t\u00e9 2020 de Dior a \u00e9t\u00e9 pr\u00e9sent\u00e9e lors de la Fashion Week Haute Couture \u00e0 Paris. Et elle est f\u00e9ministe!","image_verticale":null,"yoast_head":"<!-- This site is optimized with the Yoast SEO plugin v27.3 - https:\/\/yoast.com\/product\/yoast-seo-wordpress\/ -->\n<title>Fashion week de Paris : le f\u00e9minisme a d\u00e9fil\u00e9 chez Dior - Marie Claire Belgique<\/title>\n<meta name=\"description\" content=\"La collection printemps-\u00e9t\u00e9 2020 de Dior a \u00e9t\u00e9 pr\u00e9sent\u00e9e lors de la Fashion Week Haute Couture \u00e0 Paris. Et elle est f\u00e9ministe!\" \/>\n<meta name=\"robots\" content=\"index, follow, max-snippet:-1, max-image-preview:large, max-video-preview:-1\" \/>\n<link rel=\"canonical\" href=\"https:\/\/marieclaire.be\/fr\/fashion-week-paris-dior-2020-feminisme\/\" \/>\n<link rel=\"next\" href=\"https:\/\/marieclaire.be\/fr\/fashion-week-paris-dior-2020-feminisme\/2\/\" \/>\n<meta property=\"og:locale\" content=\"fr_FR\" \/>\n<meta property=\"og:type\" content=\"article\" \/>\n<meta property=\"og:title\" content=\"Fashion week de Paris : le f\u00e9minisme a d\u00e9fil\u00e9 chez Dior - Marie Claire Belgique\" \/>\n<meta property=\"og:description\" content=\"La collection printemps-\u00e9t\u00e9 2020 de Dior a \u00e9t\u00e9 pr\u00e9sent\u00e9e lors de la Fashion Week Haute Couture \u00e0 Paris. Et elle est f\u00e9ministe!\" \/>\n<meta property=\"og:url\" content=\"https:\/\/marieclaire.be\/fr\/fashion-week-paris-dior-2020-feminisme\/\" \/>\n<meta property=\"og:site_name\" content=\"Marie Claire Belgique\" \/>\n<meta property=\"article:publisher\" content=\"https:\/\/www.facebook.com\/MarieClaire.Belgique\/\" \/>\n<meta property=\"article:published_time\" content=\"2020-01-21T16:54:55+00:00\" \/>\n<meta property=\"article:modified_time\" content=\"2020-01-22T09:52:29+00:00\" \/>\n<meta property=\"og:image\" content=\"https:\/\/marieclaire.be\/fr\/wp-content\/uploads\/2020\/01\/marieclaire_defile_dior_ss_2020.png\" \/>\n\t<meta property=\"og:image:width\" content=\"1050\" \/>\n\t<meta property=\"og:image:height\" content=\"550\" \/>\n\t<meta property=\"og:image:type\" content=\"image\/png\" \/>\n<meta name=\"author\" content=\"Marie Claire\" \/>\n<meta name=\"twitter:label1\" content=\"\u00c9crit par\" \/>\n\t<meta name=\"twitter:data1\" content=\"Marie Claire\" \/>\n\t<meta name=\"twitter:label2\" content=\"Dur\u00e9e de lecture estim\u00e9e\" \/>\n\t<meta name=\"twitter:data2\" content=\"2 minutes\" \/>\n<script type=\"application\/ld+json\" class=\"yoast-schema-graph\">{\"@context\":\"https:\\\/\\\/schema.org\",\"@graph\":[{\"@type\":\"NewsArticle\",\"@id\":\"https:\\\/\\\/marieclaire.be\\\/fr\\\/fashion-week-paris-dior-2020-feminisme\\\/#article\",\"isPartOf\":{\"@id\":\"https:\\\/\\\/marieclaire.be\\\/fr\\\/fashion-week-paris-dior-2020-feminisme\\\/\"},\"author\":{\"name\":\"Marie Claire\",\"@id\":\"https:\\\/\\\/marieclaire.be\\\/fr\\\/#\\\/schema\\\/person\\\/6a5bc4eb4707dbc5cb47d17804a85f8c\"},\"headline\":\"Fashion week de Paris : le f\u00e9minisme a d\u00e9fil\u00e9 chez Dior\",\"datePublished\":\"2020-01-21T16:54:55+00:00\",\"dateModified\":\"2020-01-22T09:52:29+00:00\",\"mainEntityOfPage\":{\"@id\":\"https:\\\/\\\/marieclaire.be\\\/fr\\\/fashion-week-paris-dior-2020-feminisme\\\/\"},\"wordCount\":457,\"publisher\":{\"@id\":\"https:\\\/\\\/marieclaire.be\\\/fr\\\/#organization\"},\"image\":{\"@id\":\"https:\\\/\\\/marieclaire.be\\\/fr\\\/fashion-week-paris-dior-2020-feminisme\\\/#primaryimage\"},\"thumbnailUrl\":\"https:\\\/\\\/marieclaire.be\\\/fr\\\/wp-content\\\/uploads\\\/2020\\\/01\\\/marieclaire_defile_dior_ss_2020.png\",\"keywords\":[\"Dior\",\"fashion week paris\",\"f\u00e9minisme\",\"printemps-\u00e9t\u00e9 2020\"],\"articleSection\":[\"D\u00e9fil\u00e9s\",\"Mode\"],\"inLanguage\":\"fr-FR\"},{\"@type\":\"WebPage\",\"@id\":\"https:\\\/\\\/marieclaire.be\\\/fr\\\/fashion-week-paris-dior-2020-feminisme\\\/\",\"url\":\"https:\\\/\\\/marieclaire.be\\\/fr\\\/fashion-week-paris-dior-2020-feminisme\\\/\",\"name\":\"Fashion week de Paris : le f\u00e9minisme a d\u00e9fil\u00e9 chez Dior - Marie Claire Belgique\",\"isPartOf\":{\"@id\":\"https:\\\/\\\/marieclaire.be\\\/fr\\\/#website\"},\"primaryImageOfPage\":{\"@id\":\"https:\\\/\\\/marieclaire.be\\\/fr\\\/fashion-week-paris-dior-2020-feminisme\\\/#primaryimage\"},\"image\":{\"@id\":\"https:\\\/\\\/marieclaire.be\\\/fr\\\/fashion-week-paris-dior-2020-feminisme\\\/#primaryimage\"},\"thumbnailUrl\":\"https:\\\/\\\/marieclaire.be\\\/fr\\\/wp-content\\\/uploads\\\/2020\\\/01\\\/marieclaire_defile_dior_ss_2020.png\",\"datePublished\":\"2020-01-21T16:54:55+00:00\",\"dateModified\":\"2020-01-22T09:52:29+00:00\",\"description\":\"La collection printemps-\u00e9t\u00e9 2020 de Dior a \u00e9t\u00e9 pr\u00e9sent\u00e9e lors de la Fashion Week Haute Couture \u00e0 Paris. Et elle est f\u00e9ministe!\",\"inLanguage\":\"fr-FR\",\"potentialAction\":[{\"@type\":\"ReadAction\",\"target\":[\"https:\\\/\\\/marieclaire.be\\\/fr\\\/fashion-week-paris-dior-2020-feminisme\\\/\"]}]},{\"@type\":\"ImageObject\",\"inLanguage\":\"fr-FR\",\"@id\":\"https:\\\/\\\/marieclaire.be\\\/fr\\\/fashion-week-paris-dior-2020-feminisme\\\/#primaryimage\",\"url\":\"https:\\\/\\\/marieclaire.be\\\/fr\\\/wp-content\\\/uploads\\\/2020\\\/01\\\/marieclaire_defile_dior_ss_2020.png\",\"contentUrl\":\"https:\\\/\\\/marieclaire.be\\\/fr\\\/wp-content\\\/uploads\\\/2020\\\/01\\\/marieclaire_defile_dior_ss_2020.png\",\"width\":1050,\"height\":550,\"caption\":\"Imaxtree\"},{\"@type\":\"WebSite\",\"@id\":\"https:\\\/\\\/marieclaire.be\\\/fr\\\/#website\",\"url\":\"https:\\\/\\\/marieclaire.be\\\/fr\\\/\",\"name\":\"Marie Claire Belgique\",\"description\":\"Marie Claire Belgique, le magazine du style et de l\u2019intelligence qui parle de mode, des tendances, de la beaut\u00e9, de l\u2019actualit\u00e9 et de la culture\",\"publisher\":{\"@id\":\"https:\\\/\\\/marieclaire.be\\\/fr\\\/#organization\"},\"potentialAction\":[{\"@type\":\"SearchAction\",\"target\":{\"@type\":\"EntryPoint\",\"urlTemplate\":\"https:\\\/\\\/marieclaire.be\\\/fr\\\/?s={search_term_string}\"},\"query-input\":{\"@type\":\"PropertyValueSpecification\",\"valueRequired\":true,\"valueName\":\"search_term_string\"}}],\"inLanguage\":\"fr-FR\"},{\"@type\":\"Organization\",\"@id\":\"https:\\\/\\\/marieclaire.be\\\/fr\\\/#organization\",\"name\":\"Marie Claire\",\"url\":\"https:\\\/\\\/marieclaire.be\\\/fr\\\/\",\"logo\":{\"@type\":\"ImageObject\",\"inLanguage\":\"fr-FR\",\"@id\":\"https:\\\/\\\/marieclaire.be\\\/fr\\\/#\\\/schema\\\/logo\\\/image\\\/\",\"url\":\"https:\\\/\\\/marieclaire.be\\\/fr\\\/wp-content\\\/uploads\\\/2018\\\/05\\\/mc-logo2.png\",\"contentUrl\":\"https:\\\/\\\/marieclaire.be\\\/fr\\\/wp-content\\\/uploads\\\/2018\\\/05\\\/mc-logo2.png\",\"width\":1001,\"height\":189,\"caption\":\"Marie Claire\"},\"image\":{\"@id\":\"https:\\\/\\\/marieclaire.be\\\/fr\\\/#\\\/schema\\\/logo\\\/image\\\/\"},\"sameAs\":[\"https:\\\/\\\/www.facebook.com\\\/MarieClaire.Belgique\\\/\",\"https:\\\/\\\/www.instagram.com\\\/marieclaire_belgique\\\/\",\"https:\\\/\\\/fr.pinterest.com\\\/marieclairebe\\\/\",\"https:\\\/\\\/www.youtube.com\\\/user\\\/BelgiumMarieClaire\"]},{\"@type\":\"Person\",\"@id\":\"https:\\\/\\\/marieclaire.be\\\/fr\\\/#\\\/schema\\\/person\\\/6a5bc4eb4707dbc5cb47d17804a85f8c\",\"name\":\"Marie Claire\",\"image\":{\"@type\":\"ImageObject\",\"inLanguage\":\"fr-FR\",\"@id\":\"https:\\\/\\\/marieclaire.be\\\/fr\\\/wp-content\\\/uploads\\\/2016\\\/11\\\/mclogo-96x96.jpg\",\"url\":\"https:\\\/\\\/marieclaire.be\\\/fr\\\/wp-content\\\/uploads\\\/2016\\\/11\\\/mclogo-96x96.jpg\",\"contentUrl\":\"https:\\\/\\\/marieclaire.be\\\/fr\\\/wp-content\\\/uploads\\\/2016\\\/11\\\/mclogo-96x96.jpg\",\"caption\":\"Marie Claire\"},\"url\":\"https:\\\/\\\/marieclaire.be\\\/fr\\\/author\\\/stagiaire\\\/\"}]}<\/script>\n<!-- \/ Yoast SEO plugin. -->","yoast_head_json":{"title":"Fashion week de Paris : le f\u00e9minisme a d\u00e9fil\u00e9 chez Dior - Marie Claire Belgique","description":"La collection printemps-\u00e9t\u00e9 2020 de Dior a \u00e9t\u00e9 pr\u00e9sent\u00e9e lors de la Fashion Week Haute Couture \u00e0 Paris. Et elle est f\u00e9ministe!","robots":{"index":"index","follow":"follow","max-snippet":"max-snippet:-1","max-image-preview":"max-image-preview:large","max-video-preview":"max-video-preview:-1"},"canonical":"https:\/\/marieclaire.be\/fr\/fashion-week-paris-dior-2020-feminisme\/","next":"https:\/\/marieclaire.be\/fr\/fashion-week-paris-dior-2020-feminisme\/2\/","og_locale":"fr_FR","og_type":"article","og_title":"Fashion week de Paris : le f\u00e9minisme a d\u00e9fil\u00e9 chez Dior - Marie Claire Belgique","og_description":"La collection printemps-\u00e9t\u00e9 2020 de Dior a \u00e9t\u00e9 pr\u00e9sent\u00e9e lors de la Fashion Week Haute Couture \u00e0 Paris. Et elle est f\u00e9ministe!","og_url":"https:\/\/marieclaire.be\/fr\/fashion-week-paris-dior-2020-feminisme\/","og_site_name":"Marie Claire Belgique","article_publisher":"https:\/\/www.facebook.com\/MarieClaire.Belgique\/","article_published_time":"2020-01-21T16:54:55+00:00","article_modified_time":"2020-01-22T09:52:29+00:00","og_image":[{"width":1050,"height":550,"url":"https:\/\/marieclaire.be\/fr\/wp-content\/uploads\/2020\/01\/marieclaire_defile_dior_ss_2020.png","type":"image\/png"}],"author":"Marie Claire","twitter_misc":{"\u00c9crit par":"Marie Claire","Dur\u00e9e de lecture estim\u00e9e":"2 minutes"},"schema":{"@context":"https:\/\/schema.org","@graph":[{"@type":"NewsArticle","@id":"https:\/\/marieclaire.be\/fr\/fashion-week-paris-dior-2020-feminisme\/#article","isPartOf":{"@id":"https:\/\/marieclaire.be\/fr\/fashion-week-paris-dior-2020-feminisme\/"},"author":{"name":"Marie Claire","@id":"https:\/\/marieclaire.be\/fr\/#\/schema\/person\/6a5bc4eb4707dbc5cb47d17804a85f8c"},"headline":"Fashion week de Paris : le f\u00e9minisme a d\u00e9fil\u00e9 chez Dior","datePublished":"2020-01-21T16:54:55+00:00","dateModified":"2020-01-22T09:52:29+00:00","mainEntityOfPage":{"@id":"https:\/\/marieclaire.be\/fr\/fashion-week-paris-dior-2020-feminisme\/"},"wordCount":457,"publisher":{"@id":"https:\/\/marieclaire.be\/fr\/#organization"},"image":{"@id":"https:\/\/marieclaire.be\/fr\/fashion-week-paris-dior-2020-feminisme\/#primaryimage"},"thumbnailUrl":"https:\/\/marieclaire.be\/fr\/wp-content\/uploads\/2020\/01\/marieclaire_defile_dior_ss_2020.png","keywords":["Dior","fashion week paris","f\u00e9minisme","printemps-\u00e9t\u00e9 2020"],"articleSection":["D\u00e9fil\u00e9s","Mode"],"inLanguage":"fr-FR"},{"@type":"WebPage","@id":"https:\/\/marieclaire.be\/fr\/fashion-week-paris-dior-2020-feminisme\/","url":"https:\/\/marieclaire.be\/fr\/fashion-week-paris-dior-2020-feminisme\/","name":"Fashion week de Paris : le f\u00e9minisme a d\u00e9fil\u00e9 chez Dior - Marie Claire Belgique","isPartOf":{"@id":"https:\/\/marieclaire.be\/fr\/#website"},"primaryImageOfPage":{"@id":"https:\/\/marieclaire.be\/fr\/fashion-week-paris-dior-2020-feminisme\/#primaryimage"},"image":{"@id":"https:\/\/marieclaire.be\/fr\/fashion-week-paris-dior-2020-feminisme\/#primaryimage"},"thumbnailUrl":"https:\/\/marieclaire.be\/fr\/wp-content\/uploads\/2020\/01\/marieclaire_defile_dior_ss_2020.png","datePublished":"2020-01-21T16:54:55+00:00","dateModified":"2020-01-22T09:52:29+00:00","description":"La collection printemps-\u00e9t\u00e9 2020 de Dior a \u00e9t\u00e9 pr\u00e9sent\u00e9e lors de la Fashion Week Haute Couture \u00e0 Paris. Et elle est f\u00e9ministe!","inLanguage":"fr-FR","potentialAction":[{"@type":"ReadAction","target":["https:\/\/marieclaire.be\/fr\/fashion-week-paris-dior-2020-feminisme\/"]}]},{"@type":"ImageObject","inLanguage":"fr-FR","@id":"https:\/\/marieclaire.be\/fr\/fashion-week-paris-dior-2020-feminisme\/#primaryimage","url":"https:\/\/marieclaire.be\/fr\/wp-content\/uploads\/2020\/01\/marieclaire_defile_dior_ss_2020.png","contentUrl":"https:\/\/marieclaire.be\/fr\/wp-content\/uploads\/2020\/01\/marieclaire_defile_dior_ss_2020.png","width":1050,"height":550,"caption":"Imaxtree"},{"@type":"WebSite","@id":"https:\/\/marieclaire.be\/fr\/#website","url":"https:\/\/marieclaire.be\/fr\/","name":"Marie Claire Belgique","description":"Marie Claire Belgique, le magazine du style et de l\u2019intelligence qui parle de mode, des tendances, de la beaut\u00e9, de l\u2019actualit\u00e9 et de la culture","publisher":{"@id":"https:\/\/marieclaire.be\/fr\/#organization"},"potentialAction":[{"@type":"SearchAction","target":{"@type":"EntryPoint","urlTemplate":"https:\/\/marieclaire.be\/fr\/?s={search_term_string}"},"query-input":{"@type":"PropertyValueSpecification","valueRequired":true,"valueName":"search_term_string"}}],"inLanguage":"fr-FR"},{"@type":"Organization","@id":"https:\/\/marieclaire.be\/fr\/#organization","name":"Marie Claire","url":"https:\/\/marieclaire.be\/fr\/","logo":{"@type":"ImageObject","inLanguage":"fr-FR","@id":"https:\/\/marieclaire.be\/fr\/#\/schema\/logo\/image\/","url":"https:\/\/marieclaire.be\/fr\/wp-content\/uploads\/2018\/05\/mc-logo2.png","contentUrl":"https:\/\/marieclaire.be\/fr\/wp-content\/uploads\/2018\/05\/mc-logo2.png","width":1001,"height":189,"caption":"Marie Claire"},"image":{"@id":"https:\/\/marieclaire.be\/fr\/#\/schema\/logo\/image\/"},"sameAs":["https:\/\/www.facebook.com\/MarieClaire.Belgique\/","https:\/\/www.instagram.com\/marieclaire_belgique\/","https:\/\/fr.pinterest.com\/marieclairebe\/","https:\/\/www.youtube.com\/user\/BelgiumMarieClaire"]},{"@type":"Person","@id":"https:\/\/marieclaire.be\/fr\/#\/schema\/person\/6a5bc4eb4707dbc5cb47d17804a85f8c","name":"Marie Claire","image":{"@type":"ImageObject","inLanguage":"fr-FR","@id":"https:\/\/marieclaire.be\/fr\/wp-content\/uploads\/2016\/11\/mclogo-96x96.jpg","url":"https:\/\/marieclaire.be\/fr\/wp-content\/uploads\/2016\/11\/mclogo-96x96.jpg","contentUrl":"https:\/\/marieclaire.be\/fr\/wp-content\/uploads\/2016\/11\/mclogo-96x96.jpg","caption":"Marie Claire"},"url":"https:\/\/marieclaire.be\/fr\/author\/stagiaire\/"}]}},"_links":{"self":[{"href":"https:\/\/marieclaire.be\/fr\/wp-json\/wp\/v2\/posts\/85782","targetHints":{"allow":["GET"]}}],"collection":[{"href":"https:\/\/marieclaire.be\/fr\/wp-json\/wp\/v2\/posts"}],"about":[{"href":"https:\/\/marieclaire.be\/fr\/wp-json\/wp\/v2\/types\/post"}],"author":[{"embeddable":true,"href":"https:\/\/marieclaire.be\/fr\/wp-json\/wp\/v2\/users\/8"}],"replies":[{"embeddable":true,"href":"https:\/\/marieclaire.be\/fr\/wp-json\/wp\/v2\/comments?post=85782"}],"version-history":[{"count":3,"href":"https:\/\/marieclaire.be\/fr\/wp-json\/wp\/v2\/posts\/85782\/revisions"}],"predecessor-version":[{"id":85836,"href":"https:\/\/marieclaire.be\/fr\/wp-json\/wp\/v2\/posts\/85782\/revisions\/85836"}],"wp:featuredmedia":[{"embeddable":true,"href":"https:\/\/marieclaire.be\/fr\/wp-json\/wp\/v2\/media\/85800"}],"wp:attachment":[{"href":"https:\/\/marieclaire.be\/fr\/wp-json\/wp\/v2\/media?parent=85782"}],"wp:term":[{"taxonomy":"category","embeddable":true,"href":"https:\/\/marieclaire.be\/fr\/wp-json\/wp\/v2\/categories?post=85782"},{"taxonomy":"post_tag","embeddable":true,"href":"https:\/\/marieclaire.be\/fr\/wp-json\/wp\/v2\/tags?post=85782"}],"curies":[{"name":"wp","href":"https:\/\/api.w.org\/{rel}","templated":true}]}}