{"id":83537,"date":"2019-12-14T14:04:40","date_gmt":"2019-12-14T13:04:40","guid":{"rendered":"https:\/\/marieclaire.be\/fr\/?p=83537"},"modified":"2019-12-13T15:35:46","modified_gmt":"2019-12-13T14:35:46","slug":"findation-site-trouve-nuance-de-fond-de-teint-toutes-marques","status":"publish","type":"post","link":"https:\/\/marieclaire.be\/fr\/findation-site-trouve-nuance-de-fond-de-teint-toutes-marques\/","title":{"rendered":"Arr\u00eatez tout, ce site trouve votre nuance de fond de teint dans toutes les marques !"},"content":{"rendered":"","protected":false},"excerpt":{"rendered":"Trouver LA teinte de fond de teint qui correspond parfaitement \u00e0 notre carnation sans avoir \u00e0 en tester 10, du cou aux poignets ? C&#8217;est possible avec Findation.","protected":false},"author":19,"featured_media":83539,"comment_status":"closed","ping_status":"closed","sticky":false,"template":"","format":"standard","meta":{"_acf_changed":false,"footnotes":""},"categories":[7,15],"tags":[551,879,166,4673,40],"class_list":["post-83537","post","type-post","status-publish","format-standard","has-post-thumbnail","hentry","category-beaute","category-maquillage","tag-dior","tag-fond-de-teint","tag-mac","tag-nyx","tag-sisley"],"acf":[],"_yoast_wpseo_title":null,"_yoast_wpseo_metadesc":"Trouver LA teinte de fond de teint qui correspond parfaitement \u00e0 notre carnation? C'est possible avec le site Findation.","image_verticale":null,"yoast_head":"<!-- This site is optimized with the Yoast SEO plugin v27.3 - https:\/\/yoast.com\/product\/yoast-seo-wordpress\/ -->\n<title>Arr\u00eatez tout, ce site trouve votre nuance de fond de teint dans toutes les marques ! - Marie Claire Belgique<\/title>\n<meta name=\"description\" content=\"Trouver LA teinte de fond de teint qui correspond parfaitement \u00e0 notre carnation? C&#039;est possible avec le site Findation.\" \/>\n<meta name=\"robots\" content=\"index, follow, max-snippet:-1, max-image-preview:large, max-video-preview:-1\" \/>\n<link rel=\"canonical\" href=\"http:\/\/marieclaire.fr\/findation-site-pour-trouver-teinte-fond-de-teint,1333404.asp\" \/>\n<link rel=\"next\" href=\"https:\/\/marieclaire.be\/fr\/findation-site-trouve-nuance-de-fond-de-teint-toutes-marques\/2\/\" \/>\n<meta property=\"og:locale\" content=\"fr_FR\" \/>\n<meta property=\"og:type\" content=\"article\" \/>\n<meta property=\"og:title\" content=\"Arr\u00eatez tout, ce site trouve votre nuance de fond de teint dans toutes les marques ! - Marie Claire Belgique\" \/>\n<meta property=\"og:description\" content=\"Trouver LA teinte de fond de teint qui correspond parfaitement \u00e0 notre carnation? C&#039;est possible avec le site Findation.\" \/>\n<meta property=\"og:url\" content=\"http:\/\/marieclaire.fr\/findation-site-pour-trouver-teinte-fond-de-teint,1333404.asp\" \/>\n<meta property=\"og:site_name\" content=\"Marie Claire Belgique\" \/>\n<meta property=\"article:publisher\" content=\"https:\/\/www.facebook.com\/MarieClaire.Belgique\/\" \/>\n<meta property=\"article:published_time\" content=\"2019-12-14T13:04:40+00:00\" \/>\n<meta property=\"og:image\" content=\"https:\/\/marieclaire.be\/fr\/wp-content\/uploads\/2019\/12\/marieclaire_fond_de_teint.png\" \/>\n\t<meta property=\"og:image:width\" content=\"1050\" \/>\n\t<meta property=\"og:image:height\" content=\"550\" \/>\n\t<meta property=\"og:image:type\" content=\"image\/png\" \/>\n<meta name=\"author\" content=\"Charlotte Deprez\" \/>\n<meta name=\"twitter:label1\" content=\"\u00c9crit par\" \/>\n\t<meta name=\"twitter:data1\" content=\"Charlotte Deprez\" \/>\n\t<meta name=\"twitter:label2\" content=\"Dur\u00e9e de lecture estim\u00e9e\" \/>\n\t<meta name=\"twitter:data2\" content=\"2 minutes\" \/>\n<script type=\"application\/ld+json\" class=\"yoast-schema-graph\">{\"@context\":\"https:\\\/\\\/schema.org\",\"@graph\":[{\"@type\":\"NewsArticle\",\"@id\":\"http:\\\/\\\/marieclaire.fr\\\/findation-site-pour-trouver-teinte-fond-de-teint,1333404.asp#article\",\"isPartOf\":{\"@id\":\"https:\\\/\\\/marieclaire.be\\\/fr\\\/findation-site-trouve-nuance-de-fond-de-teint-toutes-marques\\\/\"},\"author\":{\"name\":\"Charlotte Deprez\",\"@id\":\"https:\\\/\\\/marieclaire.be\\\/fr\\\/#\\\/schema\\\/person\\\/0f2a2faab8a1cdf67c909271eb6dcb39\"},\"headline\":\"Arr\u00eatez tout, ce site trouve votre nuance de fond de teint dans toutes les marques !\",\"datePublished\":\"2019-12-14T13:04:40+00:00\",\"mainEntityOfPage\":{\"@id\":\"https:\\\/\\\/marieclaire.be\\\/fr\\\/findation-site-trouve-nuance-de-fond-de-teint-toutes-marques\\\/\"},\"wordCount\":452,\"publisher\":{\"@id\":\"https:\\\/\\\/marieclaire.be\\\/fr\\\/#organization\"},\"image\":{\"@id\":\"http:\\\/\\\/marieclaire.fr\\\/findation-site-pour-trouver-teinte-fond-de-teint,1333404.asp#primaryimage\"},\"thumbnailUrl\":\"https:\\\/\\\/marieclaire.be\\\/fr\\\/wp-content\\\/uploads\\\/2019\\\/12\\\/marieclaire_fond_de_teint.png\",\"keywords\":[\"Dior\",\"fond de teint\",\"Mac\",\"nyx\",\"Sisley\"],\"articleSection\":[\"Beaut\u00e9\",\"Maquillage\"],\"inLanguage\":\"fr-FR\"},{\"@type\":\"WebPage\",\"@id\":\"https:\\\/\\\/marieclaire.be\\\/fr\\\/findation-site-trouve-nuance-de-fond-de-teint-toutes-marques\\\/\",\"url\":\"http:\\\/\\\/marieclaire.fr\\\/findation-site-pour-trouver-teinte-fond-de-teint,1333404.asp\",\"name\":\"Arr\u00eatez tout, ce site trouve votre nuance de fond de teint dans toutes les marques ! - Marie Claire Belgique\",\"isPartOf\":{\"@id\":\"https:\\\/\\\/marieclaire.be\\\/fr\\\/#website\"},\"primaryImageOfPage\":{\"@id\":\"http:\\\/\\\/marieclaire.fr\\\/findation-site-pour-trouver-teinte-fond-de-teint,1333404.asp#primaryimage\"},\"image\":{\"@id\":\"http:\\\/\\\/marieclaire.fr\\\/findation-site-pour-trouver-teinte-fond-de-teint,1333404.asp#primaryimage\"},\"thumbnailUrl\":\"https:\\\/\\\/marieclaire.be\\\/fr\\\/wp-content\\\/uploads\\\/2019\\\/12\\\/marieclaire_fond_de_teint.png\",\"datePublished\":\"2019-12-14T13:04:40+00:00\",\"description\":\"Trouver LA teinte de fond de teint qui correspond parfaitement \u00e0 notre carnation? C'est possible avec le site Findation.\",\"inLanguage\":\"fr-FR\",\"potentialAction\":[{\"@type\":\"ReadAction\",\"target\":[\"http:\\\/\\\/marieclaire.fr\\\/findation-site-pour-trouver-teinte-fond-de-teint,1333404.asp\"]}]},{\"@type\":\"ImageObject\",\"inLanguage\":\"fr-FR\",\"@id\":\"http:\\\/\\\/marieclaire.fr\\\/findation-site-pour-trouver-teinte-fond-de-teint,1333404.asp#primaryimage\",\"url\":\"https:\\\/\\\/marieclaire.be\\\/fr\\\/wp-content\\\/uploads\\\/2019\\\/12\\\/marieclaire_fond_de_teint.png\",\"contentUrl\":\"https:\\\/\\\/marieclaire.be\\\/fr\\\/wp-content\\\/uploads\\\/2019\\\/12\\\/marieclaire_fond_de_teint.png\",\"width\":1050,\"height\":550,\"caption\":\"Getty Images\"},{\"@type\":\"WebSite\",\"@id\":\"https:\\\/\\\/marieclaire.be\\\/fr\\\/#website\",\"url\":\"https:\\\/\\\/marieclaire.be\\\/fr\\\/\",\"name\":\"Marie Claire Belgique\",\"description\":\"Marie Claire Belgique, le magazine du style et de l\u2019intelligence qui parle de mode, des tendances, de la beaut\u00e9, de l\u2019actualit\u00e9 et de la culture\",\"publisher\":{\"@id\":\"https:\\\/\\\/marieclaire.be\\\/fr\\\/#organization\"},\"potentialAction\":[{\"@type\":\"SearchAction\",\"target\":{\"@type\":\"EntryPoint\",\"urlTemplate\":\"https:\\\/\\\/marieclaire.be\\\/fr\\\/?s={search_term_string}\"},\"query-input\":{\"@type\":\"PropertyValueSpecification\",\"valueRequired\":true,\"valueName\":\"search_term_string\"}}],\"inLanguage\":\"fr-FR\"},{\"@type\":\"Organization\",\"@id\":\"https:\\\/\\\/marieclaire.be\\\/fr\\\/#organization\",\"name\":\"Marie Claire\",\"url\":\"https:\\\/\\\/marieclaire.be\\\/fr\\\/\",\"logo\":{\"@type\":\"ImageObject\",\"inLanguage\":\"fr-FR\",\"@id\":\"https:\\\/\\\/marieclaire.be\\\/fr\\\/#\\\/schema\\\/logo\\\/image\\\/\",\"url\":\"https:\\\/\\\/marieclaire.be\\\/fr\\\/wp-content\\\/uploads\\\/2018\\\/05\\\/mc-logo2.png\",\"contentUrl\":\"https:\\\/\\\/marieclaire.be\\\/fr\\\/wp-content\\\/uploads\\\/2018\\\/05\\\/mc-logo2.png\",\"width\":1001,\"height\":189,\"caption\":\"Marie Claire\"},\"image\":{\"@id\":\"https:\\\/\\\/marieclaire.be\\\/fr\\\/#\\\/schema\\\/logo\\\/image\\\/\"},\"sameAs\":[\"https:\\\/\\\/www.facebook.com\\\/MarieClaire.Belgique\\\/\",\"https:\\\/\\\/www.instagram.com\\\/marieclaire_belgique\\\/\",\"https:\\\/\\\/fr.pinterest.com\\\/marieclairebe\\\/\",\"https:\\\/\\\/www.youtube.com\\\/user\\\/BelgiumMarieClaire\"]},{\"@type\":\"Person\",\"@id\":\"https:\\\/\\\/marieclaire.be\\\/fr\\\/#\\\/schema\\\/person\\\/0f2a2faab8a1cdf67c909271eb6dcb39\",\"name\":\"Charlotte Deprez\",\"image\":{\"@type\":\"ImageObject\",\"inLanguage\":\"fr-FR\",\"@id\":\"https:\\\/\\\/marieclaire.be\\\/fr\\\/wp-content\\\/uploads\\\/2019\\\/09\\\/charlotte_deprez-96x96.jpg\",\"url\":\"https:\\\/\\\/marieclaire.be\\\/fr\\\/wp-content\\\/uploads\\\/2019\\\/09\\\/charlotte_deprez-96x96.jpg\",\"contentUrl\":\"https:\\\/\\\/marieclaire.be\\\/fr\\\/wp-content\\\/uploads\\\/2019\\\/09\\\/charlotte_deprez-96x96.jpg\",\"caption\":\"Charlotte Deprez\"},\"description\":\"Foodie assum\u00e9e, obs\u00e9d\u00e9e par les voyages, la photographie et la tech, toujours \u00e0 l'aff\u00fbt de la derni\u00e8re tendance Instagram qui va r\u00e9volutionner le monde.\",\"sameAs\":[\"http:\\\/\\\/www.thetinynomad.com\",\"https:\\\/\\\/www.instagram.com\\\/thetinynomad\",\"https:\\\/\\\/be.linkedin.com\\\/in\\\/charlottedeprez\",\"https:\\\/\\\/fr.pinterest.com\\\/chadeprez\\\/\",\"https:\\\/\\\/x.com\\\/chadeprez\"],\"url\":\"https:\\\/\\\/marieclaire.be\\\/fr\\\/author\\\/charlotte\\\/\"}]}<\/script>\n<!-- \/ Yoast SEO plugin. -->","yoast_head_json":{"title":"Arr\u00eatez tout, ce site trouve votre nuance de fond de teint dans toutes les marques ! - Marie Claire Belgique","description":"Trouver LA teinte de fond de teint qui correspond parfaitement \u00e0 notre carnation? C'est possible avec le site Findation.","robots":{"index":"index","follow":"follow","max-snippet":"max-snippet:-1","max-image-preview":"max-image-preview:large","max-video-preview":"max-video-preview:-1"},"canonical":"http:\/\/marieclaire.fr\/findation-site-pour-trouver-teinte-fond-de-teint,1333404.asp","next":"https:\/\/marieclaire.be\/fr\/findation-site-trouve-nuance-de-fond-de-teint-toutes-marques\/2\/","og_locale":"fr_FR","og_type":"article","og_title":"Arr\u00eatez tout, ce site trouve votre nuance de fond de teint dans toutes les marques ! - Marie Claire Belgique","og_description":"Trouver LA teinte de fond de teint qui correspond parfaitement \u00e0 notre carnation? C'est possible avec le site Findation.","og_url":"http:\/\/marieclaire.fr\/findation-site-pour-trouver-teinte-fond-de-teint,1333404.asp","og_site_name":"Marie Claire Belgique","article_publisher":"https:\/\/www.facebook.com\/MarieClaire.Belgique\/","article_published_time":"2019-12-14T13:04:40+00:00","og_image":[{"width":1050,"height":550,"url":"https:\/\/marieclaire.be\/fr\/wp-content\/uploads\/2019\/12\/marieclaire_fond_de_teint.png","type":"image\/png"}],"author":"Charlotte Deprez","twitter_misc":{"\u00c9crit par":"Charlotte Deprez","Dur\u00e9e de lecture estim\u00e9e":"2 minutes"},"schema":{"@context":"https:\/\/schema.org","@graph":[{"@type":"NewsArticle","@id":"http:\/\/marieclaire.fr\/findation-site-pour-trouver-teinte-fond-de-teint,1333404.asp#article","isPartOf":{"@id":"https:\/\/marieclaire.be\/fr\/findation-site-trouve-nuance-de-fond-de-teint-toutes-marques\/"},"author":{"name":"Charlotte Deprez","@id":"https:\/\/marieclaire.be\/fr\/#\/schema\/person\/0f2a2faab8a1cdf67c909271eb6dcb39"},"headline":"Arr\u00eatez tout, ce site trouve votre nuance de fond de teint dans toutes les marques !","datePublished":"2019-12-14T13:04:40+00:00","mainEntityOfPage":{"@id":"https:\/\/marieclaire.be\/fr\/findation-site-trouve-nuance-de-fond-de-teint-toutes-marques\/"},"wordCount":452,"publisher":{"@id":"https:\/\/marieclaire.be\/fr\/#organization"},"image":{"@id":"http:\/\/marieclaire.fr\/findation-site-pour-trouver-teinte-fond-de-teint,1333404.asp#primaryimage"},"thumbnailUrl":"https:\/\/marieclaire.be\/fr\/wp-content\/uploads\/2019\/12\/marieclaire_fond_de_teint.png","keywords":["Dior","fond de teint","Mac","nyx","Sisley"],"articleSection":["Beaut\u00e9","Maquillage"],"inLanguage":"fr-FR"},{"@type":"WebPage","@id":"https:\/\/marieclaire.be\/fr\/findation-site-trouve-nuance-de-fond-de-teint-toutes-marques\/","url":"http:\/\/marieclaire.fr\/findation-site-pour-trouver-teinte-fond-de-teint,1333404.asp","name":"Arr\u00eatez tout, ce site trouve votre nuance de fond de teint dans toutes les marques ! - Marie Claire Belgique","isPartOf":{"@id":"https:\/\/marieclaire.be\/fr\/#website"},"primaryImageOfPage":{"@id":"http:\/\/marieclaire.fr\/findation-site-pour-trouver-teinte-fond-de-teint,1333404.asp#primaryimage"},"image":{"@id":"http:\/\/marieclaire.fr\/findation-site-pour-trouver-teinte-fond-de-teint,1333404.asp#primaryimage"},"thumbnailUrl":"https:\/\/marieclaire.be\/fr\/wp-content\/uploads\/2019\/12\/marieclaire_fond_de_teint.png","datePublished":"2019-12-14T13:04:40+00:00","description":"Trouver LA teinte de fond de teint qui correspond parfaitement \u00e0 notre carnation? C'est possible avec le site Findation.","inLanguage":"fr-FR","potentialAction":[{"@type":"ReadAction","target":["http:\/\/marieclaire.fr\/findation-site-pour-trouver-teinte-fond-de-teint,1333404.asp"]}]},{"@type":"ImageObject","inLanguage":"fr-FR","@id":"http:\/\/marieclaire.fr\/findation-site-pour-trouver-teinte-fond-de-teint,1333404.asp#primaryimage","url":"https:\/\/marieclaire.be\/fr\/wp-content\/uploads\/2019\/12\/marieclaire_fond_de_teint.png","contentUrl":"https:\/\/marieclaire.be\/fr\/wp-content\/uploads\/2019\/12\/marieclaire_fond_de_teint.png","width":1050,"height":550,"caption":"Getty Images"},{"@type":"WebSite","@id":"https:\/\/marieclaire.be\/fr\/#website","url":"https:\/\/marieclaire.be\/fr\/","name":"Marie Claire Belgique","description":"Marie Claire Belgique, le magazine du style et de l\u2019intelligence qui parle de mode, des tendances, de la beaut\u00e9, de l\u2019actualit\u00e9 et de la culture","publisher":{"@id":"https:\/\/marieclaire.be\/fr\/#organization"},"potentialAction":[{"@type":"SearchAction","target":{"@type":"EntryPoint","urlTemplate":"https:\/\/marieclaire.be\/fr\/?s={search_term_string}"},"query-input":{"@type":"PropertyValueSpecification","valueRequired":true,"valueName":"search_term_string"}}],"inLanguage":"fr-FR"},{"@type":"Organization","@id":"https:\/\/marieclaire.be\/fr\/#organization","name":"Marie Claire","url":"https:\/\/marieclaire.be\/fr\/","logo":{"@type":"ImageObject","inLanguage":"fr-FR","@id":"https:\/\/marieclaire.be\/fr\/#\/schema\/logo\/image\/","url":"https:\/\/marieclaire.be\/fr\/wp-content\/uploads\/2018\/05\/mc-logo2.png","contentUrl":"https:\/\/marieclaire.be\/fr\/wp-content\/uploads\/2018\/05\/mc-logo2.png","width":1001,"height":189,"caption":"Marie Claire"},"image":{"@id":"https:\/\/marieclaire.be\/fr\/#\/schema\/logo\/image\/"},"sameAs":["https:\/\/www.facebook.com\/MarieClaire.Belgique\/","https:\/\/www.instagram.com\/marieclaire_belgique\/","https:\/\/fr.pinterest.com\/marieclairebe\/","https:\/\/www.youtube.com\/user\/BelgiumMarieClaire"]},{"@type":"Person","@id":"https:\/\/marieclaire.be\/fr\/#\/schema\/person\/0f2a2faab8a1cdf67c909271eb6dcb39","name":"Charlotte Deprez","image":{"@type":"ImageObject","inLanguage":"fr-FR","@id":"https:\/\/marieclaire.be\/fr\/wp-content\/uploads\/2019\/09\/charlotte_deprez-96x96.jpg","url":"https:\/\/marieclaire.be\/fr\/wp-content\/uploads\/2019\/09\/charlotte_deprez-96x96.jpg","contentUrl":"https:\/\/marieclaire.be\/fr\/wp-content\/uploads\/2019\/09\/charlotte_deprez-96x96.jpg","caption":"Charlotte Deprez"},"description":"Foodie assum\u00e9e, obs\u00e9d\u00e9e par les voyages, la photographie et la tech, toujours \u00e0 l'aff\u00fbt de la derni\u00e8re tendance Instagram qui va r\u00e9volutionner le monde.","sameAs":["http:\/\/www.thetinynomad.com","https:\/\/www.instagram.com\/thetinynomad","https:\/\/be.linkedin.com\/in\/charlottedeprez","https:\/\/fr.pinterest.com\/chadeprez\/","https:\/\/x.com\/chadeprez"],"url":"https:\/\/marieclaire.be\/fr\/author\/charlotte\/"}]}},"_links":{"self":[{"href":"https:\/\/marieclaire.be\/fr\/wp-json\/wp\/v2\/posts\/83537","targetHints":{"allow":["GET"]}}],"collection":[{"href":"https:\/\/marieclaire.be\/fr\/wp-json\/wp\/v2\/posts"}],"about":[{"href":"https:\/\/marieclaire.be\/fr\/wp-json\/wp\/v2\/types\/post"}],"author":[{"embeddable":true,"href":"https:\/\/marieclaire.be\/fr\/wp-json\/wp\/v2\/users\/19"}],"replies":[{"embeddable":true,"href":"https:\/\/marieclaire.be\/fr\/wp-json\/wp\/v2\/comments?post=83537"}],"version-history":[{"count":0,"href":"https:\/\/marieclaire.be\/fr\/wp-json\/wp\/v2\/posts\/83537\/revisions"}],"wp:featuredmedia":[{"embeddable":true,"href":"https:\/\/marieclaire.be\/fr\/wp-json\/wp\/v2\/media\/83539"}],"wp:attachment":[{"href":"https:\/\/marieclaire.be\/fr\/wp-json\/wp\/v2\/media?parent=83537"}],"wp:term":[{"taxonomy":"category","embeddable":true,"href":"https:\/\/marieclaire.be\/fr\/wp-json\/wp\/v2\/categories?post=83537"},{"taxonomy":"post_tag","embeddable":true,"href":"https:\/\/marieclaire.be\/fr\/wp-json\/wp\/v2\/tags?post=83537"}],"curies":[{"name":"wp","href":"https:\/\/api.w.org\/{rel}","templated":true}]}}