{"id":80146,"date":"2019-10-23T13:00:36","date_gmt":"2019-10-23T11:00:36","guid":{"rendered":"https:\/\/marieclaire.be\/fr\/?p=80146"},"modified":"2020-03-11T11:49:41","modified_gmt":"2020-03-11T10:49:41","slug":"bougie-louis-vuitton-red-soutien-lutte-contre-le-sida","status":"publish","type":"post","link":"https:\/\/marieclaire.be\/fr\/bougie-louis-vuitton-red-soutien-lutte-contre-le-sida\/","title":{"rendered":"Crush of the day : la bougie Louis Vuitton (RED), en soutien \u00e0 la lutte contre le sida"},"content":{"rendered":"","protected":false},"excerpt":{"rendered":"Louis Vuitton a annonc\u00e9 sa collaboration avec (RED), l&#8217;association fonde\u0301e en 2006 par Bono et Bobby Shriver en soutien a\u0300 la mobilisation contre le virus du sida, avec la cre\u0301ation d&#8217;une bougie canon et, surtout, solidaire.","protected":false},"author":19,"featured_media":80148,"comment_status":"closed","ping_status":"closed","sticky":false,"template":"","format":"standard","meta":{"_acf_changed":false,"footnotes":""},"categories":[4733],"tags":[1489],"class_list":["post-80146","post","type-post","status-publish","format-standard","has-post-thumbnail","hentry","category-crush-of-the-day","tag-louis-vuitton"],"acf":[],"_yoast_wpseo_title":null,"_yoast_wpseo_metadesc":"La nouvelle bougie Louis Vuitton est une collaboration avec (RED) pour lutter contre le sida. Et en plus d'\u00eatre solidaire, elle est canon!","image_verticale":"","yoast_head":"<!-- This site is optimized with the Yoast SEO plugin v27.3 - https:\/\/yoast.com\/product\/yoast-seo-wordpress\/ -->\n<title>Crush of the day : la bougie Louis Vuitton (RED), en soutien \u00e0 la lutte contre le sida - Marie Claire Belgique<\/title>\n<meta name=\"description\" content=\"La nouvelle bougie Louis Vuitton est une collaboration avec (RED) pour lutter contre le sida. Et en plus d&#039;\u00eatre solidaire, elle est canon!\" \/>\n<meta name=\"robots\" content=\"index, follow, max-snippet:-1, max-image-preview:large, max-video-preview:-1\" \/>\n<link rel=\"canonical\" href=\"https:\/\/marieclaire.be\/fr\/bougie-louis-vuitton-red-soutien-lutte-contre-le-sida\/\" \/>\n<link rel=\"next\" href=\"https:\/\/marieclaire.be\/fr\/bougie-louis-vuitton-red-soutien-lutte-contre-le-sida\/2\/\" \/>\n<meta property=\"og:locale\" content=\"fr_FR\" \/>\n<meta property=\"og:type\" content=\"article\" \/>\n<meta property=\"og:title\" content=\"Crush of the day : la bougie Louis Vuitton (RED), en soutien \u00e0 la lutte contre le sida - Marie Claire Belgique\" \/>\n<meta property=\"og:description\" content=\"La nouvelle bougie Louis Vuitton est une collaboration avec (RED) pour lutter contre le sida. Et en plus d&#039;\u00eatre solidaire, elle est canon!\" \/>\n<meta property=\"og:url\" content=\"https:\/\/marieclaire.be\/fr\/bougie-louis-vuitton-red-soutien-lutte-contre-le-sida\/\" \/>\n<meta property=\"og:site_name\" content=\"Marie Claire Belgique\" \/>\n<meta property=\"article:publisher\" content=\"https:\/\/www.facebook.com\/MarieClaire.Belgique\/\" \/>\n<meta property=\"article:published_time\" content=\"2019-10-23T11:00:36+00:00\" \/>\n<meta property=\"article:modified_time\" content=\"2020-03-11T10:49:41+00:00\" \/>\n<meta property=\"og:image\" content=\"https:\/\/marieclaire.be\/fr\/wp-content\/uploads\/2019\/10\/marieclaire_bougie_vuitton_red.png\" \/>\n\t<meta property=\"og:image:width\" content=\"1050\" \/>\n\t<meta property=\"og:image:height\" content=\"550\" \/>\n\t<meta property=\"og:image:type\" content=\"image\/png\" \/>\n<meta name=\"author\" content=\"Charlotte Deprez\" \/>\n<meta name=\"twitter:label1\" content=\"\u00c9crit par\" \/>\n\t<meta name=\"twitter:data1\" content=\"Charlotte Deprez\" \/>\n\t<meta name=\"twitter:label2\" content=\"Dur\u00e9e de lecture estim\u00e9e\" \/>\n\t<meta name=\"twitter:data2\" content=\"2 minutes\" \/>\n<script type=\"application\/ld+json\" class=\"yoast-schema-graph\">{\"@context\":\"https:\\\/\\\/schema.org\",\"@graph\":[{\"@type\":\"NewsArticle\",\"@id\":\"https:\\\/\\\/marieclaire.be\\\/fr\\\/bougie-louis-vuitton-red-soutien-lutte-contre-le-sida\\\/#article\",\"isPartOf\":{\"@id\":\"https:\\\/\\\/marieclaire.be\\\/fr\\\/bougie-louis-vuitton-red-soutien-lutte-contre-le-sida\\\/\"},\"author\":{\"name\":\"Charlotte Deprez\",\"@id\":\"https:\\\/\\\/marieclaire.be\\\/fr\\\/#\\\/schema\\\/person\\\/0f2a2faab8a1cdf67c909271eb6dcb39\"},\"headline\":\"Crush of the day : la bougie Louis Vuitton (RED), en soutien \u00e0 la lutte contre le sida\",\"datePublished\":\"2019-10-23T11:00:36+00:00\",\"dateModified\":\"2020-03-11T10:49:41+00:00\",\"mainEntityOfPage\":{\"@id\":\"https:\\\/\\\/marieclaire.be\\\/fr\\\/bougie-louis-vuitton-red-soutien-lutte-contre-le-sida\\\/\"},\"wordCount\":388,\"publisher\":{\"@id\":\"https:\\\/\\\/marieclaire.be\\\/fr\\\/#organization\"},\"image\":{\"@id\":\"https:\\\/\\\/marieclaire.be\\\/fr\\\/bougie-louis-vuitton-red-soutien-lutte-contre-le-sida\\\/#primaryimage\"},\"thumbnailUrl\":\"https:\\\/\\\/marieclaire.be\\\/fr\\\/wp-content\\\/uploads\\\/2019\\\/10\\\/marieclaire_bougie_vuitton_red.png\",\"keywords\":[\"louis vuitton\"],\"articleSection\":[\"Editor's Pick\"],\"inLanguage\":\"fr-FR\"},{\"@type\":\"WebPage\",\"@id\":\"https:\\\/\\\/marieclaire.be\\\/fr\\\/bougie-louis-vuitton-red-soutien-lutte-contre-le-sida\\\/\",\"url\":\"https:\\\/\\\/marieclaire.be\\\/fr\\\/bougie-louis-vuitton-red-soutien-lutte-contre-le-sida\\\/\",\"name\":\"Crush of the day : la bougie Louis Vuitton (RED), en soutien \u00e0 la lutte contre le sida - Marie Claire Belgique\",\"isPartOf\":{\"@id\":\"https:\\\/\\\/marieclaire.be\\\/fr\\\/#website\"},\"primaryImageOfPage\":{\"@id\":\"https:\\\/\\\/marieclaire.be\\\/fr\\\/bougie-louis-vuitton-red-soutien-lutte-contre-le-sida\\\/#primaryimage\"},\"image\":{\"@id\":\"https:\\\/\\\/marieclaire.be\\\/fr\\\/bougie-louis-vuitton-red-soutien-lutte-contre-le-sida\\\/#primaryimage\"},\"thumbnailUrl\":\"https:\\\/\\\/marieclaire.be\\\/fr\\\/wp-content\\\/uploads\\\/2019\\\/10\\\/marieclaire_bougie_vuitton_red.png\",\"datePublished\":\"2019-10-23T11:00:36+00:00\",\"dateModified\":\"2020-03-11T10:49:41+00:00\",\"description\":\"La nouvelle bougie Louis Vuitton est une collaboration avec (RED) pour lutter contre le sida. Et en plus d'\u00eatre solidaire, elle est canon!\",\"inLanguage\":\"fr-FR\",\"potentialAction\":[{\"@type\":\"ReadAction\",\"target\":[\"https:\\\/\\\/marieclaire.be\\\/fr\\\/bougie-louis-vuitton-red-soutien-lutte-contre-le-sida\\\/\"]}]},{\"@type\":\"ImageObject\",\"inLanguage\":\"fr-FR\",\"@id\":\"https:\\\/\\\/marieclaire.be\\\/fr\\\/bougie-louis-vuitton-red-soutien-lutte-contre-le-sida\\\/#primaryimage\",\"url\":\"https:\\\/\\\/marieclaire.be\\\/fr\\\/wp-content\\\/uploads\\\/2019\\\/10\\\/marieclaire_bougie_vuitton_red.png\",\"contentUrl\":\"https:\\\/\\\/marieclaire.be\\\/fr\\\/wp-content\\\/uploads\\\/2019\\\/10\\\/marieclaire_bougie_vuitton_red.png\",\"width\":1050,\"height\":550,\"caption\":\"Presse\"},{\"@type\":\"WebSite\",\"@id\":\"https:\\\/\\\/marieclaire.be\\\/fr\\\/#website\",\"url\":\"https:\\\/\\\/marieclaire.be\\\/fr\\\/\",\"name\":\"Marie Claire Belgique\",\"description\":\"Marie Claire Belgique, le magazine du style et de l\u2019intelligence qui parle de mode, des tendances, de la beaut\u00e9, de l\u2019actualit\u00e9 et de la culture\",\"publisher\":{\"@id\":\"https:\\\/\\\/marieclaire.be\\\/fr\\\/#organization\"},\"potentialAction\":[{\"@type\":\"SearchAction\",\"target\":{\"@type\":\"EntryPoint\",\"urlTemplate\":\"https:\\\/\\\/marieclaire.be\\\/fr\\\/?s={search_term_string}\"},\"query-input\":{\"@type\":\"PropertyValueSpecification\",\"valueRequired\":true,\"valueName\":\"search_term_string\"}}],\"inLanguage\":\"fr-FR\"},{\"@type\":\"Organization\",\"@id\":\"https:\\\/\\\/marieclaire.be\\\/fr\\\/#organization\",\"name\":\"Marie Claire\",\"url\":\"https:\\\/\\\/marieclaire.be\\\/fr\\\/\",\"logo\":{\"@type\":\"ImageObject\",\"inLanguage\":\"fr-FR\",\"@id\":\"https:\\\/\\\/marieclaire.be\\\/fr\\\/#\\\/schema\\\/logo\\\/image\\\/\",\"url\":\"https:\\\/\\\/marieclaire.be\\\/fr\\\/wp-content\\\/uploads\\\/2018\\\/05\\\/mc-logo2.png\",\"contentUrl\":\"https:\\\/\\\/marieclaire.be\\\/fr\\\/wp-content\\\/uploads\\\/2018\\\/05\\\/mc-logo2.png\",\"width\":1001,\"height\":189,\"caption\":\"Marie Claire\"},\"image\":{\"@id\":\"https:\\\/\\\/marieclaire.be\\\/fr\\\/#\\\/schema\\\/logo\\\/image\\\/\"},\"sameAs\":[\"https:\\\/\\\/www.facebook.com\\\/MarieClaire.Belgique\\\/\",\"https:\\\/\\\/www.instagram.com\\\/marieclaire_belgique\\\/\",\"https:\\\/\\\/fr.pinterest.com\\\/marieclairebe\\\/\",\"https:\\\/\\\/www.youtube.com\\\/user\\\/BelgiumMarieClaire\"]},{\"@type\":\"Person\",\"@id\":\"https:\\\/\\\/marieclaire.be\\\/fr\\\/#\\\/schema\\\/person\\\/0f2a2faab8a1cdf67c909271eb6dcb39\",\"name\":\"Charlotte Deprez\",\"image\":{\"@type\":\"ImageObject\",\"inLanguage\":\"fr-FR\",\"@id\":\"https:\\\/\\\/marieclaire.be\\\/fr\\\/wp-content\\\/uploads\\\/2019\\\/09\\\/charlotte_deprez-96x96.jpg\",\"url\":\"https:\\\/\\\/marieclaire.be\\\/fr\\\/wp-content\\\/uploads\\\/2019\\\/09\\\/charlotte_deprez-96x96.jpg\",\"contentUrl\":\"https:\\\/\\\/marieclaire.be\\\/fr\\\/wp-content\\\/uploads\\\/2019\\\/09\\\/charlotte_deprez-96x96.jpg\",\"caption\":\"Charlotte Deprez\"},\"description\":\"Foodie assum\u00e9e, obs\u00e9d\u00e9e par les voyages, la photographie et la tech, toujours \u00e0 l'aff\u00fbt de la derni\u00e8re tendance Instagram qui va r\u00e9volutionner le monde.\",\"sameAs\":[\"http:\\\/\\\/www.thetinynomad.com\",\"https:\\\/\\\/www.instagram.com\\\/thetinynomad\",\"https:\\\/\\\/be.linkedin.com\\\/in\\\/charlottedeprez\",\"https:\\\/\\\/fr.pinterest.com\\\/chadeprez\\\/\",\"https:\\\/\\\/x.com\\\/chadeprez\"],\"url\":\"https:\\\/\\\/marieclaire.be\\\/fr\\\/author\\\/charlotte\\\/\"}]}<\/script>\n<!-- \/ Yoast SEO plugin. -->","yoast_head_json":{"title":"Crush of the day : la bougie Louis Vuitton (RED), en soutien \u00e0 la lutte contre le sida - Marie Claire Belgique","description":"La nouvelle bougie Louis Vuitton est une collaboration avec (RED) pour lutter contre le sida. Et en plus d'\u00eatre solidaire, elle est canon!","robots":{"index":"index","follow":"follow","max-snippet":"max-snippet:-1","max-image-preview":"max-image-preview:large","max-video-preview":"max-video-preview:-1"},"canonical":"https:\/\/marieclaire.be\/fr\/bougie-louis-vuitton-red-soutien-lutte-contre-le-sida\/","next":"https:\/\/marieclaire.be\/fr\/bougie-louis-vuitton-red-soutien-lutte-contre-le-sida\/2\/","og_locale":"fr_FR","og_type":"article","og_title":"Crush of the day : la bougie Louis Vuitton (RED), en soutien \u00e0 la lutte contre le sida - Marie Claire Belgique","og_description":"La nouvelle bougie Louis Vuitton est une collaboration avec (RED) pour lutter contre le sida. Et en plus d'\u00eatre solidaire, elle est canon!","og_url":"https:\/\/marieclaire.be\/fr\/bougie-louis-vuitton-red-soutien-lutte-contre-le-sida\/","og_site_name":"Marie Claire Belgique","article_publisher":"https:\/\/www.facebook.com\/MarieClaire.Belgique\/","article_published_time":"2019-10-23T11:00:36+00:00","article_modified_time":"2020-03-11T10:49:41+00:00","og_image":[{"width":1050,"height":550,"url":"https:\/\/marieclaire.be\/fr\/wp-content\/uploads\/2019\/10\/marieclaire_bougie_vuitton_red.png","type":"image\/png"}],"author":"Charlotte Deprez","twitter_misc":{"\u00c9crit par":"Charlotte Deprez","Dur\u00e9e de lecture estim\u00e9e":"2 minutes"},"schema":{"@context":"https:\/\/schema.org","@graph":[{"@type":"NewsArticle","@id":"https:\/\/marieclaire.be\/fr\/bougie-louis-vuitton-red-soutien-lutte-contre-le-sida\/#article","isPartOf":{"@id":"https:\/\/marieclaire.be\/fr\/bougie-louis-vuitton-red-soutien-lutte-contre-le-sida\/"},"author":{"name":"Charlotte Deprez","@id":"https:\/\/marieclaire.be\/fr\/#\/schema\/person\/0f2a2faab8a1cdf67c909271eb6dcb39"},"headline":"Crush of the day : la bougie Louis Vuitton (RED), en soutien \u00e0 la lutte contre le sida","datePublished":"2019-10-23T11:00:36+00:00","dateModified":"2020-03-11T10:49:41+00:00","mainEntityOfPage":{"@id":"https:\/\/marieclaire.be\/fr\/bougie-louis-vuitton-red-soutien-lutte-contre-le-sida\/"},"wordCount":388,"publisher":{"@id":"https:\/\/marieclaire.be\/fr\/#organization"},"image":{"@id":"https:\/\/marieclaire.be\/fr\/bougie-louis-vuitton-red-soutien-lutte-contre-le-sida\/#primaryimage"},"thumbnailUrl":"https:\/\/marieclaire.be\/fr\/wp-content\/uploads\/2019\/10\/marieclaire_bougie_vuitton_red.png","keywords":["louis vuitton"],"articleSection":["Editor's Pick"],"inLanguage":"fr-FR"},{"@type":"WebPage","@id":"https:\/\/marieclaire.be\/fr\/bougie-louis-vuitton-red-soutien-lutte-contre-le-sida\/","url":"https:\/\/marieclaire.be\/fr\/bougie-louis-vuitton-red-soutien-lutte-contre-le-sida\/","name":"Crush of the day : la bougie Louis Vuitton (RED), en soutien \u00e0 la lutte contre le sida - Marie Claire Belgique","isPartOf":{"@id":"https:\/\/marieclaire.be\/fr\/#website"},"primaryImageOfPage":{"@id":"https:\/\/marieclaire.be\/fr\/bougie-louis-vuitton-red-soutien-lutte-contre-le-sida\/#primaryimage"},"image":{"@id":"https:\/\/marieclaire.be\/fr\/bougie-louis-vuitton-red-soutien-lutte-contre-le-sida\/#primaryimage"},"thumbnailUrl":"https:\/\/marieclaire.be\/fr\/wp-content\/uploads\/2019\/10\/marieclaire_bougie_vuitton_red.png","datePublished":"2019-10-23T11:00:36+00:00","dateModified":"2020-03-11T10:49:41+00:00","description":"La nouvelle bougie Louis Vuitton est une collaboration avec (RED) pour lutter contre le sida. Et en plus d'\u00eatre solidaire, elle est canon!","inLanguage":"fr-FR","potentialAction":[{"@type":"ReadAction","target":["https:\/\/marieclaire.be\/fr\/bougie-louis-vuitton-red-soutien-lutte-contre-le-sida\/"]}]},{"@type":"ImageObject","inLanguage":"fr-FR","@id":"https:\/\/marieclaire.be\/fr\/bougie-louis-vuitton-red-soutien-lutte-contre-le-sida\/#primaryimage","url":"https:\/\/marieclaire.be\/fr\/wp-content\/uploads\/2019\/10\/marieclaire_bougie_vuitton_red.png","contentUrl":"https:\/\/marieclaire.be\/fr\/wp-content\/uploads\/2019\/10\/marieclaire_bougie_vuitton_red.png","width":1050,"height":550,"caption":"Presse"},{"@type":"WebSite","@id":"https:\/\/marieclaire.be\/fr\/#website","url":"https:\/\/marieclaire.be\/fr\/","name":"Marie Claire Belgique","description":"Marie Claire Belgique, le magazine du style et de l\u2019intelligence qui parle de mode, des tendances, de la beaut\u00e9, de l\u2019actualit\u00e9 et de la culture","publisher":{"@id":"https:\/\/marieclaire.be\/fr\/#organization"},"potentialAction":[{"@type":"SearchAction","target":{"@type":"EntryPoint","urlTemplate":"https:\/\/marieclaire.be\/fr\/?s={search_term_string}"},"query-input":{"@type":"PropertyValueSpecification","valueRequired":true,"valueName":"search_term_string"}}],"inLanguage":"fr-FR"},{"@type":"Organization","@id":"https:\/\/marieclaire.be\/fr\/#organization","name":"Marie Claire","url":"https:\/\/marieclaire.be\/fr\/","logo":{"@type":"ImageObject","inLanguage":"fr-FR","@id":"https:\/\/marieclaire.be\/fr\/#\/schema\/logo\/image\/","url":"https:\/\/marieclaire.be\/fr\/wp-content\/uploads\/2018\/05\/mc-logo2.png","contentUrl":"https:\/\/marieclaire.be\/fr\/wp-content\/uploads\/2018\/05\/mc-logo2.png","width":1001,"height":189,"caption":"Marie Claire"},"image":{"@id":"https:\/\/marieclaire.be\/fr\/#\/schema\/logo\/image\/"},"sameAs":["https:\/\/www.facebook.com\/MarieClaire.Belgique\/","https:\/\/www.instagram.com\/marieclaire_belgique\/","https:\/\/fr.pinterest.com\/marieclairebe\/","https:\/\/www.youtube.com\/user\/BelgiumMarieClaire"]},{"@type":"Person","@id":"https:\/\/marieclaire.be\/fr\/#\/schema\/person\/0f2a2faab8a1cdf67c909271eb6dcb39","name":"Charlotte Deprez","image":{"@type":"ImageObject","inLanguage":"fr-FR","@id":"https:\/\/marieclaire.be\/fr\/wp-content\/uploads\/2019\/09\/charlotte_deprez-96x96.jpg","url":"https:\/\/marieclaire.be\/fr\/wp-content\/uploads\/2019\/09\/charlotte_deprez-96x96.jpg","contentUrl":"https:\/\/marieclaire.be\/fr\/wp-content\/uploads\/2019\/09\/charlotte_deprez-96x96.jpg","caption":"Charlotte Deprez"},"description":"Foodie assum\u00e9e, obs\u00e9d\u00e9e par les voyages, la photographie et la tech, toujours \u00e0 l'aff\u00fbt de la derni\u00e8re tendance Instagram qui va r\u00e9volutionner le monde.","sameAs":["http:\/\/www.thetinynomad.com","https:\/\/www.instagram.com\/thetinynomad","https:\/\/be.linkedin.com\/in\/charlottedeprez","https:\/\/fr.pinterest.com\/chadeprez\/","https:\/\/x.com\/chadeprez"],"url":"https:\/\/marieclaire.be\/fr\/author\/charlotte\/"}]}},"_links":{"self":[{"href":"https:\/\/marieclaire.be\/fr\/wp-json\/wp\/v2\/posts\/80146","targetHints":{"allow":["GET"]}}],"collection":[{"href":"https:\/\/marieclaire.be\/fr\/wp-json\/wp\/v2\/posts"}],"about":[{"href":"https:\/\/marieclaire.be\/fr\/wp-json\/wp\/v2\/types\/post"}],"author":[{"embeddable":true,"href":"https:\/\/marieclaire.be\/fr\/wp-json\/wp\/v2\/users\/19"}],"replies":[{"embeddable":true,"href":"https:\/\/marieclaire.be\/fr\/wp-json\/wp\/v2\/comments?post=80146"}],"version-history":[{"count":1,"href":"https:\/\/marieclaire.be\/fr\/wp-json\/wp\/v2\/posts\/80146\/revisions"}],"predecessor-version":[{"id":88799,"href":"https:\/\/marieclaire.be\/fr\/wp-json\/wp\/v2\/posts\/80146\/revisions\/88799"}],"wp:featuredmedia":[{"embeddable":true,"href":"https:\/\/marieclaire.be\/fr\/wp-json\/wp\/v2\/media\/80148"}],"wp:attachment":[{"href":"https:\/\/marieclaire.be\/fr\/wp-json\/wp\/v2\/media?parent=80146"}],"wp:term":[{"taxonomy":"category","embeddable":true,"href":"https:\/\/marieclaire.be\/fr\/wp-json\/wp\/v2\/categories?post=80146"},{"taxonomy":"post_tag","embeddable":true,"href":"https:\/\/marieclaire.be\/fr\/wp-json\/wp\/v2\/tags?post=80146"}],"curies":[{"name":"wp","href":"https:\/\/api.w.org\/{rel}","templated":true}]}}