{"id":74750,"date":"2020-07-20T09:00:11","date_gmt":"2020-07-20T07:00:11","guid":{"rendered":"https:\/\/marieclaire.be\/fr\/?p=74750"},"modified":"2020-07-17T16:22:46","modified_gmt":"2020-07-17T14:22:46","slug":"beaute-kits-travel-size-de-luxe","status":"publish","type":"post","link":"https:\/\/marieclaire.be\/fr\/beaute-kits-travel-size-de-luxe\/","title":{"rendered":"Beaut\u00e9 : 6 kits travel size de luxe pour voyager avec style"},"content":{"rendered":"","protected":false},"excerpt":{"rendered":"Quiconque est d\u00e9j\u00e0 parti en citytrip avec un bagage \u00e0 main uniquement sait \u00e0 quel point il est p\u00e9nible de remplacer tous ses produits de beaut\u00e9 pr\u00e9f\u00e9r\u00e9s par des \u00e9chantillons douteux qui trainent dans un tiroir depuis 10 ans.","protected":false},"author":19,"featured_media":94586,"comment_status":"closed","ping_status":"closed","sticky":false,"template":"","format":"standard","meta":{"_acf_changed":false,"footnotes":""},"categories":[7,20],"tags":[605,4313,4337,4459,4458,971,4456],"class_list":["post-74750","post","type-post","status-publish","format-standard","has-post-thumbnail","hentry","category-beaute","category-soins","tag-aesop","tag-leonor-greyl","tag-moroccanoil","tag-pestle-mortar","tag-rainpharma","tag-senteurs-dailleurs","tag-verso"],"acf":[],"_yoast_wpseo_title":null,"_yoast_wpseo_metadesc":"Que vous partiez \u00e0 l'autre bout du monde ou \u00e0 la c\u00f4t\u00e9 belge, voyagez l\u00e9ger et classe gr\u00e2ce \u00e0 ces kits beaut\u00e9 travel size!","image_verticale":"94585","yoast_head":"<!-- This site is optimized with the Yoast SEO plugin v27.3 - https:\/\/yoast.com\/product\/yoast-seo-wordpress\/ -->\n<title>Beaut\u00e9 : 6 kits travel size de luxe pour voyager avec style - Marie Claire Belgique<\/title>\n<meta name=\"description\" content=\"Que vous partiez \u00e0 l&#039;autre bout du monde ou \u00e0 la c\u00f4t\u00e9 belge, voyagez l\u00e9ger et classe gr\u00e2ce \u00e0 ces kits beaut\u00e9 travel size!\" \/>\n<meta name=\"robots\" content=\"index, follow, max-snippet:-1, max-image-preview:large, max-video-preview:-1\" \/>\n<link rel=\"canonical\" href=\"https:\/\/marieclaire.be\/fr\/beaute-kits-travel-size-de-luxe\/\" \/>\n<link rel=\"next\" href=\"https:\/\/marieclaire.be\/fr\/beaute-kits-travel-size-de-luxe\/2\/\" \/>\n<meta property=\"og:locale\" content=\"fr_FR\" \/>\n<meta property=\"og:type\" content=\"article\" \/>\n<meta property=\"og:title\" content=\"Beaut\u00e9 : 6 kits travel size de luxe pour voyager avec style - Marie Claire Belgique\" \/>\n<meta property=\"og:description\" content=\"Que vous partiez \u00e0 l&#039;autre bout du monde ou \u00e0 la c\u00f4t\u00e9 belge, voyagez l\u00e9ger et classe gr\u00e2ce \u00e0 ces kits beaut\u00e9 travel size!\" \/>\n<meta property=\"og:url\" content=\"https:\/\/marieclaire.be\/fr\/beaute-kits-travel-size-de-luxe\/\" \/>\n<meta property=\"og:site_name\" content=\"Marie Claire Belgique\" \/>\n<meta property=\"article:publisher\" content=\"https:\/\/www.facebook.com\/MarieClaire.Belgique\/\" \/>\n<meta property=\"article:published_time\" content=\"2020-07-20T07:00:11+00:00\" \/>\n<meta property=\"og:image\" content=\"https:\/\/marieclaire.be\/fr\/wp-content\/uploads\/2019\/07\/marieclaire_kits_voyage_hproz.png\" \/>\n\t<meta property=\"og:image:width\" content=\"1280\" \/>\n\t<meta property=\"og:image:height\" content=\"670\" \/>\n\t<meta property=\"og:image:type\" content=\"image\/png\" \/>\n<meta name=\"author\" content=\"Charlotte Deprez\" \/>\n<meta name=\"twitter:label1\" content=\"\u00c9crit par\" \/>\n\t<meta name=\"twitter:data1\" content=\"Charlotte Deprez\" \/>\n\t<meta name=\"twitter:label2\" content=\"Dur\u00e9e de lecture estim\u00e9e\" \/>\n\t<meta name=\"twitter:data2\" content=\"4 minutes\" \/>\n<script type=\"application\/ld+json\" class=\"yoast-schema-graph\">{\"@context\":\"https:\\\/\\\/schema.org\",\"@graph\":[{\"@type\":\"NewsArticle\",\"@id\":\"https:\\\/\\\/marieclaire.be\\\/fr\\\/beaute-kits-travel-size-de-luxe\\\/#article\",\"isPartOf\":{\"@id\":\"https:\\\/\\\/marieclaire.be\\\/fr\\\/beaute-kits-travel-size-de-luxe\\\/\"},\"author\":{\"name\":\"Charlotte Deprez\",\"@id\":\"https:\\\/\\\/marieclaire.be\\\/fr\\\/#\\\/schema\\\/person\\\/0f2a2faab8a1cdf67c909271eb6dcb39\"},\"headline\":\"Beaut\u00e9 : 6 kits travel size de luxe pour voyager avec style\",\"datePublished\":\"2020-07-20T07:00:11+00:00\",\"mainEntityOfPage\":{\"@id\":\"https:\\\/\\\/marieclaire.be\\\/fr\\\/beaute-kits-travel-size-de-luxe\\\/\"},\"wordCount\":881,\"publisher\":{\"@id\":\"https:\\\/\\\/marieclaire.be\\\/fr\\\/#organization\"},\"image\":{\"@id\":\"https:\\\/\\\/marieclaire.be\\\/fr\\\/beaute-kits-travel-size-de-luxe\\\/#primaryimage\"},\"thumbnailUrl\":\"https:\\\/\\\/marieclaire.be\\\/fr\\\/wp-content\\\/uploads\\\/2019\\\/07\\\/marieclaire_kits_voyage_hproz.png\",\"keywords\":[\"AESOP\",\"leonor greyl\",\"Moroccanoil\",\"pestle &amp; mortar\",\"rainpharma\",\"Senteurs d'Ailleurs\",\"verso\"],\"articleSection\":[\"Beaut\u00e9\",\"Soins\"],\"inLanguage\":\"fr-FR\"},{\"@type\":\"WebPage\",\"@id\":\"https:\\\/\\\/marieclaire.be\\\/fr\\\/beaute-kits-travel-size-de-luxe\\\/\",\"url\":\"https:\\\/\\\/marieclaire.be\\\/fr\\\/beaute-kits-travel-size-de-luxe\\\/\",\"name\":\"Beaut\u00e9 : 6 kits travel size de luxe pour voyager avec style - Marie Claire Belgique\",\"isPartOf\":{\"@id\":\"https:\\\/\\\/marieclaire.be\\\/fr\\\/#website\"},\"primaryImageOfPage\":{\"@id\":\"https:\\\/\\\/marieclaire.be\\\/fr\\\/beaute-kits-travel-size-de-luxe\\\/#primaryimage\"},\"image\":{\"@id\":\"https:\\\/\\\/marieclaire.be\\\/fr\\\/beaute-kits-travel-size-de-luxe\\\/#primaryimage\"},\"thumbnailUrl\":\"https:\\\/\\\/marieclaire.be\\\/fr\\\/wp-content\\\/uploads\\\/2019\\\/07\\\/marieclaire_kits_voyage_hproz.png\",\"datePublished\":\"2020-07-20T07:00:11+00:00\",\"description\":\"Que vous partiez \u00e0 l'autre bout du monde ou \u00e0 la c\u00f4t\u00e9 belge, voyagez l\u00e9ger et classe gr\u00e2ce \u00e0 ces kits beaut\u00e9 travel size!\",\"inLanguage\":\"fr-FR\",\"potentialAction\":[{\"@type\":\"ReadAction\",\"target\":[\"https:\\\/\\\/marieclaire.be\\\/fr\\\/beaute-kits-travel-size-de-luxe\\\/\"]}]},{\"@type\":\"ImageObject\",\"inLanguage\":\"fr-FR\",\"@id\":\"https:\\\/\\\/marieclaire.be\\\/fr\\\/beaute-kits-travel-size-de-luxe\\\/#primaryimage\",\"url\":\"https:\\\/\\\/marieclaire.be\\\/fr\\\/wp-content\\\/uploads\\\/2019\\\/07\\\/marieclaire_kits_voyage_hproz.png\",\"contentUrl\":\"https:\\\/\\\/marieclaire.be\\\/fr\\\/wp-content\\\/uploads\\\/2019\\\/07\\\/marieclaire_kits_voyage_hproz.png\",\"width\":1280,\"height\":670},{\"@type\":\"WebSite\",\"@id\":\"https:\\\/\\\/marieclaire.be\\\/fr\\\/#website\",\"url\":\"https:\\\/\\\/marieclaire.be\\\/fr\\\/\",\"name\":\"Marie Claire Belgique\",\"description\":\"Marie Claire Belgique, le magazine du style et de l\u2019intelligence qui parle de mode, des tendances, de la beaut\u00e9, de l\u2019actualit\u00e9 et de la culture\",\"publisher\":{\"@id\":\"https:\\\/\\\/marieclaire.be\\\/fr\\\/#organization\"},\"potentialAction\":[{\"@type\":\"SearchAction\",\"target\":{\"@type\":\"EntryPoint\",\"urlTemplate\":\"https:\\\/\\\/marieclaire.be\\\/fr\\\/?s={search_term_string}\"},\"query-input\":{\"@type\":\"PropertyValueSpecification\",\"valueRequired\":true,\"valueName\":\"search_term_string\"}}],\"inLanguage\":\"fr-FR\"},{\"@type\":\"Organization\",\"@id\":\"https:\\\/\\\/marieclaire.be\\\/fr\\\/#organization\",\"name\":\"Marie Claire\",\"url\":\"https:\\\/\\\/marieclaire.be\\\/fr\\\/\",\"logo\":{\"@type\":\"ImageObject\",\"inLanguage\":\"fr-FR\",\"@id\":\"https:\\\/\\\/marieclaire.be\\\/fr\\\/#\\\/schema\\\/logo\\\/image\\\/\",\"url\":\"https:\\\/\\\/marieclaire.be\\\/fr\\\/wp-content\\\/uploads\\\/2018\\\/05\\\/mc-logo2.png\",\"contentUrl\":\"https:\\\/\\\/marieclaire.be\\\/fr\\\/wp-content\\\/uploads\\\/2018\\\/05\\\/mc-logo2.png\",\"width\":1001,\"height\":189,\"caption\":\"Marie Claire\"},\"image\":{\"@id\":\"https:\\\/\\\/marieclaire.be\\\/fr\\\/#\\\/schema\\\/logo\\\/image\\\/\"},\"sameAs\":[\"https:\\\/\\\/www.facebook.com\\\/MarieClaire.Belgique\\\/\",\"https:\\\/\\\/www.instagram.com\\\/marieclaire_belgique\\\/\",\"https:\\\/\\\/fr.pinterest.com\\\/marieclairebe\\\/\",\"https:\\\/\\\/www.youtube.com\\\/user\\\/BelgiumMarieClaire\"]},{\"@type\":\"Person\",\"@id\":\"https:\\\/\\\/marieclaire.be\\\/fr\\\/#\\\/schema\\\/person\\\/0f2a2faab8a1cdf67c909271eb6dcb39\",\"name\":\"Charlotte Deprez\",\"image\":{\"@type\":\"ImageObject\",\"inLanguage\":\"fr-FR\",\"@id\":\"https:\\\/\\\/marieclaire.be\\\/fr\\\/wp-content\\\/uploads\\\/2019\\\/09\\\/charlotte_deprez-96x96.jpg\",\"url\":\"https:\\\/\\\/marieclaire.be\\\/fr\\\/wp-content\\\/uploads\\\/2019\\\/09\\\/charlotte_deprez-96x96.jpg\",\"contentUrl\":\"https:\\\/\\\/marieclaire.be\\\/fr\\\/wp-content\\\/uploads\\\/2019\\\/09\\\/charlotte_deprez-96x96.jpg\",\"caption\":\"Charlotte Deprez\"},\"description\":\"Foodie assum\u00e9e, obs\u00e9d\u00e9e par les voyages, la photographie et la tech, toujours \u00e0 l'aff\u00fbt de la derni\u00e8re tendance Instagram qui va r\u00e9volutionner le monde.\",\"sameAs\":[\"http:\\\/\\\/www.thetinynomad.com\",\"https:\\\/\\\/www.instagram.com\\\/thetinynomad\",\"https:\\\/\\\/be.linkedin.com\\\/in\\\/charlottedeprez\",\"https:\\\/\\\/fr.pinterest.com\\\/chadeprez\\\/\",\"https:\\\/\\\/x.com\\\/chadeprez\"],\"url\":\"https:\\\/\\\/marieclaire.be\\\/fr\\\/author\\\/charlotte\\\/\"}]}<\/script>\n<!-- \/ Yoast SEO plugin. -->","yoast_head_json":{"title":"Beaut\u00e9 : 6 kits travel size de luxe pour voyager avec style - Marie Claire Belgique","description":"Que vous partiez \u00e0 l'autre bout du monde ou \u00e0 la c\u00f4t\u00e9 belge, voyagez l\u00e9ger et classe gr\u00e2ce \u00e0 ces kits beaut\u00e9 travel size!","robots":{"index":"index","follow":"follow","max-snippet":"max-snippet:-1","max-image-preview":"max-image-preview:large","max-video-preview":"max-video-preview:-1"},"canonical":"https:\/\/marieclaire.be\/fr\/beaute-kits-travel-size-de-luxe\/","next":"https:\/\/marieclaire.be\/fr\/beaute-kits-travel-size-de-luxe\/2\/","og_locale":"fr_FR","og_type":"article","og_title":"Beaut\u00e9 : 6 kits travel size de luxe pour voyager avec style - Marie Claire Belgique","og_description":"Que vous partiez \u00e0 l'autre bout du monde ou \u00e0 la c\u00f4t\u00e9 belge, voyagez l\u00e9ger et classe gr\u00e2ce \u00e0 ces kits beaut\u00e9 travel size!","og_url":"https:\/\/marieclaire.be\/fr\/beaute-kits-travel-size-de-luxe\/","og_site_name":"Marie Claire Belgique","article_publisher":"https:\/\/www.facebook.com\/MarieClaire.Belgique\/","article_published_time":"2020-07-20T07:00:11+00:00","og_image":[{"width":1280,"height":670,"url":"https:\/\/marieclaire.be\/fr\/wp-content\/uploads\/2019\/07\/marieclaire_kits_voyage_hproz.png","type":"image\/png"}],"author":"Charlotte Deprez","twitter_misc":{"\u00c9crit par":"Charlotte Deprez","Dur\u00e9e de lecture estim\u00e9e":"4 minutes"},"schema":{"@context":"https:\/\/schema.org","@graph":[{"@type":"NewsArticle","@id":"https:\/\/marieclaire.be\/fr\/beaute-kits-travel-size-de-luxe\/#article","isPartOf":{"@id":"https:\/\/marieclaire.be\/fr\/beaute-kits-travel-size-de-luxe\/"},"author":{"name":"Charlotte Deprez","@id":"https:\/\/marieclaire.be\/fr\/#\/schema\/person\/0f2a2faab8a1cdf67c909271eb6dcb39"},"headline":"Beaut\u00e9 : 6 kits travel size de luxe pour voyager avec style","datePublished":"2020-07-20T07:00:11+00:00","mainEntityOfPage":{"@id":"https:\/\/marieclaire.be\/fr\/beaute-kits-travel-size-de-luxe\/"},"wordCount":881,"publisher":{"@id":"https:\/\/marieclaire.be\/fr\/#organization"},"image":{"@id":"https:\/\/marieclaire.be\/fr\/beaute-kits-travel-size-de-luxe\/#primaryimage"},"thumbnailUrl":"https:\/\/marieclaire.be\/fr\/wp-content\/uploads\/2019\/07\/marieclaire_kits_voyage_hproz.png","keywords":["AESOP","leonor greyl","Moroccanoil","pestle &amp; mortar","rainpharma","Senteurs d'Ailleurs","verso"],"articleSection":["Beaut\u00e9","Soins"],"inLanguage":"fr-FR"},{"@type":"WebPage","@id":"https:\/\/marieclaire.be\/fr\/beaute-kits-travel-size-de-luxe\/","url":"https:\/\/marieclaire.be\/fr\/beaute-kits-travel-size-de-luxe\/","name":"Beaut\u00e9 : 6 kits travel size de luxe pour voyager avec style - Marie Claire Belgique","isPartOf":{"@id":"https:\/\/marieclaire.be\/fr\/#website"},"primaryImageOfPage":{"@id":"https:\/\/marieclaire.be\/fr\/beaute-kits-travel-size-de-luxe\/#primaryimage"},"image":{"@id":"https:\/\/marieclaire.be\/fr\/beaute-kits-travel-size-de-luxe\/#primaryimage"},"thumbnailUrl":"https:\/\/marieclaire.be\/fr\/wp-content\/uploads\/2019\/07\/marieclaire_kits_voyage_hproz.png","datePublished":"2020-07-20T07:00:11+00:00","description":"Que vous partiez \u00e0 l'autre bout du monde ou \u00e0 la c\u00f4t\u00e9 belge, voyagez l\u00e9ger et classe gr\u00e2ce \u00e0 ces kits beaut\u00e9 travel size!","inLanguage":"fr-FR","potentialAction":[{"@type":"ReadAction","target":["https:\/\/marieclaire.be\/fr\/beaute-kits-travel-size-de-luxe\/"]}]},{"@type":"ImageObject","inLanguage":"fr-FR","@id":"https:\/\/marieclaire.be\/fr\/beaute-kits-travel-size-de-luxe\/#primaryimage","url":"https:\/\/marieclaire.be\/fr\/wp-content\/uploads\/2019\/07\/marieclaire_kits_voyage_hproz.png","contentUrl":"https:\/\/marieclaire.be\/fr\/wp-content\/uploads\/2019\/07\/marieclaire_kits_voyage_hproz.png","width":1280,"height":670},{"@type":"WebSite","@id":"https:\/\/marieclaire.be\/fr\/#website","url":"https:\/\/marieclaire.be\/fr\/","name":"Marie Claire Belgique","description":"Marie Claire Belgique, le magazine du style et de l\u2019intelligence qui parle de mode, des tendances, de la beaut\u00e9, de l\u2019actualit\u00e9 et de la culture","publisher":{"@id":"https:\/\/marieclaire.be\/fr\/#organization"},"potentialAction":[{"@type":"SearchAction","target":{"@type":"EntryPoint","urlTemplate":"https:\/\/marieclaire.be\/fr\/?s={search_term_string}"},"query-input":{"@type":"PropertyValueSpecification","valueRequired":true,"valueName":"search_term_string"}}],"inLanguage":"fr-FR"},{"@type":"Organization","@id":"https:\/\/marieclaire.be\/fr\/#organization","name":"Marie Claire","url":"https:\/\/marieclaire.be\/fr\/","logo":{"@type":"ImageObject","inLanguage":"fr-FR","@id":"https:\/\/marieclaire.be\/fr\/#\/schema\/logo\/image\/","url":"https:\/\/marieclaire.be\/fr\/wp-content\/uploads\/2018\/05\/mc-logo2.png","contentUrl":"https:\/\/marieclaire.be\/fr\/wp-content\/uploads\/2018\/05\/mc-logo2.png","width":1001,"height":189,"caption":"Marie Claire"},"image":{"@id":"https:\/\/marieclaire.be\/fr\/#\/schema\/logo\/image\/"},"sameAs":["https:\/\/www.facebook.com\/MarieClaire.Belgique\/","https:\/\/www.instagram.com\/marieclaire_belgique\/","https:\/\/fr.pinterest.com\/marieclairebe\/","https:\/\/www.youtube.com\/user\/BelgiumMarieClaire"]},{"@type":"Person","@id":"https:\/\/marieclaire.be\/fr\/#\/schema\/person\/0f2a2faab8a1cdf67c909271eb6dcb39","name":"Charlotte Deprez","image":{"@type":"ImageObject","inLanguage":"fr-FR","@id":"https:\/\/marieclaire.be\/fr\/wp-content\/uploads\/2019\/09\/charlotte_deprez-96x96.jpg","url":"https:\/\/marieclaire.be\/fr\/wp-content\/uploads\/2019\/09\/charlotte_deprez-96x96.jpg","contentUrl":"https:\/\/marieclaire.be\/fr\/wp-content\/uploads\/2019\/09\/charlotte_deprez-96x96.jpg","caption":"Charlotte Deprez"},"description":"Foodie assum\u00e9e, obs\u00e9d\u00e9e par les voyages, la photographie et la tech, toujours \u00e0 l'aff\u00fbt de la derni\u00e8re tendance Instagram qui va r\u00e9volutionner le monde.","sameAs":["http:\/\/www.thetinynomad.com","https:\/\/www.instagram.com\/thetinynomad","https:\/\/be.linkedin.com\/in\/charlottedeprez","https:\/\/fr.pinterest.com\/chadeprez\/","https:\/\/x.com\/chadeprez"],"url":"https:\/\/marieclaire.be\/fr\/author\/charlotte\/"}]}},"_links":{"self":[{"href":"https:\/\/marieclaire.be\/fr\/wp-json\/wp\/v2\/posts\/74750","targetHints":{"allow":["GET"]}}],"collection":[{"href":"https:\/\/marieclaire.be\/fr\/wp-json\/wp\/v2\/posts"}],"about":[{"href":"https:\/\/marieclaire.be\/fr\/wp-json\/wp\/v2\/types\/post"}],"author":[{"embeddable":true,"href":"https:\/\/marieclaire.be\/fr\/wp-json\/wp\/v2\/users\/19"}],"replies":[{"embeddable":true,"href":"https:\/\/marieclaire.be\/fr\/wp-json\/wp\/v2\/comments?post=74750"}],"version-history":[{"count":3,"href":"https:\/\/marieclaire.be\/fr\/wp-json\/wp\/v2\/posts\/74750\/revisions"}],"predecessor-version":[{"id":94588,"href":"https:\/\/marieclaire.be\/fr\/wp-json\/wp\/v2\/posts\/74750\/revisions\/94588"}],"wp:featuredmedia":[{"embeddable":true,"href":"https:\/\/marieclaire.be\/fr\/wp-json\/wp\/v2\/media\/94586"}],"wp:attachment":[{"href":"https:\/\/marieclaire.be\/fr\/wp-json\/wp\/v2\/media?parent=74750"}],"wp:term":[{"taxonomy":"category","embeddable":true,"href":"https:\/\/marieclaire.be\/fr\/wp-json\/wp\/v2\/categories?post=74750"},{"taxonomy":"post_tag","embeddable":true,"href":"https:\/\/marieclaire.be\/fr\/wp-json\/wp\/v2\/tags?post=74750"}],"curies":[{"name":"wp","href":"https:\/\/api.w.org\/{rel}","templated":true}]}}