{"id":73447,"date":"2019-06-19T16:43:51","date_gmt":"2019-06-19T14:43:51","guid":{"rendered":"https:\/\/marieclaire.be\/fr\/?p=73447"},"modified":"2019-06-19T16:43:51","modified_gmt":"2019-06-19T14:43:51","slug":"courtrai-deliveroo-offre-le-pique-nique","status":"publish","type":"post","link":"https:\/\/marieclaire.be\/fr\/courtrai-deliveroo-offre-le-pique-nique\/","title":{"rendered":"Courtrai : ce samedi, Deliveroo offre le pique-nique \u00e0 une condition"},"content":{"rendered":"","protected":false},"excerpt":{"rendered":"Le plogging, qui consiste \u00e0 ramasser des d\u00e9chets lors de son jogging, a la cote depuis un an ou deux. ...","protected":false},"author":19,"featured_media":73451,"comment_status":"closed","ping_status":"closed","sticky":false,"template":"","format":"standard","meta":{"_acf_changed":false,"footnotes":""},"categories":[1453],"tags":[912],"class_list":["post-73447","post","type-post","status-publish","format-standard","has-post-thumbnail","hentry","category-enbref","tag-deliveroo"],"acf":[],"_yoast_wpseo_title":null,"_yoast_wpseo_metadesc":"Deliveroo a d\u00e9cid\u00e9 de joindre l'utile \u00e0 l'agr\u00e9able : apr\u00e8s 5min de nettoyage du Begijnhofpark, c'est 10\u20ac de bon pour un pique-nique!","image_verticale":null,"yoast_head":"<!-- This site is optimized with the Yoast SEO plugin v27.3 - https:\/\/yoast.com\/product\/yoast-seo-wordpress\/ -->\n<title>Courtrai : ce samedi, Deliveroo offre le pique-nique \u00e0 une condition - Marie Claire Belgique<\/title>\n<meta name=\"description\" content=\"Deliveroo a d\u00e9cid\u00e9 de joindre l&#039;utile \u00e0 l&#039;agr\u00e9able : apr\u00e8s 5min de nettoyage du Begijnhofpark, c&#039;est 10\u20ac de bon pour un pique-nique!\" \/>\n<meta name=\"robots\" content=\"index, follow, max-snippet:-1, max-image-preview:large, max-video-preview:-1\" \/>\n<link rel=\"canonical\" href=\"https:\/\/marieclaire.be\/fr\/courtrai-deliveroo-offre-le-pique-nique\/\" \/>\n<meta property=\"og:locale\" content=\"fr_FR\" \/>\n<meta property=\"og:type\" content=\"article\" \/>\n<meta property=\"og:title\" content=\"Courtrai : ce samedi, Deliveroo offre le pique-nique \u00e0 une condition - Marie Claire Belgique\" \/>\n<meta property=\"og:description\" content=\"Deliveroo a d\u00e9cid\u00e9 de joindre l&#039;utile \u00e0 l&#039;agr\u00e9able : apr\u00e8s 5min de nettoyage du Begijnhofpark, c&#039;est 10\u20ac de bon pour un pique-nique!\" \/>\n<meta property=\"og:url\" content=\"https:\/\/marieclaire.be\/fr\/courtrai-deliveroo-offre-le-pique-nique\/\" \/>\n<meta property=\"og:site_name\" content=\"Marie Claire Belgique\" \/>\n<meta property=\"article:publisher\" content=\"https:\/\/www.facebook.com\/MarieClaire.Belgique\/\" \/>\n<meta property=\"article:published_time\" content=\"2019-06-19T14:43:51+00:00\" \/>\n<meta property=\"og:image\" content=\"https:\/\/marieclaire.be\/fr\/wp-content\/uploads\/2019\/06\/marieclaire_pique_nique_deliveroo.png\" \/>\n\t<meta property=\"og:image:width\" content=\"1050\" \/>\n\t<meta property=\"og:image:height\" content=\"550\" \/>\n\t<meta property=\"og:image:type\" content=\"image\/png\" \/>\n<meta name=\"author\" content=\"Charlotte Deprez\" \/>\n<meta name=\"twitter:label1\" content=\"\u00c9crit par\" \/>\n\t<meta name=\"twitter:data1\" content=\"Charlotte Deprez\" \/>\n\t<meta name=\"twitter:label2\" content=\"Dur\u00e9e de lecture estim\u00e9e\" \/>\n\t<meta name=\"twitter:data2\" content=\"1 minute\" \/>\n<script type=\"application\/ld+json\" class=\"yoast-schema-graph\">{\"@context\":\"https:\\\/\\\/schema.org\",\"@graph\":[{\"@type\":\"NewsArticle\",\"@id\":\"https:\\\/\\\/marieclaire.be\\\/fr\\\/courtrai-deliveroo-offre-le-pique-nique\\\/#article\",\"isPartOf\":{\"@id\":\"https:\\\/\\\/marieclaire.be\\\/fr\\\/courtrai-deliveroo-offre-le-pique-nique\\\/\"},\"author\":{\"name\":\"Charlotte Deprez\",\"@id\":\"https:\\\/\\\/marieclaire.be\\\/fr\\\/#\\\/schema\\\/person\\\/0f2a2faab8a1cdf67c909271eb6dcb39\"},\"headline\":\"Courtrai : ce samedi, Deliveroo offre le pique-nique \u00e0 une condition\",\"datePublished\":\"2019-06-19T14:43:51+00:00\",\"mainEntityOfPage\":{\"@id\":\"https:\\\/\\\/marieclaire.be\\\/fr\\\/courtrai-deliveroo-offre-le-pique-nique\\\/\"},\"wordCount\":304,\"publisher\":{\"@id\":\"https:\\\/\\\/marieclaire.be\\\/fr\\\/#organization\"},\"image\":{\"@id\":\"https:\\\/\\\/marieclaire.be\\\/fr\\\/courtrai-deliveroo-offre-le-pique-nique\\\/#primaryimage\"},\"thumbnailUrl\":\"https:\\\/\\\/marieclaire.be\\\/fr\\\/wp-content\\\/uploads\\\/2019\\\/06\\\/marieclaire_pique_nique_deliveroo.png\",\"keywords\":[\"deliveroo\"],\"articleSection\":[\"En bref\"],\"inLanguage\":\"fr-FR\"},{\"@type\":\"WebPage\",\"@id\":\"https:\\\/\\\/marieclaire.be\\\/fr\\\/courtrai-deliveroo-offre-le-pique-nique\\\/\",\"url\":\"https:\\\/\\\/marieclaire.be\\\/fr\\\/courtrai-deliveroo-offre-le-pique-nique\\\/\",\"name\":\"Courtrai : ce samedi, Deliveroo offre le pique-nique \u00e0 une condition - Marie Claire Belgique\",\"isPartOf\":{\"@id\":\"https:\\\/\\\/marieclaire.be\\\/fr\\\/#website\"},\"primaryImageOfPage\":{\"@id\":\"https:\\\/\\\/marieclaire.be\\\/fr\\\/courtrai-deliveroo-offre-le-pique-nique\\\/#primaryimage\"},\"image\":{\"@id\":\"https:\\\/\\\/marieclaire.be\\\/fr\\\/courtrai-deliveroo-offre-le-pique-nique\\\/#primaryimage\"},\"thumbnailUrl\":\"https:\\\/\\\/marieclaire.be\\\/fr\\\/wp-content\\\/uploads\\\/2019\\\/06\\\/marieclaire_pique_nique_deliveroo.png\",\"datePublished\":\"2019-06-19T14:43:51+00:00\",\"description\":\"Deliveroo a d\u00e9cid\u00e9 de joindre l'utile \u00e0 l'agr\u00e9able : apr\u00e8s 5min de nettoyage du Begijnhofpark, c'est 10\u20ac de bon pour un pique-nique!\",\"breadcrumb\":{\"@id\":\"https:\\\/\\\/marieclaire.be\\\/fr\\\/courtrai-deliveroo-offre-le-pique-nique\\\/#breadcrumb\"},\"inLanguage\":\"fr-FR\",\"potentialAction\":[{\"@type\":\"ReadAction\",\"target\":[\"https:\\\/\\\/marieclaire.be\\\/fr\\\/courtrai-deliveroo-offre-le-pique-nique\\\/\"]}]},{\"@type\":\"ImageObject\",\"inLanguage\":\"fr-FR\",\"@id\":\"https:\\\/\\\/marieclaire.be\\\/fr\\\/courtrai-deliveroo-offre-le-pique-nique\\\/#primaryimage\",\"url\":\"https:\\\/\\\/marieclaire.be\\\/fr\\\/wp-content\\\/uploads\\\/2019\\\/06\\\/marieclaire_pique_nique_deliveroo.png\",\"contentUrl\":\"https:\\\/\\\/marieclaire.be\\\/fr\\\/wp-content\\\/uploads\\\/2019\\\/06\\\/marieclaire_pique_nique_deliveroo.png\",\"width\":1050,\"height\":550,\"caption\":\"Unsplash\"},{\"@type\":\"BreadcrumbList\",\"@id\":\"https:\\\/\\\/marieclaire.be\\\/fr\\\/courtrai-deliveroo-offre-le-pique-nique\\\/#breadcrumb\",\"itemListElement\":[{\"@type\":\"ListItem\",\"position\":1,\"name\":\"Accueil\",\"item\":\"https:\\\/\\\/marieclaire.be\\\/fr\\\/\"},{\"@type\":\"ListItem\",\"position\":2,\"name\":\"Courtrai : ce samedi, Deliveroo offre le pique-nique \u00e0 une condition\"}]},{\"@type\":\"WebSite\",\"@id\":\"https:\\\/\\\/marieclaire.be\\\/fr\\\/#website\",\"url\":\"https:\\\/\\\/marieclaire.be\\\/fr\\\/\",\"name\":\"Marie Claire Belgique\",\"description\":\"Marie Claire Belgique, le magazine du style et de l\u2019intelligence qui parle de mode, des tendances, de la beaut\u00e9, de l\u2019actualit\u00e9 et de la culture\",\"publisher\":{\"@id\":\"https:\\\/\\\/marieclaire.be\\\/fr\\\/#organization\"},\"potentialAction\":[{\"@type\":\"SearchAction\",\"target\":{\"@type\":\"EntryPoint\",\"urlTemplate\":\"https:\\\/\\\/marieclaire.be\\\/fr\\\/?s={search_term_string}\"},\"query-input\":{\"@type\":\"PropertyValueSpecification\",\"valueRequired\":true,\"valueName\":\"search_term_string\"}}],\"inLanguage\":\"fr-FR\"},{\"@type\":\"Organization\",\"@id\":\"https:\\\/\\\/marieclaire.be\\\/fr\\\/#organization\",\"name\":\"Marie Claire\",\"url\":\"https:\\\/\\\/marieclaire.be\\\/fr\\\/\",\"logo\":{\"@type\":\"ImageObject\",\"inLanguage\":\"fr-FR\",\"@id\":\"https:\\\/\\\/marieclaire.be\\\/fr\\\/#\\\/schema\\\/logo\\\/image\\\/\",\"url\":\"https:\\\/\\\/marieclaire.be\\\/fr\\\/wp-content\\\/uploads\\\/2018\\\/05\\\/mc-logo2.png\",\"contentUrl\":\"https:\\\/\\\/marieclaire.be\\\/fr\\\/wp-content\\\/uploads\\\/2018\\\/05\\\/mc-logo2.png\",\"width\":1001,\"height\":189,\"caption\":\"Marie Claire\"},\"image\":{\"@id\":\"https:\\\/\\\/marieclaire.be\\\/fr\\\/#\\\/schema\\\/logo\\\/image\\\/\"},\"sameAs\":[\"https:\\\/\\\/www.facebook.com\\\/MarieClaire.Belgique\\\/\",\"https:\\\/\\\/www.instagram.com\\\/marieclaire_belgique\\\/\",\"https:\\\/\\\/fr.pinterest.com\\\/marieclairebe\\\/\",\"https:\\\/\\\/www.youtube.com\\\/user\\\/BelgiumMarieClaire\"]},{\"@type\":\"Person\",\"@id\":\"https:\\\/\\\/marieclaire.be\\\/fr\\\/#\\\/schema\\\/person\\\/0f2a2faab8a1cdf67c909271eb6dcb39\",\"name\":\"Charlotte Deprez\",\"image\":{\"@type\":\"ImageObject\",\"inLanguage\":\"fr-FR\",\"@id\":\"https:\\\/\\\/marieclaire.be\\\/fr\\\/wp-content\\\/uploads\\\/2019\\\/09\\\/charlotte_deprez-96x96.jpg\",\"url\":\"https:\\\/\\\/marieclaire.be\\\/fr\\\/wp-content\\\/uploads\\\/2019\\\/09\\\/charlotte_deprez-96x96.jpg\",\"contentUrl\":\"https:\\\/\\\/marieclaire.be\\\/fr\\\/wp-content\\\/uploads\\\/2019\\\/09\\\/charlotte_deprez-96x96.jpg\",\"caption\":\"Charlotte Deprez\"},\"description\":\"Foodie assum\u00e9e, obs\u00e9d\u00e9e par les voyages, la photographie et la tech, toujours \u00e0 l'aff\u00fbt de la derni\u00e8re tendance Instagram qui va r\u00e9volutionner le monde.\",\"sameAs\":[\"http:\\\/\\\/www.thetinynomad.com\",\"https:\\\/\\\/www.instagram.com\\\/thetinynomad\",\"https:\\\/\\\/be.linkedin.com\\\/in\\\/charlottedeprez\",\"https:\\\/\\\/fr.pinterest.com\\\/chadeprez\\\/\",\"https:\\\/\\\/x.com\\\/chadeprez\"],\"url\":\"https:\\\/\\\/marieclaire.be\\\/fr\\\/author\\\/charlotte\\\/\"}]}<\/script>\n<!-- \/ Yoast SEO plugin. -->","yoast_head_json":{"title":"Courtrai : ce samedi, Deliveroo offre le pique-nique \u00e0 une condition - Marie Claire Belgique","description":"Deliveroo a d\u00e9cid\u00e9 de joindre l'utile \u00e0 l'agr\u00e9able : apr\u00e8s 5min de nettoyage du Begijnhofpark, c'est 10\u20ac de bon pour un pique-nique!","robots":{"index":"index","follow":"follow","max-snippet":"max-snippet:-1","max-image-preview":"max-image-preview:large","max-video-preview":"max-video-preview:-1"},"canonical":"https:\/\/marieclaire.be\/fr\/courtrai-deliveroo-offre-le-pique-nique\/","og_locale":"fr_FR","og_type":"article","og_title":"Courtrai : ce samedi, Deliveroo offre le pique-nique \u00e0 une condition - Marie Claire Belgique","og_description":"Deliveroo a d\u00e9cid\u00e9 de joindre l'utile \u00e0 l'agr\u00e9able : apr\u00e8s 5min de nettoyage du Begijnhofpark, c'est 10\u20ac de bon pour un pique-nique!","og_url":"https:\/\/marieclaire.be\/fr\/courtrai-deliveroo-offre-le-pique-nique\/","og_site_name":"Marie Claire Belgique","article_publisher":"https:\/\/www.facebook.com\/MarieClaire.Belgique\/","article_published_time":"2019-06-19T14:43:51+00:00","og_image":[{"width":1050,"height":550,"url":"https:\/\/marieclaire.be\/fr\/wp-content\/uploads\/2019\/06\/marieclaire_pique_nique_deliveroo.png","type":"image\/png"}],"author":"Charlotte Deprez","twitter_misc":{"\u00c9crit par":"Charlotte Deprez","Dur\u00e9e de lecture estim\u00e9e":"1 minute"},"schema":{"@context":"https:\/\/schema.org","@graph":[{"@type":"NewsArticle","@id":"https:\/\/marieclaire.be\/fr\/courtrai-deliveroo-offre-le-pique-nique\/#article","isPartOf":{"@id":"https:\/\/marieclaire.be\/fr\/courtrai-deliveroo-offre-le-pique-nique\/"},"author":{"name":"Charlotte Deprez","@id":"https:\/\/marieclaire.be\/fr\/#\/schema\/person\/0f2a2faab8a1cdf67c909271eb6dcb39"},"headline":"Courtrai : ce samedi, Deliveroo offre le pique-nique \u00e0 une condition","datePublished":"2019-06-19T14:43:51+00:00","mainEntityOfPage":{"@id":"https:\/\/marieclaire.be\/fr\/courtrai-deliveroo-offre-le-pique-nique\/"},"wordCount":304,"publisher":{"@id":"https:\/\/marieclaire.be\/fr\/#organization"},"image":{"@id":"https:\/\/marieclaire.be\/fr\/courtrai-deliveroo-offre-le-pique-nique\/#primaryimage"},"thumbnailUrl":"https:\/\/marieclaire.be\/fr\/wp-content\/uploads\/2019\/06\/marieclaire_pique_nique_deliveroo.png","keywords":["deliveroo"],"articleSection":["En bref"],"inLanguage":"fr-FR"},{"@type":"WebPage","@id":"https:\/\/marieclaire.be\/fr\/courtrai-deliveroo-offre-le-pique-nique\/","url":"https:\/\/marieclaire.be\/fr\/courtrai-deliveroo-offre-le-pique-nique\/","name":"Courtrai : ce samedi, Deliveroo offre le pique-nique \u00e0 une condition - Marie Claire Belgique","isPartOf":{"@id":"https:\/\/marieclaire.be\/fr\/#website"},"primaryImageOfPage":{"@id":"https:\/\/marieclaire.be\/fr\/courtrai-deliveroo-offre-le-pique-nique\/#primaryimage"},"image":{"@id":"https:\/\/marieclaire.be\/fr\/courtrai-deliveroo-offre-le-pique-nique\/#primaryimage"},"thumbnailUrl":"https:\/\/marieclaire.be\/fr\/wp-content\/uploads\/2019\/06\/marieclaire_pique_nique_deliveroo.png","datePublished":"2019-06-19T14:43:51+00:00","description":"Deliveroo a d\u00e9cid\u00e9 de joindre l'utile \u00e0 l'agr\u00e9able : apr\u00e8s 5min de nettoyage du Begijnhofpark, c'est 10\u20ac de bon pour un pique-nique!","breadcrumb":{"@id":"https:\/\/marieclaire.be\/fr\/courtrai-deliveroo-offre-le-pique-nique\/#breadcrumb"},"inLanguage":"fr-FR","potentialAction":[{"@type":"ReadAction","target":["https:\/\/marieclaire.be\/fr\/courtrai-deliveroo-offre-le-pique-nique\/"]}]},{"@type":"ImageObject","inLanguage":"fr-FR","@id":"https:\/\/marieclaire.be\/fr\/courtrai-deliveroo-offre-le-pique-nique\/#primaryimage","url":"https:\/\/marieclaire.be\/fr\/wp-content\/uploads\/2019\/06\/marieclaire_pique_nique_deliveroo.png","contentUrl":"https:\/\/marieclaire.be\/fr\/wp-content\/uploads\/2019\/06\/marieclaire_pique_nique_deliveroo.png","width":1050,"height":550,"caption":"Unsplash"},{"@type":"BreadcrumbList","@id":"https:\/\/marieclaire.be\/fr\/courtrai-deliveroo-offre-le-pique-nique\/#breadcrumb","itemListElement":[{"@type":"ListItem","position":1,"name":"Accueil","item":"https:\/\/marieclaire.be\/fr\/"},{"@type":"ListItem","position":2,"name":"Courtrai : ce samedi, Deliveroo offre le pique-nique \u00e0 une condition"}]},{"@type":"WebSite","@id":"https:\/\/marieclaire.be\/fr\/#website","url":"https:\/\/marieclaire.be\/fr\/","name":"Marie Claire Belgique","description":"Marie Claire Belgique, le magazine du style et de l\u2019intelligence qui parle de mode, des tendances, de la beaut\u00e9, de l\u2019actualit\u00e9 et de la culture","publisher":{"@id":"https:\/\/marieclaire.be\/fr\/#organization"},"potentialAction":[{"@type":"SearchAction","target":{"@type":"EntryPoint","urlTemplate":"https:\/\/marieclaire.be\/fr\/?s={search_term_string}"},"query-input":{"@type":"PropertyValueSpecification","valueRequired":true,"valueName":"search_term_string"}}],"inLanguage":"fr-FR"},{"@type":"Organization","@id":"https:\/\/marieclaire.be\/fr\/#organization","name":"Marie Claire","url":"https:\/\/marieclaire.be\/fr\/","logo":{"@type":"ImageObject","inLanguage":"fr-FR","@id":"https:\/\/marieclaire.be\/fr\/#\/schema\/logo\/image\/","url":"https:\/\/marieclaire.be\/fr\/wp-content\/uploads\/2018\/05\/mc-logo2.png","contentUrl":"https:\/\/marieclaire.be\/fr\/wp-content\/uploads\/2018\/05\/mc-logo2.png","width":1001,"height":189,"caption":"Marie Claire"},"image":{"@id":"https:\/\/marieclaire.be\/fr\/#\/schema\/logo\/image\/"},"sameAs":["https:\/\/www.facebook.com\/MarieClaire.Belgique\/","https:\/\/www.instagram.com\/marieclaire_belgique\/","https:\/\/fr.pinterest.com\/marieclairebe\/","https:\/\/www.youtube.com\/user\/BelgiumMarieClaire"]},{"@type":"Person","@id":"https:\/\/marieclaire.be\/fr\/#\/schema\/person\/0f2a2faab8a1cdf67c909271eb6dcb39","name":"Charlotte Deprez","image":{"@type":"ImageObject","inLanguage":"fr-FR","@id":"https:\/\/marieclaire.be\/fr\/wp-content\/uploads\/2019\/09\/charlotte_deprez-96x96.jpg","url":"https:\/\/marieclaire.be\/fr\/wp-content\/uploads\/2019\/09\/charlotte_deprez-96x96.jpg","contentUrl":"https:\/\/marieclaire.be\/fr\/wp-content\/uploads\/2019\/09\/charlotte_deprez-96x96.jpg","caption":"Charlotte Deprez"},"description":"Foodie assum\u00e9e, obs\u00e9d\u00e9e par les voyages, la photographie et la tech, toujours \u00e0 l'aff\u00fbt de la derni\u00e8re tendance Instagram qui va r\u00e9volutionner le monde.","sameAs":["http:\/\/www.thetinynomad.com","https:\/\/www.instagram.com\/thetinynomad","https:\/\/be.linkedin.com\/in\/charlottedeprez","https:\/\/fr.pinterest.com\/chadeprez\/","https:\/\/x.com\/chadeprez"],"url":"https:\/\/marieclaire.be\/fr\/author\/charlotte\/"}]}},"_links":{"self":[{"href":"https:\/\/marieclaire.be\/fr\/wp-json\/wp\/v2\/posts\/73447","targetHints":{"allow":["GET"]}}],"collection":[{"href":"https:\/\/marieclaire.be\/fr\/wp-json\/wp\/v2\/posts"}],"about":[{"href":"https:\/\/marieclaire.be\/fr\/wp-json\/wp\/v2\/types\/post"}],"author":[{"embeddable":true,"href":"https:\/\/marieclaire.be\/fr\/wp-json\/wp\/v2\/users\/19"}],"replies":[{"embeddable":true,"href":"https:\/\/marieclaire.be\/fr\/wp-json\/wp\/v2\/comments?post=73447"}],"version-history":[{"count":0,"href":"https:\/\/marieclaire.be\/fr\/wp-json\/wp\/v2\/posts\/73447\/revisions"}],"wp:featuredmedia":[{"embeddable":true,"href":"https:\/\/marieclaire.be\/fr\/wp-json\/wp\/v2\/media\/73451"}],"wp:attachment":[{"href":"https:\/\/marieclaire.be\/fr\/wp-json\/wp\/v2\/media?parent=73447"}],"wp:term":[{"taxonomy":"category","embeddable":true,"href":"https:\/\/marieclaire.be\/fr\/wp-json\/wp\/v2\/categories?post=73447"},{"taxonomy":"post_tag","embeddable":true,"href":"https:\/\/marieclaire.be\/fr\/wp-json\/wp\/v2\/tags?post=73447"}],"curies":[{"name":"wp","href":"https:\/\/api.w.org\/{rel}","templated":true}]}}