{"id":72817,"date":"2023-04-28T07:00:13","date_gmt":"2023-04-28T05:00:13","guid":{"rendered":"https:\/\/marieclaire.be\/fr\/?p=72817"},"modified":"2025-02-21T17:17:03","modified_gmt":"2025-02-21T16:17:03","slug":"shopping-les-robes-parfaites-pour-un-mariage-cet-ete","status":"publish","type":"post","link":"https:\/\/marieclaire.be\/fr\/shopping-les-robes-parfaites-pour-un-mariage-cet-ete\/","title":{"rendered":"Shopping : 20 robes parfaites pour assister \u00e0 un mariage cet \u00e9t\u00e9"},"content":{"rendered":"","protected":false},"excerpt":{"rendered":"Vous avez un mariage pr\u00e9vu cet \u00e9t\u00e9 mais vous n&#8217;avez pas encore trouv\u00e9 la robe id\u00e9ale ? On vous propose 20 mod\u00e8les de robes parfaites et \u00e0 tous les prix pour vous aider dans votre qu\u00eate de la tenue parfaite.","protected":false},"author":30,"featured_media":125885,"comment_status":"closed","ping_status":"closed","sticky":false,"template":"","format":"standard","meta":{"_acf_changed":false,"footnotes":""},"categories":[5164],"tags":[900],"class_list":["post-72817","post","type-post","status-publish","format-standard","has-post-thumbnail","hentry","category-mariage","tag-mariage"],"acf":[],"_yoast_wpseo_title":null,"_yoast_wpseo_metadesc":"Vous avez un mariage pr\u00e9vu cet \u00e9t\u00e9 mais vous n'avez pas encore trouv\u00e9 la robe id\u00e9ale ? On vous propose 20 mod\u00e8les parfaits pour l'occasion.","image_verticale":"125856","yoast_head":"<!-- This site is optimized with the Yoast SEO plugin v27.3 - https:\/\/yoast.com\/product\/yoast-seo-wordpress\/ -->\n<title>Shopping : 20 robes parfaites pour assister \u00e0 un mariage cet \u00e9t\u00e9 - Marie Claire Belgique<\/title>\n<meta name=\"description\" content=\"Vous avez un mariage pr\u00e9vu cet \u00e9t\u00e9 mais vous n&#039;avez pas encore trouv\u00e9 la robe id\u00e9ale ? On vous propose 20 mod\u00e8les parfaits pour l&#039;occasion.\" \/>\n<meta name=\"robots\" content=\"index, follow, max-snippet:-1, max-image-preview:large, max-video-preview:-1\" \/>\n<link rel=\"canonical\" href=\"https:\/\/marieclaire.be\/fr\/shopping-les-robes-parfaites-pour-un-mariage-cet-ete\/\" \/>\n<link rel=\"next\" href=\"https:\/\/marieclaire.be\/fr\/shopping-les-robes-parfaites-pour-un-mariage-cet-ete\/2\/\" \/>\n<meta property=\"og:locale\" content=\"fr_FR\" \/>\n<meta property=\"og:type\" content=\"article\" \/>\n<meta property=\"og:title\" content=\"Shopping : 20 robes parfaites pour assister \u00e0 un mariage cet \u00e9t\u00e9 - Marie Claire Belgique\" \/>\n<meta property=\"og:description\" content=\"Vous avez un mariage pr\u00e9vu cet \u00e9t\u00e9 mais vous n&#039;avez pas encore trouv\u00e9 la robe id\u00e9ale ? On vous propose 20 mod\u00e8les parfaits pour l&#039;occasion.\" \/>\n<meta property=\"og:url\" content=\"https:\/\/marieclaire.be\/fr\/shopping-les-robes-parfaites-pour-un-mariage-cet-ete\/\" \/>\n<meta property=\"og:site_name\" content=\"Marie Claire Belgique\" \/>\n<meta property=\"article:publisher\" content=\"https:\/\/www.facebook.com\/MarieClaire.Belgique\/\" \/>\n<meta property=\"article:published_time\" content=\"2023-04-28T05:00:13+00:00\" \/>\n<meta property=\"article:modified_time\" content=\"2025-02-21T16:17:03+00:00\" \/>\n<meta property=\"og:image\" content=\"https:\/\/marieclaire.be\/fr\/wp-content\/uploads\/2023\/04\/robes-mariage.jpg\" \/>\n\t<meta property=\"og:image:width\" content=\"1280\" \/>\n\t<meta property=\"og:image:height\" content=\"670\" \/>\n\t<meta property=\"og:image:type\" content=\"image\/jpeg\" \/>\n<meta name=\"author\" content=\"Malvine Sevrin\" \/>\n<meta name=\"twitter:label1\" content=\"\u00c9crit par\" \/>\n\t<meta name=\"twitter:data1\" content=\"Malvine Sevrin\" \/>\n\t<meta name=\"twitter:label2\" content=\"Dur\u00e9e de lecture estim\u00e9e\" \/>\n\t<meta name=\"twitter:data2\" content=\"2 minutes\" \/>\n<script type=\"application\/ld+json\" class=\"yoast-schema-graph\">{\"@context\":\"https:\\\/\\\/schema.org\",\"@graph\":[{\"@type\":\"NewsArticle\",\"@id\":\"https:\\\/\\\/marieclaire.be\\\/fr\\\/shopping-les-robes-parfaites-pour-un-mariage-cet-ete\\\/#article\",\"isPartOf\":{\"@id\":\"https:\\\/\\\/marieclaire.be\\\/fr\\\/shopping-les-robes-parfaites-pour-un-mariage-cet-ete\\\/\"},\"author\":{\"name\":\"Malvine Sevrin\",\"@id\":\"https:\\\/\\\/marieclaire.be\\\/fr\\\/#\\\/schema\\\/person\\\/c71bd7a8c3e622513c7531a39292a34e\"},\"headline\":\"Shopping : 20 robes parfaites pour assister \u00e0 un mariage cet \u00e9t\u00e9\",\"datePublished\":\"2023-04-28T05:00:13+00:00\",\"dateModified\":\"2025-02-21T16:17:03+00:00\",\"mainEntityOfPage\":{\"@id\":\"https:\\\/\\\/marieclaire.be\\\/fr\\\/shopping-les-robes-parfaites-pour-un-mariage-cet-ete\\\/\"},\"wordCount\":224,\"publisher\":{\"@id\":\"https:\\\/\\\/marieclaire.be\\\/fr\\\/#organization\"},\"image\":{\"@id\":\"https:\\\/\\\/marieclaire.be\\\/fr\\\/shopping-les-robes-parfaites-pour-un-mariage-cet-ete\\\/#primaryimage\"},\"thumbnailUrl\":\"https:\\\/\\\/marieclaire.be\\\/fr\\\/wp-content\\\/uploads\\\/2023\\\/04\\\/robes-mariage.jpg\",\"keywords\":[\"mariage\"],\"articleSection\":[\"Mariage\"],\"inLanguage\":\"fr-FR\"},{\"@type\":\"WebPage\",\"@id\":\"https:\\\/\\\/marieclaire.be\\\/fr\\\/shopping-les-robes-parfaites-pour-un-mariage-cet-ete\\\/\",\"url\":\"https:\\\/\\\/marieclaire.be\\\/fr\\\/shopping-les-robes-parfaites-pour-un-mariage-cet-ete\\\/\",\"name\":\"Shopping : 20 robes parfaites pour assister \u00e0 un mariage cet \u00e9t\u00e9 - Marie Claire Belgique\",\"isPartOf\":{\"@id\":\"https:\\\/\\\/marieclaire.be\\\/fr\\\/#website\"},\"primaryImageOfPage\":{\"@id\":\"https:\\\/\\\/marieclaire.be\\\/fr\\\/shopping-les-robes-parfaites-pour-un-mariage-cet-ete\\\/#primaryimage\"},\"image\":{\"@id\":\"https:\\\/\\\/marieclaire.be\\\/fr\\\/shopping-les-robes-parfaites-pour-un-mariage-cet-ete\\\/#primaryimage\"},\"thumbnailUrl\":\"https:\\\/\\\/marieclaire.be\\\/fr\\\/wp-content\\\/uploads\\\/2023\\\/04\\\/robes-mariage.jpg\",\"datePublished\":\"2023-04-28T05:00:13+00:00\",\"dateModified\":\"2025-02-21T16:17:03+00:00\",\"description\":\"Vous avez un mariage pr\u00e9vu cet \u00e9t\u00e9 mais vous n'avez pas encore trouv\u00e9 la robe id\u00e9ale ? On vous propose 20 mod\u00e8les parfaits pour l'occasion.\",\"inLanguage\":\"fr-FR\",\"potentialAction\":[{\"@type\":\"ReadAction\",\"target\":[\"https:\\\/\\\/marieclaire.be\\\/fr\\\/shopping-les-robes-parfaites-pour-un-mariage-cet-ete\\\/\"]}]},{\"@type\":\"ImageObject\",\"inLanguage\":\"fr-FR\",\"@id\":\"https:\\\/\\\/marieclaire.be\\\/fr\\\/shopping-les-robes-parfaites-pour-un-mariage-cet-ete\\\/#primaryimage\",\"url\":\"https:\\\/\\\/marieclaire.be\\\/fr\\\/wp-content\\\/uploads\\\/2023\\\/04\\\/robes-mariage.jpg\",\"contentUrl\":\"https:\\\/\\\/marieclaire.be\\\/fr\\\/wp-content\\\/uploads\\\/2023\\\/04\\\/robes-mariage.jpg\",\"width\":1280,\"height\":670,\"caption\":\"Presse\"},{\"@type\":\"WebSite\",\"@id\":\"https:\\\/\\\/marieclaire.be\\\/fr\\\/#website\",\"url\":\"https:\\\/\\\/marieclaire.be\\\/fr\\\/\",\"name\":\"Marie Claire Belgique\",\"description\":\"Marie Claire Belgique, le magazine du style et de l\u2019intelligence qui parle de mode, des tendances, de la beaut\u00e9, de l\u2019actualit\u00e9 et de la culture\",\"publisher\":{\"@id\":\"https:\\\/\\\/marieclaire.be\\\/fr\\\/#organization\"},\"potentialAction\":[{\"@type\":\"SearchAction\",\"target\":{\"@type\":\"EntryPoint\",\"urlTemplate\":\"https:\\\/\\\/marieclaire.be\\\/fr\\\/?s={search_term_string}\"},\"query-input\":{\"@type\":\"PropertyValueSpecification\",\"valueRequired\":true,\"valueName\":\"search_term_string\"}}],\"inLanguage\":\"fr-FR\"},{\"@type\":\"Organization\",\"@id\":\"https:\\\/\\\/marieclaire.be\\\/fr\\\/#organization\",\"name\":\"Marie Claire\",\"url\":\"https:\\\/\\\/marieclaire.be\\\/fr\\\/\",\"logo\":{\"@type\":\"ImageObject\",\"inLanguage\":\"fr-FR\",\"@id\":\"https:\\\/\\\/marieclaire.be\\\/fr\\\/#\\\/schema\\\/logo\\\/image\\\/\",\"url\":\"https:\\\/\\\/marieclaire.be\\\/fr\\\/wp-content\\\/uploads\\\/2018\\\/05\\\/mc-logo2.png\",\"contentUrl\":\"https:\\\/\\\/marieclaire.be\\\/fr\\\/wp-content\\\/uploads\\\/2018\\\/05\\\/mc-logo2.png\",\"width\":1001,\"height\":189,\"caption\":\"Marie Claire\"},\"image\":{\"@id\":\"https:\\\/\\\/marieclaire.be\\\/fr\\\/#\\\/schema\\\/logo\\\/image\\\/\"},\"sameAs\":[\"https:\\\/\\\/www.facebook.com\\\/MarieClaire.Belgique\\\/\",\"https:\\\/\\\/www.instagram.com\\\/marieclaire_belgique\\\/\",\"https:\\\/\\\/fr.pinterest.com\\\/marieclairebe\\\/\",\"https:\\\/\\\/www.youtube.com\\\/user\\\/BelgiumMarieClaire\"]},{\"@type\":\"Person\",\"@id\":\"https:\\\/\\\/marieclaire.be\\\/fr\\\/#\\\/schema\\\/person\\\/c71bd7a8c3e622513c7531a39292a34e\",\"name\":\"Malvine Sevrin\",\"image\":{\"@type\":\"ImageObject\",\"inLanguage\":\"fr-FR\",\"@id\":\"https:\\\/\\\/marieclaire.be\\\/fr\\\/wp-content\\\/uploads\\\/2017\\\/05\\\/capture-decran-2024-02-13-a-145920-96x96.png\",\"url\":\"https:\\\/\\\/marieclaire.be\\\/fr\\\/wp-content\\\/uploads\\\/2017\\\/05\\\/capture-decran-2024-02-13-a-145920-96x96.png\",\"contentUrl\":\"https:\\\/\\\/marieclaire.be\\\/fr\\\/wp-content\\\/uploads\\\/2017\\\/05\\\/capture-decran-2024-02-13-a-145920-96x96.png\",\"caption\":\"Malvine Sevrin\"},\"description\":\"Des podiums parisiens aux derni\u00e8res nouveaut\u00e9s skincare qui enflamment TikTok, je d\u00e9crypte les tendances pour Marie Claire Belgique. Passionn\u00e9e de voyage, de mode et de beaut\u00e9, je partage mes coups de coeur d\u00e9nich\u00e9s aux quatre coins du globe. En tant que r\u00e9dactrice en chef digital, j'ai \u00e9galement \u00e0 coeur de mettre en lumi\u00e8re les histoires inspirantes de femmes \u00e0 travers notre site et sur nos r\u00e9seaux sociaux.\",\"sameAs\":[\"https:\\\/\\\/www.instagram.com\\\/malvinesev\\\/\"],\"url\":\"https:\\\/\\\/marieclaire.be\\\/fr\\\/author\\\/malvine\\\/\"}]}<\/script>\n<!-- \/ Yoast SEO plugin. -->","yoast_head_json":{"title":"Shopping : 20 robes parfaites pour assister \u00e0 un mariage cet \u00e9t\u00e9 - Marie Claire Belgique","description":"Vous avez un mariage pr\u00e9vu cet \u00e9t\u00e9 mais vous n'avez pas encore trouv\u00e9 la robe id\u00e9ale ? On vous propose 20 mod\u00e8les parfaits pour l'occasion.","robots":{"index":"index","follow":"follow","max-snippet":"max-snippet:-1","max-image-preview":"max-image-preview:large","max-video-preview":"max-video-preview:-1"},"canonical":"https:\/\/marieclaire.be\/fr\/shopping-les-robes-parfaites-pour-un-mariage-cet-ete\/","next":"https:\/\/marieclaire.be\/fr\/shopping-les-robes-parfaites-pour-un-mariage-cet-ete\/2\/","og_locale":"fr_FR","og_type":"article","og_title":"Shopping : 20 robes parfaites pour assister \u00e0 un mariage cet \u00e9t\u00e9 - Marie Claire Belgique","og_description":"Vous avez un mariage pr\u00e9vu cet \u00e9t\u00e9 mais vous n'avez pas encore trouv\u00e9 la robe id\u00e9ale ? On vous propose 20 mod\u00e8les parfaits pour l'occasion.","og_url":"https:\/\/marieclaire.be\/fr\/shopping-les-robes-parfaites-pour-un-mariage-cet-ete\/","og_site_name":"Marie Claire Belgique","article_publisher":"https:\/\/www.facebook.com\/MarieClaire.Belgique\/","article_published_time":"2023-04-28T05:00:13+00:00","article_modified_time":"2025-02-21T16:17:03+00:00","og_image":[{"width":1280,"height":670,"url":"https:\/\/marieclaire.be\/fr\/wp-content\/uploads\/2023\/04\/robes-mariage.jpg","type":"image\/jpeg"}],"author":"Malvine Sevrin","twitter_misc":{"\u00c9crit par":"Malvine Sevrin","Dur\u00e9e de lecture estim\u00e9e":"2 minutes"},"schema":{"@context":"https:\/\/schema.org","@graph":[{"@type":"NewsArticle","@id":"https:\/\/marieclaire.be\/fr\/shopping-les-robes-parfaites-pour-un-mariage-cet-ete\/#article","isPartOf":{"@id":"https:\/\/marieclaire.be\/fr\/shopping-les-robes-parfaites-pour-un-mariage-cet-ete\/"},"author":{"name":"Malvine Sevrin","@id":"https:\/\/marieclaire.be\/fr\/#\/schema\/person\/c71bd7a8c3e622513c7531a39292a34e"},"headline":"Shopping : 20 robes parfaites pour assister \u00e0 un mariage cet \u00e9t\u00e9","datePublished":"2023-04-28T05:00:13+00:00","dateModified":"2025-02-21T16:17:03+00:00","mainEntityOfPage":{"@id":"https:\/\/marieclaire.be\/fr\/shopping-les-robes-parfaites-pour-un-mariage-cet-ete\/"},"wordCount":224,"publisher":{"@id":"https:\/\/marieclaire.be\/fr\/#organization"},"image":{"@id":"https:\/\/marieclaire.be\/fr\/shopping-les-robes-parfaites-pour-un-mariage-cet-ete\/#primaryimage"},"thumbnailUrl":"https:\/\/marieclaire.be\/fr\/wp-content\/uploads\/2023\/04\/robes-mariage.jpg","keywords":["mariage"],"articleSection":["Mariage"],"inLanguage":"fr-FR"},{"@type":"WebPage","@id":"https:\/\/marieclaire.be\/fr\/shopping-les-robes-parfaites-pour-un-mariage-cet-ete\/","url":"https:\/\/marieclaire.be\/fr\/shopping-les-robes-parfaites-pour-un-mariage-cet-ete\/","name":"Shopping : 20 robes parfaites pour assister \u00e0 un mariage cet \u00e9t\u00e9 - Marie Claire Belgique","isPartOf":{"@id":"https:\/\/marieclaire.be\/fr\/#website"},"primaryImageOfPage":{"@id":"https:\/\/marieclaire.be\/fr\/shopping-les-robes-parfaites-pour-un-mariage-cet-ete\/#primaryimage"},"image":{"@id":"https:\/\/marieclaire.be\/fr\/shopping-les-robes-parfaites-pour-un-mariage-cet-ete\/#primaryimage"},"thumbnailUrl":"https:\/\/marieclaire.be\/fr\/wp-content\/uploads\/2023\/04\/robes-mariage.jpg","datePublished":"2023-04-28T05:00:13+00:00","dateModified":"2025-02-21T16:17:03+00:00","description":"Vous avez un mariage pr\u00e9vu cet \u00e9t\u00e9 mais vous n'avez pas encore trouv\u00e9 la robe id\u00e9ale ? On vous propose 20 mod\u00e8les parfaits pour l'occasion.","inLanguage":"fr-FR","potentialAction":[{"@type":"ReadAction","target":["https:\/\/marieclaire.be\/fr\/shopping-les-robes-parfaites-pour-un-mariage-cet-ete\/"]}]},{"@type":"ImageObject","inLanguage":"fr-FR","@id":"https:\/\/marieclaire.be\/fr\/shopping-les-robes-parfaites-pour-un-mariage-cet-ete\/#primaryimage","url":"https:\/\/marieclaire.be\/fr\/wp-content\/uploads\/2023\/04\/robes-mariage.jpg","contentUrl":"https:\/\/marieclaire.be\/fr\/wp-content\/uploads\/2023\/04\/robes-mariage.jpg","width":1280,"height":670,"caption":"Presse"},{"@type":"WebSite","@id":"https:\/\/marieclaire.be\/fr\/#website","url":"https:\/\/marieclaire.be\/fr\/","name":"Marie Claire Belgique","description":"Marie Claire Belgique, le magazine du style et de l\u2019intelligence qui parle de mode, des tendances, de la beaut\u00e9, de l\u2019actualit\u00e9 et de la culture","publisher":{"@id":"https:\/\/marieclaire.be\/fr\/#organization"},"potentialAction":[{"@type":"SearchAction","target":{"@type":"EntryPoint","urlTemplate":"https:\/\/marieclaire.be\/fr\/?s={search_term_string}"},"query-input":{"@type":"PropertyValueSpecification","valueRequired":true,"valueName":"search_term_string"}}],"inLanguage":"fr-FR"},{"@type":"Organization","@id":"https:\/\/marieclaire.be\/fr\/#organization","name":"Marie Claire","url":"https:\/\/marieclaire.be\/fr\/","logo":{"@type":"ImageObject","inLanguage":"fr-FR","@id":"https:\/\/marieclaire.be\/fr\/#\/schema\/logo\/image\/","url":"https:\/\/marieclaire.be\/fr\/wp-content\/uploads\/2018\/05\/mc-logo2.png","contentUrl":"https:\/\/marieclaire.be\/fr\/wp-content\/uploads\/2018\/05\/mc-logo2.png","width":1001,"height":189,"caption":"Marie Claire"},"image":{"@id":"https:\/\/marieclaire.be\/fr\/#\/schema\/logo\/image\/"},"sameAs":["https:\/\/www.facebook.com\/MarieClaire.Belgique\/","https:\/\/www.instagram.com\/marieclaire_belgique\/","https:\/\/fr.pinterest.com\/marieclairebe\/","https:\/\/www.youtube.com\/user\/BelgiumMarieClaire"]},{"@type":"Person","@id":"https:\/\/marieclaire.be\/fr\/#\/schema\/person\/c71bd7a8c3e622513c7531a39292a34e","name":"Malvine Sevrin","image":{"@type":"ImageObject","inLanguage":"fr-FR","@id":"https:\/\/marieclaire.be\/fr\/wp-content\/uploads\/2017\/05\/capture-decran-2024-02-13-a-145920-96x96.png","url":"https:\/\/marieclaire.be\/fr\/wp-content\/uploads\/2017\/05\/capture-decran-2024-02-13-a-145920-96x96.png","contentUrl":"https:\/\/marieclaire.be\/fr\/wp-content\/uploads\/2017\/05\/capture-decran-2024-02-13-a-145920-96x96.png","caption":"Malvine Sevrin"},"description":"Des podiums parisiens aux derni\u00e8res nouveaut\u00e9s skincare qui enflamment TikTok, je d\u00e9crypte les tendances pour Marie Claire Belgique. Passionn\u00e9e de voyage, de mode et de beaut\u00e9, je partage mes coups de coeur d\u00e9nich\u00e9s aux quatre coins du globe. En tant que r\u00e9dactrice en chef digital, j'ai \u00e9galement \u00e0 coeur de mettre en lumi\u00e8re les histoires inspirantes de femmes \u00e0 travers notre site et sur nos r\u00e9seaux sociaux.","sameAs":["https:\/\/www.instagram.com\/malvinesev\/"],"url":"https:\/\/marieclaire.be\/fr\/author\/malvine\/"}]}},"_links":{"self":[{"href":"https:\/\/marieclaire.be\/fr\/wp-json\/wp\/v2\/posts\/72817","targetHints":{"allow":["GET"]}}],"collection":[{"href":"https:\/\/marieclaire.be\/fr\/wp-json\/wp\/v2\/posts"}],"about":[{"href":"https:\/\/marieclaire.be\/fr\/wp-json\/wp\/v2\/types\/post"}],"author":[{"embeddable":true,"href":"https:\/\/marieclaire.be\/fr\/wp-json\/wp\/v2\/users\/30"}],"replies":[{"embeddable":true,"href":"https:\/\/marieclaire.be\/fr\/wp-json\/wp\/v2\/comments?post=72817"}],"version-history":[{"count":4,"href":"https:\/\/marieclaire.be\/fr\/wp-json\/wp\/v2\/posts\/72817\/revisions"}],"predecessor-version":[{"id":125886,"href":"https:\/\/marieclaire.be\/fr\/wp-json\/wp\/v2\/posts\/72817\/revisions\/125886"}],"wp:featuredmedia":[{"embeddable":true,"href":"https:\/\/marieclaire.be\/fr\/wp-json\/wp\/v2\/media\/125885"}],"wp:attachment":[{"href":"https:\/\/marieclaire.be\/fr\/wp-json\/wp\/v2\/media?parent=72817"}],"wp:term":[{"taxonomy":"category","embeddable":true,"href":"https:\/\/marieclaire.be\/fr\/wp-json\/wp\/v2\/categories?post=72817"},{"taxonomy":"post_tag","embeddable":true,"href":"https:\/\/marieclaire.be\/fr\/wp-json\/wp\/v2\/tags?post=72817"}],"curies":[{"name":"wp","href":"https:\/\/api.w.org\/{rel}","templated":true}]}}