{"id":72621,"date":"2019-06-12T09:27:10","date_gmt":"2019-06-12T07:27:10","guid":{"rendered":"https:\/\/marieclaire.be\/fr\/?p=72621"},"modified":"2019-06-12T15:44:32","modified_gmt":"2019-06-12T13:44:32","slug":"paris-riviera-eau-de-chanel","status":"publish","type":"post","link":"https:\/\/marieclaire.be\/fr\/paris-riviera-eau-de-chanel\/","title":{"rendered":"Crush of the day : Paris-Riviera, la nouvelle Eau de Chanel qui sent bon la C\u00f4te d&#8217;Azur"},"content":{"rendered":"","protected":false},"excerpt":{"rendered":"A la recherche de votre parfum de l&#8217;\u00e9t\u00e9? Arr\u00eatez tout, on l&#8217;a trouv\u00e9! Chanel agrandit sa collection Les Eaux de Chanel avec un petit nouveau qui sent bon le soleil et la mer : Paris-Riviera.","protected":false},"author":19,"featured_media":72796,"comment_status":"closed","ping_status":"closed","sticky":false,"template":"","format":"standard","meta":{"_acf_changed":false,"footnotes":""},"categories":[7,18],"tags":[778],"class_list":["post-72621","post","type-post","status-publish","format-standard","has-post-thumbnail","hentry","category-beaute","category-parfums","tag-chanel"],"acf":[],"_yoast_wpseo_title":null,"_yoast_wpseo_metadesc":"Chanel agrandit sa collection Les Eaux de Chanel avec un petit nouveau qui sent bon le soleil et la mer : Paris-Riviera. D\u00e9couverte.","image_verticale":null,"yoast_head":"<!-- This site is optimized with the Yoast SEO plugin v27.3 - https:\/\/yoast.com\/product\/yoast-seo-wordpress\/ -->\n<title>Crush of the day : Paris-Riviera, la nouvelle Eau de Chanel qui sent bon la C\u00f4te d&#039;Azur - Marie Claire Belgique<\/title>\n<meta name=\"description\" content=\"Chanel agrandit sa collection Les Eaux de Chanel avec un petit nouveau qui sent bon le soleil et la mer : Paris-Riviera. D\u00e9couverte.\" \/>\n<meta name=\"robots\" content=\"index, follow, max-snippet:-1, max-image-preview:large, max-video-preview:-1\" \/>\n<link rel=\"canonical\" href=\"https:\/\/marieclaire.be\/fr\/paris-riviera-eau-de-chanel\/\" \/>\n<link rel=\"next\" href=\"https:\/\/marieclaire.be\/fr\/paris-riviera-eau-de-chanel\/2\/\" \/>\n<meta property=\"og:locale\" content=\"fr_FR\" \/>\n<meta property=\"og:type\" content=\"article\" \/>\n<meta property=\"og:title\" content=\"Crush of the day : Paris-Riviera, la nouvelle Eau de Chanel qui sent bon la C\u00f4te d&#039;Azur - Marie Claire Belgique\" \/>\n<meta property=\"og:description\" content=\"Chanel agrandit sa collection Les Eaux de Chanel avec un petit nouveau qui sent bon le soleil et la mer : Paris-Riviera. D\u00e9couverte.\" \/>\n<meta property=\"og:url\" content=\"https:\/\/marieclaire.be\/fr\/paris-riviera-eau-de-chanel\/\" \/>\n<meta property=\"og:site_name\" content=\"Marie Claire Belgique\" \/>\n<meta property=\"article:publisher\" content=\"https:\/\/www.facebook.com\/MarieClaire.Belgique\/\" \/>\n<meta property=\"article:published_time\" content=\"2019-06-12T07:27:10+00:00\" \/>\n<meta property=\"article:modified_time\" content=\"2019-06-12T13:44:32+00:00\" \/>\n<meta property=\"og:image\" content=\"https:\/\/marieclaire.be\/fr\/wp-content\/uploads\/2019\/06\/marieclaire_paris_riviera_chanel.png\" \/>\n\t<meta property=\"og:image:width\" content=\"1050\" \/>\n\t<meta property=\"og:image:height\" content=\"550\" \/>\n\t<meta property=\"og:image:type\" content=\"image\/png\" \/>\n<meta name=\"author\" content=\"Charlotte Deprez\" \/>\n<meta name=\"twitter:label1\" content=\"\u00c9crit par\" \/>\n\t<meta name=\"twitter:data1\" content=\"Charlotte Deprez\" \/>\n\t<meta name=\"twitter:label2\" content=\"Dur\u00e9e de lecture estim\u00e9e\" \/>\n\t<meta name=\"twitter:data2\" content=\"4 minutes\" \/>\n<script type=\"application\/ld+json\" class=\"yoast-schema-graph\">{\"@context\":\"https:\\\/\\\/schema.org\",\"@graph\":[{\"@type\":\"NewsArticle\",\"@id\":\"https:\\\/\\\/marieclaire.be\\\/fr\\\/paris-riviera-eau-de-chanel\\\/#article\",\"isPartOf\":{\"@id\":\"https:\\\/\\\/marieclaire.be\\\/fr\\\/paris-riviera-eau-de-chanel\\\/\"},\"author\":{\"name\":\"Charlotte Deprez\",\"@id\":\"https:\\\/\\\/marieclaire.be\\\/fr\\\/#\\\/schema\\\/person\\\/0f2a2faab8a1cdf67c909271eb6dcb39\"},\"headline\":\"Crush of the day : Paris-Riviera, la nouvelle Eau de Chanel qui sent bon la C\u00f4te d&#8217;Azur\",\"datePublished\":\"2019-06-12T07:27:10+00:00\",\"dateModified\":\"2019-06-12T13:44:32+00:00\",\"mainEntityOfPage\":{\"@id\":\"https:\\\/\\\/marieclaire.be\\\/fr\\\/paris-riviera-eau-de-chanel\\\/\"},\"wordCount\":744,\"publisher\":{\"@id\":\"https:\\\/\\\/marieclaire.be\\\/fr\\\/#organization\"},\"image\":{\"@id\":\"https:\\\/\\\/marieclaire.be\\\/fr\\\/paris-riviera-eau-de-chanel\\\/#primaryimage\"},\"thumbnailUrl\":\"https:\\\/\\\/marieclaire.be\\\/fr\\\/wp-content\\\/uploads\\\/2019\\\/06\\\/marieclaire_paris_riviera_chanel.png\",\"keywords\":[\"chanel\"],\"articleSection\":[\"Beaut\u00e9\",\"Parfums\"],\"inLanguage\":\"fr-FR\"},{\"@type\":\"WebPage\",\"@id\":\"https:\\\/\\\/marieclaire.be\\\/fr\\\/paris-riviera-eau-de-chanel\\\/\",\"url\":\"https:\\\/\\\/marieclaire.be\\\/fr\\\/paris-riviera-eau-de-chanel\\\/\",\"name\":\"Crush of the day : Paris-Riviera, la nouvelle Eau de Chanel qui sent bon la C\u00f4te d'Azur - Marie Claire Belgique\",\"isPartOf\":{\"@id\":\"https:\\\/\\\/marieclaire.be\\\/fr\\\/#website\"},\"primaryImageOfPage\":{\"@id\":\"https:\\\/\\\/marieclaire.be\\\/fr\\\/paris-riviera-eau-de-chanel\\\/#primaryimage\"},\"image\":{\"@id\":\"https:\\\/\\\/marieclaire.be\\\/fr\\\/paris-riviera-eau-de-chanel\\\/#primaryimage\"},\"thumbnailUrl\":\"https:\\\/\\\/marieclaire.be\\\/fr\\\/wp-content\\\/uploads\\\/2019\\\/06\\\/marieclaire_paris_riviera_chanel.png\",\"datePublished\":\"2019-06-12T07:27:10+00:00\",\"dateModified\":\"2019-06-12T13:44:32+00:00\",\"description\":\"Chanel agrandit sa collection Les Eaux de Chanel avec un petit nouveau qui sent bon le soleil et la mer : Paris-Riviera. D\u00e9couverte.\",\"inLanguage\":\"fr-FR\",\"potentialAction\":[{\"@type\":\"ReadAction\",\"target\":[\"https:\\\/\\\/marieclaire.be\\\/fr\\\/paris-riviera-eau-de-chanel\\\/\"]}]},{\"@type\":\"ImageObject\",\"inLanguage\":\"fr-FR\",\"@id\":\"https:\\\/\\\/marieclaire.be\\\/fr\\\/paris-riviera-eau-de-chanel\\\/#primaryimage\",\"url\":\"https:\\\/\\\/marieclaire.be\\\/fr\\\/wp-content\\\/uploads\\\/2019\\\/06\\\/marieclaire_paris_riviera_chanel.png\",\"contentUrl\":\"https:\\\/\\\/marieclaire.be\\\/fr\\\/wp-content\\\/uploads\\\/2019\\\/06\\\/marieclaire_paris_riviera_chanel.png\",\"width\":1050,\"height\":550,\"caption\":\"Presse - Chanel\"},{\"@type\":\"WebSite\",\"@id\":\"https:\\\/\\\/marieclaire.be\\\/fr\\\/#website\",\"url\":\"https:\\\/\\\/marieclaire.be\\\/fr\\\/\",\"name\":\"Marie Claire Belgique\",\"description\":\"Marie Claire Belgique, le magazine du style et de l\u2019intelligence qui parle de mode, des tendances, de la beaut\u00e9, de l\u2019actualit\u00e9 et de la culture\",\"publisher\":{\"@id\":\"https:\\\/\\\/marieclaire.be\\\/fr\\\/#organization\"},\"potentialAction\":[{\"@type\":\"SearchAction\",\"target\":{\"@type\":\"EntryPoint\",\"urlTemplate\":\"https:\\\/\\\/marieclaire.be\\\/fr\\\/?s={search_term_string}\"},\"query-input\":{\"@type\":\"PropertyValueSpecification\",\"valueRequired\":true,\"valueName\":\"search_term_string\"}}],\"inLanguage\":\"fr-FR\"},{\"@type\":\"Organization\",\"@id\":\"https:\\\/\\\/marieclaire.be\\\/fr\\\/#organization\",\"name\":\"Marie Claire\",\"url\":\"https:\\\/\\\/marieclaire.be\\\/fr\\\/\",\"logo\":{\"@type\":\"ImageObject\",\"inLanguage\":\"fr-FR\",\"@id\":\"https:\\\/\\\/marieclaire.be\\\/fr\\\/#\\\/schema\\\/logo\\\/image\\\/\",\"url\":\"https:\\\/\\\/marieclaire.be\\\/fr\\\/wp-content\\\/uploads\\\/2018\\\/05\\\/mc-logo2.png\",\"contentUrl\":\"https:\\\/\\\/marieclaire.be\\\/fr\\\/wp-content\\\/uploads\\\/2018\\\/05\\\/mc-logo2.png\",\"width\":1001,\"height\":189,\"caption\":\"Marie Claire\"},\"image\":{\"@id\":\"https:\\\/\\\/marieclaire.be\\\/fr\\\/#\\\/schema\\\/logo\\\/image\\\/\"},\"sameAs\":[\"https:\\\/\\\/www.facebook.com\\\/MarieClaire.Belgique\\\/\",\"https:\\\/\\\/www.instagram.com\\\/marieclaire_belgique\\\/\",\"https:\\\/\\\/fr.pinterest.com\\\/marieclairebe\\\/\",\"https:\\\/\\\/www.youtube.com\\\/user\\\/BelgiumMarieClaire\"]},{\"@type\":\"Person\",\"@id\":\"https:\\\/\\\/marieclaire.be\\\/fr\\\/#\\\/schema\\\/person\\\/0f2a2faab8a1cdf67c909271eb6dcb39\",\"name\":\"Charlotte Deprez\",\"image\":{\"@type\":\"ImageObject\",\"inLanguage\":\"fr-FR\",\"@id\":\"https:\\\/\\\/marieclaire.be\\\/fr\\\/wp-content\\\/uploads\\\/2019\\\/09\\\/charlotte_deprez-96x96.jpg\",\"url\":\"https:\\\/\\\/marieclaire.be\\\/fr\\\/wp-content\\\/uploads\\\/2019\\\/09\\\/charlotte_deprez-96x96.jpg\",\"contentUrl\":\"https:\\\/\\\/marieclaire.be\\\/fr\\\/wp-content\\\/uploads\\\/2019\\\/09\\\/charlotte_deprez-96x96.jpg\",\"caption\":\"Charlotte Deprez\"},\"description\":\"Foodie assum\u00e9e, obs\u00e9d\u00e9e par les voyages, la photographie et la tech, toujours \u00e0 l'aff\u00fbt de la derni\u00e8re tendance Instagram qui va r\u00e9volutionner le monde.\",\"sameAs\":[\"http:\\\/\\\/www.thetinynomad.com\",\"https:\\\/\\\/www.instagram.com\\\/thetinynomad\",\"https:\\\/\\\/be.linkedin.com\\\/in\\\/charlottedeprez\",\"https:\\\/\\\/fr.pinterest.com\\\/chadeprez\\\/\",\"https:\\\/\\\/x.com\\\/chadeprez\"],\"url\":\"https:\\\/\\\/marieclaire.be\\\/fr\\\/author\\\/charlotte\\\/\"}]}<\/script>\n<!-- \/ Yoast SEO plugin. -->","yoast_head_json":{"title":"Crush of the day : Paris-Riviera, la nouvelle Eau de Chanel qui sent bon la C\u00f4te d'Azur - Marie Claire Belgique","description":"Chanel agrandit sa collection Les Eaux de Chanel avec un petit nouveau qui sent bon le soleil et la mer : Paris-Riviera. D\u00e9couverte.","robots":{"index":"index","follow":"follow","max-snippet":"max-snippet:-1","max-image-preview":"max-image-preview:large","max-video-preview":"max-video-preview:-1"},"canonical":"https:\/\/marieclaire.be\/fr\/paris-riviera-eau-de-chanel\/","next":"https:\/\/marieclaire.be\/fr\/paris-riviera-eau-de-chanel\/2\/","og_locale":"fr_FR","og_type":"article","og_title":"Crush of the day : Paris-Riviera, la nouvelle Eau de Chanel qui sent bon la C\u00f4te d'Azur - Marie Claire Belgique","og_description":"Chanel agrandit sa collection Les Eaux de Chanel avec un petit nouveau qui sent bon le soleil et la mer : Paris-Riviera. D\u00e9couverte.","og_url":"https:\/\/marieclaire.be\/fr\/paris-riviera-eau-de-chanel\/","og_site_name":"Marie Claire Belgique","article_publisher":"https:\/\/www.facebook.com\/MarieClaire.Belgique\/","article_published_time":"2019-06-12T07:27:10+00:00","article_modified_time":"2019-06-12T13:44:32+00:00","og_image":[{"width":1050,"height":550,"url":"https:\/\/marieclaire.be\/fr\/wp-content\/uploads\/2019\/06\/marieclaire_paris_riviera_chanel.png","type":"image\/png"}],"author":"Charlotte Deprez","twitter_misc":{"\u00c9crit par":"Charlotte Deprez","Dur\u00e9e de lecture estim\u00e9e":"4 minutes"},"schema":{"@context":"https:\/\/schema.org","@graph":[{"@type":"NewsArticle","@id":"https:\/\/marieclaire.be\/fr\/paris-riviera-eau-de-chanel\/#article","isPartOf":{"@id":"https:\/\/marieclaire.be\/fr\/paris-riviera-eau-de-chanel\/"},"author":{"name":"Charlotte Deprez","@id":"https:\/\/marieclaire.be\/fr\/#\/schema\/person\/0f2a2faab8a1cdf67c909271eb6dcb39"},"headline":"Crush of the day : Paris-Riviera, la nouvelle Eau de Chanel qui sent bon la C\u00f4te d&#8217;Azur","datePublished":"2019-06-12T07:27:10+00:00","dateModified":"2019-06-12T13:44:32+00:00","mainEntityOfPage":{"@id":"https:\/\/marieclaire.be\/fr\/paris-riviera-eau-de-chanel\/"},"wordCount":744,"publisher":{"@id":"https:\/\/marieclaire.be\/fr\/#organization"},"image":{"@id":"https:\/\/marieclaire.be\/fr\/paris-riviera-eau-de-chanel\/#primaryimage"},"thumbnailUrl":"https:\/\/marieclaire.be\/fr\/wp-content\/uploads\/2019\/06\/marieclaire_paris_riviera_chanel.png","keywords":["chanel"],"articleSection":["Beaut\u00e9","Parfums"],"inLanguage":"fr-FR"},{"@type":"WebPage","@id":"https:\/\/marieclaire.be\/fr\/paris-riviera-eau-de-chanel\/","url":"https:\/\/marieclaire.be\/fr\/paris-riviera-eau-de-chanel\/","name":"Crush of the day : Paris-Riviera, la nouvelle Eau de Chanel qui sent bon la C\u00f4te d'Azur - Marie Claire Belgique","isPartOf":{"@id":"https:\/\/marieclaire.be\/fr\/#website"},"primaryImageOfPage":{"@id":"https:\/\/marieclaire.be\/fr\/paris-riviera-eau-de-chanel\/#primaryimage"},"image":{"@id":"https:\/\/marieclaire.be\/fr\/paris-riviera-eau-de-chanel\/#primaryimage"},"thumbnailUrl":"https:\/\/marieclaire.be\/fr\/wp-content\/uploads\/2019\/06\/marieclaire_paris_riviera_chanel.png","datePublished":"2019-06-12T07:27:10+00:00","dateModified":"2019-06-12T13:44:32+00:00","description":"Chanel agrandit sa collection Les Eaux de Chanel avec un petit nouveau qui sent bon le soleil et la mer : Paris-Riviera. D\u00e9couverte.","inLanguage":"fr-FR","potentialAction":[{"@type":"ReadAction","target":["https:\/\/marieclaire.be\/fr\/paris-riviera-eau-de-chanel\/"]}]},{"@type":"ImageObject","inLanguage":"fr-FR","@id":"https:\/\/marieclaire.be\/fr\/paris-riviera-eau-de-chanel\/#primaryimage","url":"https:\/\/marieclaire.be\/fr\/wp-content\/uploads\/2019\/06\/marieclaire_paris_riviera_chanel.png","contentUrl":"https:\/\/marieclaire.be\/fr\/wp-content\/uploads\/2019\/06\/marieclaire_paris_riviera_chanel.png","width":1050,"height":550,"caption":"Presse - Chanel"},{"@type":"WebSite","@id":"https:\/\/marieclaire.be\/fr\/#website","url":"https:\/\/marieclaire.be\/fr\/","name":"Marie Claire Belgique","description":"Marie Claire Belgique, le magazine du style et de l\u2019intelligence qui parle de mode, des tendances, de la beaut\u00e9, de l\u2019actualit\u00e9 et de la culture","publisher":{"@id":"https:\/\/marieclaire.be\/fr\/#organization"},"potentialAction":[{"@type":"SearchAction","target":{"@type":"EntryPoint","urlTemplate":"https:\/\/marieclaire.be\/fr\/?s={search_term_string}"},"query-input":{"@type":"PropertyValueSpecification","valueRequired":true,"valueName":"search_term_string"}}],"inLanguage":"fr-FR"},{"@type":"Organization","@id":"https:\/\/marieclaire.be\/fr\/#organization","name":"Marie Claire","url":"https:\/\/marieclaire.be\/fr\/","logo":{"@type":"ImageObject","inLanguage":"fr-FR","@id":"https:\/\/marieclaire.be\/fr\/#\/schema\/logo\/image\/","url":"https:\/\/marieclaire.be\/fr\/wp-content\/uploads\/2018\/05\/mc-logo2.png","contentUrl":"https:\/\/marieclaire.be\/fr\/wp-content\/uploads\/2018\/05\/mc-logo2.png","width":1001,"height":189,"caption":"Marie Claire"},"image":{"@id":"https:\/\/marieclaire.be\/fr\/#\/schema\/logo\/image\/"},"sameAs":["https:\/\/www.facebook.com\/MarieClaire.Belgique\/","https:\/\/www.instagram.com\/marieclaire_belgique\/","https:\/\/fr.pinterest.com\/marieclairebe\/","https:\/\/www.youtube.com\/user\/BelgiumMarieClaire"]},{"@type":"Person","@id":"https:\/\/marieclaire.be\/fr\/#\/schema\/person\/0f2a2faab8a1cdf67c909271eb6dcb39","name":"Charlotte Deprez","image":{"@type":"ImageObject","inLanguage":"fr-FR","@id":"https:\/\/marieclaire.be\/fr\/wp-content\/uploads\/2019\/09\/charlotte_deprez-96x96.jpg","url":"https:\/\/marieclaire.be\/fr\/wp-content\/uploads\/2019\/09\/charlotte_deprez-96x96.jpg","contentUrl":"https:\/\/marieclaire.be\/fr\/wp-content\/uploads\/2019\/09\/charlotte_deprez-96x96.jpg","caption":"Charlotte Deprez"},"description":"Foodie assum\u00e9e, obs\u00e9d\u00e9e par les voyages, la photographie et la tech, toujours \u00e0 l'aff\u00fbt de la derni\u00e8re tendance Instagram qui va r\u00e9volutionner le monde.","sameAs":["http:\/\/www.thetinynomad.com","https:\/\/www.instagram.com\/thetinynomad","https:\/\/be.linkedin.com\/in\/charlottedeprez","https:\/\/fr.pinterest.com\/chadeprez\/","https:\/\/x.com\/chadeprez"],"url":"https:\/\/marieclaire.be\/fr\/author\/charlotte\/"}]}},"_links":{"self":[{"href":"https:\/\/marieclaire.be\/fr\/wp-json\/wp\/v2\/posts\/72621","targetHints":{"allow":["GET"]}}],"collection":[{"href":"https:\/\/marieclaire.be\/fr\/wp-json\/wp\/v2\/posts"}],"about":[{"href":"https:\/\/marieclaire.be\/fr\/wp-json\/wp\/v2\/types\/post"}],"author":[{"embeddable":true,"href":"https:\/\/marieclaire.be\/fr\/wp-json\/wp\/v2\/users\/19"}],"replies":[{"embeddable":true,"href":"https:\/\/marieclaire.be\/fr\/wp-json\/wp\/v2\/comments?post=72621"}],"version-history":[{"count":0,"href":"https:\/\/marieclaire.be\/fr\/wp-json\/wp\/v2\/posts\/72621\/revisions"}],"wp:featuredmedia":[{"embeddable":true,"href":"https:\/\/marieclaire.be\/fr\/wp-json\/wp\/v2\/media\/72796"}],"wp:attachment":[{"href":"https:\/\/marieclaire.be\/fr\/wp-json\/wp\/v2\/media?parent=72621"}],"wp:term":[{"taxonomy":"category","embeddable":true,"href":"https:\/\/marieclaire.be\/fr\/wp-json\/wp\/v2\/categories?post=72621"},{"taxonomy":"post_tag","embeddable":true,"href":"https:\/\/marieclaire.be\/fr\/wp-json\/wp\/v2\/tags?post=72621"}],"curies":[{"name":"wp","href":"https:\/\/api.w.org\/{rel}","templated":true}]}}