{"id":70276,"date":"2025-05-08T08:36:21","date_gmt":"2025-05-08T06:36:21","guid":{"rendered":"https:\/\/marieclaire.be\/fr\/?p=70276"},"modified":"2025-05-08T16:39:01","modified_gmt":"2025-05-08T14:39:01","slug":"fete-des-meres-cadeaux-maman-foodie","status":"publish","type":"post","link":"https:\/\/marieclaire.be\/fr\/fete-des-meres-cadeaux-maman-foodie\/","title":{"rendered":"15 id\u00e9es gourmandes pour g\u00e2ter une maman passionn\u00e9e de cuisine"},"content":{"rendered":"","protected":false},"excerpt":{"rendered":"Votre maman adore les bons produits et les bonnes tables ? Elle ne loupe jamais un \u00e9pisode de Top Chef ? Afin de faciliter votre recherche de cadeau pour le fin gourmet qu&#8217;elle est, voici nos meilleures id\u00e9es cadeaux pour les mamans foodie !\nVotre maman est une v\u00e9ritable passionn\u00e9e de cuisine ? Alors, pour cette maman qui a le palais fin et l&#8217;\u00e2me gourmet, il vous faut des cadeaux \u00e0 la hauteur de son talent culinaire.","protected":false},"author":30,"featured_media":135389,"comment_status":"closed","ping_status":"closed","sticky":false,"template":"","format":"standard","meta":{"_acf_changed":false,"footnotes":""},"categories":[806,67],"tags":[1399],"class_list":["post-70276","post","type-post","status-publish","format-standard","has-post-thumbnail","hentry","category-food","category-lifestyle","tag-fete-des-meres"],"acf":[],"_yoast_wpseo_title":null,"_yoast_wpseo_metadesc":"Votre maman adore les bons produits, les bonnes tables et Top Chef ? Voici quelques id\u00e9es cadeaux pour les mamans passionn\u00e9es de cuisine !","image_verticale":"135388","yoast_head":"<!-- This site is optimized with the Yoast SEO plugin v27.3 - https:\/\/yoast.com\/product\/yoast-seo-wordpress\/ -->\n<title>15 id\u00e9es gourmandes pour g\u00e2ter une maman passionn\u00e9e de cuisine - Marie Claire Belgique<\/title>\n<meta name=\"description\" content=\"Votre maman adore les bons produits, les bonnes tables et Top Chef ? Voici quelques id\u00e9es cadeaux pour les mamans passionn\u00e9es de cuisine !\" \/>\n<meta name=\"robots\" content=\"index, follow, max-snippet:-1, max-image-preview:large, max-video-preview:-1\" \/>\n<link rel=\"canonical\" href=\"https:\/\/marieclaire.be\/fr\/fete-des-meres-cadeaux-maman-foodie\/\" \/>\n<meta property=\"og:locale\" content=\"fr_FR\" \/>\n<meta property=\"og:type\" content=\"article\" \/>\n<meta property=\"og:title\" content=\"15 id\u00e9es gourmandes pour g\u00e2ter une maman passionn\u00e9e de cuisine - Marie Claire Belgique\" \/>\n<meta property=\"og:description\" content=\"Votre maman adore les bons produits, les bonnes tables et Top Chef ? Voici quelques id\u00e9es cadeaux pour les mamans passionn\u00e9es de cuisine !\" \/>\n<meta property=\"og:url\" content=\"https:\/\/marieclaire.be\/fr\/fete-des-meres-cadeaux-maman-foodie\/\" \/>\n<meta property=\"og:site_name\" content=\"Marie Claire Belgique\" \/>\n<meta property=\"article:publisher\" content=\"https:\/\/www.facebook.com\/MarieClaire.Belgique\/\" \/>\n<meta property=\"article:published_time\" content=\"2025-05-08T06:36:21+00:00\" \/>\n<meta property=\"article:modified_time\" content=\"2025-05-08T14:39:01+00:00\" \/>\n<meta property=\"og:image\" content=\"https:\/\/marieclaire.be\/fr\/wp-content\/uploads\/2023\/05\/cuisine-maman.png\" \/>\n\t<meta property=\"og:image:width\" content=\"1200\" \/>\n\t<meta property=\"og:image:height\" content=\"628\" \/>\n\t<meta property=\"og:image:type\" content=\"image\/png\" \/>\n<meta name=\"author\" content=\"Malvine Sevrin\" \/>\n<meta name=\"twitter:label1\" content=\"\u00c9crit par\" \/>\n\t<meta name=\"twitter:data1\" content=\"Malvine Sevrin\" \/>\n\t<meta name=\"twitter:label2\" content=\"Dur\u00e9e de lecture estim\u00e9e\" \/>\n\t<meta name=\"twitter:data2\" content=\"3 minutes\" \/>\n<script type=\"application\/ld+json\" class=\"yoast-schema-graph\">{\"@context\":\"https:\\\/\\\/schema.org\",\"@graph\":[{\"@type\":\"NewsArticle\",\"@id\":\"https:\\\/\\\/marieclaire.be\\\/fr\\\/fete-des-meres-cadeaux-maman-foodie\\\/#article\",\"isPartOf\":{\"@id\":\"https:\\\/\\\/marieclaire.be\\\/fr\\\/fete-des-meres-cadeaux-maman-foodie\\\/\"},\"author\":{\"name\":\"Malvine Sevrin\",\"@id\":\"https:\\\/\\\/marieclaire.be\\\/fr\\\/#\\\/schema\\\/person\\\/c71bd7a8c3e622513c7531a39292a34e\"},\"headline\":\"15 id\u00e9es gourmandes pour g\u00e2ter une maman passionn\u00e9e de cuisine\",\"datePublished\":\"2025-05-08T06:36:21+00:00\",\"dateModified\":\"2025-05-08T14:39:01+00:00\",\"mainEntityOfPage\":{\"@id\":\"https:\\\/\\\/marieclaire.be\\\/fr\\\/fete-des-meres-cadeaux-maman-foodie\\\/\"},\"wordCount\":410,\"publisher\":{\"@id\":\"https:\\\/\\\/marieclaire.be\\\/fr\\\/#organization\"},\"image\":{\"@id\":\"https:\\\/\\\/marieclaire.be\\\/fr\\\/fete-des-meres-cadeaux-maman-foodie\\\/#primaryimage\"},\"thumbnailUrl\":\"https:\\\/\\\/marieclaire.be\\\/fr\\\/wp-content\\\/uploads\\\/2023\\\/05\\\/cuisine-maman.png\",\"keywords\":[\"f\u00eate des m\u00e8res\"],\"articleSection\":[\"Food\",\"Lifestyle\"],\"inLanguage\":\"fr-FR\"},{\"@type\":\"WebPage\",\"@id\":\"https:\\\/\\\/marieclaire.be\\\/fr\\\/fete-des-meres-cadeaux-maman-foodie\\\/\",\"url\":\"https:\\\/\\\/marieclaire.be\\\/fr\\\/fete-des-meres-cadeaux-maman-foodie\\\/\",\"name\":\"15 id\u00e9es gourmandes pour g\u00e2ter une maman passionn\u00e9e de cuisine - Marie Claire Belgique\",\"isPartOf\":{\"@id\":\"https:\\\/\\\/marieclaire.be\\\/fr\\\/#website\"},\"primaryImageOfPage\":{\"@id\":\"https:\\\/\\\/marieclaire.be\\\/fr\\\/fete-des-meres-cadeaux-maman-foodie\\\/#primaryimage\"},\"image\":{\"@id\":\"https:\\\/\\\/marieclaire.be\\\/fr\\\/fete-des-meres-cadeaux-maman-foodie\\\/#primaryimage\"},\"thumbnailUrl\":\"https:\\\/\\\/marieclaire.be\\\/fr\\\/wp-content\\\/uploads\\\/2023\\\/05\\\/cuisine-maman.png\",\"datePublished\":\"2025-05-08T06:36:21+00:00\",\"dateModified\":\"2025-05-08T14:39:01+00:00\",\"description\":\"Votre maman adore les bons produits, les bonnes tables et Top Chef ? Voici quelques id\u00e9es cadeaux pour les mamans passionn\u00e9es de cuisine !\",\"breadcrumb\":{\"@id\":\"https:\\\/\\\/marieclaire.be\\\/fr\\\/fete-des-meres-cadeaux-maman-foodie\\\/#breadcrumb\"},\"inLanguage\":\"fr-FR\",\"potentialAction\":[{\"@type\":\"ReadAction\",\"target\":[\"https:\\\/\\\/marieclaire.be\\\/fr\\\/fete-des-meres-cadeaux-maman-foodie\\\/\"]}]},{\"@type\":\"ImageObject\",\"inLanguage\":\"fr-FR\",\"@id\":\"https:\\\/\\\/marieclaire.be\\\/fr\\\/fete-des-meres-cadeaux-maman-foodie\\\/#primaryimage\",\"url\":\"https:\\\/\\\/marieclaire.be\\\/fr\\\/wp-content\\\/uploads\\\/2023\\\/05\\\/cuisine-maman.png\",\"contentUrl\":\"https:\\\/\\\/marieclaire.be\\\/fr\\\/wp-content\\\/uploads\\\/2023\\\/05\\\/cuisine-maman.png\",\"width\":1200,\"height\":628,\"caption\":\"Pexels\"},{\"@type\":\"BreadcrumbList\",\"@id\":\"https:\\\/\\\/marieclaire.be\\\/fr\\\/fete-des-meres-cadeaux-maman-foodie\\\/#breadcrumb\",\"itemListElement\":[{\"@type\":\"ListItem\",\"position\":1,\"name\":\"Accueil\",\"item\":\"https:\\\/\\\/marieclaire.be\\\/fr\\\/\"},{\"@type\":\"ListItem\",\"position\":2,\"name\":\"15 id\u00e9es gourmandes pour g\u00e2ter une maman passionn\u00e9e de cuisine\"}]},{\"@type\":\"WebSite\",\"@id\":\"https:\\\/\\\/marieclaire.be\\\/fr\\\/#website\",\"url\":\"https:\\\/\\\/marieclaire.be\\\/fr\\\/\",\"name\":\"Marie Claire Belgique\",\"description\":\"Marie Claire Belgique, le magazine du style et de l\u2019intelligence qui parle de mode, des tendances, de la beaut\u00e9, de l\u2019actualit\u00e9 et de la culture\",\"publisher\":{\"@id\":\"https:\\\/\\\/marieclaire.be\\\/fr\\\/#organization\"},\"potentialAction\":[{\"@type\":\"SearchAction\",\"target\":{\"@type\":\"EntryPoint\",\"urlTemplate\":\"https:\\\/\\\/marieclaire.be\\\/fr\\\/?s={search_term_string}\"},\"query-input\":{\"@type\":\"PropertyValueSpecification\",\"valueRequired\":true,\"valueName\":\"search_term_string\"}}],\"inLanguage\":\"fr-FR\"},{\"@type\":\"Organization\",\"@id\":\"https:\\\/\\\/marieclaire.be\\\/fr\\\/#organization\",\"name\":\"Marie Claire\",\"url\":\"https:\\\/\\\/marieclaire.be\\\/fr\\\/\",\"logo\":{\"@type\":\"ImageObject\",\"inLanguage\":\"fr-FR\",\"@id\":\"https:\\\/\\\/marieclaire.be\\\/fr\\\/#\\\/schema\\\/logo\\\/image\\\/\",\"url\":\"https:\\\/\\\/marieclaire.be\\\/fr\\\/wp-content\\\/uploads\\\/2018\\\/05\\\/mc-logo2.png\",\"contentUrl\":\"https:\\\/\\\/marieclaire.be\\\/fr\\\/wp-content\\\/uploads\\\/2018\\\/05\\\/mc-logo2.png\",\"width\":1001,\"height\":189,\"caption\":\"Marie Claire\"},\"image\":{\"@id\":\"https:\\\/\\\/marieclaire.be\\\/fr\\\/#\\\/schema\\\/logo\\\/image\\\/\"},\"sameAs\":[\"https:\\\/\\\/www.facebook.com\\\/MarieClaire.Belgique\\\/\",\"https:\\\/\\\/www.instagram.com\\\/marieclaire_belgique\\\/\",\"https:\\\/\\\/fr.pinterest.com\\\/marieclairebe\\\/\",\"https:\\\/\\\/www.youtube.com\\\/user\\\/BelgiumMarieClaire\"]},{\"@type\":\"Person\",\"@id\":\"https:\\\/\\\/marieclaire.be\\\/fr\\\/#\\\/schema\\\/person\\\/c71bd7a8c3e622513c7531a39292a34e\",\"name\":\"Malvine Sevrin\",\"image\":{\"@type\":\"ImageObject\",\"inLanguage\":\"fr-FR\",\"@id\":\"https:\\\/\\\/marieclaire.be\\\/fr\\\/wp-content\\\/uploads\\\/2017\\\/05\\\/capture-decran-2024-02-13-a-145920-96x96.png\",\"url\":\"https:\\\/\\\/marieclaire.be\\\/fr\\\/wp-content\\\/uploads\\\/2017\\\/05\\\/capture-decran-2024-02-13-a-145920-96x96.png\",\"contentUrl\":\"https:\\\/\\\/marieclaire.be\\\/fr\\\/wp-content\\\/uploads\\\/2017\\\/05\\\/capture-decran-2024-02-13-a-145920-96x96.png\",\"caption\":\"Malvine Sevrin\"},\"description\":\"Des podiums parisiens aux derni\u00e8res nouveaut\u00e9s skincare qui enflamment TikTok, je d\u00e9crypte les tendances pour Marie Claire Belgique. Passionn\u00e9e de voyage, de mode et de beaut\u00e9, je partage mes coups de coeur d\u00e9nich\u00e9s aux quatre coins du globe. En tant que r\u00e9dactrice en chef digital, j'ai \u00e9galement \u00e0 coeur de mettre en lumi\u00e8re les histoires inspirantes de femmes \u00e0 travers notre site et sur nos r\u00e9seaux sociaux.\",\"sameAs\":[\"https:\\\/\\\/www.instagram.com\\\/malvinesev\\\/\"],\"url\":\"https:\\\/\\\/marieclaire.be\\\/fr\\\/author\\\/malvine\\\/\"}]}<\/script>\n<!-- \/ Yoast SEO plugin. -->","yoast_head_json":{"title":"15 id\u00e9es gourmandes pour g\u00e2ter une maman passionn\u00e9e de cuisine - Marie Claire Belgique","description":"Votre maman adore les bons produits, les bonnes tables et Top Chef ? Voici quelques id\u00e9es cadeaux pour les mamans passionn\u00e9es de cuisine !","robots":{"index":"index","follow":"follow","max-snippet":"max-snippet:-1","max-image-preview":"max-image-preview:large","max-video-preview":"max-video-preview:-1"},"canonical":"https:\/\/marieclaire.be\/fr\/fete-des-meres-cadeaux-maman-foodie\/","og_locale":"fr_FR","og_type":"article","og_title":"15 id\u00e9es gourmandes pour g\u00e2ter une maman passionn\u00e9e de cuisine - Marie Claire Belgique","og_description":"Votre maman adore les bons produits, les bonnes tables et Top Chef ? Voici quelques id\u00e9es cadeaux pour les mamans passionn\u00e9es de cuisine !","og_url":"https:\/\/marieclaire.be\/fr\/fete-des-meres-cadeaux-maman-foodie\/","og_site_name":"Marie Claire Belgique","article_publisher":"https:\/\/www.facebook.com\/MarieClaire.Belgique\/","article_published_time":"2025-05-08T06:36:21+00:00","article_modified_time":"2025-05-08T14:39:01+00:00","og_image":[{"width":1200,"height":628,"url":"https:\/\/marieclaire.be\/fr\/wp-content\/uploads\/2023\/05\/cuisine-maman.png","type":"image\/png"}],"author":"Malvine Sevrin","twitter_misc":{"\u00c9crit par":"Malvine Sevrin","Dur\u00e9e de lecture estim\u00e9e":"3 minutes"},"schema":{"@context":"https:\/\/schema.org","@graph":[{"@type":"NewsArticle","@id":"https:\/\/marieclaire.be\/fr\/fete-des-meres-cadeaux-maman-foodie\/#article","isPartOf":{"@id":"https:\/\/marieclaire.be\/fr\/fete-des-meres-cadeaux-maman-foodie\/"},"author":{"name":"Malvine Sevrin","@id":"https:\/\/marieclaire.be\/fr\/#\/schema\/person\/c71bd7a8c3e622513c7531a39292a34e"},"headline":"15 id\u00e9es gourmandes pour g\u00e2ter une maman passionn\u00e9e de cuisine","datePublished":"2025-05-08T06:36:21+00:00","dateModified":"2025-05-08T14:39:01+00:00","mainEntityOfPage":{"@id":"https:\/\/marieclaire.be\/fr\/fete-des-meres-cadeaux-maman-foodie\/"},"wordCount":410,"publisher":{"@id":"https:\/\/marieclaire.be\/fr\/#organization"},"image":{"@id":"https:\/\/marieclaire.be\/fr\/fete-des-meres-cadeaux-maman-foodie\/#primaryimage"},"thumbnailUrl":"https:\/\/marieclaire.be\/fr\/wp-content\/uploads\/2023\/05\/cuisine-maman.png","keywords":["f\u00eate des m\u00e8res"],"articleSection":["Food","Lifestyle"],"inLanguage":"fr-FR"},{"@type":"WebPage","@id":"https:\/\/marieclaire.be\/fr\/fete-des-meres-cadeaux-maman-foodie\/","url":"https:\/\/marieclaire.be\/fr\/fete-des-meres-cadeaux-maman-foodie\/","name":"15 id\u00e9es gourmandes pour g\u00e2ter une maman passionn\u00e9e de cuisine - Marie Claire Belgique","isPartOf":{"@id":"https:\/\/marieclaire.be\/fr\/#website"},"primaryImageOfPage":{"@id":"https:\/\/marieclaire.be\/fr\/fete-des-meres-cadeaux-maman-foodie\/#primaryimage"},"image":{"@id":"https:\/\/marieclaire.be\/fr\/fete-des-meres-cadeaux-maman-foodie\/#primaryimage"},"thumbnailUrl":"https:\/\/marieclaire.be\/fr\/wp-content\/uploads\/2023\/05\/cuisine-maman.png","datePublished":"2025-05-08T06:36:21+00:00","dateModified":"2025-05-08T14:39:01+00:00","description":"Votre maman adore les bons produits, les bonnes tables et Top Chef ? Voici quelques id\u00e9es cadeaux pour les mamans passionn\u00e9es de cuisine !","breadcrumb":{"@id":"https:\/\/marieclaire.be\/fr\/fete-des-meres-cadeaux-maman-foodie\/#breadcrumb"},"inLanguage":"fr-FR","potentialAction":[{"@type":"ReadAction","target":["https:\/\/marieclaire.be\/fr\/fete-des-meres-cadeaux-maman-foodie\/"]}]},{"@type":"ImageObject","inLanguage":"fr-FR","@id":"https:\/\/marieclaire.be\/fr\/fete-des-meres-cadeaux-maman-foodie\/#primaryimage","url":"https:\/\/marieclaire.be\/fr\/wp-content\/uploads\/2023\/05\/cuisine-maman.png","contentUrl":"https:\/\/marieclaire.be\/fr\/wp-content\/uploads\/2023\/05\/cuisine-maman.png","width":1200,"height":628,"caption":"Pexels"},{"@type":"BreadcrumbList","@id":"https:\/\/marieclaire.be\/fr\/fete-des-meres-cadeaux-maman-foodie\/#breadcrumb","itemListElement":[{"@type":"ListItem","position":1,"name":"Accueil","item":"https:\/\/marieclaire.be\/fr\/"},{"@type":"ListItem","position":2,"name":"15 id\u00e9es gourmandes pour g\u00e2ter une maman passionn\u00e9e de cuisine"}]},{"@type":"WebSite","@id":"https:\/\/marieclaire.be\/fr\/#website","url":"https:\/\/marieclaire.be\/fr\/","name":"Marie Claire Belgique","description":"Marie Claire Belgique, le magazine du style et de l\u2019intelligence qui parle de mode, des tendances, de la beaut\u00e9, de l\u2019actualit\u00e9 et de la culture","publisher":{"@id":"https:\/\/marieclaire.be\/fr\/#organization"},"potentialAction":[{"@type":"SearchAction","target":{"@type":"EntryPoint","urlTemplate":"https:\/\/marieclaire.be\/fr\/?s={search_term_string}"},"query-input":{"@type":"PropertyValueSpecification","valueRequired":true,"valueName":"search_term_string"}}],"inLanguage":"fr-FR"},{"@type":"Organization","@id":"https:\/\/marieclaire.be\/fr\/#organization","name":"Marie Claire","url":"https:\/\/marieclaire.be\/fr\/","logo":{"@type":"ImageObject","inLanguage":"fr-FR","@id":"https:\/\/marieclaire.be\/fr\/#\/schema\/logo\/image\/","url":"https:\/\/marieclaire.be\/fr\/wp-content\/uploads\/2018\/05\/mc-logo2.png","contentUrl":"https:\/\/marieclaire.be\/fr\/wp-content\/uploads\/2018\/05\/mc-logo2.png","width":1001,"height":189,"caption":"Marie Claire"},"image":{"@id":"https:\/\/marieclaire.be\/fr\/#\/schema\/logo\/image\/"},"sameAs":["https:\/\/www.facebook.com\/MarieClaire.Belgique\/","https:\/\/www.instagram.com\/marieclaire_belgique\/","https:\/\/fr.pinterest.com\/marieclairebe\/","https:\/\/www.youtube.com\/user\/BelgiumMarieClaire"]},{"@type":"Person","@id":"https:\/\/marieclaire.be\/fr\/#\/schema\/person\/c71bd7a8c3e622513c7531a39292a34e","name":"Malvine Sevrin","image":{"@type":"ImageObject","inLanguage":"fr-FR","@id":"https:\/\/marieclaire.be\/fr\/wp-content\/uploads\/2017\/05\/capture-decran-2024-02-13-a-145920-96x96.png","url":"https:\/\/marieclaire.be\/fr\/wp-content\/uploads\/2017\/05\/capture-decran-2024-02-13-a-145920-96x96.png","contentUrl":"https:\/\/marieclaire.be\/fr\/wp-content\/uploads\/2017\/05\/capture-decran-2024-02-13-a-145920-96x96.png","caption":"Malvine Sevrin"},"description":"Des podiums parisiens aux derni\u00e8res nouveaut\u00e9s skincare qui enflamment TikTok, je d\u00e9crypte les tendances pour Marie Claire Belgique. Passionn\u00e9e de voyage, de mode et de beaut\u00e9, je partage mes coups de coeur d\u00e9nich\u00e9s aux quatre coins du globe. En tant que r\u00e9dactrice en chef digital, j'ai \u00e9galement \u00e0 coeur de mettre en lumi\u00e8re les histoires inspirantes de femmes \u00e0 travers notre site et sur nos r\u00e9seaux sociaux.","sameAs":["https:\/\/www.instagram.com\/malvinesev\/"],"url":"https:\/\/marieclaire.be\/fr\/author\/malvine\/"}]}},"_links":{"self":[{"href":"https:\/\/marieclaire.be\/fr\/wp-json\/wp\/v2\/posts\/70276","targetHints":{"allow":["GET"]}}],"collection":[{"href":"https:\/\/marieclaire.be\/fr\/wp-json\/wp\/v2\/posts"}],"about":[{"href":"https:\/\/marieclaire.be\/fr\/wp-json\/wp\/v2\/types\/post"}],"author":[{"embeddable":true,"href":"https:\/\/marieclaire.be\/fr\/wp-json\/wp\/v2\/users\/30"}],"replies":[{"embeddable":true,"href":"https:\/\/marieclaire.be\/fr\/wp-json\/wp\/v2\/comments?post=70276"}],"version-history":[{"count":13,"href":"https:\/\/marieclaire.be\/fr\/wp-json\/wp\/v2\/posts\/70276\/revisions"}],"predecessor-version":[{"id":126359,"href":"https:\/\/marieclaire.be\/fr\/wp-json\/wp\/v2\/posts\/70276\/revisions\/126359"}],"wp:featuredmedia":[{"embeddable":true,"href":"https:\/\/marieclaire.be\/fr\/wp-json\/wp\/v2\/media\/135389"}],"wp:attachment":[{"href":"https:\/\/marieclaire.be\/fr\/wp-json\/wp\/v2\/media?parent=70276"}],"wp:term":[{"taxonomy":"category","embeddable":true,"href":"https:\/\/marieclaire.be\/fr\/wp-json\/wp\/v2\/categories?post=70276"},{"taxonomy":"post_tag","embeddable":true,"href":"https:\/\/marieclaire.be\/fr\/wp-json\/wp\/v2\/tags?post=70276"}],"curies":[{"name":"wp","href":"https:\/\/api.w.org\/{rel}","templated":true}]}}