{"id":68340,"date":"2019-04-04T17:30:00","date_gmt":"2019-04-04T15:30:00","guid":{"rendered":"https:\/\/marieclaire.be\/fr\/?p=68340"},"modified":"2019-04-05T14:22:41","modified_gmt":"2019-04-05T12:22:41","slug":"osteria-romana-bruxelles-carbonara","status":"publish","type":"post","link":"https:\/\/marieclaire.be\/fr\/osteria-romana-bruxelles-carbonara\/","title":{"rendered":"Bruxelles : l&#8217;Osteria Romana met l&#8217;Italie (et la carbonara) dans nos assiettes"},"content":{"rendered":"","protected":false},"excerpt":{"rendered":"L&#8217;Osteria Romana se cache \u00e0 deux pas de l&#8217;avenue Louise, derri\u00e8re une grande porte noire \u00e0 laquelle on sonne pour entrer. ...","protected":false},"author":19,"featured_media":68386,"comment_status":"closed","ping_status":"closed","sticky":false,"template":"","format":"standard","meta":{"_acf_changed":false,"footnotes":""},"categories":[30,67],"tags":[156,4288,184],"class_list":["post-68340","post","type-post","status-publish","format-standard","has-post-thumbnail","hentry","category-hotspots","category-lifestyle","tag-bruxelles","tag-carbonara","tag-recette"],"acf":[],"_yoast_wpseo_title":null,"_yoast_wpseo_metadesc":null,"image_verticale":null,"yoast_head":"<!-- This site is optimized with the Yoast SEO plugin v27.3 - https:\/\/yoast.com\/product\/yoast-seo-wordpress\/ -->\n<title>Bruxelles : l&#039;Osteria Romana met l&#039;Italie (et la carbonara) dans nos assiettes - Marie Claire Belgique<\/title>\n<meta name=\"robots\" content=\"index, follow, max-snippet:-1, max-image-preview:large, max-video-preview:-1\" \/>\n<link rel=\"canonical\" href=\"https:\/\/marieclaire.be\/fr\/osteria-romana-bruxelles-carbonara\/\" \/>\n<link rel=\"next\" href=\"https:\/\/marieclaire.be\/fr\/osteria-romana-bruxelles-carbonara\/2\/\" \/>\n<meta property=\"og:locale\" content=\"fr_FR\" \/>\n<meta property=\"og:type\" content=\"article\" \/>\n<meta property=\"og:title\" content=\"Bruxelles : l&#039;Osteria Romana met l&#039;Italie (et la carbonara) dans nos assiettes - Marie Claire Belgique\" \/>\n<meta property=\"og:description\" content=\"L&#039;Osteria Romana se cache \u00e0 deux pas de l&#039;avenue Louise, derri\u00e8re une grande porte noire \u00e0 laquelle on sonne pour entrer.\" \/>\n<meta property=\"og:url\" content=\"https:\/\/marieclaire.be\/fr\/osteria-romana-bruxelles-carbonara\/\" \/>\n<meta property=\"og:site_name\" content=\"Marie Claire Belgique\" \/>\n<meta property=\"article:publisher\" content=\"https:\/\/www.facebook.com\/MarieClaire.Belgique\/\" \/>\n<meta property=\"article:published_time\" content=\"2019-04-04T15:30:00+00:00\" \/>\n<meta property=\"article:modified_time\" content=\"2019-04-05T12:22:41+00:00\" \/>\n<meta property=\"og:image\" content=\"https:\/\/marieclaire.be\/fr\/wp-content\/uploads\/2019\/04\/marieclaire_osteria_romana.png\" \/>\n\t<meta property=\"og:image:width\" content=\"1050\" \/>\n\t<meta property=\"og:image:height\" content=\"550\" \/>\n\t<meta property=\"og:image:type\" content=\"image\/png\" \/>\n<meta name=\"author\" content=\"Charlotte Deprez\" \/>\n<meta name=\"twitter:label1\" content=\"\u00c9crit par\" \/>\n\t<meta name=\"twitter:data1\" content=\"Charlotte Deprez\" \/>\n\t<meta name=\"twitter:label2\" content=\"Dur\u00e9e de lecture estim\u00e9e\" \/>\n\t<meta name=\"twitter:data2\" content=\"5 minutes\" \/>\n<script type=\"application\/ld+json\" class=\"yoast-schema-graph\">{\"@context\":\"https:\\\/\\\/schema.org\",\"@graph\":[{\"@type\":\"NewsArticle\",\"@id\":\"https:\\\/\\\/marieclaire.be\\\/fr\\\/osteria-romana-bruxelles-carbonara\\\/#article\",\"isPartOf\":{\"@id\":\"https:\\\/\\\/marieclaire.be\\\/fr\\\/osteria-romana-bruxelles-carbonara\\\/\"},\"author\":{\"name\":\"Charlotte Deprez\",\"@id\":\"https:\\\/\\\/marieclaire.be\\\/fr\\\/#\\\/schema\\\/person\\\/0f2a2faab8a1cdf67c909271eb6dcb39\"},\"headline\":\"Bruxelles : l&#8217;Osteria Romana met l&#8217;Italie (et la carbonara) dans nos assiettes\",\"datePublished\":\"2019-04-04T15:30:00+00:00\",\"dateModified\":\"2019-04-05T12:22:41+00:00\",\"mainEntityOfPage\":{\"@id\":\"https:\\\/\\\/marieclaire.be\\\/fr\\\/osteria-romana-bruxelles-carbonara\\\/\"},\"wordCount\":964,\"publisher\":{\"@id\":\"https:\\\/\\\/marieclaire.be\\\/fr\\\/#organization\"},\"image\":{\"@id\":\"https:\\\/\\\/marieclaire.be\\\/fr\\\/osteria-romana-bruxelles-carbonara\\\/#primaryimage\"},\"thumbnailUrl\":\"https:\\\/\\\/marieclaire.be\\\/fr\\\/wp-content\\\/uploads\\\/2019\\\/04\\\/marieclaire_osteria_romana.png\",\"keywords\":[\"Bruxelles\",\"carbonara\",\"recette\"],\"articleSection\":[\"Hotspots\",\"Lifestyle\"],\"inLanguage\":\"fr-FR\"},{\"@type\":\"WebPage\",\"@id\":\"https:\\\/\\\/marieclaire.be\\\/fr\\\/osteria-romana-bruxelles-carbonara\\\/\",\"url\":\"https:\\\/\\\/marieclaire.be\\\/fr\\\/osteria-romana-bruxelles-carbonara\\\/\",\"name\":\"Bruxelles : l'Osteria Romana met l'Italie (et la carbonara) dans nos assiettes - Marie Claire Belgique\",\"isPartOf\":{\"@id\":\"https:\\\/\\\/marieclaire.be\\\/fr\\\/#website\"},\"primaryImageOfPage\":{\"@id\":\"https:\\\/\\\/marieclaire.be\\\/fr\\\/osteria-romana-bruxelles-carbonara\\\/#primaryimage\"},\"image\":{\"@id\":\"https:\\\/\\\/marieclaire.be\\\/fr\\\/osteria-romana-bruxelles-carbonara\\\/#primaryimage\"},\"thumbnailUrl\":\"https:\\\/\\\/marieclaire.be\\\/fr\\\/wp-content\\\/uploads\\\/2019\\\/04\\\/marieclaire_osteria_romana.png\",\"datePublished\":\"2019-04-04T15:30:00+00:00\",\"dateModified\":\"2019-04-05T12:22:41+00:00\",\"inLanguage\":\"fr-FR\",\"potentialAction\":[{\"@type\":\"ReadAction\",\"target\":[\"https:\\\/\\\/marieclaire.be\\\/fr\\\/osteria-romana-bruxelles-carbonara\\\/\"]}]},{\"@type\":\"ImageObject\",\"inLanguage\":\"fr-FR\",\"@id\":\"https:\\\/\\\/marieclaire.be\\\/fr\\\/osteria-romana-bruxelles-carbonara\\\/#primaryimage\",\"url\":\"https:\\\/\\\/marieclaire.be\\\/fr\\\/wp-content\\\/uploads\\\/2019\\\/04\\\/marieclaire_osteria_romana.png\",\"contentUrl\":\"https:\\\/\\\/marieclaire.be\\\/fr\\\/wp-content\\\/uploads\\\/2019\\\/04\\\/marieclaire_osteria_romana.png\",\"width\":1050,\"height\":550},{\"@type\":\"WebSite\",\"@id\":\"https:\\\/\\\/marieclaire.be\\\/fr\\\/#website\",\"url\":\"https:\\\/\\\/marieclaire.be\\\/fr\\\/\",\"name\":\"Marie Claire Belgique\",\"description\":\"Marie Claire Belgique, le magazine du style et de l\u2019intelligence qui parle de mode, des tendances, de la beaut\u00e9, de l\u2019actualit\u00e9 et de la culture\",\"publisher\":{\"@id\":\"https:\\\/\\\/marieclaire.be\\\/fr\\\/#organization\"},\"potentialAction\":[{\"@type\":\"SearchAction\",\"target\":{\"@type\":\"EntryPoint\",\"urlTemplate\":\"https:\\\/\\\/marieclaire.be\\\/fr\\\/?s={search_term_string}\"},\"query-input\":{\"@type\":\"PropertyValueSpecification\",\"valueRequired\":true,\"valueName\":\"search_term_string\"}}],\"inLanguage\":\"fr-FR\"},{\"@type\":\"Organization\",\"@id\":\"https:\\\/\\\/marieclaire.be\\\/fr\\\/#organization\",\"name\":\"Marie Claire\",\"url\":\"https:\\\/\\\/marieclaire.be\\\/fr\\\/\",\"logo\":{\"@type\":\"ImageObject\",\"inLanguage\":\"fr-FR\",\"@id\":\"https:\\\/\\\/marieclaire.be\\\/fr\\\/#\\\/schema\\\/logo\\\/image\\\/\",\"url\":\"https:\\\/\\\/marieclaire.be\\\/fr\\\/wp-content\\\/uploads\\\/2018\\\/05\\\/mc-logo2.png\",\"contentUrl\":\"https:\\\/\\\/marieclaire.be\\\/fr\\\/wp-content\\\/uploads\\\/2018\\\/05\\\/mc-logo2.png\",\"width\":1001,\"height\":189,\"caption\":\"Marie Claire\"},\"image\":{\"@id\":\"https:\\\/\\\/marieclaire.be\\\/fr\\\/#\\\/schema\\\/logo\\\/image\\\/\"},\"sameAs\":[\"https:\\\/\\\/www.facebook.com\\\/MarieClaire.Belgique\\\/\",\"https:\\\/\\\/www.instagram.com\\\/marieclaire_belgique\\\/\",\"https:\\\/\\\/fr.pinterest.com\\\/marieclairebe\\\/\",\"https:\\\/\\\/www.youtube.com\\\/user\\\/BelgiumMarieClaire\"]},{\"@type\":\"Person\",\"@id\":\"https:\\\/\\\/marieclaire.be\\\/fr\\\/#\\\/schema\\\/person\\\/0f2a2faab8a1cdf67c909271eb6dcb39\",\"name\":\"Charlotte Deprez\",\"image\":{\"@type\":\"ImageObject\",\"inLanguage\":\"fr-FR\",\"@id\":\"https:\\\/\\\/marieclaire.be\\\/fr\\\/wp-content\\\/uploads\\\/2019\\\/09\\\/charlotte_deprez-96x96.jpg\",\"url\":\"https:\\\/\\\/marieclaire.be\\\/fr\\\/wp-content\\\/uploads\\\/2019\\\/09\\\/charlotte_deprez-96x96.jpg\",\"contentUrl\":\"https:\\\/\\\/marieclaire.be\\\/fr\\\/wp-content\\\/uploads\\\/2019\\\/09\\\/charlotte_deprez-96x96.jpg\",\"caption\":\"Charlotte Deprez\"},\"description\":\"Foodie assum\u00e9e, obs\u00e9d\u00e9e par les voyages, la photographie et la tech, toujours \u00e0 l'aff\u00fbt de la derni\u00e8re tendance Instagram qui va r\u00e9volutionner le monde.\",\"sameAs\":[\"http:\\\/\\\/www.thetinynomad.com\",\"https:\\\/\\\/www.instagram.com\\\/thetinynomad\",\"https:\\\/\\\/be.linkedin.com\\\/in\\\/charlottedeprez\",\"https:\\\/\\\/fr.pinterest.com\\\/chadeprez\\\/\",\"https:\\\/\\\/x.com\\\/chadeprez\"],\"url\":\"https:\\\/\\\/marieclaire.be\\\/fr\\\/author\\\/charlotte\\\/\"}]}<\/script>\n<!-- \/ Yoast SEO plugin. -->","yoast_head_json":{"title":"Bruxelles : l'Osteria Romana met l'Italie (et la carbonara) dans nos assiettes - Marie Claire Belgique","robots":{"index":"index","follow":"follow","max-snippet":"max-snippet:-1","max-image-preview":"max-image-preview:large","max-video-preview":"max-video-preview:-1"},"canonical":"https:\/\/marieclaire.be\/fr\/osteria-romana-bruxelles-carbonara\/","next":"https:\/\/marieclaire.be\/fr\/osteria-romana-bruxelles-carbonara\/2\/","og_locale":"fr_FR","og_type":"article","og_title":"Bruxelles : l'Osteria Romana met l'Italie (et la carbonara) dans nos assiettes - Marie Claire Belgique","og_description":"L'Osteria Romana se cache \u00e0 deux pas de l'avenue Louise, derri\u00e8re une grande porte noire \u00e0 laquelle on sonne pour entrer.","og_url":"https:\/\/marieclaire.be\/fr\/osteria-romana-bruxelles-carbonara\/","og_site_name":"Marie Claire Belgique","article_publisher":"https:\/\/www.facebook.com\/MarieClaire.Belgique\/","article_published_time":"2019-04-04T15:30:00+00:00","article_modified_time":"2019-04-05T12:22:41+00:00","og_image":[{"width":1050,"height":550,"url":"https:\/\/marieclaire.be\/fr\/wp-content\/uploads\/2019\/04\/marieclaire_osteria_romana.png","type":"image\/png"}],"author":"Charlotte Deprez","twitter_misc":{"\u00c9crit par":"Charlotte Deprez","Dur\u00e9e de lecture estim\u00e9e":"5 minutes"},"schema":{"@context":"https:\/\/schema.org","@graph":[{"@type":"NewsArticle","@id":"https:\/\/marieclaire.be\/fr\/osteria-romana-bruxelles-carbonara\/#article","isPartOf":{"@id":"https:\/\/marieclaire.be\/fr\/osteria-romana-bruxelles-carbonara\/"},"author":{"name":"Charlotte Deprez","@id":"https:\/\/marieclaire.be\/fr\/#\/schema\/person\/0f2a2faab8a1cdf67c909271eb6dcb39"},"headline":"Bruxelles : l&#8217;Osteria Romana met l&#8217;Italie (et la carbonara) dans nos assiettes","datePublished":"2019-04-04T15:30:00+00:00","dateModified":"2019-04-05T12:22:41+00:00","mainEntityOfPage":{"@id":"https:\/\/marieclaire.be\/fr\/osteria-romana-bruxelles-carbonara\/"},"wordCount":964,"publisher":{"@id":"https:\/\/marieclaire.be\/fr\/#organization"},"image":{"@id":"https:\/\/marieclaire.be\/fr\/osteria-romana-bruxelles-carbonara\/#primaryimage"},"thumbnailUrl":"https:\/\/marieclaire.be\/fr\/wp-content\/uploads\/2019\/04\/marieclaire_osteria_romana.png","keywords":["Bruxelles","carbonara","recette"],"articleSection":["Hotspots","Lifestyle"],"inLanguage":"fr-FR"},{"@type":"WebPage","@id":"https:\/\/marieclaire.be\/fr\/osteria-romana-bruxelles-carbonara\/","url":"https:\/\/marieclaire.be\/fr\/osteria-romana-bruxelles-carbonara\/","name":"Bruxelles : l'Osteria Romana met l'Italie (et la carbonara) dans nos assiettes - Marie Claire Belgique","isPartOf":{"@id":"https:\/\/marieclaire.be\/fr\/#website"},"primaryImageOfPage":{"@id":"https:\/\/marieclaire.be\/fr\/osteria-romana-bruxelles-carbonara\/#primaryimage"},"image":{"@id":"https:\/\/marieclaire.be\/fr\/osteria-romana-bruxelles-carbonara\/#primaryimage"},"thumbnailUrl":"https:\/\/marieclaire.be\/fr\/wp-content\/uploads\/2019\/04\/marieclaire_osteria_romana.png","datePublished":"2019-04-04T15:30:00+00:00","dateModified":"2019-04-05T12:22:41+00:00","inLanguage":"fr-FR","potentialAction":[{"@type":"ReadAction","target":["https:\/\/marieclaire.be\/fr\/osteria-romana-bruxelles-carbonara\/"]}]},{"@type":"ImageObject","inLanguage":"fr-FR","@id":"https:\/\/marieclaire.be\/fr\/osteria-romana-bruxelles-carbonara\/#primaryimage","url":"https:\/\/marieclaire.be\/fr\/wp-content\/uploads\/2019\/04\/marieclaire_osteria_romana.png","contentUrl":"https:\/\/marieclaire.be\/fr\/wp-content\/uploads\/2019\/04\/marieclaire_osteria_romana.png","width":1050,"height":550},{"@type":"WebSite","@id":"https:\/\/marieclaire.be\/fr\/#website","url":"https:\/\/marieclaire.be\/fr\/","name":"Marie Claire Belgique","description":"Marie Claire Belgique, le magazine du style et de l\u2019intelligence qui parle de mode, des tendances, de la beaut\u00e9, de l\u2019actualit\u00e9 et de la culture","publisher":{"@id":"https:\/\/marieclaire.be\/fr\/#organization"},"potentialAction":[{"@type":"SearchAction","target":{"@type":"EntryPoint","urlTemplate":"https:\/\/marieclaire.be\/fr\/?s={search_term_string}"},"query-input":{"@type":"PropertyValueSpecification","valueRequired":true,"valueName":"search_term_string"}}],"inLanguage":"fr-FR"},{"@type":"Organization","@id":"https:\/\/marieclaire.be\/fr\/#organization","name":"Marie Claire","url":"https:\/\/marieclaire.be\/fr\/","logo":{"@type":"ImageObject","inLanguage":"fr-FR","@id":"https:\/\/marieclaire.be\/fr\/#\/schema\/logo\/image\/","url":"https:\/\/marieclaire.be\/fr\/wp-content\/uploads\/2018\/05\/mc-logo2.png","contentUrl":"https:\/\/marieclaire.be\/fr\/wp-content\/uploads\/2018\/05\/mc-logo2.png","width":1001,"height":189,"caption":"Marie Claire"},"image":{"@id":"https:\/\/marieclaire.be\/fr\/#\/schema\/logo\/image\/"},"sameAs":["https:\/\/www.facebook.com\/MarieClaire.Belgique\/","https:\/\/www.instagram.com\/marieclaire_belgique\/","https:\/\/fr.pinterest.com\/marieclairebe\/","https:\/\/www.youtube.com\/user\/BelgiumMarieClaire"]},{"@type":"Person","@id":"https:\/\/marieclaire.be\/fr\/#\/schema\/person\/0f2a2faab8a1cdf67c909271eb6dcb39","name":"Charlotte Deprez","image":{"@type":"ImageObject","inLanguage":"fr-FR","@id":"https:\/\/marieclaire.be\/fr\/wp-content\/uploads\/2019\/09\/charlotte_deprez-96x96.jpg","url":"https:\/\/marieclaire.be\/fr\/wp-content\/uploads\/2019\/09\/charlotte_deprez-96x96.jpg","contentUrl":"https:\/\/marieclaire.be\/fr\/wp-content\/uploads\/2019\/09\/charlotte_deprez-96x96.jpg","caption":"Charlotte Deprez"},"description":"Foodie assum\u00e9e, obs\u00e9d\u00e9e par les voyages, la photographie et la tech, toujours \u00e0 l'aff\u00fbt de la derni\u00e8re tendance Instagram qui va r\u00e9volutionner le monde.","sameAs":["http:\/\/www.thetinynomad.com","https:\/\/www.instagram.com\/thetinynomad","https:\/\/be.linkedin.com\/in\/charlottedeprez","https:\/\/fr.pinterest.com\/chadeprez\/","https:\/\/x.com\/chadeprez"],"url":"https:\/\/marieclaire.be\/fr\/author\/charlotte\/"}]}},"_links":{"self":[{"href":"https:\/\/marieclaire.be\/fr\/wp-json\/wp\/v2\/posts\/68340","targetHints":{"allow":["GET"]}}],"collection":[{"href":"https:\/\/marieclaire.be\/fr\/wp-json\/wp\/v2\/posts"}],"about":[{"href":"https:\/\/marieclaire.be\/fr\/wp-json\/wp\/v2\/types\/post"}],"author":[{"embeddable":true,"href":"https:\/\/marieclaire.be\/fr\/wp-json\/wp\/v2\/users\/19"}],"replies":[{"embeddable":true,"href":"https:\/\/marieclaire.be\/fr\/wp-json\/wp\/v2\/comments?post=68340"}],"version-history":[{"count":0,"href":"https:\/\/marieclaire.be\/fr\/wp-json\/wp\/v2\/posts\/68340\/revisions"}],"wp:featuredmedia":[{"embeddable":true,"href":"https:\/\/marieclaire.be\/fr\/wp-json\/wp\/v2\/media\/68386"}],"wp:attachment":[{"href":"https:\/\/marieclaire.be\/fr\/wp-json\/wp\/v2\/media?parent=68340"}],"wp:term":[{"taxonomy":"category","embeddable":true,"href":"https:\/\/marieclaire.be\/fr\/wp-json\/wp\/v2\/categories?post=68340"},{"taxonomy":"post_tag","embeddable":true,"href":"https:\/\/marieclaire.be\/fr\/wp-json\/wp\/v2\/tags?post=68340"}],"curies":[{"name":"wp","href":"https:\/\/api.w.org\/{rel}","templated":true}]}}