{"id":64895,"date":"2019-02-21T17:55:01","date_gmt":"2019-02-21T16:55:01","guid":{"rendered":"https:\/\/marieclaire.be\/fr\/?p=64895"},"modified":"2019-02-21T17:58:29","modified_gmt":"2019-02-21T16:58:29","slug":"virginie-viard-karl-lagerfeld-chanel","status":"publish","type":"post","link":"https:\/\/marieclaire.be\/fr\/virginie-viard-karl-lagerfeld-chanel\/","title":{"rendered":"Virginie Viard : 5 choses que vous ne saviez pas sur celle qui succ\u00e8de \u00e0 Karl Lagerfeld"},"content":{"rendered":"","protected":false},"excerpt":{"rendered":"Apr\u00e8s la mort subite de Karl Lagerfeld, ce n\u2019\u00e9tait pas seulement un sentiment g\u00e9n\u00e9ral de deuil qui envahissait le monde de la mode, mais \u00e9galement la question de savoir qui allait succ\u00e9der au directeur artistique embl\u00e9matique de la Maison.","protected":false},"author":55,"featured_media":64960,"comment_status":"closed","ping_status":"closed","sticky":false,"template":"","format":"standard","meta":{"_acf_changed":false,"footnotes":""},"categories":[23,6],"tags":[778,1458,122],"class_list":["post-64895","post","type-post","status-publish","format-standard","has-post-thumbnail","hentry","category-designers","category-mode","tag-chanel","tag-designer","tag-mode"],"acf":[],"_yoast_wpseo_title":null,"_yoast_wpseo_metadesc":"Chanel a confirm\u00e9 que ce serait \u00e0 Virginie Viard de succ\u00e9der au l\u00e9gendaire designer. Mais qui est-elle vraiment ?","image_verticale":null,"yoast_head":"<!-- This site is optimized with the Yoast SEO plugin v27.3 - https:\/\/yoast.com\/product\/yoast-seo-wordpress\/ -->\n<title>Virginie Viard : 5 choses que vous ne saviez pas sur celle qui succ\u00e8de \u00e0 Karl Lagerfeld - Marie Claire Belgique<\/title>\n<meta name=\"description\" content=\"Chanel a confirm\u00e9 que ce serait \u00e0 Virginie Viard de succ\u00e9der au l\u00e9gendaire designer. Mais qui est-elle vraiment ?\" \/>\n<meta name=\"robots\" content=\"index, follow, max-snippet:-1, max-image-preview:large, max-video-preview:-1\" \/>\n<link rel=\"canonical\" href=\"https:\/\/marieclaire.be\/fr\/virginie-viard-karl-lagerfeld-chanel\/\" \/>\n<link rel=\"next\" href=\"https:\/\/marieclaire.be\/fr\/virginie-viard-karl-lagerfeld-chanel\/2\/\" \/>\n<meta property=\"og:locale\" content=\"fr_FR\" \/>\n<meta property=\"og:type\" content=\"article\" \/>\n<meta property=\"og:title\" content=\"Virginie Viard : 5 choses que vous ne saviez pas sur celle qui succ\u00e8de \u00e0 Karl Lagerfeld - Marie Claire Belgique\" \/>\n<meta property=\"og:description\" content=\"Chanel a confirm\u00e9 que ce serait \u00e0 Virginie Viard de succ\u00e9der au l\u00e9gendaire designer. Mais qui est-elle vraiment ?\" \/>\n<meta property=\"og:url\" content=\"https:\/\/marieclaire.be\/fr\/virginie-viard-karl-lagerfeld-chanel\/\" \/>\n<meta property=\"og:site_name\" content=\"Marie Claire Belgique\" \/>\n<meta property=\"article:publisher\" content=\"https:\/\/www.facebook.com\/MarieClaire.Belgique\/\" \/>\n<meta property=\"article:published_time\" content=\"2019-02-21T16:55:01+00:00\" \/>\n<meta property=\"article:modified_time\" content=\"2019-02-21T16:58:29+00:00\" \/>\n<meta property=\"og:image\" content=\"https:\/\/marieclaire.be\/fr\/wp-content\/uploads\/2019\/02\/virginie_viard_karl_lagerfeld_chanel_marieclaire.jpg\" \/>\n\t<meta property=\"og:image:width\" content=\"1050\" \/>\n\t<meta property=\"og:image:height\" content=\"550\" \/>\n\t<meta property=\"og:image:type\" content=\"image\/jpeg\" \/>\n<meta name=\"author\" content=\"Elo\u00efse Pirard\" \/>\n<meta name=\"twitter:label1\" content=\"\u00c9crit par\" \/>\n\t<meta name=\"twitter:data1\" content=\"Elo\u00efse Pirard\" \/>\n\t<meta name=\"twitter:label2\" content=\"Dur\u00e9e de lecture estim\u00e9e\" \/>\n\t<meta name=\"twitter:data2\" content=\"4 minutes\" \/>\n<script type=\"application\/ld+json\" class=\"yoast-schema-graph\">{\"@context\":\"https:\\\/\\\/schema.org\",\"@graph\":[{\"@type\":\"NewsArticle\",\"@id\":\"https:\\\/\\\/marieclaire.be\\\/fr\\\/virginie-viard-karl-lagerfeld-chanel\\\/#article\",\"isPartOf\":{\"@id\":\"https:\\\/\\\/marieclaire.be\\\/fr\\\/virginie-viard-karl-lagerfeld-chanel\\\/\"},\"author\":{\"name\":\"Elo\u00efse Pirard\",\"@id\":\"https:\\\/\\\/marieclaire.be\\\/fr\\\/#\\\/schema\\\/person\\\/9831643c6e34e4192508c7e80d01b78b\"},\"headline\":\"Virginie Viard : 5 choses que vous ne saviez pas sur celle qui succ\u00e8de \u00e0 Karl Lagerfeld\",\"datePublished\":\"2019-02-21T16:55:01+00:00\",\"dateModified\":\"2019-02-21T16:58:29+00:00\",\"mainEntityOfPage\":{\"@id\":\"https:\\\/\\\/marieclaire.be\\\/fr\\\/virginie-viard-karl-lagerfeld-chanel\\\/\"},\"wordCount\":913,\"publisher\":{\"@id\":\"https:\\\/\\\/marieclaire.be\\\/fr\\\/#organization\"},\"image\":{\"@id\":\"https:\\\/\\\/marieclaire.be\\\/fr\\\/virginie-viard-karl-lagerfeld-chanel\\\/#primaryimage\"},\"thumbnailUrl\":\"https:\\\/\\\/marieclaire.be\\\/fr\\\/wp-content\\\/uploads\\\/2019\\\/02\\\/virginie_viard_karl_lagerfeld_chanel_marieclaire.jpg\",\"keywords\":[\"chanel\",\"designer\",\"mode\"],\"articleSection\":[\"Designers\",\"Mode\"],\"inLanguage\":\"fr-FR\"},{\"@type\":\"WebPage\",\"@id\":\"https:\\\/\\\/marieclaire.be\\\/fr\\\/virginie-viard-karl-lagerfeld-chanel\\\/\",\"url\":\"https:\\\/\\\/marieclaire.be\\\/fr\\\/virginie-viard-karl-lagerfeld-chanel\\\/\",\"name\":\"Virginie Viard : 5 choses que vous ne saviez pas sur celle qui succ\u00e8de \u00e0 Karl Lagerfeld - Marie Claire Belgique\",\"isPartOf\":{\"@id\":\"https:\\\/\\\/marieclaire.be\\\/fr\\\/#website\"},\"primaryImageOfPage\":{\"@id\":\"https:\\\/\\\/marieclaire.be\\\/fr\\\/virginie-viard-karl-lagerfeld-chanel\\\/#primaryimage\"},\"image\":{\"@id\":\"https:\\\/\\\/marieclaire.be\\\/fr\\\/virginie-viard-karl-lagerfeld-chanel\\\/#primaryimage\"},\"thumbnailUrl\":\"https:\\\/\\\/marieclaire.be\\\/fr\\\/wp-content\\\/uploads\\\/2019\\\/02\\\/virginie_viard_karl_lagerfeld_chanel_marieclaire.jpg\",\"datePublished\":\"2019-02-21T16:55:01+00:00\",\"dateModified\":\"2019-02-21T16:58:29+00:00\",\"description\":\"Chanel a confirm\u00e9 que ce serait \u00e0 Virginie Viard de succ\u00e9der au l\u00e9gendaire designer. Mais qui est-elle vraiment ?\",\"inLanguage\":\"fr-FR\",\"potentialAction\":[{\"@type\":\"ReadAction\",\"target\":[\"https:\\\/\\\/marieclaire.be\\\/fr\\\/virginie-viard-karl-lagerfeld-chanel\\\/\"]}]},{\"@type\":\"ImageObject\",\"inLanguage\":\"fr-FR\",\"@id\":\"https:\\\/\\\/marieclaire.be\\\/fr\\\/virginie-viard-karl-lagerfeld-chanel\\\/#primaryimage\",\"url\":\"https:\\\/\\\/marieclaire.be\\\/fr\\\/wp-content\\\/uploads\\\/2019\\\/02\\\/virginie_viard_karl_lagerfeld_chanel_marieclaire.jpg\",\"contentUrl\":\"https:\\\/\\\/marieclaire.be\\\/fr\\\/wp-content\\\/uploads\\\/2019\\\/02\\\/virginie_viard_karl_lagerfeld_chanel_marieclaire.jpg\",\"width\":1050,\"height\":550,\"caption\":\"Getty Images\"},{\"@type\":\"WebSite\",\"@id\":\"https:\\\/\\\/marieclaire.be\\\/fr\\\/#website\",\"url\":\"https:\\\/\\\/marieclaire.be\\\/fr\\\/\",\"name\":\"Marie Claire Belgique\",\"description\":\"Marie Claire Belgique, le magazine du style et de l\u2019intelligence qui parle de mode, des tendances, de la beaut\u00e9, de l\u2019actualit\u00e9 et de la culture\",\"publisher\":{\"@id\":\"https:\\\/\\\/marieclaire.be\\\/fr\\\/#organization\"},\"potentialAction\":[{\"@type\":\"SearchAction\",\"target\":{\"@type\":\"EntryPoint\",\"urlTemplate\":\"https:\\\/\\\/marieclaire.be\\\/fr\\\/?s={search_term_string}\"},\"query-input\":{\"@type\":\"PropertyValueSpecification\",\"valueRequired\":true,\"valueName\":\"search_term_string\"}}],\"inLanguage\":\"fr-FR\"},{\"@type\":\"Organization\",\"@id\":\"https:\\\/\\\/marieclaire.be\\\/fr\\\/#organization\",\"name\":\"Marie Claire\",\"url\":\"https:\\\/\\\/marieclaire.be\\\/fr\\\/\",\"logo\":{\"@type\":\"ImageObject\",\"inLanguage\":\"fr-FR\",\"@id\":\"https:\\\/\\\/marieclaire.be\\\/fr\\\/#\\\/schema\\\/logo\\\/image\\\/\",\"url\":\"https:\\\/\\\/marieclaire.be\\\/fr\\\/wp-content\\\/uploads\\\/2018\\\/05\\\/mc-logo2.png\",\"contentUrl\":\"https:\\\/\\\/marieclaire.be\\\/fr\\\/wp-content\\\/uploads\\\/2018\\\/05\\\/mc-logo2.png\",\"width\":1001,\"height\":189,\"caption\":\"Marie Claire\"},\"image\":{\"@id\":\"https:\\\/\\\/marieclaire.be\\\/fr\\\/#\\\/schema\\\/logo\\\/image\\\/\"},\"sameAs\":[\"https:\\\/\\\/www.facebook.com\\\/MarieClaire.Belgique\\\/\",\"https:\\\/\\\/www.instagram.com\\\/marieclaire_belgique\\\/\",\"https:\\\/\\\/fr.pinterest.com\\\/marieclairebe\\\/\",\"https:\\\/\\\/www.youtube.com\\\/user\\\/BelgiumMarieClaire\"]},{\"@type\":\"Person\",\"@id\":\"https:\\\/\\\/marieclaire.be\\\/fr\\\/#\\\/schema\\\/person\\\/9831643c6e34e4192508c7e80d01b78b\",\"name\":\"Elo\u00efse Pirard\",\"image\":{\"@type\":\"ImageObject\",\"inLanguage\":\"fr-FR\",\"@id\":\"https:\\\/\\\/marieclaire.be\\\/fr\\\/wp-content\\\/uploads\\\/2018\\\/10\\\/eloise-96x96.jpg\",\"url\":\"https:\\\/\\\/marieclaire.be\\\/fr\\\/wp-content\\\/uploads\\\/2018\\\/10\\\/eloise-96x96.jpg\",\"contentUrl\":\"https:\\\/\\\/marieclaire.be\\\/fr\\\/wp-content\\\/uploads\\\/2018\\\/10\\\/eloise-96x96.jpg\",\"caption\":\"Elo\u00efse Pirard\"},\"description\":\"Kid des ann\u00e9es 90 compl\u00e8tement addict \u00e0 l'art et aux voyages. Mal \u00e0 l'aise en pr\u00e9sence des chats et des personnes qui les adorent.\",\"url\":\"https:\\\/\\\/marieclaire.be\\\/fr\\\/author\\\/eloise\\\/\"}]}<\/script>\n<!-- \/ Yoast SEO plugin. -->","yoast_head_json":{"title":"Virginie Viard : 5 choses que vous ne saviez pas sur celle qui succ\u00e8de \u00e0 Karl Lagerfeld - Marie Claire Belgique","description":"Chanel a confirm\u00e9 que ce serait \u00e0 Virginie Viard de succ\u00e9der au l\u00e9gendaire designer. Mais qui est-elle vraiment ?","robots":{"index":"index","follow":"follow","max-snippet":"max-snippet:-1","max-image-preview":"max-image-preview:large","max-video-preview":"max-video-preview:-1"},"canonical":"https:\/\/marieclaire.be\/fr\/virginie-viard-karl-lagerfeld-chanel\/","next":"https:\/\/marieclaire.be\/fr\/virginie-viard-karl-lagerfeld-chanel\/2\/","og_locale":"fr_FR","og_type":"article","og_title":"Virginie Viard : 5 choses que vous ne saviez pas sur celle qui succ\u00e8de \u00e0 Karl Lagerfeld - Marie Claire Belgique","og_description":"Chanel a confirm\u00e9 que ce serait \u00e0 Virginie Viard de succ\u00e9der au l\u00e9gendaire designer. Mais qui est-elle vraiment ?","og_url":"https:\/\/marieclaire.be\/fr\/virginie-viard-karl-lagerfeld-chanel\/","og_site_name":"Marie Claire Belgique","article_publisher":"https:\/\/www.facebook.com\/MarieClaire.Belgique\/","article_published_time":"2019-02-21T16:55:01+00:00","article_modified_time":"2019-02-21T16:58:29+00:00","og_image":[{"width":1050,"height":550,"url":"https:\/\/marieclaire.be\/fr\/wp-content\/uploads\/2019\/02\/virginie_viard_karl_lagerfeld_chanel_marieclaire.jpg","type":"image\/jpeg"}],"author":"Elo\u00efse Pirard","twitter_misc":{"\u00c9crit par":"Elo\u00efse Pirard","Dur\u00e9e de lecture estim\u00e9e":"4 minutes"},"schema":{"@context":"https:\/\/schema.org","@graph":[{"@type":"NewsArticle","@id":"https:\/\/marieclaire.be\/fr\/virginie-viard-karl-lagerfeld-chanel\/#article","isPartOf":{"@id":"https:\/\/marieclaire.be\/fr\/virginie-viard-karl-lagerfeld-chanel\/"},"author":{"name":"Elo\u00efse Pirard","@id":"https:\/\/marieclaire.be\/fr\/#\/schema\/person\/9831643c6e34e4192508c7e80d01b78b"},"headline":"Virginie Viard : 5 choses que vous ne saviez pas sur celle qui succ\u00e8de \u00e0 Karl Lagerfeld","datePublished":"2019-02-21T16:55:01+00:00","dateModified":"2019-02-21T16:58:29+00:00","mainEntityOfPage":{"@id":"https:\/\/marieclaire.be\/fr\/virginie-viard-karl-lagerfeld-chanel\/"},"wordCount":913,"publisher":{"@id":"https:\/\/marieclaire.be\/fr\/#organization"},"image":{"@id":"https:\/\/marieclaire.be\/fr\/virginie-viard-karl-lagerfeld-chanel\/#primaryimage"},"thumbnailUrl":"https:\/\/marieclaire.be\/fr\/wp-content\/uploads\/2019\/02\/virginie_viard_karl_lagerfeld_chanel_marieclaire.jpg","keywords":["chanel","designer","mode"],"articleSection":["Designers","Mode"],"inLanguage":"fr-FR"},{"@type":"WebPage","@id":"https:\/\/marieclaire.be\/fr\/virginie-viard-karl-lagerfeld-chanel\/","url":"https:\/\/marieclaire.be\/fr\/virginie-viard-karl-lagerfeld-chanel\/","name":"Virginie Viard : 5 choses que vous ne saviez pas sur celle qui succ\u00e8de \u00e0 Karl Lagerfeld - Marie Claire Belgique","isPartOf":{"@id":"https:\/\/marieclaire.be\/fr\/#website"},"primaryImageOfPage":{"@id":"https:\/\/marieclaire.be\/fr\/virginie-viard-karl-lagerfeld-chanel\/#primaryimage"},"image":{"@id":"https:\/\/marieclaire.be\/fr\/virginie-viard-karl-lagerfeld-chanel\/#primaryimage"},"thumbnailUrl":"https:\/\/marieclaire.be\/fr\/wp-content\/uploads\/2019\/02\/virginie_viard_karl_lagerfeld_chanel_marieclaire.jpg","datePublished":"2019-02-21T16:55:01+00:00","dateModified":"2019-02-21T16:58:29+00:00","description":"Chanel a confirm\u00e9 que ce serait \u00e0 Virginie Viard de succ\u00e9der au l\u00e9gendaire designer. Mais qui est-elle vraiment ?","inLanguage":"fr-FR","potentialAction":[{"@type":"ReadAction","target":["https:\/\/marieclaire.be\/fr\/virginie-viard-karl-lagerfeld-chanel\/"]}]},{"@type":"ImageObject","inLanguage":"fr-FR","@id":"https:\/\/marieclaire.be\/fr\/virginie-viard-karl-lagerfeld-chanel\/#primaryimage","url":"https:\/\/marieclaire.be\/fr\/wp-content\/uploads\/2019\/02\/virginie_viard_karl_lagerfeld_chanel_marieclaire.jpg","contentUrl":"https:\/\/marieclaire.be\/fr\/wp-content\/uploads\/2019\/02\/virginie_viard_karl_lagerfeld_chanel_marieclaire.jpg","width":1050,"height":550,"caption":"Getty Images"},{"@type":"WebSite","@id":"https:\/\/marieclaire.be\/fr\/#website","url":"https:\/\/marieclaire.be\/fr\/","name":"Marie Claire Belgique","description":"Marie Claire Belgique, le magazine du style et de l\u2019intelligence qui parle de mode, des tendances, de la beaut\u00e9, de l\u2019actualit\u00e9 et de la culture","publisher":{"@id":"https:\/\/marieclaire.be\/fr\/#organization"},"potentialAction":[{"@type":"SearchAction","target":{"@type":"EntryPoint","urlTemplate":"https:\/\/marieclaire.be\/fr\/?s={search_term_string}"},"query-input":{"@type":"PropertyValueSpecification","valueRequired":true,"valueName":"search_term_string"}}],"inLanguage":"fr-FR"},{"@type":"Organization","@id":"https:\/\/marieclaire.be\/fr\/#organization","name":"Marie Claire","url":"https:\/\/marieclaire.be\/fr\/","logo":{"@type":"ImageObject","inLanguage":"fr-FR","@id":"https:\/\/marieclaire.be\/fr\/#\/schema\/logo\/image\/","url":"https:\/\/marieclaire.be\/fr\/wp-content\/uploads\/2018\/05\/mc-logo2.png","contentUrl":"https:\/\/marieclaire.be\/fr\/wp-content\/uploads\/2018\/05\/mc-logo2.png","width":1001,"height":189,"caption":"Marie Claire"},"image":{"@id":"https:\/\/marieclaire.be\/fr\/#\/schema\/logo\/image\/"},"sameAs":["https:\/\/www.facebook.com\/MarieClaire.Belgique\/","https:\/\/www.instagram.com\/marieclaire_belgique\/","https:\/\/fr.pinterest.com\/marieclairebe\/","https:\/\/www.youtube.com\/user\/BelgiumMarieClaire"]},{"@type":"Person","@id":"https:\/\/marieclaire.be\/fr\/#\/schema\/person\/9831643c6e34e4192508c7e80d01b78b","name":"Elo\u00efse Pirard","image":{"@type":"ImageObject","inLanguage":"fr-FR","@id":"https:\/\/marieclaire.be\/fr\/wp-content\/uploads\/2018\/10\/eloise-96x96.jpg","url":"https:\/\/marieclaire.be\/fr\/wp-content\/uploads\/2018\/10\/eloise-96x96.jpg","contentUrl":"https:\/\/marieclaire.be\/fr\/wp-content\/uploads\/2018\/10\/eloise-96x96.jpg","caption":"Elo\u00efse Pirard"},"description":"Kid des ann\u00e9es 90 compl\u00e8tement addict \u00e0 l'art et aux voyages. Mal \u00e0 l'aise en pr\u00e9sence des chats et des personnes qui les adorent.","url":"https:\/\/marieclaire.be\/fr\/author\/eloise\/"}]}},"_links":{"self":[{"href":"https:\/\/marieclaire.be\/fr\/wp-json\/wp\/v2\/posts\/64895","targetHints":{"allow":["GET"]}}],"collection":[{"href":"https:\/\/marieclaire.be\/fr\/wp-json\/wp\/v2\/posts"}],"about":[{"href":"https:\/\/marieclaire.be\/fr\/wp-json\/wp\/v2\/types\/post"}],"author":[{"embeddable":true,"href":"https:\/\/marieclaire.be\/fr\/wp-json\/wp\/v2\/users\/55"}],"replies":[{"embeddable":true,"href":"https:\/\/marieclaire.be\/fr\/wp-json\/wp\/v2\/comments?post=64895"}],"version-history":[{"count":0,"href":"https:\/\/marieclaire.be\/fr\/wp-json\/wp\/v2\/posts\/64895\/revisions"}],"wp:featuredmedia":[{"embeddable":true,"href":"https:\/\/marieclaire.be\/fr\/wp-json\/wp\/v2\/media\/64960"}],"wp:attachment":[{"href":"https:\/\/marieclaire.be\/fr\/wp-json\/wp\/v2\/media?parent=64895"}],"wp:term":[{"taxonomy":"category","embeddable":true,"href":"https:\/\/marieclaire.be\/fr\/wp-json\/wp\/v2\/categories?post=64895"},{"taxonomy":"post_tag","embeddable":true,"href":"https:\/\/marieclaire.be\/fr\/wp-json\/wp\/v2\/tags?post=64895"}],"curies":[{"name":"wp","href":"https:\/\/api.w.org\/{rel}","templated":true}]}}