{"id":64069,"date":"2019-02-07T17:10:51","date_gmt":"2019-02-07T16:10:51","guid":{"rendered":"https:\/\/marieclaire.be\/fr\/?p=64069"},"modified":"2019-02-07T17:10:51","modified_gmt":"2019-02-07T16:10:51","slug":"reebok-x-gigi-hadid","status":"publish","type":"post","link":"https:\/\/marieclaire.be\/fr\/reebok-x-gigi-hadid\/","title":{"rendered":"Reebok X Gigi Hadid : la collab sportive nineties qui claque !"},"content":{"rendered":"","protected":false},"excerpt":{"rendered":"Quand le top model addict au sport, Gigi Hadid, lance une collab avec l&#8217;un des piliers de l&#8217;industrie sportswear, Reebok,\u00a0\u00e7a donne une collection capsule digne d\u2019un catwalk\u00a0!\nEn plus d\u2019\u00eatre d\u00e9mocratique, hyper tendance et confortable, la ligne Gigi Hadid et Reebok nous fait voyager dans le temps destination les ann\u00e9es 90\u00a0! On craque\u00a0!\nLa collab\n[caption id=\"attachment_64098\" align=\"alignnone\" width=\"400\"] presse[\/caption]\nFinalement, cette collab n\u2019a rien d\u2019\u00e9tonnant quand on conna\u00eet l\u2019addiction de l\u2019Ange Victoria Secret au sport.","protected":false},"author":55,"featured_media":64102,"comment_status":"closed","ping_status":"closed","sticky":false,"template":"","format":"standard","meta":{"_acf_changed":false,"footnotes":""},"categories":[6,24],"tags":[948,122,288,115,351],"class_list":["post-64069","post","type-post","status-publish","format-standard","has-post-thumbnail","hentry","category-mode","category-tendances","tag-gigi-hadid","tag-mode","tag-reebok","tag-sport","tag-tendance"],"acf":[],"_yoast_wpseo_title":null,"_yoast_wpseo_metadesc":"En plus d\u2019\u00eatre d\u00e9mocratique, tendance et confortable, la ligne Gigi Hadid X Reebok nous fait voyager dans les ann\u00e9es 90\u00a0! On craque\u00a0!","image_verticale":null,"yoast_head":"<!-- This site is optimized with the Yoast SEO plugin v27.3 - https:\/\/yoast.com\/product\/yoast-seo-wordpress\/ -->\n<title>Reebok X Gigi Hadid : la collab sportive nineties qui claque ! - Marie Claire Belgique<\/title>\n<meta name=\"description\" content=\"En plus d\u2019\u00eatre d\u00e9mocratique, tendance et confortable, la ligne Gigi Hadid X Reebok nous fait voyager dans les ann\u00e9es 90\u00a0! On craque\u00a0!\" \/>\n<meta name=\"robots\" content=\"index, follow, max-snippet:-1, max-image-preview:large, max-video-preview:-1\" \/>\n<link rel=\"canonical\" href=\"https:\/\/marieclaire.be\/fr\/reebok-x-gigi-hadid\/\" \/>\n<link rel=\"next\" href=\"https:\/\/marieclaire.be\/fr\/reebok-x-gigi-hadid\/2\/\" \/>\n<meta property=\"og:locale\" content=\"fr_FR\" \/>\n<meta property=\"og:type\" content=\"article\" \/>\n<meta property=\"og:title\" content=\"Reebok X Gigi Hadid : la collab sportive nineties qui claque ! - Marie Claire Belgique\" \/>\n<meta property=\"og:description\" content=\"En plus d\u2019\u00eatre d\u00e9mocratique, tendance et confortable, la ligne Gigi Hadid X Reebok nous fait voyager dans les ann\u00e9es 90\u00a0! On craque\u00a0!\" \/>\n<meta property=\"og:url\" content=\"https:\/\/marieclaire.be\/fr\/reebok-x-gigi-hadid\/\" \/>\n<meta property=\"og:site_name\" content=\"Marie Claire Belgique\" \/>\n<meta property=\"article:publisher\" content=\"https:\/\/www.facebook.com\/MarieClaire.Belgique\/\" \/>\n<meta property=\"article:published_time\" content=\"2019-02-07T16:10:51+00:00\" \/>\n<meta property=\"og:image\" content=\"https:\/\/marieclaire.be\/fr\/wp-content\/uploads\/2019\/02\/marieclaire_gigihadid_reeebok_cover.jpg\" \/>\n\t<meta property=\"og:image:width\" content=\"1050\" \/>\n\t<meta property=\"og:image:height\" content=\"550\" \/>\n\t<meta property=\"og:image:type\" content=\"image\/jpeg\" \/>\n<meta name=\"author\" content=\"Elo\u00efse Pirard\" \/>\n<meta name=\"twitter:label1\" content=\"\u00c9crit par\" \/>\n\t<meta name=\"twitter:data1\" content=\"Elo\u00efse Pirard\" \/>\n\t<meta name=\"twitter:label2\" content=\"Dur\u00e9e de lecture estim\u00e9e\" \/>\n\t<meta name=\"twitter:data2\" content=\"2 minutes\" \/>\n<script type=\"application\/ld+json\" class=\"yoast-schema-graph\">{\"@context\":\"https:\\\/\\\/schema.org\",\"@graph\":[{\"@type\":\"NewsArticle\",\"@id\":\"https:\\\/\\\/marieclaire.be\\\/fr\\\/reebok-x-gigi-hadid\\\/#article\",\"isPartOf\":{\"@id\":\"https:\\\/\\\/marieclaire.be\\\/fr\\\/reebok-x-gigi-hadid\\\/\"},\"author\":{\"name\":\"Elo\u00efse Pirard\",\"@id\":\"https:\\\/\\\/marieclaire.be\\\/fr\\\/#\\\/schema\\\/person\\\/9831643c6e34e4192508c7e80d01b78b\"},\"headline\":\"Reebok X Gigi Hadid : la collab sportive nineties qui claque !\",\"datePublished\":\"2019-02-07T16:10:51+00:00\",\"mainEntityOfPage\":{\"@id\":\"https:\\\/\\\/marieclaire.be\\\/fr\\\/reebok-x-gigi-hadid\\\/\"},\"wordCount\":435,\"publisher\":{\"@id\":\"https:\\\/\\\/marieclaire.be\\\/fr\\\/#organization\"},\"image\":{\"@id\":\"https:\\\/\\\/marieclaire.be\\\/fr\\\/reebok-x-gigi-hadid\\\/#primaryimage\"},\"thumbnailUrl\":\"https:\\\/\\\/marieclaire.be\\\/fr\\\/wp-content\\\/uploads\\\/2019\\\/02\\\/marieclaire_gigihadid_reeebok_cover.jpg\",\"keywords\":[\"gigi hadid\",\"mode\",\"Reebok\",\"sport\",\"tendance\"],\"articleSection\":[\"Mode\",\"Tendances\"],\"inLanguage\":\"fr-FR\"},{\"@type\":\"WebPage\",\"@id\":\"https:\\\/\\\/marieclaire.be\\\/fr\\\/reebok-x-gigi-hadid\\\/\",\"url\":\"https:\\\/\\\/marieclaire.be\\\/fr\\\/reebok-x-gigi-hadid\\\/\",\"name\":\"Reebok X Gigi Hadid : la collab sportive nineties qui claque ! - Marie Claire Belgique\",\"isPartOf\":{\"@id\":\"https:\\\/\\\/marieclaire.be\\\/fr\\\/#website\"},\"primaryImageOfPage\":{\"@id\":\"https:\\\/\\\/marieclaire.be\\\/fr\\\/reebok-x-gigi-hadid\\\/#primaryimage\"},\"image\":{\"@id\":\"https:\\\/\\\/marieclaire.be\\\/fr\\\/reebok-x-gigi-hadid\\\/#primaryimage\"},\"thumbnailUrl\":\"https:\\\/\\\/marieclaire.be\\\/fr\\\/wp-content\\\/uploads\\\/2019\\\/02\\\/marieclaire_gigihadid_reeebok_cover.jpg\",\"datePublished\":\"2019-02-07T16:10:51+00:00\",\"description\":\"En plus d\u2019\u00eatre d\u00e9mocratique, tendance et confortable, la ligne Gigi Hadid X Reebok nous fait voyager dans les ann\u00e9es 90\u00a0! On craque\u00a0!\",\"inLanguage\":\"fr-FR\",\"potentialAction\":[{\"@type\":\"ReadAction\",\"target\":[\"https:\\\/\\\/marieclaire.be\\\/fr\\\/reebok-x-gigi-hadid\\\/\"]}]},{\"@type\":\"ImageObject\",\"inLanguage\":\"fr-FR\",\"@id\":\"https:\\\/\\\/marieclaire.be\\\/fr\\\/reebok-x-gigi-hadid\\\/#primaryimage\",\"url\":\"https:\\\/\\\/marieclaire.be\\\/fr\\\/wp-content\\\/uploads\\\/2019\\\/02\\\/marieclaire_gigihadid_reeebok_cover.jpg\",\"contentUrl\":\"https:\\\/\\\/marieclaire.be\\\/fr\\\/wp-content\\\/uploads\\\/2019\\\/02\\\/marieclaire_gigihadid_reeebok_cover.jpg\",\"width\":1050,\"height\":550,\"caption\":\"presse\"},{\"@type\":\"WebSite\",\"@id\":\"https:\\\/\\\/marieclaire.be\\\/fr\\\/#website\",\"url\":\"https:\\\/\\\/marieclaire.be\\\/fr\\\/\",\"name\":\"Marie Claire Belgique\",\"description\":\"Marie Claire Belgique, le magazine du style et de l\u2019intelligence qui parle de mode, des tendances, de la beaut\u00e9, de l\u2019actualit\u00e9 et de la culture\",\"publisher\":{\"@id\":\"https:\\\/\\\/marieclaire.be\\\/fr\\\/#organization\"},\"potentialAction\":[{\"@type\":\"SearchAction\",\"target\":{\"@type\":\"EntryPoint\",\"urlTemplate\":\"https:\\\/\\\/marieclaire.be\\\/fr\\\/?s={search_term_string}\"},\"query-input\":{\"@type\":\"PropertyValueSpecification\",\"valueRequired\":true,\"valueName\":\"search_term_string\"}}],\"inLanguage\":\"fr-FR\"},{\"@type\":\"Organization\",\"@id\":\"https:\\\/\\\/marieclaire.be\\\/fr\\\/#organization\",\"name\":\"Marie Claire\",\"url\":\"https:\\\/\\\/marieclaire.be\\\/fr\\\/\",\"logo\":{\"@type\":\"ImageObject\",\"inLanguage\":\"fr-FR\",\"@id\":\"https:\\\/\\\/marieclaire.be\\\/fr\\\/#\\\/schema\\\/logo\\\/image\\\/\",\"url\":\"https:\\\/\\\/marieclaire.be\\\/fr\\\/wp-content\\\/uploads\\\/2018\\\/05\\\/mc-logo2.png\",\"contentUrl\":\"https:\\\/\\\/marieclaire.be\\\/fr\\\/wp-content\\\/uploads\\\/2018\\\/05\\\/mc-logo2.png\",\"width\":1001,\"height\":189,\"caption\":\"Marie Claire\"},\"image\":{\"@id\":\"https:\\\/\\\/marieclaire.be\\\/fr\\\/#\\\/schema\\\/logo\\\/image\\\/\"},\"sameAs\":[\"https:\\\/\\\/www.facebook.com\\\/MarieClaire.Belgique\\\/\",\"https:\\\/\\\/www.instagram.com\\\/marieclaire_belgique\\\/\",\"https:\\\/\\\/fr.pinterest.com\\\/marieclairebe\\\/\",\"https:\\\/\\\/www.youtube.com\\\/user\\\/BelgiumMarieClaire\"]},{\"@type\":\"Person\",\"@id\":\"https:\\\/\\\/marieclaire.be\\\/fr\\\/#\\\/schema\\\/person\\\/9831643c6e34e4192508c7e80d01b78b\",\"name\":\"Elo\u00efse Pirard\",\"image\":{\"@type\":\"ImageObject\",\"inLanguage\":\"fr-FR\",\"@id\":\"https:\\\/\\\/marieclaire.be\\\/fr\\\/wp-content\\\/uploads\\\/2018\\\/10\\\/eloise-96x96.jpg\",\"url\":\"https:\\\/\\\/marieclaire.be\\\/fr\\\/wp-content\\\/uploads\\\/2018\\\/10\\\/eloise-96x96.jpg\",\"contentUrl\":\"https:\\\/\\\/marieclaire.be\\\/fr\\\/wp-content\\\/uploads\\\/2018\\\/10\\\/eloise-96x96.jpg\",\"caption\":\"Elo\u00efse Pirard\"},\"description\":\"Kid des ann\u00e9es 90 compl\u00e8tement addict \u00e0 l'art et aux voyages. Mal \u00e0 l'aise en pr\u00e9sence des chats et des personnes qui les adorent.\",\"url\":\"https:\\\/\\\/marieclaire.be\\\/fr\\\/author\\\/eloise\\\/\"}]}<\/script>\n<!-- \/ Yoast SEO plugin. -->","yoast_head_json":{"title":"Reebok X Gigi Hadid : la collab sportive nineties qui claque ! - Marie Claire Belgique","description":"En plus d\u2019\u00eatre d\u00e9mocratique, tendance et confortable, la ligne Gigi Hadid X Reebok nous fait voyager dans les ann\u00e9es 90\u00a0! On craque\u00a0!","robots":{"index":"index","follow":"follow","max-snippet":"max-snippet:-1","max-image-preview":"max-image-preview:large","max-video-preview":"max-video-preview:-1"},"canonical":"https:\/\/marieclaire.be\/fr\/reebok-x-gigi-hadid\/","next":"https:\/\/marieclaire.be\/fr\/reebok-x-gigi-hadid\/2\/","og_locale":"fr_FR","og_type":"article","og_title":"Reebok X Gigi Hadid : la collab sportive nineties qui claque ! - Marie Claire Belgique","og_description":"En plus d\u2019\u00eatre d\u00e9mocratique, tendance et confortable, la ligne Gigi Hadid X Reebok nous fait voyager dans les ann\u00e9es 90\u00a0! On craque\u00a0!","og_url":"https:\/\/marieclaire.be\/fr\/reebok-x-gigi-hadid\/","og_site_name":"Marie Claire Belgique","article_publisher":"https:\/\/www.facebook.com\/MarieClaire.Belgique\/","article_published_time":"2019-02-07T16:10:51+00:00","og_image":[{"width":1050,"height":550,"url":"https:\/\/marieclaire.be\/fr\/wp-content\/uploads\/2019\/02\/marieclaire_gigihadid_reeebok_cover.jpg","type":"image\/jpeg"}],"author":"Elo\u00efse Pirard","twitter_misc":{"\u00c9crit par":"Elo\u00efse Pirard","Dur\u00e9e de lecture estim\u00e9e":"2 minutes"},"schema":{"@context":"https:\/\/schema.org","@graph":[{"@type":"NewsArticle","@id":"https:\/\/marieclaire.be\/fr\/reebok-x-gigi-hadid\/#article","isPartOf":{"@id":"https:\/\/marieclaire.be\/fr\/reebok-x-gigi-hadid\/"},"author":{"name":"Elo\u00efse Pirard","@id":"https:\/\/marieclaire.be\/fr\/#\/schema\/person\/9831643c6e34e4192508c7e80d01b78b"},"headline":"Reebok X Gigi Hadid : la collab sportive nineties qui claque !","datePublished":"2019-02-07T16:10:51+00:00","mainEntityOfPage":{"@id":"https:\/\/marieclaire.be\/fr\/reebok-x-gigi-hadid\/"},"wordCount":435,"publisher":{"@id":"https:\/\/marieclaire.be\/fr\/#organization"},"image":{"@id":"https:\/\/marieclaire.be\/fr\/reebok-x-gigi-hadid\/#primaryimage"},"thumbnailUrl":"https:\/\/marieclaire.be\/fr\/wp-content\/uploads\/2019\/02\/marieclaire_gigihadid_reeebok_cover.jpg","keywords":["gigi hadid","mode","Reebok","sport","tendance"],"articleSection":["Mode","Tendances"],"inLanguage":"fr-FR"},{"@type":"WebPage","@id":"https:\/\/marieclaire.be\/fr\/reebok-x-gigi-hadid\/","url":"https:\/\/marieclaire.be\/fr\/reebok-x-gigi-hadid\/","name":"Reebok X Gigi Hadid : la collab sportive nineties qui claque ! - Marie Claire Belgique","isPartOf":{"@id":"https:\/\/marieclaire.be\/fr\/#website"},"primaryImageOfPage":{"@id":"https:\/\/marieclaire.be\/fr\/reebok-x-gigi-hadid\/#primaryimage"},"image":{"@id":"https:\/\/marieclaire.be\/fr\/reebok-x-gigi-hadid\/#primaryimage"},"thumbnailUrl":"https:\/\/marieclaire.be\/fr\/wp-content\/uploads\/2019\/02\/marieclaire_gigihadid_reeebok_cover.jpg","datePublished":"2019-02-07T16:10:51+00:00","description":"En plus d\u2019\u00eatre d\u00e9mocratique, tendance et confortable, la ligne Gigi Hadid X Reebok nous fait voyager dans les ann\u00e9es 90\u00a0! On craque\u00a0!","inLanguage":"fr-FR","potentialAction":[{"@type":"ReadAction","target":["https:\/\/marieclaire.be\/fr\/reebok-x-gigi-hadid\/"]}]},{"@type":"ImageObject","inLanguage":"fr-FR","@id":"https:\/\/marieclaire.be\/fr\/reebok-x-gigi-hadid\/#primaryimage","url":"https:\/\/marieclaire.be\/fr\/wp-content\/uploads\/2019\/02\/marieclaire_gigihadid_reeebok_cover.jpg","contentUrl":"https:\/\/marieclaire.be\/fr\/wp-content\/uploads\/2019\/02\/marieclaire_gigihadid_reeebok_cover.jpg","width":1050,"height":550,"caption":"presse"},{"@type":"WebSite","@id":"https:\/\/marieclaire.be\/fr\/#website","url":"https:\/\/marieclaire.be\/fr\/","name":"Marie Claire Belgique","description":"Marie Claire Belgique, le magazine du style et de l\u2019intelligence qui parle de mode, des tendances, de la beaut\u00e9, de l\u2019actualit\u00e9 et de la culture","publisher":{"@id":"https:\/\/marieclaire.be\/fr\/#organization"},"potentialAction":[{"@type":"SearchAction","target":{"@type":"EntryPoint","urlTemplate":"https:\/\/marieclaire.be\/fr\/?s={search_term_string}"},"query-input":{"@type":"PropertyValueSpecification","valueRequired":true,"valueName":"search_term_string"}}],"inLanguage":"fr-FR"},{"@type":"Organization","@id":"https:\/\/marieclaire.be\/fr\/#organization","name":"Marie Claire","url":"https:\/\/marieclaire.be\/fr\/","logo":{"@type":"ImageObject","inLanguage":"fr-FR","@id":"https:\/\/marieclaire.be\/fr\/#\/schema\/logo\/image\/","url":"https:\/\/marieclaire.be\/fr\/wp-content\/uploads\/2018\/05\/mc-logo2.png","contentUrl":"https:\/\/marieclaire.be\/fr\/wp-content\/uploads\/2018\/05\/mc-logo2.png","width":1001,"height":189,"caption":"Marie Claire"},"image":{"@id":"https:\/\/marieclaire.be\/fr\/#\/schema\/logo\/image\/"},"sameAs":["https:\/\/www.facebook.com\/MarieClaire.Belgique\/","https:\/\/www.instagram.com\/marieclaire_belgique\/","https:\/\/fr.pinterest.com\/marieclairebe\/","https:\/\/www.youtube.com\/user\/BelgiumMarieClaire"]},{"@type":"Person","@id":"https:\/\/marieclaire.be\/fr\/#\/schema\/person\/9831643c6e34e4192508c7e80d01b78b","name":"Elo\u00efse Pirard","image":{"@type":"ImageObject","inLanguage":"fr-FR","@id":"https:\/\/marieclaire.be\/fr\/wp-content\/uploads\/2018\/10\/eloise-96x96.jpg","url":"https:\/\/marieclaire.be\/fr\/wp-content\/uploads\/2018\/10\/eloise-96x96.jpg","contentUrl":"https:\/\/marieclaire.be\/fr\/wp-content\/uploads\/2018\/10\/eloise-96x96.jpg","caption":"Elo\u00efse Pirard"},"description":"Kid des ann\u00e9es 90 compl\u00e8tement addict \u00e0 l'art et aux voyages. Mal \u00e0 l'aise en pr\u00e9sence des chats et des personnes qui les adorent.","url":"https:\/\/marieclaire.be\/fr\/author\/eloise\/"}]}},"_links":{"self":[{"href":"https:\/\/marieclaire.be\/fr\/wp-json\/wp\/v2\/posts\/64069","targetHints":{"allow":["GET"]}}],"collection":[{"href":"https:\/\/marieclaire.be\/fr\/wp-json\/wp\/v2\/posts"}],"about":[{"href":"https:\/\/marieclaire.be\/fr\/wp-json\/wp\/v2\/types\/post"}],"author":[{"embeddable":true,"href":"https:\/\/marieclaire.be\/fr\/wp-json\/wp\/v2\/users\/55"}],"replies":[{"embeddable":true,"href":"https:\/\/marieclaire.be\/fr\/wp-json\/wp\/v2\/comments?post=64069"}],"version-history":[{"count":0,"href":"https:\/\/marieclaire.be\/fr\/wp-json\/wp\/v2\/posts\/64069\/revisions"}],"wp:featuredmedia":[{"embeddable":true,"href":"https:\/\/marieclaire.be\/fr\/wp-json\/wp\/v2\/media\/64102"}],"wp:attachment":[{"href":"https:\/\/marieclaire.be\/fr\/wp-json\/wp\/v2\/media?parent=64069"}],"wp:term":[{"taxonomy":"category","embeddable":true,"href":"https:\/\/marieclaire.be\/fr\/wp-json\/wp\/v2\/categories?post=64069"},{"taxonomy":"post_tag","embeddable":true,"href":"https:\/\/marieclaire.be\/fr\/wp-json\/wp\/v2\/tags?post=64069"}],"curies":[{"name":"wp","href":"https:\/\/api.w.org\/{rel}","templated":true}]}}