{"id":63364,"date":"2019-01-31T09:00:24","date_gmt":"2019-01-31T08:00:24","guid":{"rendered":"https:\/\/marieclaire.be\/fr\/?p=63364"},"modified":"2019-01-30T14:08:11","modified_gmt":"2019-01-30T13:08:11","slug":"switch-to-hope-cancer","status":"publish","type":"post","link":"https:\/\/marieclaire.be\/fr\/switch-to-hope-cancer\/","title":{"rendered":"Switch to hope : une journ\u00e9e pour parler r\u00e9ellement de ce qu\u2019est la vie avec le cancer"},"content":{"rendered":"","protected":false},"excerpt":{"rendered":"Ce dimanche 3 f\u00e9vrier \u00e0 Flagey aura lieu pour la premi\u00e8re fois en Belgique \u201cSwitch to hope\u201d, une journ\u00e9e d\u2019information, de t\u00e9moignages, de d\u00e9bats et de repr\u00e9sentations artistiques pour mettre en lumi\u00e8re les besoins sociaux et \u00e9motionnels des patients atteints du cancer et de leurs proches.","protected":false},"author":55,"featured_media":63369,"comment_status":"closed","ping_status":"closed","sticky":false,"template":"","format":"standard","meta":{"_acf_changed":false,"footnotes":""},"categories":[3881,1434],"tags":[4143,1418,3132],"class_list":["post-63364","post","type-post","status-publish","format-standard","has-post-thumbnail","hentry","category-famille-relations","category-societe","tag-cancer","tag-famille","tag-societe"],"acf":[],"_yoast_wpseo_title":null,"_yoast_wpseo_metadesc":"Ce dimanche 3 f\u00e9vrier rendez-vous \u00e0 \u201cSwitch to hope\u201d, une journ\u00e9e pour mettre en lumi\u00e8re les besoins sociaux et \u00e9motionnels des patients atteints du cancer et de leurs proches.","image_verticale":null,"yoast_head":"<!-- This site is optimized with the Yoast SEO plugin v27.3 - https:\/\/yoast.com\/product\/yoast-seo-wordpress\/ -->\n<title>Switch to hope : une journ\u00e9e pour parler r\u00e9ellement de ce qu\u2019est la vie avec le cancer - Marie Claire Belgique<\/title>\n<meta name=\"description\" content=\"Ce dimanche 3 f\u00e9vrier rendez-vous \u00e0 \u201cSwitch to hope\u201d, une journ\u00e9e pour mettre en lumi\u00e8re les besoins sociaux et \u00e9motionnels des patients atteints du cancer et de leurs proches.\" \/>\n<meta name=\"robots\" content=\"index, follow, max-snippet:-1, max-image-preview:large, max-video-preview:-1\" \/>\n<link rel=\"canonical\" href=\"https:\/\/marieclaire.be\/fr\/switch-to-hope-cancer\/\" \/>\n<link rel=\"next\" href=\"https:\/\/marieclaire.be\/fr\/switch-to-hope-cancer\/2\/\" \/>\n<meta property=\"og:locale\" content=\"fr_FR\" \/>\n<meta property=\"og:type\" content=\"article\" \/>\n<meta property=\"og:title\" content=\"Switch to hope : une journ\u00e9e pour parler r\u00e9ellement de ce qu\u2019est la vie avec le cancer - Marie Claire Belgique\" \/>\n<meta property=\"og:description\" content=\"Ce dimanche 3 f\u00e9vrier rendez-vous \u00e0 \u201cSwitch to hope\u201d, une journ\u00e9e pour mettre en lumi\u00e8re les besoins sociaux et \u00e9motionnels des patients atteints du cancer et de leurs proches.\" \/>\n<meta property=\"og:url\" content=\"https:\/\/marieclaire.be\/fr\/switch-to-hope-cancer\/\" \/>\n<meta property=\"og:site_name\" content=\"Marie Claire Belgique\" \/>\n<meta property=\"article:publisher\" content=\"https:\/\/www.facebook.com\/MarieClaire.Belgique\/\" \/>\n<meta property=\"article:published_time\" content=\"2019-01-31T08:00:24+00:00\" \/>\n<meta property=\"og:image\" content=\"https:\/\/marieclaire.be\/fr\/wp-content\/uploads\/2019\/01\/marieclaire_cancer_switchtohope.jpg\" \/>\n\t<meta property=\"og:image:width\" content=\"1050\" \/>\n\t<meta property=\"og:image:height\" content=\"550\" \/>\n\t<meta property=\"og:image:type\" content=\"image\/jpeg\" \/>\n<meta name=\"author\" content=\"Elo\u00efse Pirard\" \/>\n<meta name=\"twitter:label1\" content=\"\u00c9crit par\" \/>\n\t<meta name=\"twitter:data1\" content=\"Elo\u00efse Pirard\" \/>\n\t<meta name=\"twitter:label2\" content=\"Dur\u00e9e de lecture estim\u00e9e\" \/>\n\t<meta name=\"twitter:data2\" content=\"3 minutes\" \/>\n<script type=\"application\/ld+json\" class=\"yoast-schema-graph\">{\"@context\":\"https:\\\/\\\/schema.org\",\"@graph\":[{\"@type\":\"NewsArticle\",\"@id\":\"https:\\\/\\\/marieclaire.be\\\/fr\\\/switch-to-hope-cancer\\\/#article\",\"isPartOf\":{\"@id\":\"https:\\\/\\\/marieclaire.be\\\/fr\\\/switch-to-hope-cancer\\\/\"},\"author\":{\"name\":\"Elo\u00efse Pirard\",\"@id\":\"https:\\\/\\\/marieclaire.be\\\/fr\\\/#\\\/schema\\\/person\\\/9831643c6e34e4192508c7e80d01b78b\"},\"headline\":\"Switch to hope : une journ\u00e9e pour parler r\u00e9ellement de ce qu\u2019est la vie avec le cancer\",\"datePublished\":\"2019-01-31T08:00:24+00:00\",\"mainEntityOfPage\":{\"@id\":\"https:\\\/\\\/marieclaire.be\\\/fr\\\/switch-to-hope-cancer\\\/\"},\"wordCount\":593,\"publisher\":{\"@id\":\"https:\\\/\\\/marieclaire.be\\\/fr\\\/#organization\"},\"image\":{\"@id\":\"https:\\\/\\\/marieclaire.be\\\/fr\\\/switch-to-hope-cancer\\\/#primaryimage\"},\"thumbnailUrl\":\"https:\\\/\\\/marieclaire.be\\\/fr\\\/wp-content\\\/uploads\\\/2019\\\/01\\\/marieclaire_cancer_switchtohope.jpg\",\"keywords\":[\"cancer\",\"famille\",\"soci\u00e9t\u00e9\"],\"articleSection\":[\"Famille et relations\",\"Soci\u00e9t\u00e9\"],\"inLanguage\":\"fr-FR\"},{\"@type\":\"WebPage\",\"@id\":\"https:\\\/\\\/marieclaire.be\\\/fr\\\/switch-to-hope-cancer\\\/\",\"url\":\"https:\\\/\\\/marieclaire.be\\\/fr\\\/switch-to-hope-cancer\\\/\",\"name\":\"Switch to hope : une journ\u00e9e pour parler r\u00e9ellement de ce qu\u2019est la vie avec le cancer - Marie Claire Belgique\",\"isPartOf\":{\"@id\":\"https:\\\/\\\/marieclaire.be\\\/fr\\\/#website\"},\"primaryImageOfPage\":{\"@id\":\"https:\\\/\\\/marieclaire.be\\\/fr\\\/switch-to-hope-cancer\\\/#primaryimage\"},\"image\":{\"@id\":\"https:\\\/\\\/marieclaire.be\\\/fr\\\/switch-to-hope-cancer\\\/#primaryimage\"},\"thumbnailUrl\":\"https:\\\/\\\/marieclaire.be\\\/fr\\\/wp-content\\\/uploads\\\/2019\\\/01\\\/marieclaire_cancer_switchtohope.jpg\",\"datePublished\":\"2019-01-31T08:00:24+00:00\",\"description\":\"Ce dimanche 3 f\u00e9vrier rendez-vous \u00e0 \u201cSwitch to hope\u201d, une journ\u00e9e pour mettre en lumi\u00e8re les besoins sociaux et \u00e9motionnels des patients atteints du cancer et de leurs proches.\",\"inLanguage\":\"fr-FR\",\"potentialAction\":[{\"@type\":\"ReadAction\",\"target\":[\"https:\\\/\\\/marieclaire.be\\\/fr\\\/switch-to-hope-cancer\\\/\"]}]},{\"@type\":\"ImageObject\",\"inLanguage\":\"fr-FR\",\"@id\":\"https:\\\/\\\/marieclaire.be\\\/fr\\\/switch-to-hope-cancer\\\/#primaryimage\",\"url\":\"https:\\\/\\\/marieclaire.be\\\/fr\\\/wp-content\\\/uploads\\\/2019\\\/01\\\/marieclaire_cancer_switchtohope.jpg\",\"contentUrl\":\"https:\\\/\\\/marieclaire.be\\\/fr\\\/wp-content\\\/uploads\\\/2019\\\/01\\\/marieclaire_cancer_switchtohope.jpg\",\"width\":1050,\"height\":550,\"caption\":\"Max Van Den Oetelaar - unsplash\"},{\"@type\":\"WebSite\",\"@id\":\"https:\\\/\\\/marieclaire.be\\\/fr\\\/#website\",\"url\":\"https:\\\/\\\/marieclaire.be\\\/fr\\\/\",\"name\":\"Marie Claire Belgique\",\"description\":\"Marie Claire Belgique, le magazine du style et de l\u2019intelligence qui parle de mode, des tendances, de la beaut\u00e9, de l\u2019actualit\u00e9 et de la culture\",\"publisher\":{\"@id\":\"https:\\\/\\\/marieclaire.be\\\/fr\\\/#organization\"},\"potentialAction\":[{\"@type\":\"SearchAction\",\"target\":{\"@type\":\"EntryPoint\",\"urlTemplate\":\"https:\\\/\\\/marieclaire.be\\\/fr\\\/?s={search_term_string}\"},\"query-input\":{\"@type\":\"PropertyValueSpecification\",\"valueRequired\":true,\"valueName\":\"search_term_string\"}}],\"inLanguage\":\"fr-FR\"},{\"@type\":\"Organization\",\"@id\":\"https:\\\/\\\/marieclaire.be\\\/fr\\\/#organization\",\"name\":\"Marie Claire\",\"url\":\"https:\\\/\\\/marieclaire.be\\\/fr\\\/\",\"logo\":{\"@type\":\"ImageObject\",\"inLanguage\":\"fr-FR\",\"@id\":\"https:\\\/\\\/marieclaire.be\\\/fr\\\/#\\\/schema\\\/logo\\\/image\\\/\",\"url\":\"https:\\\/\\\/marieclaire.be\\\/fr\\\/wp-content\\\/uploads\\\/2018\\\/05\\\/mc-logo2.png\",\"contentUrl\":\"https:\\\/\\\/marieclaire.be\\\/fr\\\/wp-content\\\/uploads\\\/2018\\\/05\\\/mc-logo2.png\",\"width\":1001,\"height\":189,\"caption\":\"Marie Claire\"},\"image\":{\"@id\":\"https:\\\/\\\/marieclaire.be\\\/fr\\\/#\\\/schema\\\/logo\\\/image\\\/\"},\"sameAs\":[\"https:\\\/\\\/www.facebook.com\\\/MarieClaire.Belgique\\\/\",\"https:\\\/\\\/www.instagram.com\\\/marieclaire_belgique\\\/\",\"https:\\\/\\\/fr.pinterest.com\\\/marieclairebe\\\/\",\"https:\\\/\\\/www.youtube.com\\\/user\\\/BelgiumMarieClaire\"]},{\"@type\":\"Person\",\"@id\":\"https:\\\/\\\/marieclaire.be\\\/fr\\\/#\\\/schema\\\/person\\\/9831643c6e34e4192508c7e80d01b78b\",\"name\":\"Elo\u00efse Pirard\",\"image\":{\"@type\":\"ImageObject\",\"inLanguage\":\"fr-FR\",\"@id\":\"https:\\\/\\\/marieclaire.be\\\/fr\\\/wp-content\\\/uploads\\\/2018\\\/10\\\/eloise-96x96.jpg\",\"url\":\"https:\\\/\\\/marieclaire.be\\\/fr\\\/wp-content\\\/uploads\\\/2018\\\/10\\\/eloise-96x96.jpg\",\"contentUrl\":\"https:\\\/\\\/marieclaire.be\\\/fr\\\/wp-content\\\/uploads\\\/2018\\\/10\\\/eloise-96x96.jpg\",\"caption\":\"Elo\u00efse Pirard\"},\"description\":\"Kid des ann\u00e9es 90 compl\u00e8tement addict \u00e0 l'art et aux voyages. Mal \u00e0 l'aise en pr\u00e9sence des chats et des personnes qui les adorent.\",\"url\":\"https:\\\/\\\/marieclaire.be\\\/fr\\\/author\\\/eloise\\\/\"}]}<\/script>\n<!-- \/ Yoast SEO plugin. -->","yoast_head_json":{"title":"Switch to hope : une journ\u00e9e pour parler r\u00e9ellement de ce qu\u2019est la vie avec le cancer - Marie Claire Belgique","description":"Ce dimanche 3 f\u00e9vrier rendez-vous \u00e0 \u201cSwitch to hope\u201d, une journ\u00e9e pour mettre en lumi\u00e8re les besoins sociaux et \u00e9motionnels des patients atteints du cancer et de leurs proches.","robots":{"index":"index","follow":"follow","max-snippet":"max-snippet:-1","max-image-preview":"max-image-preview:large","max-video-preview":"max-video-preview:-1"},"canonical":"https:\/\/marieclaire.be\/fr\/switch-to-hope-cancer\/","next":"https:\/\/marieclaire.be\/fr\/switch-to-hope-cancer\/2\/","og_locale":"fr_FR","og_type":"article","og_title":"Switch to hope : une journ\u00e9e pour parler r\u00e9ellement de ce qu\u2019est la vie avec le cancer - Marie Claire Belgique","og_description":"Ce dimanche 3 f\u00e9vrier rendez-vous \u00e0 \u201cSwitch to hope\u201d, une journ\u00e9e pour mettre en lumi\u00e8re les besoins sociaux et \u00e9motionnels des patients atteints du cancer et de leurs proches.","og_url":"https:\/\/marieclaire.be\/fr\/switch-to-hope-cancer\/","og_site_name":"Marie Claire Belgique","article_publisher":"https:\/\/www.facebook.com\/MarieClaire.Belgique\/","article_published_time":"2019-01-31T08:00:24+00:00","og_image":[{"width":1050,"height":550,"url":"https:\/\/marieclaire.be\/fr\/wp-content\/uploads\/2019\/01\/marieclaire_cancer_switchtohope.jpg","type":"image\/jpeg"}],"author":"Elo\u00efse Pirard","twitter_misc":{"\u00c9crit par":"Elo\u00efse Pirard","Dur\u00e9e de lecture estim\u00e9e":"3 minutes"},"schema":{"@context":"https:\/\/schema.org","@graph":[{"@type":"NewsArticle","@id":"https:\/\/marieclaire.be\/fr\/switch-to-hope-cancer\/#article","isPartOf":{"@id":"https:\/\/marieclaire.be\/fr\/switch-to-hope-cancer\/"},"author":{"name":"Elo\u00efse Pirard","@id":"https:\/\/marieclaire.be\/fr\/#\/schema\/person\/9831643c6e34e4192508c7e80d01b78b"},"headline":"Switch to hope : une journ\u00e9e pour parler r\u00e9ellement de ce qu\u2019est la vie avec le cancer","datePublished":"2019-01-31T08:00:24+00:00","mainEntityOfPage":{"@id":"https:\/\/marieclaire.be\/fr\/switch-to-hope-cancer\/"},"wordCount":593,"publisher":{"@id":"https:\/\/marieclaire.be\/fr\/#organization"},"image":{"@id":"https:\/\/marieclaire.be\/fr\/switch-to-hope-cancer\/#primaryimage"},"thumbnailUrl":"https:\/\/marieclaire.be\/fr\/wp-content\/uploads\/2019\/01\/marieclaire_cancer_switchtohope.jpg","keywords":["cancer","famille","soci\u00e9t\u00e9"],"articleSection":["Famille et relations","Soci\u00e9t\u00e9"],"inLanguage":"fr-FR"},{"@type":"WebPage","@id":"https:\/\/marieclaire.be\/fr\/switch-to-hope-cancer\/","url":"https:\/\/marieclaire.be\/fr\/switch-to-hope-cancer\/","name":"Switch to hope : une journ\u00e9e pour parler r\u00e9ellement de ce qu\u2019est la vie avec le cancer - Marie Claire Belgique","isPartOf":{"@id":"https:\/\/marieclaire.be\/fr\/#website"},"primaryImageOfPage":{"@id":"https:\/\/marieclaire.be\/fr\/switch-to-hope-cancer\/#primaryimage"},"image":{"@id":"https:\/\/marieclaire.be\/fr\/switch-to-hope-cancer\/#primaryimage"},"thumbnailUrl":"https:\/\/marieclaire.be\/fr\/wp-content\/uploads\/2019\/01\/marieclaire_cancer_switchtohope.jpg","datePublished":"2019-01-31T08:00:24+00:00","description":"Ce dimanche 3 f\u00e9vrier rendez-vous \u00e0 \u201cSwitch to hope\u201d, une journ\u00e9e pour mettre en lumi\u00e8re les besoins sociaux et \u00e9motionnels des patients atteints du cancer et de leurs proches.","inLanguage":"fr-FR","potentialAction":[{"@type":"ReadAction","target":["https:\/\/marieclaire.be\/fr\/switch-to-hope-cancer\/"]}]},{"@type":"ImageObject","inLanguage":"fr-FR","@id":"https:\/\/marieclaire.be\/fr\/switch-to-hope-cancer\/#primaryimage","url":"https:\/\/marieclaire.be\/fr\/wp-content\/uploads\/2019\/01\/marieclaire_cancer_switchtohope.jpg","contentUrl":"https:\/\/marieclaire.be\/fr\/wp-content\/uploads\/2019\/01\/marieclaire_cancer_switchtohope.jpg","width":1050,"height":550,"caption":"Max Van Den Oetelaar - unsplash"},{"@type":"WebSite","@id":"https:\/\/marieclaire.be\/fr\/#website","url":"https:\/\/marieclaire.be\/fr\/","name":"Marie Claire Belgique","description":"Marie Claire Belgique, le magazine du style et de l\u2019intelligence qui parle de mode, des tendances, de la beaut\u00e9, de l\u2019actualit\u00e9 et de la culture","publisher":{"@id":"https:\/\/marieclaire.be\/fr\/#organization"},"potentialAction":[{"@type":"SearchAction","target":{"@type":"EntryPoint","urlTemplate":"https:\/\/marieclaire.be\/fr\/?s={search_term_string}"},"query-input":{"@type":"PropertyValueSpecification","valueRequired":true,"valueName":"search_term_string"}}],"inLanguage":"fr-FR"},{"@type":"Organization","@id":"https:\/\/marieclaire.be\/fr\/#organization","name":"Marie Claire","url":"https:\/\/marieclaire.be\/fr\/","logo":{"@type":"ImageObject","inLanguage":"fr-FR","@id":"https:\/\/marieclaire.be\/fr\/#\/schema\/logo\/image\/","url":"https:\/\/marieclaire.be\/fr\/wp-content\/uploads\/2018\/05\/mc-logo2.png","contentUrl":"https:\/\/marieclaire.be\/fr\/wp-content\/uploads\/2018\/05\/mc-logo2.png","width":1001,"height":189,"caption":"Marie Claire"},"image":{"@id":"https:\/\/marieclaire.be\/fr\/#\/schema\/logo\/image\/"},"sameAs":["https:\/\/www.facebook.com\/MarieClaire.Belgique\/","https:\/\/www.instagram.com\/marieclaire_belgique\/","https:\/\/fr.pinterest.com\/marieclairebe\/","https:\/\/www.youtube.com\/user\/BelgiumMarieClaire"]},{"@type":"Person","@id":"https:\/\/marieclaire.be\/fr\/#\/schema\/person\/9831643c6e34e4192508c7e80d01b78b","name":"Elo\u00efse Pirard","image":{"@type":"ImageObject","inLanguage":"fr-FR","@id":"https:\/\/marieclaire.be\/fr\/wp-content\/uploads\/2018\/10\/eloise-96x96.jpg","url":"https:\/\/marieclaire.be\/fr\/wp-content\/uploads\/2018\/10\/eloise-96x96.jpg","contentUrl":"https:\/\/marieclaire.be\/fr\/wp-content\/uploads\/2018\/10\/eloise-96x96.jpg","caption":"Elo\u00efse Pirard"},"description":"Kid des ann\u00e9es 90 compl\u00e8tement addict \u00e0 l'art et aux voyages. Mal \u00e0 l'aise en pr\u00e9sence des chats et des personnes qui les adorent.","url":"https:\/\/marieclaire.be\/fr\/author\/eloise\/"}]}},"_links":{"self":[{"href":"https:\/\/marieclaire.be\/fr\/wp-json\/wp\/v2\/posts\/63364","targetHints":{"allow":["GET"]}}],"collection":[{"href":"https:\/\/marieclaire.be\/fr\/wp-json\/wp\/v2\/posts"}],"about":[{"href":"https:\/\/marieclaire.be\/fr\/wp-json\/wp\/v2\/types\/post"}],"author":[{"embeddable":true,"href":"https:\/\/marieclaire.be\/fr\/wp-json\/wp\/v2\/users\/55"}],"replies":[{"embeddable":true,"href":"https:\/\/marieclaire.be\/fr\/wp-json\/wp\/v2\/comments?post=63364"}],"version-history":[{"count":0,"href":"https:\/\/marieclaire.be\/fr\/wp-json\/wp\/v2\/posts\/63364\/revisions"}],"wp:featuredmedia":[{"embeddable":true,"href":"https:\/\/marieclaire.be\/fr\/wp-json\/wp\/v2\/media\/63369"}],"wp:attachment":[{"href":"https:\/\/marieclaire.be\/fr\/wp-json\/wp\/v2\/media?parent=63364"}],"wp:term":[{"taxonomy":"category","embeddable":true,"href":"https:\/\/marieclaire.be\/fr\/wp-json\/wp\/v2\/categories?post=63364"},{"taxonomy":"post_tag","embeddable":true,"href":"https:\/\/marieclaire.be\/fr\/wp-json\/wp\/v2\/tags?post=63364"}],"curies":[{"name":"wp","href":"https:\/\/api.w.org\/{rel}","templated":true}]}}