{"id":63079,"date":"2019-01-25T18:00:00","date_gmt":"2019-01-25T17:00:00","guid":{"rendered":"https:\/\/marieclaire.be\/fr\/?p=63079"},"modified":"2019-03-07T10:59:21","modified_gmt":"2019-03-07T09:59:21","slug":"shopping-montres-carrees-rectangulaires","status":"publish","type":"post","link":"https:\/\/marieclaire.be\/fr\/shopping-montres-carrees-rectangulaires\/","title":{"rendered":"Shopping : le retour des montres carr\u00e9es et rectangulaires"},"content":{"rendered":"","protected":false},"excerpt":{"rendered":"Vous \u00eates une collectionneuse de montres et vous ne savez plus vers quel mod\u00e8le vous tourner ? Et si on revenait au vintage avec les montres\u00a0\u00e0 cadrans rectangulaires ou carr\u00e9s ?\nToutes aussi plus chics et classes les unes que les autres, voici notre s\u00e9lection venant de plusieurs marques diff\u00e9rentes avec des budgets vari\u00e9s.","protected":false},"author":8,"featured_media":63134,"comment_status":"closed","ping_status":"closed","sticky":false,"template":"","format":"standard","meta":{"_acf_changed":false,"footnotes":""},"categories":[1592,6],"tags":[757,122,4241],"class_list":["post-63079","post","type-post","status-publish","format-standard","has-post-thumbnail","hentry","category-accessoires","category-mode","tag-accessoires","tag-mode","tag-montres-rectangulaires"],"acf":[],"_yoast_wpseo_title":null,"_yoast_wpseo_metadesc":"Et si on revenait au vintage avec les montres\u00a0\u00e0 cadrans rectangulaires ou carr\u00e9s ? Chic et classe, voici notre s\u00e9lection.","image_verticale":null,"yoast_head":"<!-- This site is optimized with the Yoast SEO plugin v27.3 - https:\/\/yoast.com\/product\/yoast-seo-wordpress\/ -->\n<title>Shopping : le retour des montres carr\u00e9es et rectangulaires - Marie Claire Belgique<\/title>\n<meta name=\"description\" content=\"Et si on revenait au vintage avec les montres\u00a0\u00e0 cadrans rectangulaires ou carr\u00e9s ? Chic et classe, voici notre s\u00e9lection.\" \/>\n<meta name=\"robots\" content=\"index, follow, max-snippet:-1, max-image-preview:large, max-video-preview:-1\" \/>\n<link rel=\"canonical\" href=\"https:\/\/marieclaire.be\/fr\/shopping-montres-carrees-rectangulaires\/\" \/>\n<link rel=\"next\" href=\"https:\/\/marieclaire.be\/fr\/shopping-montres-carrees-rectangulaires\/2\/\" \/>\n<meta property=\"og:locale\" content=\"fr_FR\" \/>\n<meta property=\"og:type\" content=\"article\" \/>\n<meta property=\"og:title\" content=\"Shopping : le retour des montres carr\u00e9es et rectangulaires - Marie Claire Belgique\" \/>\n<meta property=\"og:description\" content=\"Et si on revenait au vintage avec les montres\u00a0\u00e0 cadrans rectangulaires ou carr\u00e9s ? Chic et classe, voici notre s\u00e9lection.\" \/>\n<meta property=\"og:url\" content=\"https:\/\/marieclaire.be\/fr\/shopping-montres-carrees-rectangulaires\/\" \/>\n<meta property=\"og:site_name\" content=\"Marie Claire Belgique\" \/>\n<meta property=\"article:publisher\" content=\"https:\/\/www.facebook.com\/MarieClaire.Belgique\/\" \/>\n<meta property=\"article:published_time\" content=\"2019-01-25T17:00:00+00:00\" \/>\n<meta property=\"article:modified_time\" content=\"2019-03-07T09:59:21+00:00\" \/>\n<meta property=\"og:image\" content=\"https:\/\/marieclaire.be\/fr\/wp-content\/uploads\/2019\/01\/sans-titre-25.png\" \/>\n\t<meta property=\"og:image:width\" content=\"1050\" \/>\n\t<meta property=\"og:image:height\" content=\"550\" \/>\n\t<meta property=\"og:image:type\" content=\"image\/png\" \/>\n<meta name=\"author\" content=\"Marie Claire\" \/>\n<meta name=\"twitter:label1\" content=\"\u00c9crit par\" \/>\n\t<meta name=\"twitter:data1\" content=\"Marie Claire\" \/>\n\t<meta name=\"twitter:label2\" content=\"Dur\u00e9e de lecture estim\u00e9e\" \/>\n\t<meta name=\"twitter:data2\" content=\"3 minutes\" \/>\n<script type=\"application\/ld+json\" class=\"yoast-schema-graph\">{\"@context\":\"https:\\\/\\\/schema.org\",\"@graph\":[{\"@type\":\"NewsArticle\",\"@id\":\"https:\\\/\\\/marieclaire.be\\\/fr\\\/shopping-montres-carrees-rectangulaires\\\/#article\",\"isPartOf\":{\"@id\":\"https:\\\/\\\/marieclaire.be\\\/fr\\\/shopping-montres-carrees-rectangulaires\\\/\"},\"author\":{\"name\":\"Marie Claire\",\"@id\":\"https:\\\/\\\/marieclaire.be\\\/fr\\\/#\\\/schema\\\/person\\\/6a5bc4eb4707dbc5cb47d17804a85f8c\"},\"headline\":\"Shopping : le retour des montres carr\u00e9es et rectangulaires\",\"datePublished\":\"2019-01-25T17:00:00+00:00\",\"dateModified\":\"2019-03-07T09:59:21+00:00\",\"mainEntityOfPage\":{\"@id\":\"https:\\\/\\\/marieclaire.be\\\/fr\\\/shopping-montres-carrees-rectangulaires\\\/\"},\"wordCount\":633,\"publisher\":{\"@id\":\"https:\\\/\\\/marieclaire.be\\\/fr\\\/#organization\"},\"image\":{\"@id\":\"https:\\\/\\\/marieclaire.be\\\/fr\\\/shopping-montres-carrees-rectangulaires\\\/#primaryimage\"},\"thumbnailUrl\":\"https:\\\/\\\/marieclaire.be\\\/fr\\\/wp-content\\\/uploads\\\/2019\\\/01\\\/sans-titre-25.png\",\"keywords\":[\"accessoires\",\"mode\",\"Montres rectangulaires\"],\"articleSection\":[\"Accessoires\",\"Mode\"],\"inLanguage\":\"fr-FR\"},{\"@type\":\"WebPage\",\"@id\":\"https:\\\/\\\/marieclaire.be\\\/fr\\\/shopping-montres-carrees-rectangulaires\\\/\",\"url\":\"https:\\\/\\\/marieclaire.be\\\/fr\\\/shopping-montres-carrees-rectangulaires\\\/\",\"name\":\"Shopping : le retour des montres carr\u00e9es et rectangulaires - Marie Claire Belgique\",\"isPartOf\":{\"@id\":\"https:\\\/\\\/marieclaire.be\\\/fr\\\/#website\"},\"primaryImageOfPage\":{\"@id\":\"https:\\\/\\\/marieclaire.be\\\/fr\\\/shopping-montres-carrees-rectangulaires\\\/#primaryimage\"},\"image\":{\"@id\":\"https:\\\/\\\/marieclaire.be\\\/fr\\\/shopping-montres-carrees-rectangulaires\\\/#primaryimage\"},\"thumbnailUrl\":\"https:\\\/\\\/marieclaire.be\\\/fr\\\/wp-content\\\/uploads\\\/2019\\\/01\\\/sans-titre-25.png\",\"datePublished\":\"2019-01-25T17:00:00+00:00\",\"dateModified\":\"2019-03-07T09:59:21+00:00\",\"description\":\"Et si on revenait au vintage avec les montres\u00a0\u00e0 cadrans rectangulaires ou carr\u00e9s ? Chic et classe, voici notre s\u00e9lection.\",\"inLanguage\":\"fr-FR\",\"potentialAction\":[{\"@type\":\"ReadAction\",\"target\":[\"https:\\\/\\\/marieclaire.be\\\/fr\\\/shopping-montres-carrees-rectangulaires\\\/\"]}]},{\"@type\":\"ImageObject\",\"inLanguage\":\"fr-FR\",\"@id\":\"https:\\\/\\\/marieclaire.be\\\/fr\\\/shopping-montres-carrees-rectangulaires\\\/#primaryimage\",\"url\":\"https:\\\/\\\/marieclaire.be\\\/fr\\\/wp-content\\\/uploads\\\/2019\\\/01\\\/sans-titre-25.png\",\"contentUrl\":\"https:\\\/\\\/marieclaire.be\\\/fr\\\/wp-content\\\/uploads\\\/2019\\\/01\\\/sans-titre-25.png\",\"width\":1050,\"height\":550,\"caption\":\"Instagram Laurine_mn, Instagram Amalyswatches\"},{\"@type\":\"WebSite\",\"@id\":\"https:\\\/\\\/marieclaire.be\\\/fr\\\/#website\",\"url\":\"https:\\\/\\\/marieclaire.be\\\/fr\\\/\",\"name\":\"Marie Claire Belgique\",\"description\":\"Marie Claire Belgique, le magazine du style et de l\u2019intelligence qui parle de mode, des tendances, de la beaut\u00e9, de l\u2019actualit\u00e9 et de la culture\",\"publisher\":{\"@id\":\"https:\\\/\\\/marieclaire.be\\\/fr\\\/#organization\"},\"potentialAction\":[{\"@type\":\"SearchAction\",\"target\":{\"@type\":\"EntryPoint\",\"urlTemplate\":\"https:\\\/\\\/marieclaire.be\\\/fr\\\/?s={search_term_string}\"},\"query-input\":{\"@type\":\"PropertyValueSpecification\",\"valueRequired\":true,\"valueName\":\"search_term_string\"}}],\"inLanguage\":\"fr-FR\"},{\"@type\":\"Organization\",\"@id\":\"https:\\\/\\\/marieclaire.be\\\/fr\\\/#organization\",\"name\":\"Marie Claire\",\"url\":\"https:\\\/\\\/marieclaire.be\\\/fr\\\/\",\"logo\":{\"@type\":\"ImageObject\",\"inLanguage\":\"fr-FR\",\"@id\":\"https:\\\/\\\/marieclaire.be\\\/fr\\\/#\\\/schema\\\/logo\\\/image\\\/\",\"url\":\"https:\\\/\\\/marieclaire.be\\\/fr\\\/wp-content\\\/uploads\\\/2018\\\/05\\\/mc-logo2.png\",\"contentUrl\":\"https:\\\/\\\/marieclaire.be\\\/fr\\\/wp-content\\\/uploads\\\/2018\\\/05\\\/mc-logo2.png\",\"width\":1001,\"height\":189,\"caption\":\"Marie Claire\"},\"image\":{\"@id\":\"https:\\\/\\\/marieclaire.be\\\/fr\\\/#\\\/schema\\\/logo\\\/image\\\/\"},\"sameAs\":[\"https:\\\/\\\/www.facebook.com\\\/MarieClaire.Belgique\\\/\",\"https:\\\/\\\/www.instagram.com\\\/marieclaire_belgique\\\/\",\"https:\\\/\\\/fr.pinterest.com\\\/marieclairebe\\\/\",\"https:\\\/\\\/www.youtube.com\\\/user\\\/BelgiumMarieClaire\"]},{\"@type\":\"Person\",\"@id\":\"https:\\\/\\\/marieclaire.be\\\/fr\\\/#\\\/schema\\\/person\\\/6a5bc4eb4707dbc5cb47d17804a85f8c\",\"name\":\"Marie Claire\",\"image\":{\"@type\":\"ImageObject\",\"inLanguage\":\"fr-FR\",\"@id\":\"https:\\\/\\\/marieclaire.be\\\/fr\\\/wp-content\\\/uploads\\\/2016\\\/11\\\/mclogo-96x96.jpg\",\"url\":\"https:\\\/\\\/marieclaire.be\\\/fr\\\/wp-content\\\/uploads\\\/2016\\\/11\\\/mclogo-96x96.jpg\",\"contentUrl\":\"https:\\\/\\\/marieclaire.be\\\/fr\\\/wp-content\\\/uploads\\\/2016\\\/11\\\/mclogo-96x96.jpg\",\"caption\":\"Marie Claire\"},\"url\":\"https:\\\/\\\/marieclaire.be\\\/fr\\\/author\\\/stagiaire\\\/\"}]}<\/script>\n<!-- \/ Yoast SEO plugin. -->","yoast_head_json":{"title":"Shopping : le retour des montres carr\u00e9es et rectangulaires - Marie Claire Belgique","description":"Et si on revenait au vintage avec les montres\u00a0\u00e0 cadrans rectangulaires ou carr\u00e9s ? Chic et classe, voici notre s\u00e9lection.","robots":{"index":"index","follow":"follow","max-snippet":"max-snippet:-1","max-image-preview":"max-image-preview:large","max-video-preview":"max-video-preview:-1"},"canonical":"https:\/\/marieclaire.be\/fr\/shopping-montres-carrees-rectangulaires\/","next":"https:\/\/marieclaire.be\/fr\/shopping-montres-carrees-rectangulaires\/2\/","og_locale":"fr_FR","og_type":"article","og_title":"Shopping : le retour des montres carr\u00e9es et rectangulaires - Marie Claire Belgique","og_description":"Et si on revenait au vintage avec les montres\u00a0\u00e0 cadrans rectangulaires ou carr\u00e9s ? Chic et classe, voici notre s\u00e9lection.","og_url":"https:\/\/marieclaire.be\/fr\/shopping-montres-carrees-rectangulaires\/","og_site_name":"Marie Claire Belgique","article_publisher":"https:\/\/www.facebook.com\/MarieClaire.Belgique\/","article_published_time":"2019-01-25T17:00:00+00:00","article_modified_time":"2019-03-07T09:59:21+00:00","og_image":[{"width":1050,"height":550,"url":"https:\/\/marieclaire.be\/fr\/wp-content\/uploads\/2019\/01\/sans-titre-25.png","type":"image\/png"}],"author":"Marie Claire","twitter_misc":{"\u00c9crit par":"Marie Claire","Dur\u00e9e de lecture estim\u00e9e":"3 minutes"},"schema":{"@context":"https:\/\/schema.org","@graph":[{"@type":"NewsArticle","@id":"https:\/\/marieclaire.be\/fr\/shopping-montres-carrees-rectangulaires\/#article","isPartOf":{"@id":"https:\/\/marieclaire.be\/fr\/shopping-montres-carrees-rectangulaires\/"},"author":{"name":"Marie Claire","@id":"https:\/\/marieclaire.be\/fr\/#\/schema\/person\/6a5bc4eb4707dbc5cb47d17804a85f8c"},"headline":"Shopping : le retour des montres carr\u00e9es et rectangulaires","datePublished":"2019-01-25T17:00:00+00:00","dateModified":"2019-03-07T09:59:21+00:00","mainEntityOfPage":{"@id":"https:\/\/marieclaire.be\/fr\/shopping-montres-carrees-rectangulaires\/"},"wordCount":633,"publisher":{"@id":"https:\/\/marieclaire.be\/fr\/#organization"},"image":{"@id":"https:\/\/marieclaire.be\/fr\/shopping-montres-carrees-rectangulaires\/#primaryimage"},"thumbnailUrl":"https:\/\/marieclaire.be\/fr\/wp-content\/uploads\/2019\/01\/sans-titre-25.png","keywords":["accessoires","mode","Montres rectangulaires"],"articleSection":["Accessoires","Mode"],"inLanguage":"fr-FR"},{"@type":"WebPage","@id":"https:\/\/marieclaire.be\/fr\/shopping-montres-carrees-rectangulaires\/","url":"https:\/\/marieclaire.be\/fr\/shopping-montres-carrees-rectangulaires\/","name":"Shopping : le retour des montres carr\u00e9es et rectangulaires - Marie Claire Belgique","isPartOf":{"@id":"https:\/\/marieclaire.be\/fr\/#website"},"primaryImageOfPage":{"@id":"https:\/\/marieclaire.be\/fr\/shopping-montres-carrees-rectangulaires\/#primaryimage"},"image":{"@id":"https:\/\/marieclaire.be\/fr\/shopping-montres-carrees-rectangulaires\/#primaryimage"},"thumbnailUrl":"https:\/\/marieclaire.be\/fr\/wp-content\/uploads\/2019\/01\/sans-titre-25.png","datePublished":"2019-01-25T17:00:00+00:00","dateModified":"2019-03-07T09:59:21+00:00","description":"Et si on revenait au vintage avec les montres\u00a0\u00e0 cadrans rectangulaires ou carr\u00e9s ? Chic et classe, voici notre s\u00e9lection.","inLanguage":"fr-FR","potentialAction":[{"@type":"ReadAction","target":["https:\/\/marieclaire.be\/fr\/shopping-montres-carrees-rectangulaires\/"]}]},{"@type":"ImageObject","inLanguage":"fr-FR","@id":"https:\/\/marieclaire.be\/fr\/shopping-montres-carrees-rectangulaires\/#primaryimage","url":"https:\/\/marieclaire.be\/fr\/wp-content\/uploads\/2019\/01\/sans-titre-25.png","contentUrl":"https:\/\/marieclaire.be\/fr\/wp-content\/uploads\/2019\/01\/sans-titre-25.png","width":1050,"height":550,"caption":"Instagram Laurine_mn, Instagram Amalyswatches"},{"@type":"WebSite","@id":"https:\/\/marieclaire.be\/fr\/#website","url":"https:\/\/marieclaire.be\/fr\/","name":"Marie Claire Belgique","description":"Marie Claire Belgique, le magazine du style et de l\u2019intelligence qui parle de mode, des tendances, de la beaut\u00e9, de l\u2019actualit\u00e9 et de la culture","publisher":{"@id":"https:\/\/marieclaire.be\/fr\/#organization"},"potentialAction":[{"@type":"SearchAction","target":{"@type":"EntryPoint","urlTemplate":"https:\/\/marieclaire.be\/fr\/?s={search_term_string}"},"query-input":{"@type":"PropertyValueSpecification","valueRequired":true,"valueName":"search_term_string"}}],"inLanguage":"fr-FR"},{"@type":"Organization","@id":"https:\/\/marieclaire.be\/fr\/#organization","name":"Marie Claire","url":"https:\/\/marieclaire.be\/fr\/","logo":{"@type":"ImageObject","inLanguage":"fr-FR","@id":"https:\/\/marieclaire.be\/fr\/#\/schema\/logo\/image\/","url":"https:\/\/marieclaire.be\/fr\/wp-content\/uploads\/2018\/05\/mc-logo2.png","contentUrl":"https:\/\/marieclaire.be\/fr\/wp-content\/uploads\/2018\/05\/mc-logo2.png","width":1001,"height":189,"caption":"Marie Claire"},"image":{"@id":"https:\/\/marieclaire.be\/fr\/#\/schema\/logo\/image\/"},"sameAs":["https:\/\/www.facebook.com\/MarieClaire.Belgique\/","https:\/\/www.instagram.com\/marieclaire_belgique\/","https:\/\/fr.pinterest.com\/marieclairebe\/","https:\/\/www.youtube.com\/user\/BelgiumMarieClaire"]},{"@type":"Person","@id":"https:\/\/marieclaire.be\/fr\/#\/schema\/person\/6a5bc4eb4707dbc5cb47d17804a85f8c","name":"Marie Claire","image":{"@type":"ImageObject","inLanguage":"fr-FR","@id":"https:\/\/marieclaire.be\/fr\/wp-content\/uploads\/2016\/11\/mclogo-96x96.jpg","url":"https:\/\/marieclaire.be\/fr\/wp-content\/uploads\/2016\/11\/mclogo-96x96.jpg","contentUrl":"https:\/\/marieclaire.be\/fr\/wp-content\/uploads\/2016\/11\/mclogo-96x96.jpg","caption":"Marie Claire"},"url":"https:\/\/marieclaire.be\/fr\/author\/stagiaire\/"}]}},"_links":{"self":[{"href":"https:\/\/marieclaire.be\/fr\/wp-json\/wp\/v2\/posts\/63079","targetHints":{"allow":["GET"]}}],"collection":[{"href":"https:\/\/marieclaire.be\/fr\/wp-json\/wp\/v2\/posts"}],"about":[{"href":"https:\/\/marieclaire.be\/fr\/wp-json\/wp\/v2\/types\/post"}],"author":[{"embeddable":true,"href":"https:\/\/marieclaire.be\/fr\/wp-json\/wp\/v2\/users\/8"}],"replies":[{"embeddable":true,"href":"https:\/\/marieclaire.be\/fr\/wp-json\/wp\/v2\/comments?post=63079"}],"version-history":[{"count":0,"href":"https:\/\/marieclaire.be\/fr\/wp-json\/wp\/v2\/posts\/63079\/revisions"}],"wp:featuredmedia":[{"embeddable":true,"href":"https:\/\/marieclaire.be\/fr\/wp-json\/wp\/v2\/media\/63134"}],"wp:attachment":[{"href":"https:\/\/marieclaire.be\/fr\/wp-json\/wp\/v2\/media?parent=63079"}],"wp:term":[{"taxonomy":"category","embeddable":true,"href":"https:\/\/marieclaire.be\/fr\/wp-json\/wp\/v2\/categories?post=63079"},{"taxonomy":"post_tag","embeddable":true,"href":"https:\/\/marieclaire.be\/fr\/wp-json\/wp\/v2\/tags?post=63079"}],"curies":[{"name":"wp","href":"https:\/\/api.w.org\/{rel}","templated":true}]}}