{"id":62900,"date":"2019-01-23T13:22:20","date_gmt":"2019-01-23T12:22:20","guid":{"rendered":"https:\/\/marieclaire.be\/fr\/?p=62900"},"modified":"2019-01-23T14:14:10","modified_gmt":"2019-01-23T13:14:10","slug":"5-astuces-pour-preparer-de-maniere-durable-et-ethique-la-venue-de-votre-bebe","status":"publish","type":"post","link":"https:\/\/marieclaire.be\/fr\/5-astuces-pour-preparer-de-maniere-durable-et-ethique-la-venue-de-votre-bebe\/","title":{"rendered":"5 astuces pour pr\u00e9parer de mani\u00e8re durable et \u00e9thique la venue de votre b\u00e9b\u00e9"},"content":{"rendered":"","protected":false},"excerpt":{"rendered":"Des meubles \u00e9volutifs aux v\u00eatements unisexes, on vous livre cinq pr\u00e9cieux conseils \u00e9cologiques, \u00e9conomiques et \u00e9thiques pour accueillir votre tout petit ! \n\u00a0\nQue ce soit la premi\u00e8re, la deuxi\u00e8me ou m\u00eame la troisi\u00e8me fois, avoir un b\u00e9b\u00e9 bouleverse toujours votre monde.","protected":false},"author":55,"featured_media":62907,"comment_status":"closed","ping_status":"closed","sticky":false,"template":"","format":"standard","meta":{"_acf_changed":false,"footnotes":""},"categories":[67,1,1725],"tags":[993,1057,4004],"class_list":["post-62900","post","type-post","status-publish","format-standard","has-post-thumbnail","hentry","category-lifestyle","category-non-classe","category-vie-pratique","tag-bebe","tag-lifestyle","tag-vie-pratique"],"acf":[],"_yoast_wpseo_title":null,"_yoast_wpseo_metadesc":"Des meubles \u00e9volutifs aux v\u00eatements unisexes, on vous livre cinq conseils \u00e9colo, \u00e9conomiques et \u00e9thiques pour accueillir votre tout petit !","image_verticale":null,"yoast_head":"<!-- This site is optimized with the Yoast SEO plugin v27.3 - https:\/\/yoast.com\/product\/yoast-seo-wordpress\/ -->\n<title>5 astuces pour pr\u00e9parer de mani\u00e8re durable et \u00e9thique la venue de votre b\u00e9b\u00e9 - Marie Claire Belgique<\/title>\n<meta name=\"description\" content=\"Des meubles \u00e9volutifs aux v\u00eatements unisexes, on vous livre cinq conseils \u00e9colo, \u00e9conomiques et \u00e9thiques pour accueillir votre tout petit !\" \/>\n<meta name=\"robots\" content=\"index, follow, max-snippet:-1, max-image-preview:large, max-video-preview:-1\" \/>\n<link rel=\"canonical\" href=\"https:\/\/marieclaire.be\/fr\/5-astuces-pour-preparer-de-maniere-durable-et-ethique-la-venue-de-votre-bebe\/\" \/>\n<link rel=\"next\" href=\"https:\/\/marieclaire.be\/fr\/5-astuces-pour-preparer-de-maniere-durable-et-ethique-la-venue-de-votre-bebe\/2\/\" \/>\n<meta property=\"og:locale\" content=\"fr_FR\" \/>\n<meta property=\"og:type\" content=\"article\" \/>\n<meta property=\"og:title\" content=\"5 astuces pour pr\u00e9parer de mani\u00e8re durable et \u00e9thique la venue de votre b\u00e9b\u00e9 - Marie Claire Belgique\" \/>\n<meta property=\"og:description\" content=\"Des meubles \u00e9volutifs aux v\u00eatements unisexes, on vous livre cinq conseils \u00e9colo, \u00e9conomiques et \u00e9thiques pour accueillir votre tout petit !\" \/>\n<meta property=\"og:url\" content=\"https:\/\/marieclaire.be\/fr\/5-astuces-pour-preparer-de-maniere-durable-et-ethique-la-venue-de-votre-bebe\/\" \/>\n<meta property=\"og:site_name\" content=\"Marie Claire Belgique\" \/>\n<meta property=\"article:publisher\" content=\"https:\/\/www.facebook.com\/MarieClaire.Belgique\/\" \/>\n<meta property=\"article:published_time\" content=\"2019-01-23T12:22:20+00:00\" \/>\n<meta property=\"article:modified_time\" content=\"2019-01-23T13:14:10+00:00\" \/>\n<meta property=\"og:image\" content=\"https:\/\/marieclaire.be\/fr\/wp-content\/uploads\/2019\/01\/marieclaire_bebe_mc-web-stokke.jpg\" \/>\n\t<meta property=\"og:image:width\" content=\"1050\" \/>\n\t<meta property=\"og:image:height\" content=\"550\" \/>\n\t<meta property=\"og:image:type\" content=\"image\/jpeg\" \/>\n<meta name=\"author\" content=\"Elo\u00efse Pirard\" \/>\n<meta name=\"twitter:label1\" content=\"\u00c9crit par\" \/>\n\t<meta name=\"twitter:data1\" content=\"Elo\u00efse Pirard\" \/>\n\t<meta name=\"twitter:label2\" content=\"Dur\u00e9e de lecture estim\u00e9e\" \/>\n\t<meta name=\"twitter:data2\" content=\"8 minutes\" \/>\n<script type=\"application\/ld+json\" class=\"yoast-schema-graph\">{\"@context\":\"https:\\\/\\\/schema.org\",\"@graph\":[{\"@type\":\"NewsArticle\",\"@id\":\"https:\\\/\\\/marieclaire.be\\\/fr\\\/5-astuces-pour-preparer-de-maniere-durable-et-ethique-la-venue-de-votre-bebe\\\/#article\",\"isPartOf\":{\"@id\":\"https:\\\/\\\/marieclaire.be\\\/fr\\\/5-astuces-pour-preparer-de-maniere-durable-et-ethique-la-venue-de-votre-bebe\\\/\"},\"author\":{\"name\":\"Elo\u00efse Pirard\",\"@id\":\"https:\\\/\\\/marieclaire.be\\\/fr\\\/#\\\/schema\\\/person\\\/9831643c6e34e4192508c7e80d01b78b\"},\"headline\":\"5 astuces pour pr\u00e9parer de mani\u00e8re durable et \u00e9thique la venue de votre b\u00e9b\u00e9\",\"datePublished\":\"2019-01-23T12:22:20+00:00\",\"dateModified\":\"2019-01-23T13:14:10+00:00\",\"mainEntityOfPage\":{\"@id\":\"https:\\\/\\\/marieclaire.be\\\/fr\\\/5-astuces-pour-preparer-de-maniere-durable-et-ethique-la-venue-de-votre-bebe\\\/\"},\"wordCount\":1596,\"publisher\":{\"@id\":\"https:\\\/\\\/marieclaire.be\\\/fr\\\/#organization\"},\"image\":{\"@id\":\"https:\\\/\\\/marieclaire.be\\\/fr\\\/5-astuces-pour-preparer-de-maniere-durable-et-ethique-la-venue-de-votre-bebe\\\/#primaryimage\"},\"thumbnailUrl\":\"https:\\\/\\\/marieclaire.be\\\/fr\\\/wp-content\\\/uploads\\\/2019\\\/01\\\/marieclaire_bebe_mc-web-stokke.jpg\",\"keywords\":[\"b\u00e9b\u00e9\",\"lifestyle\",\"vie pratique\"],\"articleSection\":{\"0\":\"Lifestyle\",\"2\":\"Vie pratique\"},\"inLanguage\":\"fr-FR\"},{\"@type\":\"WebPage\",\"@id\":\"https:\\\/\\\/marieclaire.be\\\/fr\\\/5-astuces-pour-preparer-de-maniere-durable-et-ethique-la-venue-de-votre-bebe\\\/\",\"url\":\"https:\\\/\\\/marieclaire.be\\\/fr\\\/5-astuces-pour-preparer-de-maniere-durable-et-ethique-la-venue-de-votre-bebe\\\/\",\"name\":\"5 astuces pour pr\u00e9parer de mani\u00e8re durable et \u00e9thique la venue de votre b\u00e9b\u00e9 - Marie Claire Belgique\",\"isPartOf\":{\"@id\":\"https:\\\/\\\/marieclaire.be\\\/fr\\\/#website\"},\"primaryImageOfPage\":{\"@id\":\"https:\\\/\\\/marieclaire.be\\\/fr\\\/5-astuces-pour-preparer-de-maniere-durable-et-ethique-la-venue-de-votre-bebe\\\/#primaryimage\"},\"image\":{\"@id\":\"https:\\\/\\\/marieclaire.be\\\/fr\\\/5-astuces-pour-preparer-de-maniere-durable-et-ethique-la-venue-de-votre-bebe\\\/#primaryimage\"},\"thumbnailUrl\":\"https:\\\/\\\/marieclaire.be\\\/fr\\\/wp-content\\\/uploads\\\/2019\\\/01\\\/marieclaire_bebe_mc-web-stokke.jpg\",\"datePublished\":\"2019-01-23T12:22:20+00:00\",\"dateModified\":\"2019-01-23T13:14:10+00:00\",\"description\":\"Des meubles \u00e9volutifs aux v\u00eatements unisexes, on vous livre cinq conseils \u00e9colo, \u00e9conomiques et \u00e9thiques pour accueillir votre tout petit !\",\"inLanguage\":\"fr-FR\",\"potentialAction\":[{\"@type\":\"ReadAction\",\"target\":[\"https:\\\/\\\/marieclaire.be\\\/fr\\\/5-astuces-pour-preparer-de-maniere-durable-et-ethique-la-venue-de-votre-bebe\\\/\"]}]},{\"@type\":\"ImageObject\",\"inLanguage\":\"fr-FR\",\"@id\":\"https:\\\/\\\/marieclaire.be\\\/fr\\\/5-astuces-pour-preparer-de-maniere-durable-et-ethique-la-venue-de-votre-bebe\\\/#primaryimage\",\"url\":\"https:\\\/\\\/marieclaire.be\\\/fr\\\/wp-content\\\/uploads\\\/2019\\\/01\\\/marieclaire_bebe_mc-web-stokke.jpg\",\"contentUrl\":\"https:\\\/\\\/marieclaire.be\\\/fr\\\/wp-content\\\/uploads\\\/2019\\\/01\\\/marieclaire_bebe_mc-web-stokke.jpg\",\"width\":1050,\"height\":550,\"caption\":\"Stokke\"},{\"@type\":\"WebSite\",\"@id\":\"https:\\\/\\\/marieclaire.be\\\/fr\\\/#website\",\"url\":\"https:\\\/\\\/marieclaire.be\\\/fr\\\/\",\"name\":\"Marie Claire Belgique\",\"description\":\"Marie Claire Belgique, le magazine du style et de l\u2019intelligence qui parle de mode, des tendances, de la beaut\u00e9, de l\u2019actualit\u00e9 et de la culture\",\"publisher\":{\"@id\":\"https:\\\/\\\/marieclaire.be\\\/fr\\\/#organization\"},\"potentialAction\":[{\"@type\":\"SearchAction\",\"target\":{\"@type\":\"EntryPoint\",\"urlTemplate\":\"https:\\\/\\\/marieclaire.be\\\/fr\\\/?s={search_term_string}\"},\"query-input\":{\"@type\":\"PropertyValueSpecification\",\"valueRequired\":true,\"valueName\":\"search_term_string\"}}],\"inLanguage\":\"fr-FR\"},{\"@type\":\"Organization\",\"@id\":\"https:\\\/\\\/marieclaire.be\\\/fr\\\/#organization\",\"name\":\"Marie Claire\",\"url\":\"https:\\\/\\\/marieclaire.be\\\/fr\\\/\",\"logo\":{\"@type\":\"ImageObject\",\"inLanguage\":\"fr-FR\",\"@id\":\"https:\\\/\\\/marieclaire.be\\\/fr\\\/#\\\/schema\\\/logo\\\/image\\\/\",\"url\":\"https:\\\/\\\/marieclaire.be\\\/fr\\\/wp-content\\\/uploads\\\/2018\\\/05\\\/mc-logo2.png\",\"contentUrl\":\"https:\\\/\\\/marieclaire.be\\\/fr\\\/wp-content\\\/uploads\\\/2018\\\/05\\\/mc-logo2.png\",\"width\":1001,\"height\":189,\"caption\":\"Marie Claire\"},\"image\":{\"@id\":\"https:\\\/\\\/marieclaire.be\\\/fr\\\/#\\\/schema\\\/logo\\\/image\\\/\"},\"sameAs\":[\"https:\\\/\\\/www.facebook.com\\\/MarieClaire.Belgique\\\/\",\"https:\\\/\\\/www.instagram.com\\\/marieclaire_belgique\\\/\",\"https:\\\/\\\/fr.pinterest.com\\\/marieclairebe\\\/\",\"https:\\\/\\\/www.youtube.com\\\/user\\\/BelgiumMarieClaire\"]},{\"@type\":\"Person\",\"@id\":\"https:\\\/\\\/marieclaire.be\\\/fr\\\/#\\\/schema\\\/person\\\/9831643c6e34e4192508c7e80d01b78b\",\"name\":\"Elo\u00efse Pirard\",\"image\":{\"@type\":\"ImageObject\",\"inLanguage\":\"fr-FR\",\"@id\":\"https:\\\/\\\/marieclaire.be\\\/fr\\\/wp-content\\\/uploads\\\/2018\\\/10\\\/eloise-96x96.jpg\",\"url\":\"https:\\\/\\\/marieclaire.be\\\/fr\\\/wp-content\\\/uploads\\\/2018\\\/10\\\/eloise-96x96.jpg\",\"contentUrl\":\"https:\\\/\\\/marieclaire.be\\\/fr\\\/wp-content\\\/uploads\\\/2018\\\/10\\\/eloise-96x96.jpg\",\"caption\":\"Elo\u00efse Pirard\"},\"description\":\"Kid des ann\u00e9es 90 compl\u00e8tement addict \u00e0 l'art et aux voyages. Mal \u00e0 l'aise en pr\u00e9sence des chats et des personnes qui les adorent.\",\"url\":\"https:\\\/\\\/marieclaire.be\\\/fr\\\/author\\\/eloise\\\/\"}]}<\/script>\n<!-- \/ Yoast SEO plugin. -->","yoast_head_json":{"title":"5 astuces pour pr\u00e9parer de mani\u00e8re durable et \u00e9thique la venue de votre b\u00e9b\u00e9 - Marie Claire Belgique","description":"Des meubles \u00e9volutifs aux v\u00eatements unisexes, on vous livre cinq conseils \u00e9colo, \u00e9conomiques et \u00e9thiques pour accueillir votre tout petit !","robots":{"index":"index","follow":"follow","max-snippet":"max-snippet:-1","max-image-preview":"max-image-preview:large","max-video-preview":"max-video-preview:-1"},"canonical":"https:\/\/marieclaire.be\/fr\/5-astuces-pour-preparer-de-maniere-durable-et-ethique-la-venue-de-votre-bebe\/","next":"https:\/\/marieclaire.be\/fr\/5-astuces-pour-preparer-de-maniere-durable-et-ethique-la-venue-de-votre-bebe\/2\/","og_locale":"fr_FR","og_type":"article","og_title":"5 astuces pour pr\u00e9parer de mani\u00e8re durable et \u00e9thique la venue de votre b\u00e9b\u00e9 - Marie Claire Belgique","og_description":"Des meubles \u00e9volutifs aux v\u00eatements unisexes, on vous livre cinq conseils \u00e9colo, \u00e9conomiques et \u00e9thiques pour accueillir votre tout petit !","og_url":"https:\/\/marieclaire.be\/fr\/5-astuces-pour-preparer-de-maniere-durable-et-ethique-la-venue-de-votre-bebe\/","og_site_name":"Marie Claire Belgique","article_publisher":"https:\/\/www.facebook.com\/MarieClaire.Belgique\/","article_published_time":"2019-01-23T12:22:20+00:00","article_modified_time":"2019-01-23T13:14:10+00:00","og_image":[{"width":1050,"height":550,"url":"https:\/\/marieclaire.be\/fr\/wp-content\/uploads\/2019\/01\/marieclaire_bebe_mc-web-stokke.jpg","type":"image\/jpeg"}],"author":"Elo\u00efse Pirard","twitter_misc":{"\u00c9crit par":"Elo\u00efse Pirard","Dur\u00e9e de lecture estim\u00e9e":"8 minutes"},"schema":{"@context":"https:\/\/schema.org","@graph":[{"@type":"NewsArticle","@id":"https:\/\/marieclaire.be\/fr\/5-astuces-pour-preparer-de-maniere-durable-et-ethique-la-venue-de-votre-bebe\/#article","isPartOf":{"@id":"https:\/\/marieclaire.be\/fr\/5-astuces-pour-preparer-de-maniere-durable-et-ethique-la-venue-de-votre-bebe\/"},"author":{"name":"Elo\u00efse Pirard","@id":"https:\/\/marieclaire.be\/fr\/#\/schema\/person\/9831643c6e34e4192508c7e80d01b78b"},"headline":"5 astuces pour pr\u00e9parer de mani\u00e8re durable et \u00e9thique la venue de votre b\u00e9b\u00e9","datePublished":"2019-01-23T12:22:20+00:00","dateModified":"2019-01-23T13:14:10+00:00","mainEntityOfPage":{"@id":"https:\/\/marieclaire.be\/fr\/5-astuces-pour-preparer-de-maniere-durable-et-ethique-la-venue-de-votre-bebe\/"},"wordCount":1596,"publisher":{"@id":"https:\/\/marieclaire.be\/fr\/#organization"},"image":{"@id":"https:\/\/marieclaire.be\/fr\/5-astuces-pour-preparer-de-maniere-durable-et-ethique-la-venue-de-votre-bebe\/#primaryimage"},"thumbnailUrl":"https:\/\/marieclaire.be\/fr\/wp-content\/uploads\/2019\/01\/marieclaire_bebe_mc-web-stokke.jpg","keywords":["b\u00e9b\u00e9","lifestyle","vie pratique"],"articleSection":{"0":"Lifestyle","2":"Vie pratique"},"inLanguage":"fr-FR"},{"@type":"WebPage","@id":"https:\/\/marieclaire.be\/fr\/5-astuces-pour-preparer-de-maniere-durable-et-ethique-la-venue-de-votre-bebe\/","url":"https:\/\/marieclaire.be\/fr\/5-astuces-pour-preparer-de-maniere-durable-et-ethique-la-venue-de-votre-bebe\/","name":"5 astuces pour pr\u00e9parer de mani\u00e8re durable et \u00e9thique la venue de votre b\u00e9b\u00e9 - Marie Claire Belgique","isPartOf":{"@id":"https:\/\/marieclaire.be\/fr\/#website"},"primaryImageOfPage":{"@id":"https:\/\/marieclaire.be\/fr\/5-astuces-pour-preparer-de-maniere-durable-et-ethique-la-venue-de-votre-bebe\/#primaryimage"},"image":{"@id":"https:\/\/marieclaire.be\/fr\/5-astuces-pour-preparer-de-maniere-durable-et-ethique-la-venue-de-votre-bebe\/#primaryimage"},"thumbnailUrl":"https:\/\/marieclaire.be\/fr\/wp-content\/uploads\/2019\/01\/marieclaire_bebe_mc-web-stokke.jpg","datePublished":"2019-01-23T12:22:20+00:00","dateModified":"2019-01-23T13:14:10+00:00","description":"Des meubles \u00e9volutifs aux v\u00eatements unisexes, on vous livre cinq conseils \u00e9colo, \u00e9conomiques et \u00e9thiques pour accueillir votre tout petit !","inLanguage":"fr-FR","potentialAction":[{"@type":"ReadAction","target":["https:\/\/marieclaire.be\/fr\/5-astuces-pour-preparer-de-maniere-durable-et-ethique-la-venue-de-votre-bebe\/"]}]},{"@type":"ImageObject","inLanguage":"fr-FR","@id":"https:\/\/marieclaire.be\/fr\/5-astuces-pour-preparer-de-maniere-durable-et-ethique-la-venue-de-votre-bebe\/#primaryimage","url":"https:\/\/marieclaire.be\/fr\/wp-content\/uploads\/2019\/01\/marieclaire_bebe_mc-web-stokke.jpg","contentUrl":"https:\/\/marieclaire.be\/fr\/wp-content\/uploads\/2019\/01\/marieclaire_bebe_mc-web-stokke.jpg","width":1050,"height":550,"caption":"Stokke"},{"@type":"WebSite","@id":"https:\/\/marieclaire.be\/fr\/#website","url":"https:\/\/marieclaire.be\/fr\/","name":"Marie Claire Belgique","description":"Marie Claire Belgique, le magazine du style et de l\u2019intelligence qui parle de mode, des tendances, de la beaut\u00e9, de l\u2019actualit\u00e9 et de la culture","publisher":{"@id":"https:\/\/marieclaire.be\/fr\/#organization"},"potentialAction":[{"@type":"SearchAction","target":{"@type":"EntryPoint","urlTemplate":"https:\/\/marieclaire.be\/fr\/?s={search_term_string}"},"query-input":{"@type":"PropertyValueSpecification","valueRequired":true,"valueName":"search_term_string"}}],"inLanguage":"fr-FR"},{"@type":"Organization","@id":"https:\/\/marieclaire.be\/fr\/#organization","name":"Marie Claire","url":"https:\/\/marieclaire.be\/fr\/","logo":{"@type":"ImageObject","inLanguage":"fr-FR","@id":"https:\/\/marieclaire.be\/fr\/#\/schema\/logo\/image\/","url":"https:\/\/marieclaire.be\/fr\/wp-content\/uploads\/2018\/05\/mc-logo2.png","contentUrl":"https:\/\/marieclaire.be\/fr\/wp-content\/uploads\/2018\/05\/mc-logo2.png","width":1001,"height":189,"caption":"Marie Claire"},"image":{"@id":"https:\/\/marieclaire.be\/fr\/#\/schema\/logo\/image\/"},"sameAs":["https:\/\/www.facebook.com\/MarieClaire.Belgique\/","https:\/\/www.instagram.com\/marieclaire_belgique\/","https:\/\/fr.pinterest.com\/marieclairebe\/","https:\/\/www.youtube.com\/user\/BelgiumMarieClaire"]},{"@type":"Person","@id":"https:\/\/marieclaire.be\/fr\/#\/schema\/person\/9831643c6e34e4192508c7e80d01b78b","name":"Elo\u00efse Pirard","image":{"@type":"ImageObject","inLanguage":"fr-FR","@id":"https:\/\/marieclaire.be\/fr\/wp-content\/uploads\/2018\/10\/eloise-96x96.jpg","url":"https:\/\/marieclaire.be\/fr\/wp-content\/uploads\/2018\/10\/eloise-96x96.jpg","contentUrl":"https:\/\/marieclaire.be\/fr\/wp-content\/uploads\/2018\/10\/eloise-96x96.jpg","caption":"Elo\u00efse Pirard"},"description":"Kid des ann\u00e9es 90 compl\u00e8tement addict \u00e0 l'art et aux voyages. Mal \u00e0 l'aise en pr\u00e9sence des chats et des personnes qui les adorent.","url":"https:\/\/marieclaire.be\/fr\/author\/eloise\/"}]}},"_links":{"self":[{"href":"https:\/\/marieclaire.be\/fr\/wp-json\/wp\/v2\/posts\/62900","targetHints":{"allow":["GET"]}}],"collection":[{"href":"https:\/\/marieclaire.be\/fr\/wp-json\/wp\/v2\/posts"}],"about":[{"href":"https:\/\/marieclaire.be\/fr\/wp-json\/wp\/v2\/types\/post"}],"author":[{"embeddable":true,"href":"https:\/\/marieclaire.be\/fr\/wp-json\/wp\/v2\/users\/55"}],"replies":[{"embeddable":true,"href":"https:\/\/marieclaire.be\/fr\/wp-json\/wp\/v2\/comments?post=62900"}],"version-history":[{"count":0,"href":"https:\/\/marieclaire.be\/fr\/wp-json\/wp\/v2\/posts\/62900\/revisions"}],"wp:featuredmedia":[{"embeddable":true,"href":"https:\/\/marieclaire.be\/fr\/wp-json\/wp\/v2\/media\/62907"}],"wp:attachment":[{"href":"https:\/\/marieclaire.be\/fr\/wp-json\/wp\/v2\/media?parent=62900"}],"wp:term":[{"taxonomy":"category","embeddable":true,"href":"https:\/\/marieclaire.be\/fr\/wp-json\/wp\/v2\/categories?post=62900"},{"taxonomy":"post_tag","embeddable":true,"href":"https:\/\/marieclaire.be\/fr\/wp-json\/wp\/v2\/tags?post=62900"}],"curies":[{"name":"wp","href":"https:\/\/api.w.org\/{rel}","templated":true}]}}