{"id":60518,"date":"2018-12-06T14:13:29","date_gmt":"2018-12-06T13:13:29","guid":{"rendered":"https:\/\/marieclaire.be\/fr\/?p=60518"},"modified":"2018-12-06T14:54:19","modified_gmt":"2018-12-06T13:54:19","slug":"la-division-masculine-du-groupe-edition-ventures-recherche-une-chargee-de-communication-digitale-et-commerciale-nl-fr","status":"publish","type":"post","link":"https:\/\/marieclaire.be\/fr\/la-division-masculine-du-groupe-edition-ventures-recherche-une-chargee-de-communication-digitale-et-commerciale-nl-fr\/","title":{"rendered":"La division masculine du groupe Edition Ventures recherche un(e) charg\u00e9(e) de communication digitale et commerciale NL\/FR"},"content":{"rendered":"","protected":false},"excerpt":{"rendered":"Envie de travailler pour vos magazines de prestige masculin pr\u00e9f\u00e9r\u00e9s\u00a0? Parce que la division So Gentlemen est \u00e0 la recherche d\u2019un(e) charg\u00e9(e) de communication digitale et commercial(e) bilingue dont le n\u00e9erlandais est la langue maternelle\u2026\nQuel profil\u00a0?\n \tBilingue n\u00e9erlandais-fran\u00e7ais (n\u00e9erlandais langue maternelle), mais tout autre langue est un plus\n \tAvoir une bonne plume\n \tPro-actif et multi-t\u00e2ches\n \tMotiv\u00e9 et flexible\n \tDisponible le plus rapidement possible\n \tConnaissance des outils suivants : WordPress, Google Analytics, Photoshop\n \tLes r\u00e9seaux sociaux n&#8217;ont pas de secret pour vous : Facebook, Pinterest et Instagram\n \tVous poss\u00e9dez un v\u00e9hicule et n\u2019habitez pas trop loin des bureaux situ\u00e9s \u00e0 Lasne\nPour faire quoi\u00a0?\n \tGestion du site internet NL\u00a0: r\u00e9dactions de news, cr\u00e9ation de sondages, concours, newsletters\u00a0\n \tInt\u00e9gration \u00e0 l\u2019\u00e9quipe commerciale du P\u00f4le masculin pour le march\u00e9 NL\n \tAlimenter les r\u00e9seaux sociaux NL\n \tR\u00e9daction et traduction d\u2019articles pour les magazines print\n \tD\u00e9velopper des projets cr\u00e9atifs pour d\u00e9velopper l\u2019image du P\u00f4le masculin\n \tInt\u00e9gration \u00e0 l\u2019\u00e9quipe commerciale du P\u00f4le masculin\n \tFaire le suivi des t\u00e2ches administratives li\u00e9es aux projets commerciaux et digitaux\nInt\u00e9ress\u00e9(e) ? Envoyez votre CV et votre lettre de motivation \u00e0 Le\u00efla Poleszczuk via lpo@editionventures.","protected":false},"author":2,"featured_media":60519,"comment_status":"closed","ping_status":"closed","sticky":false,"template":"","format":"standard","meta":{"_acf_changed":false,"footnotes":""},"categories":[1593],"tags":[],"class_list":["post-60518","post","type-post","status-publish","format-standard","has-post-thumbnail","hentry","category-travail"],"acf":[],"_yoast_wpseo_title":null,"_yoast_wpseo_metadesc":null,"image_verticale":null,"yoast_head":"<!-- This site is optimized with the Yoast SEO plugin v27.3 - https:\/\/yoast.com\/product\/yoast-seo-wordpress\/ -->\n<title>La division masculine du groupe Edition Ventures recherche un(e) charg\u00e9(e) de communication digitale et commerciale NL\/FR - Marie Claire Belgique<\/title>\n<meta name=\"robots\" content=\"index, follow, max-snippet:-1, max-image-preview:large, max-video-preview:-1\" \/>\n<link rel=\"canonical\" href=\"https:\/\/marieclaire.be\/fr\/la-division-masculine-du-groupe-edition-ventures-recherche-une-chargee-de-communication-digitale-et-commerciale-nl-fr\/\" \/>\n<meta property=\"og:locale\" content=\"fr_FR\" \/>\n<meta property=\"og:type\" content=\"article\" \/>\n<meta property=\"og:title\" content=\"La division masculine du groupe Edition Ventures recherche un(e) charg\u00e9(e) de communication digitale et commerciale NL\/FR - Marie Claire Belgique\" \/>\n<meta property=\"og:description\" content=\"Envie de travailler pour vos magazines de prestige masculin pr\u00e9f\u00e9r\u00e9s\u00a0? Parce que la division So Gentlemen est \u00e0 la recherche d\u2019un(e) charg\u00e9(e) de communication digitale et commercial(e) bilingue dont le n\u00e9erlandais est la langue maternelle\u2026 Quel profil\u00a0?   Bilingue n\u00e9erlandais-fran\u00e7ais (n\u00e9erlandais langue maternelle), mais tout autre langue est un plus  Avoir une bonne plume  Pro-actif et multi-t\u00e2ches  Motiv\u00e9 et flexible  Disponible le plus rapidement possible  Connaissance des outils suivants : WordPress, Google Analytics, Photoshop  Les r\u00e9seaux sociaux n&#039;ont pas de secret pour vous : Facebook, Pinterest et Instagram  Vous poss\u00e9dez un v\u00e9hicule et n\u2019habitez pas trop loin des bureaux situ\u00e9s \u00e0 Lasne  Pour faire quoi\u00a0?   Gestion du site internet NL\u00a0: r\u00e9dactions de news, cr\u00e9ation de sondages, concours, newsletters\u00a0  Int\u00e9gration \u00e0 l\u2019\u00e9quipe commerciale du P\u00f4le masculin pour le march\u00e9 NL  Alimenter les r\u00e9seaux sociaux NL  R\u00e9daction et traduction d\u2019articles pour les magazines print  D\u00e9velopper des projets cr\u00e9atifs pour d\u00e9velopper l\u2019image du P\u00f4le masculin  Int\u00e9gration \u00e0 l\u2019\u00e9quipe commerciale du P\u00f4le masculin  Faire le suivi des t\u00e2ches administratives li\u00e9es aux projets commerciaux et digitaux  Int\u00e9ress\u00e9(e) ? Envoyez votre CV et votre lettre de motivation \u00e0 Le\u00efla Poleszczuk via lpo@editionventures.\" \/>\n<meta property=\"og:url\" content=\"https:\/\/marieclaire.be\/fr\/la-division-masculine-du-groupe-edition-ventures-recherche-une-chargee-de-communication-digitale-et-commerciale-nl-fr\/\" \/>\n<meta property=\"og:site_name\" content=\"Marie Claire Belgique\" \/>\n<meta property=\"article:publisher\" content=\"https:\/\/www.facebook.com\/MarieClaire.Belgique\/\" \/>\n<meta property=\"article:published_time\" content=\"2018-12-06T13:13:29+00:00\" \/>\n<meta property=\"article:modified_time\" content=\"2018-12-06T13:54:19+00:00\" \/>\n<meta property=\"og:image\" content=\"https:\/\/marieclaire.be\/fr\/wp-content\/uploads\/2018\/12\/mc_offre_emploi_1050x550.jpg\" \/>\n\t<meta property=\"og:image:width\" content=\"1050\" \/>\n\t<meta property=\"og:image:height\" content=\"550\" \/>\n\t<meta property=\"og:image:type\" content=\"image\/jpeg\" \/>\n<meta name=\"author\" content=\"Marieclaire\" \/>\n<meta name=\"twitter:label1\" content=\"\u00c9crit par\" \/>\n\t<meta name=\"twitter:data1\" content=\"Marieclaire\" \/>\n\t<meta name=\"twitter:label2\" content=\"Dur\u00e9e de lecture estim\u00e9e\" \/>\n\t<meta name=\"twitter:data2\" content=\"1 minute\" \/>\n<script type=\"application\/ld+json\" class=\"yoast-schema-graph\">{\"@context\":\"https:\\\/\\\/schema.org\",\"@graph\":[{\"@type\":\"NewsArticle\",\"@id\":\"https:\\\/\\\/marieclaire.be\\\/fr\\\/la-division-masculine-du-groupe-edition-ventures-recherche-une-chargee-de-communication-digitale-et-commerciale-nl-fr\\\/#article\",\"isPartOf\":{\"@id\":\"https:\\\/\\\/marieclaire.be\\\/fr\\\/la-division-masculine-du-groupe-edition-ventures-recherche-une-chargee-de-communication-digitale-et-commerciale-nl-fr\\\/\"},\"author\":{\"name\":\"Marieclaire\",\"@id\":\"https:\\\/\\\/marieclaire.be\\\/fr\\\/#\\\/schema\\\/person\\\/be1fb0a9a9509ad07ea6321bf4bf3524\"},\"headline\":\"La division masculine du groupe Edition Ventures recherche un(e) charg\u00e9(e) de communication digitale et commerciale NL\\\/FR\",\"datePublished\":\"2018-12-06T13:13:29+00:00\",\"dateModified\":\"2018-12-06T13:54:19+00:00\",\"mainEntityOfPage\":{\"@id\":\"https:\\\/\\\/marieclaire.be\\\/fr\\\/la-division-masculine-du-groupe-edition-ventures-recherche-une-chargee-de-communication-digitale-et-commerciale-nl-fr\\\/\"},\"wordCount\":236,\"publisher\":{\"@id\":\"https:\\\/\\\/marieclaire.be\\\/fr\\\/#organization\"},\"image\":{\"@id\":\"https:\\\/\\\/marieclaire.be\\\/fr\\\/la-division-masculine-du-groupe-edition-ventures-recherche-une-chargee-de-communication-digitale-et-commerciale-nl-fr\\\/#primaryimage\"},\"thumbnailUrl\":\"https:\\\/\\\/marieclaire.be\\\/fr\\\/wp-content\\\/uploads\\\/2018\\\/12\\\/mc_offre_emploi_1050x550.jpg\",\"articleSection\":[\"Travail\"],\"inLanguage\":\"fr-FR\"},{\"@type\":\"WebPage\",\"@id\":\"https:\\\/\\\/marieclaire.be\\\/fr\\\/la-division-masculine-du-groupe-edition-ventures-recherche-une-chargee-de-communication-digitale-et-commerciale-nl-fr\\\/\",\"url\":\"https:\\\/\\\/marieclaire.be\\\/fr\\\/la-division-masculine-du-groupe-edition-ventures-recherche-une-chargee-de-communication-digitale-et-commerciale-nl-fr\\\/\",\"name\":\"La division masculine du groupe Edition Ventures recherche un(e) charg\u00e9(e) de communication digitale et commerciale NL\\\/FR - Marie Claire Belgique\",\"isPartOf\":{\"@id\":\"https:\\\/\\\/marieclaire.be\\\/fr\\\/#website\"},\"primaryImageOfPage\":{\"@id\":\"https:\\\/\\\/marieclaire.be\\\/fr\\\/la-division-masculine-du-groupe-edition-ventures-recherche-une-chargee-de-communication-digitale-et-commerciale-nl-fr\\\/#primaryimage\"},\"image\":{\"@id\":\"https:\\\/\\\/marieclaire.be\\\/fr\\\/la-division-masculine-du-groupe-edition-ventures-recherche-une-chargee-de-communication-digitale-et-commerciale-nl-fr\\\/#primaryimage\"},\"thumbnailUrl\":\"https:\\\/\\\/marieclaire.be\\\/fr\\\/wp-content\\\/uploads\\\/2018\\\/12\\\/mc_offre_emploi_1050x550.jpg\",\"datePublished\":\"2018-12-06T13:13:29+00:00\",\"dateModified\":\"2018-12-06T13:54:19+00:00\",\"breadcrumb\":{\"@id\":\"https:\\\/\\\/marieclaire.be\\\/fr\\\/la-division-masculine-du-groupe-edition-ventures-recherche-une-chargee-de-communication-digitale-et-commerciale-nl-fr\\\/#breadcrumb\"},\"inLanguage\":\"fr-FR\",\"potentialAction\":[{\"@type\":\"ReadAction\",\"target\":[\"https:\\\/\\\/marieclaire.be\\\/fr\\\/la-division-masculine-du-groupe-edition-ventures-recherche-une-chargee-de-communication-digitale-et-commerciale-nl-fr\\\/\"]}]},{\"@type\":\"ImageObject\",\"inLanguage\":\"fr-FR\",\"@id\":\"https:\\\/\\\/marieclaire.be\\\/fr\\\/la-division-masculine-du-groupe-edition-ventures-recherche-une-chargee-de-communication-digitale-et-commerciale-nl-fr\\\/#primaryimage\",\"url\":\"https:\\\/\\\/marieclaire.be\\\/fr\\\/wp-content\\\/uploads\\\/2018\\\/12\\\/mc_offre_emploi_1050x550.jpg\",\"contentUrl\":\"https:\\\/\\\/marieclaire.be\\\/fr\\\/wp-content\\\/uploads\\\/2018\\\/12\\\/mc_offre_emploi_1050x550.jpg\",\"width\":1050,\"height\":550},{\"@type\":\"BreadcrumbList\",\"@id\":\"https:\\\/\\\/marieclaire.be\\\/fr\\\/la-division-masculine-du-groupe-edition-ventures-recherche-une-chargee-de-communication-digitale-et-commerciale-nl-fr\\\/#breadcrumb\",\"itemListElement\":[{\"@type\":\"ListItem\",\"position\":1,\"name\":\"Accueil\",\"item\":\"https:\\\/\\\/marieclaire.be\\\/fr\\\/\"},{\"@type\":\"ListItem\",\"position\":2,\"name\":\"La division masculine du groupe Edition Ventures recherche un(e) charg\u00e9(e) de communication digitale et commerciale NL\\\/FR\"}]},{\"@type\":\"WebSite\",\"@id\":\"https:\\\/\\\/marieclaire.be\\\/fr\\\/#website\",\"url\":\"https:\\\/\\\/marieclaire.be\\\/fr\\\/\",\"name\":\"Marie Claire Belgique\",\"description\":\"Marie Claire Belgique, le magazine du style et de l\u2019intelligence qui parle de mode, des tendances, de la beaut\u00e9, de l\u2019actualit\u00e9 et de la culture\",\"publisher\":{\"@id\":\"https:\\\/\\\/marieclaire.be\\\/fr\\\/#organization\"},\"potentialAction\":[{\"@type\":\"SearchAction\",\"target\":{\"@type\":\"EntryPoint\",\"urlTemplate\":\"https:\\\/\\\/marieclaire.be\\\/fr\\\/?s={search_term_string}\"},\"query-input\":{\"@type\":\"PropertyValueSpecification\",\"valueRequired\":true,\"valueName\":\"search_term_string\"}}],\"inLanguage\":\"fr-FR\"},{\"@type\":\"Organization\",\"@id\":\"https:\\\/\\\/marieclaire.be\\\/fr\\\/#organization\",\"name\":\"Marie Claire\",\"url\":\"https:\\\/\\\/marieclaire.be\\\/fr\\\/\",\"logo\":{\"@type\":\"ImageObject\",\"inLanguage\":\"fr-FR\",\"@id\":\"https:\\\/\\\/marieclaire.be\\\/fr\\\/#\\\/schema\\\/logo\\\/image\\\/\",\"url\":\"https:\\\/\\\/marieclaire.be\\\/fr\\\/wp-content\\\/uploads\\\/2018\\\/05\\\/mc-logo2.png\",\"contentUrl\":\"https:\\\/\\\/marieclaire.be\\\/fr\\\/wp-content\\\/uploads\\\/2018\\\/05\\\/mc-logo2.png\",\"width\":1001,\"height\":189,\"caption\":\"Marie Claire\"},\"image\":{\"@id\":\"https:\\\/\\\/marieclaire.be\\\/fr\\\/#\\\/schema\\\/logo\\\/image\\\/\"},\"sameAs\":[\"https:\\\/\\\/www.facebook.com\\\/MarieClaire.Belgique\\\/\",\"https:\\\/\\\/www.instagram.com\\\/marieclaire_belgique\\\/\",\"https:\\\/\\\/fr.pinterest.com\\\/marieclairebe\\\/\",\"https:\\\/\\\/www.youtube.com\\\/user\\\/BelgiumMarieClaire\"]},{\"@type\":\"Person\",\"@id\":\"https:\\\/\\\/marieclaire.be\\\/fr\\\/#\\\/schema\\\/person\\\/be1fb0a9a9509ad07ea6321bf4bf3524\",\"name\":\"Marieclaire\",\"image\":{\"@type\":\"ImageObject\",\"inLanguage\":\"fr-FR\",\"@id\":\"https:\\\/\\\/marieclaire.be\\\/fr\\\/wp-content\\\/uploads\\\/2016\\\/11\\\/mclogo-96x96.jpg\",\"url\":\"https:\\\/\\\/marieclaire.be\\\/fr\\\/wp-content\\\/uploads\\\/2016\\\/11\\\/mclogo-96x96.jpg\",\"contentUrl\":\"https:\\\/\\\/marieclaire.be\\\/fr\\\/wp-content\\\/uploads\\\/2016\\\/11\\\/mclogo-96x96.jpg\",\"caption\":\"Marieclaire\"},\"url\":\"https:\\\/\\\/marieclaire.be\\\/fr\\\/author\\\/marieclaire\\\/\"}]}<\/script>\n<!-- \/ Yoast SEO plugin. -->","yoast_head_json":{"title":"La division masculine du groupe Edition Ventures recherche un(e) charg\u00e9(e) de communication digitale et commerciale NL\/FR - Marie Claire Belgique","robots":{"index":"index","follow":"follow","max-snippet":"max-snippet:-1","max-image-preview":"max-image-preview:large","max-video-preview":"max-video-preview:-1"},"canonical":"https:\/\/marieclaire.be\/fr\/la-division-masculine-du-groupe-edition-ventures-recherche-une-chargee-de-communication-digitale-et-commerciale-nl-fr\/","og_locale":"fr_FR","og_type":"article","og_title":"La division masculine du groupe Edition Ventures recherche un(e) charg\u00e9(e) de communication digitale et commerciale NL\/FR - Marie Claire Belgique","og_description":"Envie de travailler pour vos magazines de prestige masculin pr\u00e9f\u00e9r\u00e9s\u00a0? Parce que la division So Gentlemen est \u00e0 la recherche d\u2019un(e) charg\u00e9(e) de communication digitale et commercial(e) bilingue dont le n\u00e9erlandais est la langue maternelle\u2026 Quel profil\u00a0?   Bilingue n\u00e9erlandais-fran\u00e7ais (n\u00e9erlandais langue maternelle), mais tout autre langue est un plus  Avoir une bonne plume  Pro-actif et multi-t\u00e2ches  Motiv\u00e9 et flexible  Disponible le plus rapidement possible  Connaissance des outils suivants : WordPress, Google Analytics, Photoshop  Les r\u00e9seaux sociaux n'ont pas de secret pour vous : Facebook, Pinterest et Instagram  Vous poss\u00e9dez un v\u00e9hicule et n\u2019habitez pas trop loin des bureaux situ\u00e9s \u00e0 Lasne  Pour faire quoi\u00a0?   Gestion du site internet NL\u00a0: r\u00e9dactions de news, cr\u00e9ation de sondages, concours, newsletters\u00a0  Int\u00e9gration \u00e0 l\u2019\u00e9quipe commerciale du P\u00f4le masculin pour le march\u00e9 NL  Alimenter les r\u00e9seaux sociaux NL  R\u00e9daction et traduction d\u2019articles pour les magazines print  D\u00e9velopper des projets cr\u00e9atifs pour d\u00e9velopper l\u2019image du P\u00f4le masculin  Int\u00e9gration \u00e0 l\u2019\u00e9quipe commerciale du P\u00f4le masculin  Faire le suivi des t\u00e2ches administratives li\u00e9es aux projets commerciaux et digitaux  Int\u00e9ress\u00e9(e) ? Envoyez votre CV et votre lettre de motivation \u00e0 Le\u00efla Poleszczuk via lpo@editionventures.","og_url":"https:\/\/marieclaire.be\/fr\/la-division-masculine-du-groupe-edition-ventures-recherche-une-chargee-de-communication-digitale-et-commerciale-nl-fr\/","og_site_name":"Marie Claire Belgique","article_publisher":"https:\/\/www.facebook.com\/MarieClaire.Belgique\/","article_published_time":"2018-12-06T13:13:29+00:00","article_modified_time":"2018-12-06T13:54:19+00:00","og_image":[{"width":1050,"height":550,"url":"https:\/\/marieclaire.be\/fr\/wp-content\/uploads\/2018\/12\/mc_offre_emploi_1050x550.jpg","type":"image\/jpeg"}],"author":"Marieclaire","twitter_misc":{"\u00c9crit par":"Marieclaire","Dur\u00e9e de lecture estim\u00e9e":"1 minute"},"schema":{"@context":"https:\/\/schema.org","@graph":[{"@type":"NewsArticle","@id":"https:\/\/marieclaire.be\/fr\/la-division-masculine-du-groupe-edition-ventures-recherche-une-chargee-de-communication-digitale-et-commerciale-nl-fr\/#article","isPartOf":{"@id":"https:\/\/marieclaire.be\/fr\/la-division-masculine-du-groupe-edition-ventures-recherche-une-chargee-de-communication-digitale-et-commerciale-nl-fr\/"},"author":{"name":"Marieclaire","@id":"https:\/\/marieclaire.be\/fr\/#\/schema\/person\/be1fb0a9a9509ad07ea6321bf4bf3524"},"headline":"La division masculine du groupe Edition Ventures recherche un(e) charg\u00e9(e) de communication digitale et commerciale NL\/FR","datePublished":"2018-12-06T13:13:29+00:00","dateModified":"2018-12-06T13:54:19+00:00","mainEntityOfPage":{"@id":"https:\/\/marieclaire.be\/fr\/la-division-masculine-du-groupe-edition-ventures-recherche-une-chargee-de-communication-digitale-et-commerciale-nl-fr\/"},"wordCount":236,"publisher":{"@id":"https:\/\/marieclaire.be\/fr\/#organization"},"image":{"@id":"https:\/\/marieclaire.be\/fr\/la-division-masculine-du-groupe-edition-ventures-recherche-une-chargee-de-communication-digitale-et-commerciale-nl-fr\/#primaryimage"},"thumbnailUrl":"https:\/\/marieclaire.be\/fr\/wp-content\/uploads\/2018\/12\/mc_offre_emploi_1050x550.jpg","articleSection":["Travail"],"inLanguage":"fr-FR"},{"@type":"WebPage","@id":"https:\/\/marieclaire.be\/fr\/la-division-masculine-du-groupe-edition-ventures-recherche-une-chargee-de-communication-digitale-et-commerciale-nl-fr\/","url":"https:\/\/marieclaire.be\/fr\/la-division-masculine-du-groupe-edition-ventures-recherche-une-chargee-de-communication-digitale-et-commerciale-nl-fr\/","name":"La division masculine du groupe Edition Ventures recherche un(e) charg\u00e9(e) de communication digitale et commerciale NL\/FR - Marie Claire Belgique","isPartOf":{"@id":"https:\/\/marieclaire.be\/fr\/#website"},"primaryImageOfPage":{"@id":"https:\/\/marieclaire.be\/fr\/la-division-masculine-du-groupe-edition-ventures-recherche-une-chargee-de-communication-digitale-et-commerciale-nl-fr\/#primaryimage"},"image":{"@id":"https:\/\/marieclaire.be\/fr\/la-division-masculine-du-groupe-edition-ventures-recherche-une-chargee-de-communication-digitale-et-commerciale-nl-fr\/#primaryimage"},"thumbnailUrl":"https:\/\/marieclaire.be\/fr\/wp-content\/uploads\/2018\/12\/mc_offre_emploi_1050x550.jpg","datePublished":"2018-12-06T13:13:29+00:00","dateModified":"2018-12-06T13:54:19+00:00","breadcrumb":{"@id":"https:\/\/marieclaire.be\/fr\/la-division-masculine-du-groupe-edition-ventures-recherche-une-chargee-de-communication-digitale-et-commerciale-nl-fr\/#breadcrumb"},"inLanguage":"fr-FR","potentialAction":[{"@type":"ReadAction","target":["https:\/\/marieclaire.be\/fr\/la-division-masculine-du-groupe-edition-ventures-recherche-une-chargee-de-communication-digitale-et-commerciale-nl-fr\/"]}]},{"@type":"ImageObject","inLanguage":"fr-FR","@id":"https:\/\/marieclaire.be\/fr\/la-division-masculine-du-groupe-edition-ventures-recherche-une-chargee-de-communication-digitale-et-commerciale-nl-fr\/#primaryimage","url":"https:\/\/marieclaire.be\/fr\/wp-content\/uploads\/2018\/12\/mc_offre_emploi_1050x550.jpg","contentUrl":"https:\/\/marieclaire.be\/fr\/wp-content\/uploads\/2018\/12\/mc_offre_emploi_1050x550.jpg","width":1050,"height":550},{"@type":"BreadcrumbList","@id":"https:\/\/marieclaire.be\/fr\/la-division-masculine-du-groupe-edition-ventures-recherche-une-chargee-de-communication-digitale-et-commerciale-nl-fr\/#breadcrumb","itemListElement":[{"@type":"ListItem","position":1,"name":"Accueil","item":"https:\/\/marieclaire.be\/fr\/"},{"@type":"ListItem","position":2,"name":"La division masculine du groupe Edition Ventures recherche un(e) charg\u00e9(e) de communication digitale et commerciale NL\/FR"}]},{"@type":"WebSite","@id":"https:\/\/marieclaire.be\/fr\/#website","url":"https:\/\/marieclaire.be\/fr\/","name":"Marie Claire Belgique","description":"Marie Claire Belgique, le magazine du style et de l\u2019intelligence qui parle de mode, des tendances, de la beaut\u00e9, de l\u2019actualit\u00e9 et de la culture","publisher":{"@id":"https:\/\/marieclaire.be\/fr\/#organization"},"potentialAction":[{"@type":"SearchAction","target":{"@type":"EntryPoint","urlTemplate":"https:\/\/marieclaire.be\/fr\/?s={search_term_string}"},"query-input":{"@type":"PropertyValueSpecification","valueRequired":true,"valueName":"search_term_string"}}],"inLanguage":"fr-FR"},{"@type":"Organization","@id":"https:\/\/marieclaire.be\/fr\/#organization","name":"Marie Claire","url":"https:\/\/marieclaire.be\/fr\/","logo":{"@type":"ImageObject","inLanguage":"fr-FR","@id":"https:\/\/marieclaire.be\/fr\/#\/schema\/logo\/image\/","url":"https:\/\/marieclaire.be\/fr\/wp-content\/uploads\/2018\/05\/mc-logo2.png","contentUrl":"https:\/\/marieclaire.be\/fr\/wp-content\/uploads\/2018\/05\/mc-logo2.png","width":1001,"height":189,"caption":"Marie Claire"},"image":{"@id":"https:\/\/marieclaire.be\/fr\/#\/schema\/logo\/image\/"},"sameAs":["https:\/\/www.facebook.com\/MarieClaire.Belgique\/","https:\/\/www.instagram.com\/marieclaire_belgique\/","https:\/\/fr.pinterest.com\/marieclairebe\/","https:\/\/www.youtube.com\/user\/BelgiumMarieClaire"]},{"@type":"Person","@id":"https:\/\/marieclaire.be\/fr\/#\/schema\/person\/be1fb0a9a9509ad07ea6321bf4bf3524","name":"Marieclaire","image":{"@type":"ImageObject","inLanguage":"fr-FR","@id":"https:\/\/marieclaire.be\/fr\/wp-content\/uploads\/2016\/11\/mclogo-96x96.jpg","url":"https:\/\/marieclaire.be\/fr\/wp-content\/uploads\/2016\/11\/mclogo-96x96.jpg","contentUrl":"https:\/\/marieclaire.be\/fr\/wp-content\/uploads\/2016\/11\/mclogo-96x96.jpg","caption":"Marieclaire"},"url":"https:\/\/marieclaire.be\/fr\/author\/marieclaire\/"}]}},"_links":{"self":[{"href":"https:\/\/marieclaire.be\/fr\/wp-json\/wp\/v2\/posts\/60518","targetHints":{"allow":["GET"]}}],"collection":[{"href":"https:\/\/marieclaire.be\/fr\/wp-json\/wp\/v2\/posts"}],"about":[{"href":"https:\/\/marieclaire.be\/fr\/wp-json\/wp\/v2\/types\/post"}],"author":[{"embeddable":true,"href":"https:\/\/marieclaire.be\/fr\/wp-json\/wp\/v2\/users\/2"}],"replies":[{"embeddable":true,"href":"https:\/\/marieclaire.be\/fr\/wp-json\/wp\/v2\/comments?post=60518"}],"version-history":[{"count":0,"href":"https:\/\/marieclaire.be\/fr\/wp-json\/wp\/v2\/posts\/60518\/revisions"}],"wp:featuredmedia":[{"embeddable":true,"href":"https:\/\/marieclaire.be\/fr\/wp-json\/wp\/v2\/media\/60519"}],"wp:attachment":[{"href":"https:\/\/marieclaire.be\/fr\/wp-json\/wp\/v2\/media?parent=60518"}],"wp:term":[{"taxonomy":"category","embeddable":true,"href":"https:\/\/marieclaire.be\/fr\/wp-json\/wp\/v2\/categories?post=60518"},{"taxonomy":"post_tag","embeddable":true,"href":"https:\/\/marieclaire.be\/fr\/wp-json\/wp\/v2\/tags?post=60518"}],"curies":[{"name":"wp","href":"https:\/\/api.w.org\/{rel}","templated":true}]}}