{"id":60387,"date":"2018-12-05T17:54:24","date_gmt":"2018-12-05T16:54:24","guid":{"rendered":"https:\/\/marieclaire.be\/fr\/?p=60387"},"modified":"2018-12-06T09:24:58","modified_gmt":"2018-12-06T08:24:58","slug":"2019-lannee-du-vegetalisme-veganisme","status":"publish","type":"post","link":"https:\/\/marieclaire.be\/fr\/2019-lannee-du-vegetalisme-veganisme\/","title":{"rendered":"2019 sera-t-elle l&#8217;ann\u00e9e du v\u00e9g\u00e9talisme en Europe?"},"content":{"rendered":"","protected":false},"excerpt":{"rendered":"Cette ann\u00e9e Uber Eats a r\u00e9alis\u00e9 un Foodcast pour d\u00e9terminer quels \u00e9taient les principales tendances alimentaires de ses consommateurs. ...","protected":false},"author":8,"featured_media":60415,"comment_status":"closed","ping_status":"closed","sticky":false,"template":"","format":"standard","meta":{"_acf_changed":false,"footnotes":""},"categories":[806,67],"tags":[202,687],"class_list":["post-60387","post","type-post","status-publish","format-standard","has-post-thumbnail","hentry","category-food","category-lifestyle","tag-food","tag-healthy"],"acf":[],"_yoast_wpseo_title":null,"_yoast_wpseo_metadesc":"Selon le l'enquete Foodcast r\u00e9alis\u00e9e par Uber Eats, 2019 s'annonce comme \u00e9tant l'ann\u00e9e du veganisme en Europe.","image_verticale":null,"yoast_head":"<!-- This site is optimized with the Yoast SEO plugin v27.3 - https:\/\/yoast.com\/product\/yoast-seo-wordpress\/ -->\n<title>2019 sera-t-elle l&#039;ann\u00e9e du v\u00e9g\u00e9talisme en Europe? - Marie Claire Belgique<\/title>\n<meta name=\"description\" content=\"Selon le l&#039;enquete Foodcast r\u00e9alis\u00e9e par Uber Eats, 2019 s&#039;annonce comme \u00e9tant l&#039;ann\u00e9e du veganisme en Europe.\" \/>\n<meta name=\"robots\" content=\"index, follow, max-snippet:-1, max-image-preview:large, max-video-preview:-1\" \/>\n<link rel=\"canonical\" href=\"https:\/\/marieclaire.be\/fr\/2019-lannee-du-vegetalisme-veganisme\/\" \/>\n<link rel=\"next\" href=\"https:\/\/marieclaire.be\/fr\/2019-lannee-du-vegetalisme-veganisme\/2\/\" \/>\n<meta property=\"og:locale\" content=\"fr_FR\" \/>\n<meta property=\"og:type\" content=\"article\" \/>\n<meta property=\"og:title\" content=\"2019 sera-t-elle l&#039;ann\u00e9e du v\u00e9g\u00e9talisme en Europe? - Marie Claire Belgique\" \/>\n<meta property=\"og:description\" content=\"Selon le l&#039;enquete Foodcast r\u00e9alis\u00e9e par Uber Eats, 2019 s&#039;annonce comme \u00e9tant l&#039;ann\u00e9e du veganisme en Europe.\" \/>\n<meta property=\"og:url\" content=\"https:\/\/marieclaire.be\/fr\/2019-lannee-du-vegetalisme-veganisme\/\" \/>\n<meta property=\"og:site_name\" content=\"Marie Claire Belgique\" \/>\n<meta property=\"article:publisher\" content=\"https:\/\/www.facebook.com\/MarieClaire.Belgique\/\" \/>\n<meta property=\"article:published_time\" content=\"2018-12-05T16:54:24+00:00\" \/>\n<meta property=\"article:modified_time\" content=\"2018-12-06T08:24:58+00:00\" \/>\n<meta property=\"og:image\" content=\"https:\/\/marieclaire.be\/fr\/wp-content\/uploads\/2018\/12\/marieclaire_veganisme.png\" \/>\n\t<meta property=\"og:image:width\" content=\"1050\" \/>\n\t<meta property=\"og:image:height\" content=\"550\" \/>\n\t<meta property=\"og:image:type\" content=\"image\/png\" \/>\n<meta name=\"author\" content=\"Marie Claire\" \/>\n<meta name=\"twitter:label1\" content=\"\u00c9crit par\" \/>\n\t<meta name=\"twitter:data1\" content=\"Marie Claire\" \/>\n\t<meta name=\"twitter:label2\" content=\"Dur\u00e9e de lecture estim\u00e9e\" \/>\n\t<meta name=\"twitter:data2\" content=\"2 minutes\" \/>\n<script type=\"application\/ld+json\" class=\"yoast-schema-graph\">{\"@context\":\"https:\\\/\\\/schema.org\",\"@graph\":[{\"@type\":\"NewsArticle\",\"@id\":\"https:\\\/\\\/marieclaire.be\\\/fr\\\/2019-lannee-du-vegetalisme-veganisme\\\/#article\",\"isPartOf\":{\"@id\":\"https:\\\/\\\/marieclaire.be\\\/fr\\\/2019-lannee-du-vegetalisme-veganisme\\\/\"},\"author\":{\"name\":\"Marie Claire\",\"@id\":\"https:\\\/\\\/marieclaire.be\\\/fr\\\/#\\\/schema\\\/person\\\/6a5bc4eb4707dbc5cb47d17804a85f8c\"},\"headline\":\"2019 sera-t-elle l&#8217;ann\u00e9e du v\u00e9g\u00e9talisme en Europe?\",\"datePublished\":\"2018-12-05T16:54:24+00:00\",\"dateModified\":\"2018-12-06T08:24:58+00:00\",\"mainEntityOfPage\":{\"@id\":\"https:\\\/\\\/marieclaire.be\\\/fr\\\/2019-lannee-du-vegetalisme-veganisme\\\/\"},\"wordCount\":468,\"publisher\":{\"@id\":\"https:\\\/\\\/marieclaire.be\\\/fr\\\/#organization\"},\"image\":{\"@id\":\"https:\\\/\\\/marieclaire.be\\\/fr\\\/2019-lannee-du-vegetalisme-veganisme\\\/#primaryimage\"},\"thumbnailUrl\":\"https:\\\/\\\/marieclaire.be\\\/fr\\\/wp-content\\\/uploads\\\/2018\\\/12\\\/marieclaire_veganisme.png\",\"keywords\":[\"food\",\"healthy\"],\"articleSection\":[\"Food\",\"Lifestyle\"],\"inLanguage\":\"fr-FR\"},{\"@type\":\"WebPage\",\"@id\":\"https:\\\/\\\/marieclaire.be\\\/fr\\\/2019-lannee-du-vegetalisme-veganisme\\\/\",\"url\":\"https:\\\/\\\/marieclaire.be\\\/fr\\\/2019-lannee-du-vegetalisme-veganisme\\\/\",\"name\":\"2019 sera-t-elle l'ann\u00e9e du v\u00e9g\u00e9talisme en Europe? - Marie Claire Belgique\",\"isPartOf\":{\"@id\":\"https:\\\/\\\/marieclaire.be\\\/fr\\\/#website\"},\"primaryImageOfPage\":{\"@id\":\"https:\\\/\\\/marieclaire.be\\\/fr\\\/2019-lannee-du-vegetalisme-veganisme\\\/#primaryimage\"},\"image\":{\"@id\":\"https:\\\/\\\/marieclaire.be\\\/fr\\\/2019-lannee-du-vegetalisme-veganisme\\\/#primaryimage\"},\"thumbnailUrl\":\"https:\\\/\\\/marieclaire.be\\\/fr\\\/wp-content\\\/uploads\\\/2018\\\/12\\\/marieclaire_veganisme.png\",\"datePublished\":\"2018-12-05T16:54:24+00:00\",\"dateModified\":\"2018-12-06T08:24:58+00:00\",\"description\":\"Selon le l'enquete Foodcast r\u00e9alis\u00e9e par Uber Eats, 2019 s'annonce comme \u00e9tant l'ann\u00e9e du veganisme en Europe.\",\"inLanguage\":\"fr-FR\",\"potentialAction\":[{\"@type\":\"ReadAction\",\"target\":[\"https:\\\/\\\/marieclaire.be\\\/fr\\\/2019-lannee-du-vegetalisme-veganisme\\\/\"]}]},{\"@type\":\"ImageObject\",\"inLanguage\":\"fr-FR\",\"@id\":\"https:\\\/\\\/marieclaire.be\\\/fr\\\/2019-lannee-du-vegetalisme-veganisme\\\/#primaryimage\",\"url\":\"https:\\\/\\\/marieclaire.be\\\/fr\\\/wp-content\\\/uploads\\\/2018\\\/12\\\/marieclaire_veganisme.png\",\"contentUrl\":\"https:\\\/\\\/marieclaire.be\\\/fr\\\/wp-content\\\/uploads\\\/2018\\\/12\\\/marieclaire_veganisme.png\",\"width\":1050,\"height\":550,\"caption\":\"Monika Grabkowska on Unsplash\"},{\"@type\":\"WebSite\",\"@id\":\"https:\\\/\\\/marieclaire.be\\\/fr\\\/#website\",\"url\":\"https:\\\/\\\/marieclaire.be\\\/fr\\\/\",\"name\":\"Marie Claire Belgique\",\"description\":\"Marie Claire Belgique, le magazine du style et de l\u2019intelligence qui parle de mode, des tendances, de la beaut\u00e9, de l\u2019actualit\u00e9 et de la culture\",\"publisher\":{\"@id\":\"https:\\\/\\\/marieclaire.be\\\/fr\\\/#organization\"},\"potentialAction\":[{\"@type\":\"SearchAction\",\"target\":{\"@type\":\"EntryPoint\",\"urlTemplate\":\"https:\\\/\\\/marieclaire.be\\\/fr\\\/?s={search_term_string}\"},\"query-input\":{\"@type\":\"PropertyValueSpecification\",\"valueRequired\":true,\"valueName\":\"search_term_string\"}}],\"inLanguage\":\"fr-FR\"},{\"@type\":\"Organization\",\"@id\":\"https:\\\/\\\/marieclaire.be\\\/fr\\\/#organization\",\"name\":\"Marie Claire\",\"url\":\"https:\\\/\\\/marieclaire.be\\\/fr\\\/\",\"logo\":{\"@type\":\"ImageObject\",\"inLanguage\":\"fr-FR\",\"@id\":\"https:\\\/\\\/marieclaire.be\\\/fr\\\/#\\\/schema\\\/logo\\\/image\\\/\",\"url\":\"https:\\\/\\\/marieclaire.be\\\/fr\\\/wp-content\\\/uploads\\\/2018\\\/05\\\/mc-logo2.png\",\"contentUrl\":\"https:\\\/\\\/marieclaire.be\\\/fr\\\/wp-content\\\/uploads\\\/2018\\\/05\\\/mc-logo2.png\",\"width\":1001,\"height\":189,\"caption\":\"Marie Claire\"},\"image\":{\"@id\":\"https:\\\/\\\/marieclaire.be\\\/fr\\\/#\\\/schema\\\/logo\\\/image\\\/\"},\"sameAs\":[\"https:\\\/\\\/www.facebook.com\\\/MarieClaire.Belgique\\\/\",\"https:\\\/\\\/www.instagram.com\\\/marieclaire_belgique\\\/\",\"https:\\\/\\\/fr.pinterest.com\\\/marieclairebe\\\/\",\"https:\\\/\\\/www.youtube.com\\\/user\\\/BelgiumMarieClaire\"]},{\"@type\":\"Person\",\"@id\":\"https:\\\/\\\/marieclaire.be\\\/fr\\\/#\\\/schema\\\/person\\\/6a5bc4eb4707dbc5cb47d17804a85f8c\",\"name\":\"Marie Claire\",\"image\":{\"@type\":\"ImageObject\",\"inLanguage\":\"fr-FR\",\"@id\":\"https:\\\/\\\/marieclaire.be\\\/fr\\\/wp-content\\\/uploads\\\/2016\\\/11\\\/mclogo-96x96.jpg\",\"url\":\"https:\\\/\\\/marieclaire.be\\\/fr\\\/wp-content\\\/uploads\\\/2016\\\/11\\\/mclogo-96x96.jpg\",\"contentUrl\":\"https:\\\/\\\/marieclaire.be\\\/fr\\\/wp-content\\\/uploads\\\/2016\\\/11\\\/mclogo-96x96.jpg\",\"caption\":\"Marie Claire\"},\"url\":\"https:\\\/\\\/marieclaire.be\\\/fr\\\/author\\\/stagiaire\\\/\"}]}<\/script>\n<!-- \/ Yoast SEO plugin. -->","yoast_head_json":{"title":"2019 sera-t-elle l'ann\u00e9e du v\u00e9g\u00e9talisme en Europe? - Marie Claire Belgique","description":"Selon le l'enquete Foodcast r\u00e9alis\u00e9e par Uber Eats, 2019 s'annonce comme \u00e9tant l'ann\u00e9e du veganisme en Europe.","robots":{"index":"index","follow":"follow","max-snippet":"max-snippet:-1","max-image-preview":"max-image-preview:large","max-video-preview":"max-video-preview:-1"},"canonical":"https:\/\/marieclaire.be\/fr\/2019-lannee-du-vegetalisme-veganisme\/","next":"https:\/\/marieclaire.be\/fr\/2019-lannee-du-vegetalisme-veganisme\/2\/","og_locale":"fr_FR","og_type":"article","og_title":"2019 sera-t-elle l'ann\u00e9e du v\u00e9g\u00e9talisme en Europe? - Marie Claire Belgique","og_description":"Selon le l'enquete Foodcast r\u00e9alis\u00e9e par Uber Eats, 2019 s'annonce comme \u00e9tant l'ann\u00e9e du veganisme en Europe.","og_url":"https:\/\/marieclaire.be\/fr\/2019-lannee-du-vegetalisme-veganisme\/","og_site_name":"Marie Claire Belgique","article_publisher":"https:\/\/www.facebook.com\/MarieClaire.Belgique\/","article_published_time":"2018-12-05T16:54:24+00:00","article_modified_time":"2018-12-06T08:24:58+00:00","og_image":[{"width":1050,"height":550,"url":"https:\/\/marieclaire.be\/fr\/wp-content\/uploads\/2018\/12\/marieclaire_veganisme.png","type":"image\/png"}],"author":"Marie Claire","twitter_misc":{"\u00c9crit par":"Marie Claire","Dur\u00e9e de lecture estim\u00e9e":"2 minutes"},"schema":{"@context":"https:\/\/schema.org","@graph":[{"@type":"NewsArticle","@id":"https:\/\/marieclaire.be\/fr\/2019-lannee-du-vegetalisme-veganisme\/#article","isPartOf":{"@id":"https:\/\/marieclaire.be\/fr\/2019-lannee-du-vegetalisme-veganisme\/"},"author":{"name":"Marie Claire","@id":"https:\/\/marieclaire.be\/fr\/#\/schema\/person\/6a5bc4eb4707dbc5cb47d17804a85f8c"},"headline":"2019 sera-t-elle l&#8217;ann\u00e9e du v\u00e9g\u00e9talisme en Europe?","datePublished":"2018-12-05T16:54:24+00:00","dateModified":"2018-12-06T08:24:58+00:00","mainEntityOfPage":{"@id":"https:\/\/marieclaire.be\/fr\/2019-lannee-du-vegetalisme-veganisme\/"},"wordCount":468,"publisher":{"@id":"https:\/\/marieclaire.be\/fr\/#organization"},"image":{"@id":"https:\/\/marieclaire.be\/fr\/2019-lannee-du-vegetalisme-veganisme\/#primaryimage"},"thumbnailUrl":"https:\/\/marieclaire.be\/fr\/wp-content\/uploads\/2018\/12\/marieclaire_veganisme.png","keywords":["food","healthy"],"articleSection":["Food","Lifestyle"],"inLanguage":"fr-FR"},{"@type":"WebPage","@id":"https:\/\/marieclaire.be\/fr\/2019-lannee-du-vegetalisme-veganisme\/","url":"https:\/\/marieclaire.be\/fr\/2019-lannee-du-vegetalisme-veganisme\/","name":"2019 sera-t-elle l'ann\u00e9e du v\u00e9g\u00e9talisme en Europe? - Marie Claire Belgique","isPartOf":{"@id":"https:\/\/marieclaire.be\/fr\/#website"},"primaryImageOfPage":{"@id":"https:\/\/marieclaire.be\/fr\/2019-lannee-du-vegetalisme-veganisme\/#primaryimage"},"image":{"@id":"https:\/\/marieclaire.be\/fr\/2019-lannee-du-vegetalisme-veganisme\/#primaryimage"},"thumbnailUrl":"https:\/\/marieclaire.be\/fr\/wp-content\/uploads\/2018\/12\/marieclaire_veganisme.png","datePublished":"2018-12-05T16:54:24+00:00","dateModified":"2018-12-06T08:24:58+00:00","description":"Selon le l'enquete Foodcast r\u00e9alis\u00e9e par Uber Eats, 2019 s'annonce comme \u00e9tant l'ann\u00e9e du veganisme en Europe.","inLanguage":"fr-FR","potentialAction":[{"@type":"ReadAction","target":["https:\/\/marieclaire.be\/fr\/2019-lannee-du-vegetalisme-veganisme\/"]}]},{"@type":"ImageObject","inLanguage":"fr-FR","@id":"https:\/\/marieclaire.be\/fr\/2019-lannee-du-vegetalisme-veganisme\/#primaryimage","url":"https:\/\/marieclaire.be\/fr\/wp-content\/uploads\/2018\/12\/marieclaire_veganisme.png","contentUrl":"https:\/\/marieclaire.be\/fr\/wp-content\/uploads\/2018\/12\/marieclaire_veganisme.png","width":1050,"height":550,"caption":"Monika Grabkowska on Unsplash"},{"@type":"WebSite","@id":"https:\/\/marieclaire.be\/fr\/#website","url":"https:\/\/marieclaire.be\/fr\/","name":"Marie Claire Belgique","description":"Marie Claire Belgique, le magazine du style et de l\u2019intelligence qui parle de mode, des tendances, de la beaut\u00e9, de l\u2019actualit\u00e9 et de la culture","publisher":{"@id":"https:\/\/marieclaire.be\/fr\/#organization"},"potentialAction":[{"@type":"SearchAction","target":{"@type":"EntryPoint","urlTemplate":"https:\/\/marieclaire.be\/fr\/?s={search_term_string}"},"query-input":{"@type":"PropertyValueSpecification","valueRequired":true,"valueName":"search_term_string"}}],"inLanguage":"fr-FR"},{"@type":"Organization","@id":"https:\/\/marieclaire.be\/fr\/#organization","name":"Marie Claire","url":"https:\/\/marieclaire.be\/fr\/","logo":{"@type":"ImageObject","inLanguage":"fr-FR","@id":"https:\/\/marieclaire.be\/fr\/#\/schema\/logo\/image\/","url":"https:\/\/marieclaire.be\/fr\/wp-content\/uploads\/2018\/05\/mc-logo2.png","contentUrl":"https:\/\/marieclaire.be\/fr\/wp-content\/uploads\/2018\/05\/mc-logo2.png","width":1001,"height":189,"caption":"Marie Claire"},"image":{"@id":"https:\/\/marieclaire.be\/fr\/#\/schema\/logo\/image\/"},"sameAs":["https:\/\/www.facebook.com\/MarieClaire.Belgique\/","https:\/\/www.instagram.com\/marieclaire_belgique\/","https:\/\/fr.pinterest.com\/marieclairebe\/","https:\/\/www.youtube.com\/user\/BelgiumMarieClaire"]},{"@type":"Person","@id":"https:\/\/marieclaire.be\/fr\/#\/schema\/person\/6a5bc4eb4707dbc5cb47d17804a85f8c","name":"Marie Claire","image":{"@type":"ImageObject","inLanguage":"fr-FR","@id":"https:\/\/marieclaire.be\/fr\/wp-content\/uploads\/2016\/11\/mclogo-96x96.jpg","url":"https:\/\/marieclaire.be\/fr\/wp-content\/uploads\/2016\/11\/mclogo-96x96.jpg","contentUrl":"https:\/\/marieclaire.be\/fr\/wp-content\/uploads\/2016\/11\/mclogo-96x96.jpg","caption":"Marie Claire"},"url":"https:\/\/marieclaire.be\/fr\/author\/stagiaire\/"}]}},"_links":{"self":[{"href":"https:\/\/marieclaire.be\/fr\/wp-json\/wp\/v2\/posts\/60387","targetHints":{"allow":["GET"]}}],"collection":[{"href":"https:\/\/marieclaire.be\/fr\/wp-json\/wp\/v2\/posts"}],"about":[{"href":"https:\/\/marieclaire.be\/fr\/wp-json\/wp\/v2\/types\/post"}],"author":[{"embeddable":true,"href":"https:\/\/marieclaire.be\/fr\/wp-json\/wp\/v2\/users\/8"}],"replies":[{"embeddable":true,"href":"https:\/\/marieclaire.be\/fr\/wp-json\/wp\/v2\/comments?post=60387"}],"version-history":[{"count":0,"href":"https:\/\/marieclaire.be\/fr\/wp-json\/wp\/v2\/posts\/60387\/revisions"}],"wp:featuredmedia":[{"embeddable":true,"href":"https:\/\/marieclaire.be\/fr\/wp-json\/wp\/v2\/media\/60415"}],"wp:attachment":[{"href":"https:\/\/marieclaire.be\/fr\/wp-json\/wp\/v2\/media?parent=60387"}],"wp:term":[{"taxonomy":"category","embeddable":true,"href":"https:\/\/marieclaire.be\/fr\/wp-json\/wp\/v2\/categories?post=60387"},{"taxonomy":"post_tag","embeddable":true,"href":"https:\/\/marieclaire.be\/fr\/wp-json\/wp\/v2\/tags?post=60387"}],"curies":[{"name":"wp","href":"https:\/\/api.w.org\/{rel}","templated":true}]}}