{"id":58726,"date":"2023-01-04T07:00:00","date_gmt":"2023-01-04T06:00:00","guid":{"rendered":"https:\/\/marieclaire.be\/fr\/?p=58726"},"modified":"2025-02-21T17:14:51","modified_gmt":"2025-02-21T16:14:51","slug":"bonnes-raisons-de-semarier-en-hiver","status":"publish","type":"post","link":"https:\/\/marieclaire.be\/fr\/bonnes-raisons-de-semarier-en-hiver\/","title":{"rendered":"Mariage : 10 bonnes raisons de se dire oui en hiver"},"content":{"rendered":"","protected":false},"excerpt":{"rendered":"Des prix avantageux \u00e0 l\u2019ambiance chaleureuse en passant par la robe accessoiris\u00e9e, le mariage en hiver c\u2019est LE bon plan pour faire de votre &#8220;oui&#8221; un instant f\u00e9\u00e9rique !\nQui n\u2019a jamais r\u00eav\u00e9 de se dire oui sous une pluie de flocons de neige ?\nLa neige \u00a0\nAlors que les mari\u00e9es d\u2019\u00e9t\u00e9 esp\u00e8rent de tout c\u0153ur un ciel d\u00e9gag\u00e9 et un grand soleil, le jour J, les mari\u00e9s d\u2019hiver savourent quant \u00e0 eux la chute des premiers flocons.","protected":false},"author":2,"featured_media":121917,"comment_status":"closed","ping_status":"closed","sticky":false,"template":"","format":"standard","meta":{"_acf_changed":false,"footnotes":""},"categories":[5164],"tags":[133,900],"class_list":["post-58726","post","type-post","status-publish","format-standard","has-post-thumbnail","hentry","category-mariage","tag-hiver","tag-mariage"],"acf":[],"_yoast_wpseo_title":null,"_yoast_wpseo_metadesc":"Des prix avantageux \u00e0 l\u2019ambiance chaleureuse, le mariage en hiver c\u2019est LE bon plan pour faire de votre Oui un instant f\u00e9\u00e9rique !","image_verticale":"121916","yoast_head":"<!-- This site is optimized with the Yoast SEO plugin v27.3 - https:\/\/yoast.com\/product\/yoast-seo-wordpress\/ -->\n<title>Mariage : 10 bonnes raisons de se dire oui en hiver - Marie Claire Belgique<\/title>\n<meta name=\"description\" content=\"Des prix avantageux \u00e0 l\u2019ambiance chaleureuse, le mariage en hiver c\u2019est LE bon plan pour faire de votre Oui un instant f\u00e9\u00e9rique !\" \/>\n<meta name=\"robots\" content=\"index, follow, max-snippet:-1, max-image-preview:large, max-video-preview:-1\" \/>\n<link rel=\"canonical\" href=\"https:\/\/marieclaire.be\/fr\/bonnes-raisons-de-semarier-en-hiver\/\" \/>\n<link rel=\"next\" href=\"https:\/\/marieclaire.be\/fr\/bonnes-raisons-de-semarier-en-hiver\/2\/\" \/>\n<meta property=\"og:locale\" content=\"fr_FR\" \/>\n<meta property=\"og:type\" content=\"article\" \/>\n<meta property=\"og:title\" content=\"Mariage : 10 bonnes raisons de se dire oui en hiver - Marie Claire Belgique\" \/>\n<meta property=\"og:description\" content=\"Des prix avantageux \u00e0 l\u2019ambiance chaleureuse, le mariage en hiver c\u2019est LE bon plan pour faire de votre Oui un instant f\u00e9\u00e9rique !\" \/>\n<meta property=\"og:url\" content=\"https:\/\/marieclaire.be\/fr\/bonnes-raisons-de-semarier-en-hiver\/\" \/>\n<meta property=\"og:site_name\" content=\"Marie Claire Belgique\" \/>\n<meta property=\"article:publisher\" content=\"https:\/\/www.facebook.com\/MarieClaire.Belgique\/\" \/>\n<meta property=\"article:published_time\" content=\"2023-01-04T06:00:00+00:00\" \/>\n<meta property=\"article:modified_time\" content=\"2025-02-21T16:14:51+00:00\" \/>\n<meta property=\"og:image\" content=\"https:\/\/marieclaire.be\/fr\/wp-content\/uploads\/2019\/10\/hiver-mariage.png\" \/>\n\t<meta property=\"og:image:width\" content=\"1200\" \/>\n\t<meta property=\"og:image:height\" content=\"628\" \/>\n\t<meta property=\"og:image:type\" content=\"image\/png\" \/>\n<meta name=\"author\" content=\"Marieclaire\" \/>\n<meta name=\"twitter:label1\" content=\"\u00c9crit par\" \/>\n\t<meta name=\"twitter:data1\" content=\"Marieclaire\" \/>\n\t<meta name=\"twitter:label2\" content=\"Dur\u00e9e de lecture estim\u00e9e\" \/>\n\t<meta name=\"twitter:data2\" content=\"6 minutes\" \/>\n<script type=\"application\/ld+json\" class=\"yoast-schema-graph\">{\"@context\":\"https:\\\/\\\/schema.org\",\"@graph\":[{\"@type\":\"NewsArticle\",\"@id\":\"https:\\\/\\\/marieclaire.be\\\/fr\\\/bonnes-raisons-de-semarier-en-hiver\\\/#article\",\"isPartOf\":{\"@id\":\"https:\\\/\\\/marieclaire.be\\\/fr\\\/bonnes-raisons-de-semarier-en-hiver\\\/\"},\"author\":{\"name\":\"Marieclaire\",\"@id\":\"https:\\\/\\\/marieclaire.be\\\/fr\\\/#\\\/schema\\\/person\\\/be1fb0a9a9509ad07ea6321bf4bf3524\"},\"headline\":\"Mariage : 10 bonnes raisons de se dire oui en hiver\",\"datePublished\":\"2023-01-04T06:00:00+00:00\",\"dateModified\":\"2025-02-21T16:14:51+00:00\",\"mainEntityOfPage\":{\"@id\":\"https:\\\/\\\/marieclaire.be\\\/fr\\\/bonnes-raisons-de-semarier-en-hiver\\\/\"},\"wordCount\":1219,\"publisher\":{\"@id\":\"https:\\\/\\\/marieclaire.be\\\/fr\\\/#organization\"},\"image\":{\"@id\":\"https:\\\/\\\/marieclaire.be\\\/fr\\\/bonnes-raisons-de-semarier-en-hiver\\\/#primaryimage\"},\"thumbnailUrl\":\"https:\\\/\\\/marieclaire.be\\\/fr\\\/wp-content\\\/uploads\\\/2019\\\/10\\\/hiver-mariage.png\",\"keywords\":[\"hiver\",\"mariage\"],\"articleSection\":[\"Mariage\"],\"inLanguage\":\"fr-FR\"},{\"@type\":\"WebPage\",\"@id\":\"https:\\\/\\\/marieclaire.be\\\/fr\\\/bonnes-raisons-de-semarier-en-hiver\\\/\",\"url\":\"https:\\\/\\\/marieclaire.be\\\/fr\\\/bonnes-raisons-de-semarier-en-hiver\\\/\",\"name\":\"Mariage : 10 bonnes raisons de se dire oui en hiver - Marie Claire Belgique\",\"isPartOf\":{\"@id\":\"https:\\\/\\\/marieclaire.be\\\/fr\\\/#website\"},\"primaryImageOfPage\":{\"@id\":\"https:\\\/\\\/marieclaire.be\\\/fr\\\/bonnes-raisons-de-semarier-en-hiver\\\/#primaryimage\"},\"image\":{\"@id\":\"https:\\\/\\\/marieclaire.be\\\/fr\\\/bonnes-raisons-de-semarier-en-hiver\\\/#primaryimage\"},\"thumbnailUrl\":\"https:\\\/\\\/marieclaire.be\\\/fr\\\/wp-content\\\/uploads\\\/2019\\\/10\\\/hiver-mariage.png\",\"datePublished\":\"2023-01-04T06:00:00+00:00\",\"dateModified\":\"2025-02-21T16:14:51+00:00\",\"description\":\"Des prix avantageux \u00e0 l\u2019ambiance chaleureuse, le mariage en hiver c\u2019est LE bon plan pour faire de votre Oui un instant f\u00e9\u00e9rique !\",\"inLanguage\":\"fr-FR\",\"potentialAction\":[{\"@type\":\"ReadAction\",\"target\":[\"https:\\\/\\\/marieclaire.be\\\/fr\\\/bonnes-raisons-de-semarier-en-hiver\\\/\"]}]},{\"@type\":\"ImageObject\",\"inLanguage\":\"fr-FR\",\"@id\":\"https:\\\/\\\/marieclaire.be\\\/fr\\\/bonnes-raisons-de-semarier-en-hiver\\\/#primaryimage\",\"url\":\"https:\\\/\\\/marieclaire.be\\\/fr\\\/wp-content\\\/uploads\\\/2019\\\/10\\\/hiver-mariage.png\",\"contentUrl\":\"https:\\\/\\\/marieclaire.be\\\/fr\\\/wp-content\\\/uploads\\\/2019\\\/10\\\/hiver-mariage.png\",\"width\":1200,\"height\":628,\"caption\":\"Konstantin Mishchenko - Unsplash\"},{\"@type\":\"WebSite\",\"@id\":\"https:\\\/\\\/marieclaire.be\\\/fr\\\/#website\",\"url\":\"https:\\\/\\\/marieclaire.be\\\/fr\\\/\",\"name\":\"Marie Claire Belgique\",\"description\":\"Marie Claire Belgique, le magazine du style et de l\u2019intelligence qui parle de mode, des tendances, de la beaut\u00e9, de l\u2019actualit\u00e9 et de la culture\",\"publisher\":{\"@id\":\"https:\\\/\\\/marieclaire.be\\\/fr\\\/#organization\"},\"potentialAction\":[{\"@type\":\"SearchAction\",\"target\":{\"@type\":\"EntryPoint\",\"urlTemplate\":\"https:\\\/\\\/marieclaire.be\\\/fr\\\/?s={search_term_string}\"},\"query-input\":{\"@type\":\"PropertyValueSpecification\",\"valueRequired\":true,\"valueName\":\"search_term_string\"}}],\"inLanguage\":\"fr-FR\"},{\"@type\":\"Organization\",\"@id\":\"https:\\\/\\\/marieclaire.be\\\/fr\\\/#organization\",\"name\":\"Marie Claire\",\"url\":\"https:\\\/\\\/marieclaire.be\\\/fr\\\/\",\"logo\":{\"@type\":\"ImageObject\",\"inLanguage\":\"fr-FR\",\"@id\":\"https:\\\/\\\/marieclaire.be\\\/fr\\\/#\\\/schema\\\/logo\\\/image\\\/\",\"url\":\"https:\\\/\\\/marieclaire.be\\\/fr\\\/wp-content\\\/uploads\\\/2018\\\/05\\\/mc-logo2.png\",\"contentUrl\":\"https:\\\/\\\/marieclaire.be\\\/fr\\\/wp-content\\\/uploads\\\/2018\\\/05\\\/mc-logo2.png\",\"width\":1001,\"height\":189,\"caption\":\"Marie Claire\"},\"image\":{\"@id\":\"https:\\\/\\\/marieclaire.be\\\/fr\\\/#\\\/schema\\\/logo\\\/image\\\/\"},\"sameAs\":[\"https:\\\/\\\/www.facebook.com\\\/MarieClaire.Belgique\\\/\",\"https:\\\/\\\/www.instagram.com\\\/marieclaire_belgique\\\/\",\"https:\\\/\\\/fr.pinterest.com\\\/marieclairebe\\\/\",\"https:\\\/\\\/www.youtube.com\\\/user\\\/BelgiumMarieClaire\"]},{\"@type\":\"Person\",\"@id\":\"https:\\\/\\\/marieclaire.be\\\/fr\\\/#\\\/schema\\\/person\\\/be1fb0a9a9509ad07ea6321bf4bf3524\",\"name\":\"Marieclaire\",\"image\":{\"@type\":\"ImageObject\",\"inLanguage\":\"fr-FR\",\"@id\":\"https:\\\/\\\/marieclaire.be\\\/fr\\\/wp-content\\\/uploads\\\/2016\\\/11\\\/mclogo-96x96.jpg\",\"url\":\"https:\\\/\\\/marieclaire.be\\\/fr\\\/wp-content\\\/uploads\\\/2016\\\/11\\\/mclogo-96x96.jpg\",\"contentUrl\":\"https:\\\/\\\/marieclaire.be\\\/fr\\\/wp-content\\\/uploads\\\/2016\\\/11\\\/mclogo-96x96.jpg\",\"caption\":\"Marieclaire\"},\"url\":\"https:\\\/\\\/marieclaire.be\\\/fr\\\/author\\\/marieclaire\\\/\"}]}<\/script>\n<!-- \/ Yoast SEO plugin. -->","yoast_head_json":{"title":"Mariage : 10 bonnes raisons de se dire oui en hiver - Marie Claire Belgique","description":"Des prix avantageux \u00e0 l\u2019ambiance chaleureuse, le mariage en hiver c\u2019est LE bon plan pour faire de votre Oui un instant f\u00e9\u00e9rique !","robots":{"index":"index","follow":"follow","max-snippet":"max-snippet:-1","max-image-preview":"max-image-preview:large","max-video-preview":"max-video-preview:-1"},"canonical":"https:\/\/marieclaire.be\/fr\/bonnes-raisons-de-semarier-en-hiver\/","next":"https:\/\/marieclaire.be\/fr\/bonnes-raisons-de-semarier-en-hiver\/2\/","og_locale":"fr_FR","og_type":"article","og_title":"Mariage : 10 bonnes raisons de se dire oui en hiver - Marie Claire Belgique","og_description":"Des prix avantageux \u00e0 l\u2019ambiance chaleureuse, le mariage en hiver c\u2019est LE bon plan pour faire de votre Oui un instant f\u00e9\u00e9rique !","og_url":"https:\/\/marieclaire.be\/fr\/bonnes-raisons-de-semarier-en-hiver\/","og_site_name":"Marie Claire Belgique","article_publisher":"https:\/\/www.facebook.com\/MarieClaire.Belgique\/","article_published_time":"2023-01-04T06:00:00+00:00","article_modified_time":"2025-02-21T16:14:51+00:00","og_image":[{"width":1200,"height":628,"url":"https:\/\/marieclaire.be\/fr\/wp-content\/uploads\/2019\/10\/hiver-mariage.png","type":"image\/png"}],"author":"Marieclaire","twitter_misc":{"\u00c9crit par":"Marieclaire","Dur\u00e9e de lecture estim\u00e9e":"6 minutes"},"schema":{"@context":"https:\/\/schema.org","@graph":[{"@type":"NewsArticle","@id":"https:\/\/marieclaire.be\/fr\/bonnes-raisons-de-semarier-en-hiver\/#article","isPartOf":{"@id":"https:\/\/marieclaire.be\/fr\/bonnes-raisons-de-semarier-en-hiver\/"},"author":{"name":"Marieclaire","@id":"https:\/\/marieclaire.be\/fr\/#\/schema\/person\/be1fb0a9a9509ad07ea6321bf4bf3524"},"headline":"Mariage : 10 bonnes raisons de se dire oui en hiver","datePublished":"2023-01-04T06:00:00+00:00","dateModified":"2025-02-21T16:14:51+00:00","mainEntityOfPage":{"@id":"https:\/\/marieclaire.be\/fr\/bonnes-raisons-de-semarier-en-hiver\/"},"wordCount":1219,"publisher":{"@id":"https:\/\/marieclaire.be\/fr\/#organization"},"image":{"@id":"https:\/\/marieclaire.be\/fr\/bonnes-raisons-de-semarier-en-hiver\/#primaryimage"},"thumbnailUrl":"https:\/\/marieclaire.be\/fr\/wp-content\/uploads\/2019\/10\/hiver-mariage.png","keywords":["hiver","mariage"],"articleSection":["Mariage"],"inLanguage":"fr-FR"},{"@type":"WebPage","@id":"https:\/\/marieclaire.be\/fr\/bonnes-raisons-de-semarier-en-hiver\/","url":"https:\/\/marieclaire.be\/fr\/bonnes-raisons-de-semarier-en-hiver\/","name":"Mariage : 10 bonnes raisons de se dire oui en hiver - Marie Claire Belgique","isPartOf":{"@id":"https:\/\/marieclaire.be\/fr\/#website"},"primaryImageOfPage":{"@id":"https:\/\/marieclaire.be\/fr\/bonnes-raisons-de-semarier-en-hiver\/#primaryimage"},"image":{"@id":"https:\/\/marieclaire.be\/fr\/bonnes-raisons-de-semarier-en-hiver\/#primaryimage"},"thumbnailUrl":"https:\/\/marieclaire.be\/fr\/wp-content\/uploads\/2019\/10\/hiver-mariage.png","datePublished":"2023-01-04T06:00:00+00:00","dateModified":"2025-02-21T16:14:51+00:00","description":"Des prix avantageux \u00e0 l\u2019ambiance chaleureuse, le mariage en hiver c\u2019est LE bon plan pour faire de votre Oui un instant f\u00e9\u00e9rique !","inLanguage":"fr-FR","potentialAction":[{"@type":"ReadAction","target":["https:\/\/marieclaire.be\/fr\/bonnes-raisons-de-semarier-en-hiver\/"]}]},{"@type":"ImageObject","inLanguage":"fr-FR","@id":"https:\/\/marieclaire.be\/fr\/bonnes-raisons-de-semarier-en-hiver\/#primaryimage","url":"https:\/\/marieclaire.be\/fr\/wp-content\/uploads\/2019\/10\/hiver-mariage.png","contentUrl":"https:\/\/marieclaire.be\/fr\/wp-content\/uploads\/2019\/10\/hiver-mariage.png","width":1200,"height":628,"caption":"Konstantin Mishchenko - Unsplash"},{"@type":"WebSite","@id":"https:\/\/marieclaire.be\/fr\/#website","url":"https:\/\/marieclaire.be\/fr\/","name":"Marie Claire Belgique","description":"Marie Claire Belgique, le magazine du style et de l\u2019intelligence qui parle de mode, des tendances, de la beaut\u00e9, de l\u2019actualit\u00e9 et de la culture","publisher":{"@id":"https:\/\/marieclaire.be\/fr\/#organization"},"potentialAction":[{"@type":"SearchAction","target":{"@type":"EntryPoint","urlTemplate":"https:\/\/marieclaire.be\/fr\/?s={search_term_string}"},"query-input":{"@type":"PropertyValueSpecification","valueRequired":true,"valueName":"search_term_string"}}],"inLanguage":"fr-FR"},{"@type":"Organization","@id":"https:\/\/marieclaire.be\/fr\/#organization","name":"Marie Claire","url":"https:\/\/marieclaire.be\/fr\/","logo":{"@type":"ImageObject","inLanguage":"fr-FR","@id":"https:\/\/marieclaire.be\/fr\/#\/schema\/logo\/image\/","url":"https:\/\/marieclaire.be\/fr\/wp-content\/uploads\/2018\/05\/mc-logo2.png","contentUrl":"https:\/\/marieclaire.be\/fr\/wp-content\/uploads\/2018\/05\/mc-logo2.png","width":1001,"height":189,"caption":"Marie Claire"},"image":{"@id":"https:\/\/marieclaire.be\/fr\/#\/schema\/logo\/image\/"},"sameAs":["https:\/\/www.facebook.com\/MarieClaire.Belgique\/","https:\/\/www.instagram.com\/marieclaire_belgique\/","https:\/\/fr.pinterest.com\/marieclairebe\/","https:\/\/www.youtube.com\/user\/BelgiumMarieClaire"]},{"@type":"Person","@id":"https:\/\/marieclaire.be\/fr\/#\/schema\/person\/be1fb0a9a9509ad07ea6321bf4bf3524","name":"Marieclaire","image":{"@type":"ImageObject","inLanguage":"fr-FR","@id":"https:\/\/marieclaire.be\/fr\/wp-content\/uploads\/2016\/11\/mclogo-96x96.jpg","url":"https:\/\/marieclaire.be\/fr\/wp-content\/uploads\/2016\/11\/mclogo-96x96.jpg","contentUrl":"https:\/\/marieclaire.be\/fr\/wp-content\/uploads\/2016\/11\/mclogo-96x96.jpg","caption":"Marieclaire"},"url":"https:\/\/marieclaire.be\/fr\/author\/marieclaire\/"}]}},"_links":{"self":[{"href":"https:\/\/marieclaire.be\/fr\/wp-json\/wp\/v2\/posts\/58726","targetHints":{"allow":["GET"]}}],"collection":[{"href":"https:\/\/marieclaire.be\/fr\/wp-json\/wp\/v2\/posts"}],"about":[{"href":"https:\/\/marieclaire.be\/fr\/wp-json\/wp\/v2\/types\/post"}],"author":[{"embeddable":true,"href":"https:\/\/marieclaire.be\/fr\/wp-json\/wp\/v2\/users\/2"}],"replies":[{"embeddable":true,"href":"https:\/\/marieclaire.be\/fr\/wp-json\/wp\/v2\/comments?post=58726"}],"version-history":[{"count":2,"href":"https:\/\/marieclaire.be\/fr\/wp-json\/wp\/v2\/posts\/58726\/revisions"}],"predecessor-version":[{"id":121918,"href":"https:\/\/marieclaire.be\/fr\/wp-json\/wp\/v2\/posts\/58726\/revisions\/121918"}],"wp:featuredmedia":[{"embeddable":true,"href":"https:\/\/marieclaire.be\/fr\/wp-json\/wp\/v2\/media\/121917"}],"wp:attachment":[{"href":"https:\/\/marieclaire.be\/fr\/wp-json\/wp\/v2\/media?parent=58726"}],"wp:term":[{"taxonomy":"category","embeddable":true,"href":"https:\/\/marieclaire.be\/fr\/wp-json\/wp\/v2\/categories?post=58726"},{"taxonomy":"post_tag","embeddable":true,"href":"https:\/\/marieclaire.be\/fr\/wp-json\/wp\/v2\/tags?post=58726"}],"curies":[{"name":"wp","href":"https:\/\/api.w.org\/{rel}","templated":true}]}}