{"id":57777,"date":"2018-11-25T18:51:52","date_gmt":"2018-11-25T17:51:52","guid":{"rendered":"https:\/\/marieclaire.be\/fr\/?p=57777"},"modified":"2018-11-26T09:20:21","modified_gmt":"2018-11-26T08:20:21","slug":"woman-at-work-conference-marie-claire","status":"publish","type":"post","link":"https:\/\/marieclaire.be\/fr\/woman-at-work-conference-marie-claire\/","title":{"rendered":"\u00c9v\u00e9nement Woman@work : donnez un coup de pouce \u00e0 votre carri\u00e8re \u00e0 notre After(Net)Work Marie Claire"},"content":{"rendered":"","protected":false},"excerpt":{"rendered":"Avec Woman @ work de Marie Claire, nous nous effor\u00e7ons de donner la priorit\u00e9 au leadership f\u00e9minin. ...","protected":false},"author":19,"featured_media":57906,"comment_status":"closed","ping_status":"closed","sticky":false,"template":"","format":"standard","meta":{"_acf_changed":false,"footnotes":""},"categories":[1453],"tags":[106],"class_list":["post-57777","post","type-post","status-publish","format-standard","has-post-thumbnail","hentry","category-enbref","tag-travail"],"acf":[],"_yoast_wpseo_title":null,"_yoast_wpseo_metadesc":"Woman @ work: participez \u00e0 notre conf\u00e9rence et after(net)work de ce 29\/11. L'\u00e9v\u00e9nement parfait pour donner un coup de pouce \u00e0 votre carri\u00e8re!","image_verticale":null,"yoast_head":"<!-- This site is optimized with the Yoast SEO plugin v27.3 - https:\/\/yoast.com\/product\/yoast-seo-wordpress\/ -->\n<title>\u00c9v\u00e9nement Woman@work : donnez un coup de pouce \u00e0 votre carri\u00e8re \u00e0 notre After(Net)Work Marie Claire - Marie Claire Belgique<\/title>\n<meta name=\"description\" content=\"Woman @ work: participez \u00e0 notre conf\u00e9rence et after(net)work de ce 29\/11. L&#039;\u00e9v\u00e9nement parfait pour donner un coup de pouce \u00e0 votre carri\u00e8re!\" \/>\n<meta name=\"robots\" content=\"index, follow, max-snippet:-1, max-image-preview:large, max-video-preview:-1\" \/>\n<link rel=\"canonical\" href=\"https:\/\/marieclaire.be\/fr\/woman-at-work-conference-marie-claire\/\" \/>\n<meta property=\"og:locale\" content=\"fr_FR\" \/>\n<meta property=\"og:type\" content=\"article\" \/>\n<meta property=\"og:title\" content=\"\u00c9v\u00e9nement Woman@work : donnez un coup de pouce \u00e0 votre carri\u00e8re \u00e0 notre After(Net)Work Marie Claire - Marie Claire Belgique\" \/>\n<meta property=\"og:description\" content=\"Woman @ work: participez \u00e0 notre conf\u00e9rence et after(net)work de ce 29\/11. L&#039;\u00e9v\u00e9nement parfait pour donner un coup de pouce \u00e0 votre carri\u00e8re!\" \/>\n<meta property=\"og:url\" content=\"https:\/\/marieclaire.be\/fr\/woman-at-work-conference-marie-claire\/\" \/>\n<meta property=\"og:site_name\" content=\"Marie Claire Belgique\" \/>\n<meta property=\"article:publisher\" content=\"https:\/\/www.facebook.com\/MarieClaire.Belgique\/\" \/>\n<meta property=\"article:published_time\" content=\"2018-11-25T17:51:52+00:00\" \/>\n<meta property=\"article:modified_time\" content=\"2018-11-26T08:20:21+00:00\" \/>\n<meta property=\"og:image\" content=\"https:\/\/marieclaire.be\/fr\/wp-content\/uploads\/2018\/11\/marieclaire_womanwork_conference_1050x550-1.jpg\" \/>\n\t<meta property=\"og:image:width\" content=\"1050\" \/>\n\t<meta property=\"og:image:height\" content=\"550\" \/>\n\t<meta property=\"og:image:type\" content=\"image\/jpeg\" \/>\n<meta name=\"author\" content=\"Charlotte Deprez\" \/>\n<meta name=\"twitter:label1\" content=\"\u00c9crit par\" \/>\n\t<meta name=\"twitter:data1\" content=\"Charlotte Deprez\" \/>\n\t<meta name=\"twitter:label2\" content=\"Dur\u00e9e de lecture estim\u00e9e\" \/>\n\t<meta name=\"twitter:data2\" content=\"2 minutes\" \/>\n<script type=\"application\/ld+json\" class=\"yoast-schema-graph\">{\"@context\":\"https:\\\/\\\/schema.org\",\"@graph\":[{\"@type\":\"NewsArticle\",\"@id\":\"https:\\\/\\\/marieclaire.be\\\/fr\\\/woman-at-work-conference-marie-claire\\\/#article\",\"isPartOf\":{\"@id\":\"https:\\\/\\\/marieclaire.be\\\/fr\\\/woman-at-work-conference-marie-claire\\\/\"},\"author\":{\"name\":\"Charlotte Deprez\",\"@id\":\"https:\\\/\\\/marieclaire.be\\\/fr\\\/#\\\/schema\\\/person\\\/0f2a2faab8a1cdf67c909271eb6dcb39\"},\"headline\":\"\u00c9v\u00e9nement Woman@work : donnez un coup de pouce \u00e0 votre carri\u00e8re \u00e0 notre After(Net)Work Marie Claire\",\"datePublished\":\"2018-11-25T17:51:52+00:00\",\"dateModified\":\"2018-11-26T08:20:21+00:00\",\"mainEntityOfPage\":{\"@id\":\"https:\\\/\\\/marieclaire.be\\\/fr\\\/woman-at-work-conference-marie-claire\\\/\"},\"wordCount\":379,\"publisher\":{\"@id\":\"https:\\\/\\\/marieclaire.be\\\/fr\\\/#organization\"},\"image\":{\"@id\":\"https:\\\/\\\/marieclaire.be\\\/fr\\\/woman-at-work-conference-marie-claire\\\/#primaryimage\"},\"thumbnailUrl\":\"https:\\\/\\\/marieclaire.be\\\/fr\\\/wp-content\\\/uploads\\\/2018\\\/11\\\/marieclaire_womanwork_conference_1050x550-1.jpg\",\"keywords\":[\"travail\"],\"articleSection\":[\"En bref\"],\"inLanguage\":\"fr-FR\"},{\"@type\":\"WebPage\",\"@id\":\"https:\\\/\\\/marieclaire.be\\\/fr\\\/woman-at-work-conference-marie-claire\\\/\",\"url\":\"https:\\\/\\\/marieclaire.be\\\/fr\\\/woman-at-work-conference-marie-claire\\\/\",\"name\":\"\u00c9v\u00e9nement Woman@work : donnez un coup de pouce \u00e0 votre carri\u00e8re \u00e0 notre After(Net)Work Marie Claire - Marie Claire Belgique\",\"isPartOf\":{\"@id\":\"https:\\\/\\\/marieclaire.be\\\/fr\\\/#website\"},\"primaryImageOfPage\":{\"@id\":\"https:\\\/\\\/marieclaire.be\\\/fr\\\/woman-at-work-conference-marie-claire\\\/#primaryimage\"},\"image\":{\"@id\":\"https:\\\/\\\/marieclaire.be\\\/fr\\\/woman-at-work-conference-marie-claire\\\/#primaryimage\"},\"thumbnailUrl\":\"https:\\\/\\\/marieclaire.be\\\/fr\\\/wp-content\\\/uploads\\\/2018\\\/11\\\/marieclaire_womanwork_conference_1050x550-1.jpg\",\"datePublished\":\"2018-11-25T17:51:52+00:00\",\"dateModified\":\"2018-11-26T08:20:21+00:00\",\"description\":\"Woman @ work: participez \u00e0 notre conf\u00e9rence et after(net)work de ce 29\\\/11. L'\u00e9v\u00e9nement parfait pour donner un coup de pouce \u00e0 votre carri\u00e8re!\",\"breadcrumb\":{\"@id\":\"https:\\\/\\\/marieclaire.be\\\/fr\\\/woman-at-work-conference-marie-claire\\\/#breadcrumb\"},\"inLanguage\":\"fr-FR\",\"potentialAction\":[{\"@type\":\"ReadAction\",\"target\":[\"https:\\\/\\\/marieclaire.be\\\/fr\\\/woman-at-work-conference-marie-claire\\\/\"]}]},{\"@type\":\"ImageObject\",\"inLanguage\":\"fr-FR\",\"@id\":\"https:\\\/\\\/marieclaire.be\\\/fr\\\/woman-at-work-conference-marie-claire\\\/#primaryimage\",\"url\":\"https:\\\/\\\/marieclaire.be\\\/fr\\\/wp-content\\\/uploads\\\/2018\\\/11\\\/marieclaire_womanwork_conference_1050x550-1.jpg\",\"contentUrl\":\"https:\\\/\\\/marieclaire.be\\\/fr\\\/wp-content\\\/uploads\\\/2018\\\/11\\\/marieclaire_womanwork_conference_1050x550-1.jpg\",\"width\":1050,\"height\":550,\"caption\":\"Woman @ work : donnez un coup de pouce \u00e0 votre carri\u00e8re \u00e0 notre after(net)work Marie Claire\"},{\"@type\":\"BreadcrumbList\",\"@id\":\"https:\\\/\\\/marieclaire.be\\\/fr\\\/woman-at-work-conference-marie-claire\\\/#breadcrumb\",\"itemListElement\":[{\"@type\":\"ListItem\",\"position\":1,\"name\":\"Accueil\",\"item\":\"https:\\\/\\\/marieclaire.be\\\/fr\\\/\"},{\"@type\":\"ListItem\",\"position\":2,\"name\":\"\u00c9v\u00e9nement Woman@work : donnez un coup de pouce \u00e0 votre carri\u00e8re \u00e0 notre After(Net)Work Marie Claire\"}]},{\"@type\":\"WebSite\",\"@id\":\"https:\\\/\\\/marieclaire.be\\\/fr\\\/#website\",\"url\":\"https:\\\/\\\/marieclaire.be\\\/fr\\\/\",\"name\":\"Marie Claire Belgique\",\"description\":\"Marie Claire Belgique, le magazine du style et de l\u2019intelligence qui parle de mode, des tendances, de la beaut\u00e9, de l\u2019actualit\u00e9 et de la culture\",\"publisher\":{\"@id\":\"https:\\\/\\\/marieclaire.be\\\/fr\\\/#organization\"},\"potentialAction\":[{\"@type\":\"SearchAction\",\"target\":{\"@type\":\"EntryPoint\",\"urlTemplate\":\"https:\\\/\\\/marieclaire.be\\\/fr\\\/?s={search_term_string}\"},\"query-input\":{\"@type\":\"PropertyValueSpecification\",\"valueRequired\":true,\"valueName\":\"search_term_string\"}}],\"inLanguage\":\"fr-FR\"},{\"@type\":\"Organization\",\"@id\":\"https:\\\/\\\/marieclaire.be\\\/fr\\\/#organization\",\"name\":\"Marie Claire\",\"url\":\"https:\\\/\\\/marieclaire.be\\\/fr\\\/\",\"logo\":{\"@type\":\"ImageObject\",\"inLanguage\":\"fr-FR\",\"@id\":\"https:\\\/\\\/marieclaire.be\\\/fr\\\/#\\\/schema\\\/logo\\\/image\\\/\",\"url\":\"https:\\\/\\\/marieclaire.be\\\/fr\\\/wp-content\\\/uploads\\\/2018\\\/05\\\/mc-logo2.png\",\"contentUrl\":\"https:\\\/\\\/marieclaire.be\\\/fr\\\/wp-content\\\/uploads\\\/2018\\\/05\\\/mc-logo2.png\",\"width\":1001,\"height\":189,\"caption\":\"Marie Claire\"},\"image\":{\"@id\":\"https:\\\/\\\/marieclaire.be\\\/fr\\\/#\\\/schema\\\/logo\\\/image\\\/\"},\"sameAs\":[\"https:\\\/\\\/www.facebook.com\\\/MarieClaire.Belgique\\\/\",\"https:\\\/\\\/www.instagram.com\\\/marieclaire_belgique\\\/\",\"https:\\\/\\\/fr.pinterest.com\\\/marieclairebe\\\/\",\"https:\\\/\\\/www.youtube.com\\\/user\\\/BelgiumMarieClaire\"]},{\"@type\":\"Person\",\"@id\":\"https:\\\/\\\/marieclaire.be\\\/fr\\\/#\\\/schema\\\/person\\\/0f2a2faab8a1cdf67c909271eb6dcb39\",\"name\":\"Charlotte Deprez\",\"image\":{\"@type\":\"ImageObject\",\"inLanguage\":\"fr-FR\",\"@id\":\"https:\\\/\\\/marieclaire.be\\\/fr\\\/wp-content\\\/uploads\\\/2019\\\/09\\\/charlotte_deprez-96x96.jpg\",\"url\":\"https:\\\/\\\/marieclaire.be\\\/fr\\\/wp-content\\\/uploads\\\/2019\\\/09\\\/charlotte_deprez-96x96.jpg\",\"contentUrl\":\"https:\\\/\\\/marieclaire.be\\\/fr\\\/wp-content\\\/uploads\\\/2019\\\/09\\\/charlotte_deprez-96x96.jpg\",\"caption\":\"Charlotte Deprez\"},\"description\":\"Foodie assum\u00e9e, obs\u00e9d\u00e9e par les voyages, la photographie et la tech, toujours \u00e0 l'aff\u00fbt de la derni\u00e8re tendance Instagram qui va r\u00e9volutionner le monde.\",\"sameAs\":[\"http:\\\/\\\/www.thetinynomad.com\",\"https:\\\/\\\/www.instagram.com\\\/thetinynomad\",\"https:\\\/\\\/be.linkedin.com\\\/in\\\/charlottedeprez\",\"https:\\\/\\\/fr.pinterest.com\\\/chadeprez\\\/\",\"https:\\\/\\\/x.com\\\/chadeprez\"],\"url\":\"https:\\\/\\\/marieclaire.be\\\/fr\\\/author\\\/charlotte\\\/\"}]}<\/script>\n<!-- \/ Yoast SEO plugin. -->","yoast_head_json":{"title":"\u00c9v\u00e9nement Woman@work : donnez un coup de pouce \u00e0 votre carri\u00e8re \u00e0 notre After(Net)Work Marie Claire - Marie Claire Belgique","description":"Woman @ work: participez \u00e0 notre conf\u00e9rence et after(net)work de ce 29\/11. L'\u00e9v\u00e9nement parfait pour donner un coup de pouce \u00e0 votre carri\u00e8re!","robots":{"index":"index","follow":"follow","max-snippet":"max-snippet:-1","max-image-preview":"max-image-preview:large","max-video-preview":"max-video-preview:-1"},"canonical":"https:\/\/marieclaire.be\/fr\/woman-at-work-conference-marie-claire\/","og_locale":"fr_FR","og_type":"article","og_title":"\u00c9v\u00e9nement Woman@work : donnez un coup de pouce \u00e0 votre carri\u00e8re \u00e0 notre After(Net)Work Marie Claire - Marie Claire Belgique","og_description":"Woman @ work: participez \u00e0 notre conf\u00e9rence et after(net)work de ce 29\/11. L'\u00e9v\u00e9nement parfait pour donner un coup de pouce \u00e0 votre carri\u00e8re!","og_url":"https:\/\/marieclaire.be\/fr\/woman-at-work-conference-marie-claire\/","og_site_name":"Marie Claire Belgique","article_publisher":"https:\/\/www.facebook.com\/MarieClaire.Belgique\/","article_published_time":"2018-11-25T17:51:52+00:00","article_modified_time":"2018-11-26T08:20:21+00:00","og_image":[{"width":1050,"height":550,"url":"https:\/\/marieclaire.be\/fr\/wp-content\/uploads\/2018\/11\/marieclaire_womanwork_conference_1050x550-1.jpg","type":"image\/jpeg"}],"author":"Charlotte Deprez","twitter_misc":{"\u00c9crit par":"Charlotte Deprez","Dur\u00e9e de lecture estim\u00e9e":"2 minutes"},"schema":{"@context":"https:\/\/schema.org","@graph":[{"@type":"NewsArticle","@id":"https:\/\/marieclaire.be\/fr\/woman-at-work-conference-marie-claire\/#article","isPartOf":{"@id":"https:\/\/marieclaire.be\/fr\/woman-at-work-conference-marie-claire\/"},"author":{"name":"Charlotte Deprez","@id":"https:\/\/marieclaire.be\/fr\/#\/schema\/person\/0f2a2faab8a1cdf67c909271eb6dcb39"},"headline":"\u00c9v\u00e9nement Woman@work : donnez un coup de pouce \u00e0 votre carri\u00e8re \u00e0 notre After(Net)Work Marie Claire","datePublished":"2018-11-25T17:51:52+00:00","dateModified":"2018-11-26T08:20:21+00:00","mainEntityOfPage":{"@id":"https:\/\/marieclaire.be\/fr\/woman-at-work-conference-marie-claire\/"},"wordCount":379,"publisher":{"@id":"https:\/\/marieclaire.be\/fr\/#organization"},"image":{"@id":"https:\/\/marieclaire.be\/fr\/woman-at-work-conference-marie-claire\/#primaryimage"},"thumbnailUrl":"https:\/\/marieclaire.be\/fr\/wp-content\/uploads\/2018\/11\/marieclaire_womanwork_conference_1050x550-1.jpg","keywords":["travail"],"articleSection":["En bref"],"inLanguage":"fr-FR"},{"@type":"WebPage","@id":"https:\/\/marieclaire.be\/fr\/woman-at-work-conference-marie-claire\/","url":"https:\/\/marieclaire.be\/fr\/woman-at-work-conference-marie-claire\/","name":"\u00c9v\u00e9nement Woman@work : donnez un coup de pouce \u00e0 votre carri\u00e8re \u00e0 notre After(Net)Work Marie Claire - Marie Claire Belgique","isPartOf":{"@id":"https:\/\/marieclaire.be\/fr\/#website"},"primaryImageOfPage":{"@id":"https:\/\/marieclaire.be\/fr\/woman-at-work-conference-marie-claire\/#primaryimage"},"image":{"@id":"https:\/\/marieclaire.be\/fr\/woman-at-work-conference-marie-claire\/#primaryimage"},"thumbnailUrl":"https:\/\/marieclaire.be\/fr\/wp-content\/uploads\/2018\/11\/marieclaire_womanwork_conference_1050x550-1.jpg","datePublished":"2018-11-25T17:51:52+00:00","dateModified":"2018-11-26T08:20:21+00:00","description":"Woman @ work: participez \u00e0 notre conf\u00e9rence et after(net)work de ce 29\/11. L'\u00e9v\u00e9nement parfait pour donner un coup de pouce \u00e0 votre carri\u00e8re!","breadcrumb":{"@id":"https:\/\/marieclaire.be\/fr\/woman-at-work-conference-marie-claire\/#breadcrumb"},"inLanguage":"fr-FR","potentialAction":[{"@type":"ReadAction","target":["https:\/\/marieclaire.be\/fr\/woman-at-work-conference-marie-claire\/"]}]},{"@type":"ImageObject","inLanguage":"fr-FR","@id":"https:\/\/marieclaire.be\/fr\/woman-at-work-conference-marie-claire\/#primaryimage","url":"https:\/\/marieclaire.be\/fr\/wp-content\/uploads\/2018\/11\/marieclaire_womanwork_conference_1050x550-1.jpg","contentUrl":"https:\/\/marieclaire.be\/fr\/wp-content\/uploads\/2018\/11\/marieclaire_womanwork_conference_1050x550-1.jpg","width":1050,"height":550,"caption":"Woman @ work : donnez un coup de pouce \u00e0 votre carri\u00e8re \u00e0 notre after(net)work Marie Claire"},{"@type":"BreadcrumbList","@id":"https:\/\/marieclaire.be\/fr\/woman-at-work-conference-marie-claire\/#breadcrumb","itemListElement":[{"@type":"ListItem","position":1,"name":"Accueil","item":"https:\/\/marieclaire.be\/fr\/"},{"@type":"ListItem","position":2,"name":"\u00c9v\u00e9nement Woman@work : donnez un coup de pouce \u00e0 votre carri\u00e8re \u00e0 notre After(Net)Work Marie Claire"}]},{"@type":"WebSite","@id":"https:\/\/marieclaire.be\/fr\/#website","url":"https:\/\/marieclaire.be\/fr\/","name":"Marie Claire Belgique","description":"Marie Claire Belgique, le magazine du style et de l\u2019intelligence qui parle de mode, des tendances, de la beaut\u00e9, de l\u2019actualit\u00e9 et de la culture","publisher":{"@id":"https:\/\/marieclaire.be\/fr\/#organization"},"potentialAction":[{"@type":"SearchAction","target":{"@type":"EntryPoint","urlTemplate":"https:\/\/marieclaire.be\/fr\/?s={search_term_string}"},"query-input":{"@type":"PropertyValueSpecification","valueRequired":true,"valueName":"search_term_string"}}],"inLanguage":"fr-FR"},{"@type":"Organization","@id":"https:\/\/marieclaire.be\/fr\/#organization","name":"Marie Claire","url":"https:\/\/marieclaire.be\/fr\/","logo":{"@type":"ImageObject","inLanguage":"fr-FR","@id":"https:\/\/marieclaire.be\/fr\/#\/schema\/logo\/image\/","url":"https:\/\/marieclaire.be\/fr\/wp-content\/uploads\/2018\/05\/mc-logo2.png","contentUrl":"https:\/\/marieclaire.be\/fr\/wp-content\/uploads\/2018\/05\/mc-logo2.png","width":1001,"height":189,"caption":"Marie Claire"},"image":{"@id":"https:\/\/marieclaire.be\/fr\/#\/schema\/logo\/image\/"},"sameAs":["https:\/\/www.facebook.com\/MarieClaire.Belgique\/","https:\/\/www.instagram.com\/marieclaire_belgique\/","https:\/\/fr.pinterest.com\/marieclairebe\/","https:\/\/www.youtube.com\/user\/BelgiumMarieClaire"]},{"@type":"Person","@id":"https:\/\/marieclaire.be\/fr\/#\/schema\/person\/0f2a2faab8a1cdf67c909271eb6dcb39","name":"Charlotte Deprez","image":{"@type":"ImageObject","inLanguage":"fr-FR","@id":"https:\/\/marieclaire.be\/fr\/wp-content\/uploads\/2019\/09\/charlotte_deprez-96x96.jpg","url":"https:\/\/marieclaire.be\/fr\/wp-content\/uploads\/2019\/09\/charlotte_deprez-96x96.jpg","contentUrl":"https:\/\/marieclaire.be\/fr\/wp-content\/uploads\/2019\/09\/charlotte_deprez-96x96.jpg","caption":"Charlotte Deprez"},"description":"Foodie assum\u00e9e, obs\u00e9d\u00e9e par les voyages, la photographie et la tech, toujours \u00e0 l'aff\u00fbt de la derni\u00e8re tendance Instagram qui va r\u00e9volutionner le monde.","sameAs":["http:\/\/www.thetinynomad.com","https:\/\/www.instagram.com\/thetinynomad","https:\/\/be.linkedin.com\/in\/charlottedeprez","https:\/\/fr.pinterest.com\/chadeprez\/","https:\/\/x.com\/chadeprez"],"url":"https:\/\/marieclaire.be\/fr\/author\/charlotte\/"}]}},"_links":{"self":[{"href":"https:\/\/marieclaire.be\/fr\/wp-json\/wp\/v2\/posts\/57777","targetHints":{"allow":["GET"]}}],"collection":[{"href":"https:\/\/marieclaire.be\/fr\/wp-json\/wp\/v2\/posts"}],"about":[{"href":"https:\/\/marieclaire.be\/fr\/wp-json\/wp\/v2\/types\/post"}],"author":[{"embeddable":true,"href":"https:\/\/marieclaire.be\/fr\/wp-json\/wp\/v2\/users\/19"}],"replies":[{"embeddable":true,"href":"https:\/\/marieclaire.be\/fr\/wp-json\/wp\/v2\/comments?post=57777"}],"version-history":[{"count":0,"href":"https:\/\/marieclaire.be\/fr\/wp-json\/wp\/v2\/posts\/57777\/revisions"}],"wp:featuredmedia":[{"embeddable":true,"href":"https:\/\/marieclaire.be\/fr\/wp-json\/wp\/v2\/media\/57906"}],"wp:attachment":[{"href":"https:\/\/marieclaire.be\/fr\/wp-json\/wp\/v2\/media?parent=57777"}],"wp:term":[{"taxonomy":"category","embeddable":true,"href":"https:\/\/marieclaire.be\/fr\/wp-json\/wp\/v2\/categories?post=57777"},{"taxonomy":"post_tag","embeddable":true,"href":"https:\/\/marieclaire.be\/fr\/wp-json\/wp\/v2\/tags?post=57777"}],"curies":[{"name":"wp","href":"https:\/\/api.w.org\/{rel}","templated":true}]}}