{"id":56226,"date":"2025-10-09T07:30:00","date_gmt":"2025-10-09T05:30:00","guid":{"rendered":"http:\/\/marieclaire.be\/fr\/?p=56226"},"modified":"2025-09-28T02:06:08","modified_gmt":"2025-09-28T00:06:08","slug":"cest-quoi-le-pumpkin-spice","status":"publish","type":"post","link":"https:\/\/marieclaire.be\/fr\/cest-quoi-le-pumpkin-spice\/","title":{"rendered":"Comment le pumpkin spice est devenu l&#8217;obsession de l&#8217;automne ?"},"content":{"rendered":"","protected":false},"excerpt":{"rendered":"Rendu hyper populaire par la pumpkin pie de Thanksgiving et le c\u00e9l\u00e8bre latte de Starbucks, le pumpkin spice est devenu un r\u00e9el ph\u00e9nom\u00e8ne automnal, attendu avec impatience par tous les fans de citrouilles et de feuilles mortes.","protected":false},"author":8,"featured_media":96322,"comment_status":"closed","ping_status":"closed","sticky":false,"template":"","format":"standard","meta":{"_acf_changed":false,"footnotes":""},"categories":[67,70],"tags":[184],"class_list":["post-56226","post","type-post","status-publish","format-standard","has-post-thumbnail","hentry","category-lifestyle","category-recettes","tag-recette"],"acf":[],"_yoast_wpseo_title":null,"_yoast_wpseo_metadesc":"Le pumpkin spice est devenu un r\u00e9el ph\u00e9nom\u00e8ne automnal, attendu avec impatience par tous les fans de citrouilles et d'automne.","image_verticale":"138931","yoast_head":"<!-- This site is optimized with the Yoast SEO plugin v27.3 - https:\/\/yoast.com\/product\/yoast-seo-wordpress\/ -->\n<title>Comment le pumpkin spice est devenu l&#039;obsession de l&#039;automne ? - Marie Claire Belgique<\/title>\n<meta name=\"description\" content=\"Le pumpkin spice est devenu un r\u00e9el ph\u00e9nom\u00e8ne automnal, attendu avec impatience par tous les fans de citrouilles et d&#039;automne.\" \/>\n<meta name=\"robots\" content=\"index, follow, max-snippet:-1, max-image-preview:large, max-video-preview:-1\" \/>\n<link rel=\"canonical\" href=\"https:\/\/marieclaire.be\/fr\/cest-quoi-le-pumpkin-spice\/\" \/>\n<link rel=\"next\" href=\"https:\/\/marieclaire.be\/fr\/cest-quoi-le-pumpkin-spice\/2\/\" \/>\n<meta property=\"og:locale\" content=\"fr_FR\" \/>\n<meta property=\"og:type\" content=\"article\" \/>\n<meta property=\"og:title\" content=\"Comment le pumpkin spice est devenu l&#039;obsession de l&#039;automne ? - Marie Claire Belgique\" \/>\n<meta property=\"og:description\" content=\"Le pumpkin spice est devenu un r\u00e9el ph\u00e9nom\u00e8ne automnal, attendu avec impatience par tous les fans de citrouilles et d&#039;automne.\" \/>\n<meta property=\"og:url\" content=\"https:\/\/marieclaire.be\/fr\/cest-quoi-le-pumpkin-spice\/\" \/>\n<meta property=\"og:site_name\" content=\"Marie Claire Belgique\" \/>\n<meta property=\"article:publisher\" content=\"https:\/\/www.facebook.com\/MarieClaire.Belgique\/\" \/>\n<meta property=\"article:published_time\" content=\"2025-10-09T05:30:00+00:00\" \/>\n<meta property=\"og:image\" content=\"https:\/\/marieclaire.be\/fr\/wp-content\/uploads\/2019\/09\/marieclaire_pumpkin_spice_pie_horiz.png\" \/>\n\t<meta property=\"og:image:width\" content=\"1280\" \/>\n\t<meta property=\"og:image:height\" content=\"670\" \/>\n\t<meta property=\"og:image:type\" content=\"image\/png\" \/>\n<meta name=\"author\" content=\"Marie Claire\" \/>\n<meta name=\"twitter:label1\" content=\"\u00c9crit par\" \/>\n\t<meta name=\"twitter:data1\" content=\"Marie Claire\" \/>\n\t<meta name=\"twitter:label2\" content=\"Dur\u00e9e de lecture estim\u00e9e\" \/>\n\t<meta name=\"twitter:data2\" content=\"3 minutes\" \/>\n<script type=\"application\/ld+json\" class=\"yoast-schema-graph\">{\"@context\":\"https:\\\/\\\/schema.org\",\"@graph\":[{\"@type\":\"NewsArticle\",\"@id\":\"https:\\\/\\\/marieclaire.be\\\/fr\\\/cest-quoi-le-pumpkin-spice\\\/#article\",\"isPartOf\":{\"@id\":\"https:\\\/\\\/marieclaire.be\\\/fr\\\/cest-quoi-le-pumpkin-spice\\\/\"},\"author\":{\"name\":\"Marie Claire\",\"@id\":\"https:\\\/\\\/marieclaire.be\\\/fr\\\/#\\\/schema\\\/person\\\/6a5bc4eb4707dbc5cb47d17804a85f8c\"},\"headline\":\"Comment le pumpkin spice est devenu l&#8217;obsession de l&#8217;automne ?\",\"datePublished\":\"2025-10-09T05:30:00+00:00\",\"mainEntityOfPage\":{\"@id\":\"https:\\\/\\\/marieclaire.be\\\/fr\\\/cest-quoi-le-pumpkin-spice\\\/\"},\"wordCount\":446,\"publisher\":{\"@id\":\"https:\\\/\\\/marieclaire.be\\\/fr\\\/#organization\"},\"image\":{\"@id\":\"https:\\\/\\\/marieclaire.be\\\/fr\\\/cest-quoi-le-pumpkin-spice\\\/#primaryimage\"},\"thumbnailUrl\":\"https:\\\/\\\/marieclaire.be\\\/fr\\\/wp-content\\\/uploads\\\/2019\\\/09\\\/marieclaire_pumpkin_spice_pie_horiz.png\",\"keywords\":[\"recette\"],\"articleSection\":[\"Lifestyle\",\"Recettes\"],\"inLanguage\":\"fr-FR\"},{\"@type\":\"WebPage\",\"@id\":\"https:\\\/\\\/marieclaire.be\\\/fr\\\/cest-quoi-le-pumpkin-spice\\\/\",\"url\":\"https:\\\/\\\/marieclaire.be\\\/fr\\\/cest-quoi-le-pumpkin-spice\\\/\",\"name\":\"Comment le pumpkin spice est devenu l'obsession de l'automne ? - Marie Claire Belgique\",\"isPartOf\":{\"@id\":\"https:\\\/\\\/marieclaire.be\\\/fr\\\/#website\"},\"primaryImageOfPage\":{\"@id\":\"https:\\\/\\\/marieclaire.be\\\/fr\\\/cest-quoi-le-pumpkin-spice\\\/#primaryimage\"},\"image\":{\"@id\":\"https:\\\/\\\/marieclaire.be\\\/fr\\\/cest-quoi-le-pumpkin-spice\\\/#primaryimage\"},\"thumbnailUrl\":\"https:\\\/\\\/marieclaire.be\\\/fr\\\/wp-content\\\/uploads\\\/2019\\\/09\\\/marieclaire_pumpkin_spice_pie_horiz.png\",\"datePublished\":\"2025-10-09T05:30:00+00:00\",\"description\":\"Le pumpkin spice est devenu un r\u00e9el ph\u00e9nom\u00e8ne automnal, attendu avec impatience par tous les fans de citrouilles et d'automne.\",\"inLanguage\":\"fr-FR\",\"potentialAction\":[{\"@type\":\"ReadAction\",\"target\":[\"https:\\\/\\\/marieclaire.be\\\/fr\\\/cest-quoi-le-pumpkin-spice\\\/\"]}]},{\"@type\":\"ImageObject\",\"inLanguage\":\"fr-FR\",\"@id\":\"https:\\\/\\\/marieclaire.be\\\/fr\\\/cest-quoi-le-pumpkin-spice\\\/#primaryimage\",\"url\":\"https:\\\/\\\/marieclaire.be\\\/fr\\\/wp-content\\\/uploads\\\/2019\\\/09\\\/marieclaire_pumpkin_spice_pie_horiz.png\",\"contentUrl\":\"https:\\\/\\\/marieclaire.be\\\/fr\\\/wp-content\\\/uploads\\\/2019\\\/09\\\/marieclaire_pumpkin_spice_pie_horiz.png\",\"width\":1280,\"height\":670,\"caption\":\"Getty Images\"},{\"@type\":\"WebSite\",\"@id\":\"https:\\\/\\\/marieclaire.be\\\/fr\\\/#website\",\"url\":\"https:\\\/\\\/marieclaire.be\\\/fr\\\/\",\"name\":\"Marie Claire Belgique\",\"description\":\"Marie Claire Belgique, le magazine du style et de l\u2019intelligence qui parle de mode, des tendances, de la beaut\u00e9, de l\u2019actualit\u00e9 et de la culture\",\"publisher\":{\"@id\":\"https:\\\/\\\/marieclaire.be\\\/fr\\\/#organization\"},\"potentialAction\":[{\"@type\":\"SearchAction\",\"target\":{\"@type\":\"EntryPoint\",\"urlTemplate\":\"https:\\\/\\\/marieclaire.be\\\/fr\\\/?s={search_term_string}\"},\"query-input\":{\"@type\":\"PropertyValueSpecification\",\"valueRequired\":true,\"valueName\":\"search_term_string\"}}],\"inLanguage\":\"fr-FR\"},{\"@type\":\"Organization\",\"@id\":\"https:\\\/\\\/marieclaire.be\\\/fr\\\/#organization\",\"name\":\"Marie Claire\",\"url\":\"https:\\\/\\\/marieclaire.be\\\/fr\\\/\",\"logo\":{\"@type\":\"ImageObject\",\"inLanguage\":\"fr-FR\",\"@id\":\"https:\\\/\\\/marieclaire.be\\\/fr\\\/#\\\/schema\\\/logo\\\/image\\\/\",\"url\":\"https:\\\/\\\/marieclaire.be\\\/fr\\\/wp-content\\\/uploads\\\/2018\\\/05\\\/mc-logo2.png\",\"contentUrl\":\"https:\\\/\\\/marieclaire.be\\\/fr\\\/wp-content\\\/uploads\\\/2018\\\/05\\\/mc-logo2.png\",\"width\":1001,\"height\":189,\"caption\":\"Marie Claire\"},\"image\":{\"@id\":\"https:\\\/\\\/marieclaire.be\\\/fr\\\/#\\\/schema\\\/logo\\\/image\\\/\"},\"sameAs\":[\"https:\\\/\\\/www.facebook.com\\\/MarieClaire.Belgique\\\/\",\"https:\\\/\\\/www.instagram.com\\\/marieclaire_belgique\\\/\",\"https:\\\/\\\/fr.pinterest.com\\\/marieclairebe\\\/\",\"https:\\\/\\\/www.youtube.com\\\/user\\\/BelgiumMarieClaire\"]},{\"@type\":\"Person\",\"@id\":\"https:\\\/\\\/marieclaire.be\\\/fr\\\/#\\\/schema\\\/person\\\/6a5bc4eb4707dbc5cb47d17804a85f8c\",\"name\":\"Marie Claire\",\"image\":{\"@type\":\"ImageObject\",\"inLanguage\":\"fr-FR\",\"@id\":\"https:\\\/\\\/marieclaire.be\\\/fr\\\/wp-content\\\/uploads\\\/2016\\\/11\\\/mclogo-96x96.jpg\",\"url\":\"https:\\\/\\\/marieclaire.be\\\/fr\\\/wp-content\\\/uploads\\\/2016\\\/11\\\/mclogo-96x96.jpg\",\"contentUrl\":\"https:\\\/\\\/marieclaire.be\\\/fr\\\/wp-content\\\/uploads\\\/2016\\\/11\\\/mclogo-96x96.jpg\",\"caption\":\"Marie Claire\"},\"url\":\"https:\\\/\\\/marieclaire.be\\\/fr\\\/author\\\/stagiaire\\\/\"}]}<\/script>\n<!-- \/ Yoast SEO plugin. -->","yoast_head_json":{"title":"Comment le pumpkin spice est devenu l'obsession de l'automne ? - Marie Claire Belgique","description":"Le pumpkin spice est devenu un r\u00e9el ph\u00e9nom\u00e8ne automnal, attendu avec impatience par tous les fans de citrouilles et d'automne.","robots":{"index":"index","follow":"follow","max-snippet":"max-snippet:-1","max-image-preview":"max-image-preview:large","max-video-preview":"max-video-preview:-1"},"canonical":"https:\/\/marieclaire.be\/fr\/cest-quoi-le-pumpkin-spice\/","next":"https:\/\/marieclaire.be\/fr\/cest-quoi-le-pumpkin-spice\/2\/","og_locale":"fr_FR","og_type":"article","og_title":"Comment le pumpkin spice est devenu l'obsession de l'automne ? - Marie Claire Belgique","og_description":"Le pumpkin spice est devenu un r\u00e9el ph\u00e9nom\u00e8ne automnal, attendu avec impatience par tous les fans de citrouilles et d'automne.","og_url":"https:\/\/marieclaire.be\/fr\/cest-quoi-le-pumpkin-spice\/","og_site_name":"Marie Claire Belgique","article_publisher":"https:\/\/www.facebook.com\/MarieClaire.Belgique\/","article_published_time":"2025-10-09T05:30:00+00:00","og_image":[{"width":1280,"height":670,"url":"https:\/\/marieclaire.be\/fr\/wp-content\/uploads\/2019\/09\/marieclaire_pumpkin_spice_pie_horiz.png","type":"image\/png"}],"author":"Marie Claire","twitter_misc":{"\u00c9crit par":"Marie Claire","Dur\u00e9e de lecture estim\u00e9e":"3 minutes"},"schema":{"@context":"https:\/\/schema.org","@graph":[{"@type":"NewsArticle","@id":"https:\/\/marieclaire.be\/fr\/cest-quoi-le-pumpkin-spice\/#article","isPartOf":{"@id":"https:\/\/marieclaire.be\/fr\/cest-quoi-le-pumpkin-spice\/"},"author":{"name":"Marie Claire","@id":"https:\/\/marieclaire.be\/fr\/#\/schema\/person\/6a5bc4eb4707dbc5cb47d17804a85f8c"},"headline":"Comment le pumpkin spice est devenu l&#8217;obsession de l&#8217;automne ?","datePublished":"2025-10-09T05:30:00+00:00","mainEntityOfPage":{"@id":"https:\/\/marieclaire.be\/fr\/cest-quoi-le-pumpkin-spice\/"},"wordCount":446,"publisher":{"@id":"https:\/\/marieclaire.be\/fr\/#organization"},"image":{"@id":"https:\/\/marieclaire.be\/fr\/cest-quoi-le-pumpkin-spice\/#primaryimage"},"thumbnailUrl":"https:\/\/marieclaire.be\/fr\/wp-content\/uploads\/2019\/09\/marieclaire_pumpkin_spice_pie_horiz.png","keywords":["recette"],"articleSection":["Lifestyle","Recettes"],"inLanguage":"fr-FR"},{"@type":"WebPage","@id":"https:\/\/marieclaire.be\/fr\/cest-quoi-le-pumpkin-spice\/","url":"https:\/\/marieclaire.be\/fr\/cest-quoi-le-pumpkin-spice\/","name":"Comment le pumpkin spice est devenu l'obsession de l'automne ? - Marie Claire Belgique","isPartOf":{"@id":"https:\/\/marieclaire.be\/fr\/#website"},"primaryImageOfPage":{"@id":"https:\/\/marieclaire.be\/fr\/cest-quoi-le-pumpkin-spice\/#primaryimage"},"image":{"@id":"https:\/\/marieclaire.be\/fr\/cest-quoi-le-pumpkin-spice\/#primaryimage"},"thumbnailUrl":"https:\/\/marieclaire.be\/fr\/wp-content\/uploads\/2019\/09\/marieclaire_pumpkin_spice_pie_horiz.png","datePublished":"2025-10-09T05:30:00+00:00","description":"Le pumpkin spice est devenu un r\u00e9el ph\u00e9nom\u00e8ne automnal, attendu avec impatience par tous les fans de citrouilles et d'automne.","inLanguage":"fr-FR","potentialAction":[{"@type":"ReadAction","target":["https:\/\/marieclaire.be\/fr\/cest-quoi-le-pumpkin-spice\/"]}]},{"@type":"ImageObject","inLanguage":"fr-FR","@id":"https:\/\/marieclaire.be\/fr\/cest-quoi-le-pumpkin-spice\/#primaryimage","url":"https:\/\/marieclaire.be\/fr\/wp-content\/uploads\/2019\/09\/marieclaire_pumpkin_spice_pie_horiz.png","contentUrl":"https:\/\/marieclaire.be\/fr\/wp-content\/uploads\/2019\/09\/marieclaire_pumpkin_spice_pie_horiz.png","width":1280,"height":670,"caption":"Getty Images"},{"@type":"WebSite","@id":"https:\/\/marieclaire.be\/fr\/#website","url":"https:\/\/marieclaire.be\/fr\/","name":"Marie Claire Belgique","description":"Marie Claire Belgique, le magazine du style et de l\u2019intelligence qui parle de mode, des tendances, de la beaut\u00e9, de l\u2019actualit\u00e9 et de la culture","publisher":{"@id":"https:\/\/marieclaire.be\/fr\/#organization"},"potentialAction":[{"@type":"SearchAction","target":{"@type":"EntryPoint","urlTemplate":"https:\/\/marieclaire.be\/fr\/?s={search_term_string}"},"query-input":{"@type":"PropertyValueSpecification","valueRequired":true,"valueName":"search_term_string"}}],"inLanguage":"fr-FR"},{"@type":"Organization","@id":"https:\/\/marieclaire.be\/fr\/#organization","name":"Marie Claire","url":"https:\/\/marieclaire.be\/fr\/","logo":{"@type":"ImageObject","inLanguage":"fr-FR","@id":"https:\/\/marieclaire.be\/fr\/#\/schema\/logo\/image\/","url":"https:\/\/marieclaire.be\/fr\/wp-content\/uploads\/2018\/05\/mc-logo2.png","contentUrl":"https:\/\/marieclaire.be\/fr\/wp-content\/uploads\/2018\/05\/mc-logo2.png","width":1001,"height":189,"caption":"Marie Claire"},"image":{"@id":"https:\/\/marieclaire.be\/fr\/#\/schema\/logo\/image\/"},"sameAs":["https:\/\/www.facebook.com\/MarieClaire.Belgique\/","https:\/\/www.instagram.com\/marieclaire_belgique\/","https:\/\/fr.pinterest.com\/marieclairebe\/","https:\/\/www.youtube.com\/user\/BelgiumMarieClaire"]},{"@type":"Person","@id":"https:\/\/marieclaire.be\/fr\/#\/schema\/person\/6a5bc4eb4707dbc5cb47d17804a85f8c","name":"Marie Claire","image":{"@type":"ImageObject","inLanguage":"fr-FR","@id":"https:\/\/marieclaire.be\/fr\/wp-content\/uploads\/2016\/11\/mclogo-96x96.jpg","url":"https:\/\/marieclaire.be\/fr\/wp-content\/uploads\/2016\/11\/mclogo-96x96.jpg","contentUrl":"https:\/\/marieclaire.be\/fr\/wp-content\/uploads\/2016\/11\/mclogo-96x96.jpg","caption":"Marie Claire"},"url":"https:\/\/marieclaire.be\/fr\/author\/stagiaire\/"}]}},"_links":{"self":[{"href":"https:\/\/marieclaire.be\/fr\/wp-json\/wp\/v2\/posts\/56226","targetHints":{"allow":["GET"]}}],"collection":[{"href":"https:\/\/marieclaire.be\/fr\/wp-json\/wp\/v2\/posts"}],"about":[{"href":"https:\/\/marieclaire.be\/fr\/wp-json\/wp\/v2\/types\/post"}],"author":[{"embeddable":true,"href":"https:\/\/marieclaire.be\/fr\/wp-json\/wp\/v2\/users\/8"}],"replies":[{"embeddable":true,"href":"https:\/\/marieclaire.be\/fr\/wp-json\/wp\/v2\/comments?post=56226"}],"version-history":[{"count":7,"href":"https:\/\/marieclaire.be\/fr\/wp-json\/wp\/v2\/posts\/56226\/revisions"}],"predecessor-version":[{"id":145447,"href":"https:\/\/marieclaire.be\/fr\/wp-json\/wp\/v2\/posts\/56226\/revisions\/145447"}],"wp:featuredmedia":[{"embeddable":true,"href":"https:\/\/marieclaire.be\/fr\/wp-json\/wp\/v2\/media\/96322"}],"wp:attachment":[{"href":"https:\/\/marieclaire.be\/fr\/wp-json\/wp\/v2\/media?parent=56226"}],"wp:term":[{"taxonomy":"category","embeddable":true,"href":"https:\/\/marieclaire.be\/fr\/wp-json\/wp\/v2\/categories?post=56226"},{"taxonomy":"post_tag","embeddable":true,"href":"https:\/\/marieclaire.be\/fr\/wp-json\/wp\/v2\/tags?post=56226"}],"curies":[{"name":"wp","href":"https:\/\/api.w.org\/{rel}","templated":true}]}}