{"id":55700,"date":"2018-10-07T09:19:57","date_gmt":"2018-10-07T07:19:57","guid":{"rendered":"http:\/\/marieclaire.be\/fr\/?p=55700"},"modified":"2018-10-05T18:09:48","modified_gmt":"2018-10-05T16:09:48","slug":"serie-the-marvelous-mrs-maisel","status":"publish","type":"post","link":"https:\/\/marieclaire.be\/fr\/serie-the-marvelous-mrs-maisel\/","title":{"rendered":"Piquante, comique et lib\u00e9ratoire : pourquoi il faut regarder la s\u00e9rie &#8220;The Marvelous Mrs. Maisel&#8221;"},"content":{"rendered":"","protected":false},"excerpt":{"rendered":"R\u00e9compens\u00e9e de plusieurs prix aux Emmy Awards, la nouvelle s\u00e9rie produite par le g\u00e9ant du commerce en ligne Amazon en a s\u00e9duit plus d&#8217;un.","protected":false},"author":8,"featured_media":55783,"comment_status":"closed","ping_status":"closed","sticky":false,"template":"","format":"standard","meta":{"_acf_changed":false,"footnotes":""},"categories":[26,67],"tags":[643,964,193],"class_list":["post-55700","post","type-post","status-publish","format-standard","has-post-thumbnail","hentry","category-culture","category-lifestyle","tag-amazon","tag-feminisme","tag-serie"],"acf":[],"_yoast_wpseo_title":null,"_yoast_wpseo_metadesc":"The Marvelous Mrs. Maisel en a s\u00e9duit plus d'un, et nous en faisons partie. Retour sur un show comique et f\u00e9ministe qui fait du bien.","image_verticale":null,"yoast_head":"<!-- This site is optimized with the Yoast SEO plugin v27.3 - https:\/\/yoast.com\/product\/yoast-seo-wordpress\/ -->\n<title>Piquante, comique et lib\u00e9ratoire : pourquoi il faut regarder la s\u00e9rie &quot;The Marvelous Mrs. Maisel&quot; - Marie Claire Belgique<\/title>\n<meta name=\"description\" content=\"The Marvelous Mrs. Maisel en a s\u00e9duit plus d&#039;un, et nous en faisons partie. Retour sur un show comique et f\u00e9ministe qui fait du bien.\" \/>\n<meta name=\"robots\" content=\"index, follow, max-snippet:-1, max-image-preview:large, max-video-preview:-1\" \/>\n<link rel=\"canonical\" href=\"https:\/\/marieclaire.be\/fr\/serie-the-marvelous-mrs-maisel\/\" \/>\n<link rel=\"next\" href=\"https:\/\/marieclaire.be\/fr\/serie-the-marvelous-mrs-maisel\/2\/\" \/>\n<meta property=\"og:locale\" content=\"fr_FR\" \/>\n<meta property=\"og:type\" content=\"article\" \/>\n<meta property=\"og:title\" content=\"Piquante, comique et lib\u00e9ratoire : pourquoi il faut regarder la s\u00e9rie &quot;The Marvelous Mrs. Maisel&quot; - Marie Claire Belgique\" \/>\n<meta property=\"og:description\" content=\"The Marvelous Mrs. Maisel en a s\u00e9duit plus d&#039;un, et nous en faisons partie. Retour sur un show comique et f\u00e9ministe qui fait du bien.\" \/>\n<meta property=\"og:url\" content=\"https:\/\/marieclaire.be\/fr\/serie-the-marvelous-mrs-maisel\/\" \/>\n<meta property=\"og:site_name\" content=\"Marie Claire Belgique\" \/>\n<meta property=\"article:publisher\" content=\"https:\/\/www.facebook.com\/MarieClaire.Belgique\/\" \/>\n<meta property=\"article:published_time\" content=\"2018-10-07T07:19:57+00:00\" \/>\n<meta property=\"og:image\" content=\"https:\/\/marieclaire.be\/fr\/wp-content\/uploads\/2018\/10\/marieclaire_mrs_maisel.png\" \/>\n\t<meta property=\"og:image:width\" content=\"1050\" \/>\n\t<meta property=\"og:image:height\" content=\"550\" \/>\n\t<meta property=\"og:image:type\" content=\"image\/png\" \/>\n<meta name=\"author\" content=\"Marie Claire\" \/>\n<meta name=\"twitter:label1\" content=\"\u00c9crit par\" \/>\n\t<meta name=\"twitter:data1\" content=\"Marie Claire\" \/>\n\t<meta name=\"twitter:label2\" content=\"Dur\u00e9e de lecture estim\u00e9e\" \/>\n\t<meta name=\"twitter:data2\" content=\"4 minutes\" \/>\n<script type=\"application\/ld+json\" class=\"yoast-schema-graph\">{\"@context\":\"https:\\\/\\\/schema.org\",\"@graph\":[{\"@type\":\"NewsArticle\",\"@id\":\"https:\\\/\\\/marieclaire.be\\\/fr\\\/serie-the-marvelous-mrs-maisel\\\/#article\",\"isPartOf\":{\"@id\":\"https:\\\/\\\/marieclaire.be\\\/fr\\\/serie-the-marvelous-mrs-maisel\\\/\"},\"author\":{\"name\":\"Marie Claire\",\"@id\":\"https:\\\/\\\/marieclaire.be\\\/fr\\\/#\\\/schema\\\/person\\\/6a5bc4eb4707dbc5cb47d17804a85f8c\"},\"headline\":\"Piquante, comique et lib\u00e9ratoire : pourquoi il faut regarder la s\u00e9rie &#8220;The Marvelous Mrs. Maisel&#8221;\",\"datePublished\":\"2018-10-07T07:19:57+00:00\",\"mainEntityOfPage\":{\"@id\":\"https:\\\/\\\/marieclaire.be\\\/fr\\\/serie-the-marvelous-mrs-maisel\\\/\"},\"wordCount\":900,\"publisher\":{\"@id\":\"https:\\\/\\\/marieclaire.be\\\/fr\\\/#organization\"},\"image\":{\"@id\":\"https:\\\/\\\/marieclaire.be\\\/fr\\\/serie-the-marvelous-mrs-maisel\\\/#primaryimage\"},\"thumbnailUrl\":\"https:\\\/\\\/marieclaire.be\\\/fr\\\/wp-content\\\/uploads\\\/2018\\\/10\\\/marieclaire_mrs_maisel.png\",\"keywords\":[\"Amazon\",\"f\u00e9minisme\",\"s\u00e9rie\"],\"articleSection\":[\"Culture\",\"Lifestyle\"],\"inLanguage\":\"fr-FR\"},{\"@type\":\"WebPage\",\"@id\":\"https:\\\/\\\/marieclaire.be\\\/fr\\\/serie-the-marvelous-mrs-maisel\\\/\",\"url\":\"https:\\\/\\\/marieclaire.be\\\/fr\\\/serie-the-marvelous-mrs-maisel\\\/\",\"name\":\"Piquante, comique et lib\u00e9ratoire : pourquoi il faut regarder la s\u00e9rie \\\"The Marvelous Mrs. Maisel\\\" - Marie Claire Belgique\",\"isPartOf\":{\"@id\":\"https:\\\/\\\/marieclaire.be\\\/fr\\\/#website\"},\"primaryImageOfPage\":{\"@id\":\"https:\\\/\\\/marieclaire.be\\\/fr\\\/serie-the-marvelous-mrs-maisel\\\/#primaryimage\"},\"image\":{\"@id\":\"https:\\\/\\\/marieclaire.be\\\/fr\\\/serie-the-marvelous-mrs-maisel\\\/#primaryimage\"},\"thumbnailUrl\":\"https:\\\/\\\/marieclaire.be\\\/fr\\\/wp-content\\\/uploads\\\/2018\\\/10\\\/marieclaire_mrs_maisel.png\",\"datePublished\":\"2018-10-07T07:19:57+00:00\",\"description\":\"The Marvelous Mrs. Maisel en a s\u00e9duit plus d'un, et nous en faisons partie. Retour sur un show comique et f\u00e9ministe qui fait du bien.\",\"inLanguage\":\"fr-FR\",\"potentialAction\":[{\"@type\":\"ReadAction\",\"target\":[\"https:\\\/\\\/marieclaire.be\\\/fr\\\/serie-the-marvelous-mrs-maisel\\\/\"]}]},{\"@type\":\"ImageObject\",\"inLanguage\":\"fr-FR\",\"@id\":\"https:\\\/\\\/marieclaire.be\\\/fr\\\/serie-the-marvelous-mrs-maisel\\\/#primaryimage\",\"url\":\"https:\\\/\\\/marieclaire.be\\\/fr\\\/wp-content\\\/uploads\\\/2018\\\/10\\\/marieclaire_mrs_maisel.png\",\"contentUrl\":\"https:\\\/\\\/marieclaire.be\\\/fr\\\/wp-content\\\/uploads\\\/2018\\\/10\\\/marieclaire_mrs_maisel.png\",\"width\":1050,\"height\":550,\"caption\":\"Amazon Prime\"},{\"@type\":\"WebSite\",\"@id\":\"https:\\\/\\\/marieclaire.be\\\/fr\\\/#website\",\"url\":\"https:\\\/\\\/marieclaire.be\\\/fr\\\/\",\"name\":\"Marie Claire Belgique\",\"description\":\"Marie Claire Belgique, le magazine du style et de l\u2019intelligence qui parle de mode, des tendances, de la beaut\u00e9, de l\u2019actualit\u00e9 et de la culture\",\"publisher\":{\"@id\":\"https:\\\/\\\/marieclaire.be\\\/fr\\\/#organization\"},\"potentialAction\":[{\"@type\":\"SearchAction\",\"target\":{\"@type\":\"EntryPoint\",\"urlTemplate\":\"https:\\\/\\\/marieclaire.be\\\/fr\\\/?s={search_term_string}\"},\"query-input\":{\"@type\":\"PropertyValueSpecification\",\"valueRequired\":true,\"valueName\":\"search_term_string\"}}],\"inLanguage\":\"fr-FR\"},{\"@type\":\"Organization\",\"@id\":\"https:\\\/\\\/marieclaire.be\\\/fr\\\/#organization\",\"name\":\"Marie Claire\",\"url\":\"https:\\\/\\\/marieclaire.be\\\/fr\\\/\",\"logo\":{\"@type\":\"ImageObject\",\"inLanguage\":\"fr-FR\",\"@id\":\"https:\\\/\\\/marieclaire.be\\\/fr\\\/#\\\/schema\\\/logo\\\/image\\\/\",\"url\":\"https:\\\/\\\/marieclaire.be\\\/fr\\\/wp-content\\\/uploads\\\/2018\\\/05\\\/mc-logo2.png\",\"contentUrl\":\"https:\\\/\\\/marieclaire.be\\\/fr\\\/wp-content\\\/uploads\\\/2018\\\/05\\\/mc-logo2.png\",\"width\":1001,\"height\":189,\"caption\":\"Marie Claire\"},\"image\":{\"@id\":\"https:\\\/\\\/marieclaire.be\\\/fr\\\/#\\\/schema\\\/logo\\\/image\\\/\"},\"sameAs\":[\"https:\\\/\\\/www.facebook.com\\\/MarieClaire.Belgique\\\/\",\"https:\\\/\\\/www.instagram.com\\\/marieclaire_belgique\\\/\",\"https:\\\/\\\/fr.pinterest.com\\\/marieclairebe\\\/\",\"https:\\\/\\\/www.youtube.com\\\/user\\\/BelgiumMarieClaire\"]},{\"@type\":\"Person\",\"@id\":\"https:\\\/\\\/marieclaire.be\\\/fr\\\/#\\\/schema\\\/person\\\/6a5bc4eb4707dbc5cb47d17804a85f8c\",\"name\":\"Marie Claire\",\"image\":{\"@type\":\"ImageObject\",\"inLanguage\":\"fr-FR\",\"@id\":\"https:\\\/\\\/marieclaire.be\\\/fr\\\/wp-content\\\/uploads\\\/2016\\\/11\\\/mclogo-96x96.jpg\",\"url\":\"https:\\\/\\\/marieclaire.be\\\/fr\\\/wp-content\\\/uploads\\\/2016\\\/11\\\/mclogo-96x96.jpg\",\"contentUrl\":\"https:\\\/\\\/marieclaire.be\\\/fr\\\/wp-content\\\/uploads\\\/2016\\\/11\\\/mclogo-96x96.jpg\",\"caption\":\"Marie Claire\"},\"url\":\"https:\\\/\\\/marieclaire.be\\\/fr\\\/author\\\/stagiaire\\\/\"}]}<\/script>\n<!-- \/ Yoast SEO plugin. -->","yoast_head_json":{"title":"Piquante, comique et lib\u00e9ratoire : pourquoi il faut regarder la s\u00e9rie \"The Marvelous Mrs. Maisel\" - Marie Claire Belgique","description":"The Marvelous Mrs. Maisel en a s\u00e9duit plus d'un, et nous en faisons partie. Retour sur un show comique et f\u00e9ministe qui fait du bien.","robots":{"index":"index","follow":"follow","max-snippet":"max-snippet:-1","max-image-preview":"max-image-preview:large","max-video-preview":"max-video-preview:-1"},"canonical":"https:\/\/marieclaire.be\/fr\/serie-the-marvelous-mrs-maisel\/","next":"https:\/\/marieclaire.be\/fr\/serie-the-marvelous-mrs-maisel\/2\/","og_locale":"fr_FR","og_type":"article","og_title":"Piquante, comique et lib\u00e9ratoire : pourquoi il faut regarder la s\u00e9rie \"The Marvelous Mrs. Maisel\" - Marie Claire Belgique","og_description":"The Marvelous Mrs. Maisel en a s\u00e9duit plus d'un, et nous en faisons partie. Retour sur un show comique et f\u00e9ministe qui fait du bien.","og_url":"https:\/\/marieclaire.be\/fr\/serie-the-marvelous-mrs-maisel\/","og_site_name":"Marie Claire Belgique","article_publisher":"https:\/\/www.facebook.com\/MarieClaire.Belgique\/","article_published_time":"2018-10-07T07:19:57+00:00","og_image":[{"width":1050,"height":550,"url":"https:\/\/marieclaire.be\/fr\/wp-content\/uploads\/2018\/10\/marieclaire_mrs_maisel.png","type":"image\/png"}],"author":"Marie Claire","twitter_misc":{"\u00c9crit par":"Marie Claire","Dur\u00e9e de lecture estim\u00e9e":"4 minutes"},"schema":{"@context":"https:\/\/schema.org","@graph":[{"@type":"NewsArticle","@id":"https:\/\/marieclaire.be\/fr\/serie-the-marvelous-mrs-maisel\/#article","isPartOf":{"@id":"https:\/\/marieclaire.be\/fr\/serie-the-marvelous-mrs-maisel\/"},"author":{"name":"Marie Claire","@id":"https:\/\/marieclaire.be\/fr\/#\/schema\/person\/6a5bc4eb4707dbc5cb47d17804a85f8c"},"headline":"Piquante, comique et lib\u00e9ratoire : pourquoi il faut regarder la s\u00e9rie &#8220;The Marvelous Mrs. Maisel&#8221;","datePublished":"2018-10-07T07:19:57+00:00","mainEntityOfPage":{"@id":"https:\/\/marieclaire.be\/fr\/serie-the-marvelous-mrs-maisel\/"},"wordCount":900,"publisher":{"@id":"https:\/\/marieclaire.be\/fr\/#organization"},"image":{"@id":"https:\/\/marieclaire.be\/fr\/serie-the-marvelous-mrs-maisel\/#primaryimage"},"thumbnailUrl":"https:\/\/marieclaire.be\/fr\/wp-content\/uploads\/2018\/10\/marieclaire_mrs_maisel.png","keywords":["Amazon","f\u00e9minisme","s\u00e9rie"],"articleSection":["Culture","Lifestyle"],"inLanguage":"fr-FR"},{"@type":"WebPage","@id":"https:\/\/marieclaire.be\/fr\/serie-the-marvelous-mrs-maisel\/","url":"https:\/\/marieclaire.be\/fr\/serie-the-marvelous-mrs-maisel\/","name":"Piquante, comique et lib\u00e9ratoire : pourquoi il faut regarder la s\u00e9rie \"The Marvelous Mrs. Maisel\" - Marie Claire Belgique","isPartOf":{"@id":"https:\/\/marieclaire.be\/fr\/#website"},"primaryImageOfPage":{"@id":"https:\/\/marieclaire.be\/fr\/serie-the-marvelous-mrs-maisel\/#primaryimage"},"image":{"@id":"https:\/\/marieclaire.be\/fr\/serie-the-marvelous-mrs-maisel\/#primaryimage"},"thumbnailUrl":"https:\/\/marieclaire.be\/fr\/wp-content\/uploads\/2018\/10\/marieclaire_mrs_maisel.png","datePublished":"2018-10-07T07:19:57+00:00","description":"The Marvelous Mrs. Maisel en a s\u00e9duit plus d'un, et nous en faisons partie. Retour sur un show comique et f\u00e9ministe qui fait du bien.","inLanguage":"fr-FR","potentialAction":[{"@type":"ReadAction","target":["https:\/\/marieclaire.be\/fr\/serie-the-marvelous-mrs-maisel\/"]}]},{"@type":"ImageObject","inLanguage":"fr-FR","@id":"https:\/\/marieclaire.be\/fr\/serie-the-marvelous-mrs-maisel\/#primaryimage","url":"https:\/\/marieclaire.be\/fr\/wp-content\/uploads\/2018\/10\/marieclaire_mrs_maisel.png","contentUrl":"https:\/\/marieclaire.be\/fr\/wp-content\/uploads\/2018\/10\/marieclaire_mrs_maisel.png","width":1050,"height":550,"caption":"Amazon Prime"},{"@type":"WebSite","@id":"https:\/\/marieclaire.be\/fr\/#website","url":"https:\/\/marieclaire.be\/fr\/","name":"Marie Claire Belgique","description":"Marie Claire Belgique, le magazine du style et de l\u2019intelligence qui parle de mode, des tendances, de la beaut\u00e9, de l\u2019actualit\u00e9 et de la culture","publisher":{"@id":"https:\/\/marieclaire.be\/fr\/#organization"},"potentialAction":[{"@type":"SearchAction","target":{"@type":"EntryPoint","urlTemplate":"https:\/\/marieclaire.be\/fr\/?s={search_term_string}"},"query-input":{"@type":"PropertyValueSpecification","valueRequired":true,"valueName":"search_term_string"}}],"inLanguage":"fr-FR"},{"@type":"Organization","@id":"https:\/\/marieclaire.be\/fr\/#organization","name":"Marie Claire","url":"https:\/\/marieclaire.be\/fr\/","logo":{"@type":"ImageObject","inLanguage":"fr-FR","@id":"https:\/\/marieclaire.be\/fr\/#\/schema\/logo\/image\/","url":"https:\/\/marieclaire.be\/fr\/wp-content\/uploads\/2018\/05\/mc-logo2.png","contentUrl":"https:\/\/marieclaire.be\/fr\/wp-content\/uploads\/2018\/05\/mc-logo2.png","width":1001,"height":189,"caption":"Marie Claire"},"image":{"@id":"https:\/\/marieclaire.be\/fr\/#\/schema\/logo\/image\/"},"sameAs":["https:\/\/www.facebook.com\/MarieClaire.Belgique\/","https:\/\/www.instagram.com\/marieclaire_belgique\/","https:\/\/fr.pinterest.com\/marieclairebe\/","https:\/\/www.youtube.com\/user\/BelgiumMarieClaire"]},{"@type":"Person","@id":"https:\/\/marieclaire.be\/fr\/#\/schema\/person\/6a5bc4eb4707dbc5cb47d17804a85f8c","name":"Marie Claire","image":{"@type":"ImageObject","inLanguage":"fr-FR","@id":"https:\/\/marieclaire.be\/fr\/wp-content\/uploads\/2016\/11\/mclogo-96x96.jpg","url":"https:\/\/marieclaire.be\/fr\/wp-content\/uploads\/2016\/11\/mclogo-96x96.jpg","contentUrl":"https:\/\/marieclaire.be\/fr\/wp-content\/uploads\/2016\/11\/mclogo-96x96.jpg","caption":"Marie Claire"},"url":"https:\/\/marieclaire.be\/fr\/author\/stagiaire\/"}]}},"_links":{"self":[{"href":"https:\/\/marieclaire.be\/fr\/wp-json\/wp\/v2\/posts\/55700","targetHints":{"allow":["GET"]}}],"collection":[{"href":"https:\/\/marieclaire.be\/fr\/wp-json\/wp\/v2\/posts"}],"about":[{"href":"https:\/\/marieclaire.be\/fr\/wp-json\/wp\/v2\/types\/post"}],"author":[{"embeddable":true,"href":"https:\/\/marieclaire.be\/fr\/wp-json\/wp\/v2\/users\/8"}],"replies":[{"embeddable":true,"href":"https:\/\/marieclaire.be\/fr\/wp-json\/wp\/v2\/comments?post=55700"}],"version-history":[{"count":0,"href":"https:\/\/marieclaire.be\/fr\/wp-json\/wp\/v2\/posts\/55700\/revisions"}],"wp:featuredmedia":[{"embeddable":true,"href":"https:\/\/marieclaire.be\/fr\/wp-json\/wp\/v2\/media\/55783"}],"wp:attachment":[{"href":"https:\/\/marieclaire.be\/fr\/wp-json\/wp\/v2\/media?parent=55700"}],"wp:term":[{"taxonomy":"category","embeddable":true,"href":"https:\/\/marieclaire.be\/fr\/wp-json\/wp\/v2\/categories?post=55700"},{"taxonomy":"post_tag","embeddable":true,"href":"https:\/\/marieclaire.be\/fr\/wp-json\/wp\/v2\/tags?post=55700"}],"curies":[{"name":"wp","href":"https:\/\/api.w.org\/{rel}","templated":true}]}}