{"id":5504,"date":"2016-12-03T17:25:20","date_gmt":"2016-12-03T16:25:20","guid":{"rendered":"http:\/\/marieclaire.be\/fr\/?p=5504"},"modified":"2016-12-01T18:48:37","modified_gmt":"2016-12-01T17:48:37","slug":"pharrell-williams-directeur-de-limagination-g-star","status":"publish","type":"post","link":"https:\/\/marieclaire.be\/fr\/pharrell-williams-directeur-de-limagination-g-star\/","title":{"rendered":"Pharrell Williams, directeur de l&#8217;imagination pour G-Star"},"content":{"rendered":"","protected":false},"excerpt":{"rendered":"Pharrell Williams vient tout juste de d\u00e9voiler la premiere collection qu&#8217;il a dessin\u00e9e pour le label hollandais G-Star, une marque dont il est \u00e0 la fois copropri\u00e9taire et &#8220;directeur de l&#8217;imagination&#8221; (c&#8217;est son titre officiel).","protected":false},"author":4,"featured_media":5505,"comment_status":"closed","ping_status":"open","sticky":false,"template":"","format":"standard","meta":{"_acf_changed":false,"footnotes":""},"categories":[67,6],"tags":[584,583],"class_list":["post-5504","post","type-post","status-publish","format-standard","has-post-thumbnail","hentry","category-lifestyle","category-mode","tag-g-star","tag-pharrell-williams"],"acf":[],"_yoast_wpseo_title":null,"_yoast_wpseo_metadesc":null,"image_verticale":null,"yoast_head":"<!-- This site is optimized with the Yoast SEO plugin v27.3 - https:\/\/yoast.com\/product\/yoast-seo-wordpress\/ -->\n<title>Pharrell Williams, directeur de l&#039;imagination pour G-Star - Marie Claire Belgique<\/title>\n<meta name=\"robots\" content=\"index, follow, max-snippet:-1, max-image-preview:large, max-video-preview:-1\" \/>\n<link rel=\"canonical\" href=\"https:\/\/marieclaire.be\/fr\/pharrell-williams-directeur-de-limagination-g-star\/\" \/>\n<meta property=\"og:locale\" content=\"fr_FR\" \/>\n<meta property=\"og:type\" content=\"article\" \/>\n<meta property=\"og:title\" content=\"Pharrell Williams, directeur de l&#039;imagination pour G-Star - Marie Claire Belgique\" \/>\n<meta property=\"og:description\" content=\"Pharrell Williams vient tout juste de d\u00e9voiler la premiere collection qu&#039;il a dessin\u00e9e pour le label hollandais G-Star, une marque dont il est \u00e0 la fois copropri\u00e9taire et &quot;directeur de l&#039;imagination&quot; (c&#039;est son titre officiel).\" \/>\n<meta property=\"og:url\" content=\"https:\/\/marieclaire.be\/fr\/pharrell-williams-directeur-de-limagination-g-star\/\" \/>\n<meta property=\"og:site_name\" content=\"Marie Claire Belgique\" \/>\n<meta property=\"article:publisher\" content=\"https:\/\/www.facebook.com\/MarieClaire.Belgique\/\" \/>\n<meta property=\"article:published_time\" content=\"2016-12-03T16:25:20+00:00\" \/>\n<meta property=\"og:image\" content=\"https:\/\/marieclaire.be\/fr\/wp-content\/uploads\/2016\/11\/key_visial_complex_44.png\" \/>\n\t<meta property=\"og:image:width\" content=\"745\" \/>\n\t<meta property=\"og:image:height\" content=\"499\" \/>\n\t<meta property=\"og:image:type\" content=\"image\/png\" \/>\n<meta name=\"author\" content=\"Marie\" \/>\n<meta name=\"twitter:label1\" content=\"\u00c9crit par\" \/>\n\t<meta name=\"twitter:data1\" content=\"Marie\" \/>\n\t<meta name=\"twitter:label2\" content=\"Dur\u00e9e de lecture estim\u00e9e\" \/>\n\t<meta name=\"twitter:data2\" content=\"1 minute\" \/>\n<script type=\"application\/ld+json\" class=\"yoast-schema-graph\">{\"@context\":\"https:\\\/\\\/schema.org\",\"@graph\":[{\"@type\":\"NewsArticle\",\"@id\":\"https:\\\/\\\/marieclaire.be\\\/fr\\\/pharrell-williams-directeur-de-limagination-g-star\\\/#article\",\"isPartOf\":{\"@id\":\"https:\\\/\\\/marieclaire.be\\\/fr\\\/pharrell-williams-directeur-de-limagination-g-star\\\/\"},\"author\":{\"name\":\"Marie\",\"@id\":\"https:\\\/\\\/marieclaire.be\\\/fr\\\/#\\\/schema\\\/person\\\/fe43d5f7d8c7da28c96d26f260085820\"},\"headline\":\"Pharrell Williams, directeur de l&#8217;imagination pour G-Star\",\"datePublished\":\"2016-12-03T16:25:20+00:00\",\"mainEntityOfPage\":{\"@id\":\"https:\\\/\\\/marieclaire.be\\\/fr\\\/pharrell-williams-directeur-de-limagination-g-star\\\/\"},\"wordCount\":136,\"publisher\":{\"@id\":\"https:\\\/\\\/marieclaire.be\\\/fr\\\/#organization\"},\"image\":{\"@id\":\"https:\\\/\\\/marieclaire.be\\\/fr\\\/pharrell-williams-directeur-de-limagination-g-star\\\/#primaryimage\"},\"thumbnailUrl\":\"https:\\\/\\\/marieclaire.be\\\/fr\\\/wp-content\\\/uploads\\\/2016\\\/11\\\/key_visial_complex_44.png\",\"keywords\":[\"G Star\",\"Pharrell Williams\"],\"articleSection\":[\"Lifestyle\",\"Mode\"],\"inLanguage\":\"fr-FR\"},{\"@type\":\"WebPage\",\"@id\":\"https:\\\/\\\/marieclaire.be\\\/fr\\\/pharrell-williams-directeur-de-limagination-g-star\\\/\",\"url\":\"https:\\\/\\\/marieclaire.be\\\/fr\\\/pharrell-williams-directeur-de-limagination-g-star\\\/\",\"name\":\"Pharrell Williams, directeur de l'imagination pour G-Star - Marie Claire Belgique\",\"isPartOf\":{\"@id\":\"https:\\\/\\\/marieclaire.be\\\/fr\\\/#website\"},\"primaryImageOfPage\":{\"@id\":\"https:\\\/\\\/marieclaire.be\\\/fr\\\/pharrell-williams-directeur-de-limagination-g-star\\\/#primaryimage\"},\"image\":{\"@id\":\"https:\\\/\\\/marieclaire.be\\\/fr\\\/pharrell-williams-directeur-de-limagination-g-star\\\/#primaryimage\"},\"thumbnailUrl\":\"https:\\\/\\\/marieclaire.be\\\/fr\\\/wp-content\\\/uploads\\\/2016\\\/11\\\/key_visial_complex_44.png\",\"datePublished\":\"2016-12-03T16:25:20+00:00\",\"breadcrumb\":{\"@id\":\"https:\\\/\\\/marieclaire.be\\\/fr\\\/pharrell-williams-directeur-de-limagination-g-star\\\/#breadcrumb\"},\"inLanguage\":\"fr-FR\",\"potentialAction\":[{\"@type\":\"ReadAction\",\"target\":[\"https:\\\/\\\/marieclaire.be\\\/fr\\\/pharrell-williams-directeur-de-limagination-g-star\\\/\"]}]},{\"@type\":\"ImageObject\",\"inLanguage\":\"fr-FR\",\"@id\":\"https:\\\/\\\/marieclaire.be\\\/fr\\\/pharrell-williams-directeur-de-limagination-g-star\\\/#primaryimage\",\"url\":\"https:\\\/\\\/marieclaire.be\\\/fr\\\/wp-content\\\/uploads\\\/2016\\\/11\\\/key_visial_complex_44.png\",\"contentUrl\":\"https:\\\/\\\/marieclaire.be\\\/fr\\\/wp-content\\\/uploads\\\/2016\\\/11\\\/key_visial_complex_44.png\",\"width\":745,\"height\":499},{\"@type\":\"BreadcrumbList\",\"@id\":\"https:\\\/\\\/marieclaire.be\\\/fr\\\/pharrell-williams-directeur-de-limagination-g-star\\\/#breadcrumb\",\"itemListElement\":[{\"@type\":\"ListItem\",\"position\":1,\"name\":\"Accueil\",\"item\":\"https:\\\/\\\/marieclaire.be\\\/fr\\\/\"},{\"@type\":\"ListItem\",\"position\":2,\"name\":\"Pharrell Williams, directeur de l&rsquo;imagination pour G-Star\"}]},{\"@type\":\"WebSite\",\"@id\":\"https:\\\/\\\/marieclaire.be\\\/fr\\\/#website\",\"url\":\"https:\\\/\\\/marieclaire.be\\\/fr\\\/\",\"name\":\"Marie Claire Belgique\",\"description\":\"Marie Claire Belgique, le magazine du style et de l\u2019intelligence qui parle de mode, des tendances, de la beaut\u00e9, de l\u2019actualit\u00e9 et de la culture\",\"publisher\":{\"@id\":\"https:\\\/\\\/marieclaire.be\\\/fr\\\/#organization\"},\"potentialAction\":[{\"@type\":\"SearchAction\",\"target\":{\"@type\":\"EntryPoint\",\"urlTemplate\":\"https:\\\/\\\/marieclaire.be\\\/fr\\\/?s={search_term_string}\"},\"query-input\":{\"@type\":\"PropertyValueSpecification\",\"valueRequired\":true,\"valueName\":\"search_term_string\"}}],\"inLanguage\":\"fr-FR\"},{\"@type\":\"Organization\",\"@id\":\"https:\\\/\\\/marieclaire.be\\\/fr\\\/#organization\",\"name\":\"Marie Claire\",\"url\":\"https:\\\/\\\/marieclaire.be\\\/fr\\\/\",\"logo\":{\"@type\":\"ImageObject\",\"inLanguage\":\"fr-FR\",\"@id\":\"https:\\\/\\\/marieclaire.be\\\/fr\\\/#\\\/schema\\\/logo\\\/image\\\/\",\"url\":\"https:\\\/\\\/marieclaire.be\\\/fr\\\/wp-content\\\/uploads\\\/2018\\\/05\\\/mc-logo2.png\",\"contentUrl\":\"https:\\\/\\\/marieclaire.be\\\/fr\\\/wp-content\\\/uploads\\\/2018\\\/05\\\/mc-logo2.png\",\"width\":1001,\"height\":189,\"caption\":\"Marie Claire\"},\"image\":{\"@id\":\"https:\\\/\\\/marieclaire.be\\\/fr\\\/#\\\/schema\\\/logo\\\/image\\\/\"},\"sameAs\":[\"https:\\\/\\\/www.facebook.com\\\/MarieClaire.Belgique\\\/\",\"https:\\\/\\\/www.instagram.com\\\/marieclaire_belgique\\\/\",\"https:\\\/\\\/fr.pinterest.com\\\/marieclairebe\\\/\",\"https:\\\/\\\/www.youtube.com\\\/user\\\/BelgiumMarieClaire\"]},{\"@type\":\"Person\",\"@id\":\"https:\\\/\\\/marieclaire.be\\\/fr\\\/#\\\/schema\\\/person\\\/fe43d5f7d8c7da28c96d26f260085820\",\"name\":\"Marie\",\"image\":{\"@type\":\"ImageObject\",\"inLanguage\":\"fr-FR\",\"@id\":\"https:\\\/\\\/marieclaire.be\\\/fr\\\/wp-content\\\/uploads\\\/2016\\\/11\\\/mclogo-96x96.jpg\",\"url\":\"https:\\\/\\\/marieclaire.be\\\/fr\\\/wp-content\\\/uploads\\\/2016\\\/11\\\/mclogo-96x96.jpg\",\"contentUrl\":\"https:\\\/\\\/marieclaire.be\\\/fr\\\/wp-content\\\/uploads\\\/2016\\\/11\\\/mclogo-96x96.jpg\",\"caption\":\"Marie\"},\"description\":\"Journaliste\",\"url\":\"https:\\\/\\\/marieclaire.be\\\/fr\\\/author\\\/marieh\\\/\"}]}<\/script>\n<!-- \/ Yoast SEO plugin. -->","yoast_head_json":{"title":"Pharrell Williams, directeur de l'imagination pour G-Star - Marie Claire Belgique","robots":{"index":"index","follow":"follow","max-snippet":"max-snippet:-1","max-image-preview":"max-image-preview:large","max-video-preview":"max-video-preview:-1"},"canonical":"https:\/\/marieclaire.be\/fr\/pharrell-williams-directeur-de-limagination-g-star\/","og_locale":"fr_FR","og_type":"article","og_title":"Pharrell Williams, directeur de l'imagination pour G-Star - Marie Claire Belgique","og_description":"Pharrell Williams vient tout juste de d\u00e9voiler la premiere collection qu'il a dessin\u00e9e pour le label hollandais G-Star, une marque dont il est \u00e0 la fois copropri\u00e9taire et \"directeur de l'imagination\" (c'est son titre officiel).","og_url":"https:\/\/marieclaire.be\/fr\/pharrell-williams-directeur-de-limagination-g-star\/","og_site_name":"Marie Claire Belgique","article_publisher":"https:\/\/www.facebook.com\/MarieClaire.Belgique\/","article_published_time":"2016-12-03T16:25:20+00:00","og_image":[{"width":745,"height":499,"url":"https:\/\/marieclaire.be\/fr\/wp-content\/uploads\/2016\/11\/key_visial_complex_44.png","type":"image\/png"}],"author":"Marie","twitter_misc":{"\u00c9crit par":"Marie","Dur\u00e9e de lecture estim\u00e9e":"1 minute"},"schema":{"@context":"https:\/\/schema.org","@graph":[{"@type":"NewsArticle","@id":"https:\/\/marieclaire.be\/fr\/pharrell-williams-directeur-de-limagination-g-star\/#article","isPartOf":{"@id":"https:\/\/marieclaire.be\/fr\/pharrell-williams-directeur-de-limagination-g-star\/"},"author":{"name":"Marie","@id":"https:\/\/marieclaire.be\/fr\/#\/schema\/person\/fe43d5f7d8c7da28c96d26f260085820"},"headline":"Pharrell Williams, directeur de l&#8217;imagination pour G-Star","datePublished":"2016-12-03T16:25:20+00:00","mainEntityOfPage":{"@id":"https:\/\/marieclaire.be\/fr\/pharrell-williams-directeur-de-limagination-g-star\/"},"wordCount":136,"publisher":{"@id":"https:\/\/marieclaire.be\/fr\/#organization"},"image":{"@id":"https:\/\/marieclaire.be\/fr\/pharrell-williams-directeur-de-limagination-g-star\/#primaryimage"},"thumbnailUrl":"https:\/\/marieclaire.be\/fr\/wp-content\/uploads\/2016\/11\/key_visial_complex_44.png","keywords":["G Star","Pharrell Williams"],"articleSection":["Lifestyle","Mode"],"inLanguage":"fr-FR"},{"@type":"WebPage","@id":"https:\/\/marieclaire.be\/fr\/pharrell-williams-directeur-de-limagination-g-star\/","url":"https:\/\/marieclaire.be\/fr\/pharrell-williams-directeur-de-limagination-g-star\/","name":"Pharrell Williams, directeur de l'imagination pour G-Star - Marie Claire Belgique","isPartOf":{"@id":"https:\/\/marieclaire.be\/fr\/#website"},"primaryImageOfPage":{"@id":"https:\/\/marieclaire.be\/fr\/pharrell-williams-directeur-de-limagination-g-star\/#primaryimage"},"image":{"@id":"https:\/\/marieclaire.be\/fr\/pharrell-williams-directeur-de-limagination-g-star\/#primaryimage"},"thumbnailUrl":"https:\/\/marieclaire.be\/fr\/wp-content\/uploads\/2016\/11\/key_visial_complex_44.png","datePublished":"2016-12-03T16:25:20+00:00","breadcrumb":{"@id":"https:\/\/marieclaire.be\/fr\/pharrell-williams-directeur-de-limagination-g-star\/#breadcrumb"},"inLanguage":"fr-FR","potentialAction":[{"@type":"ReadAction","target":["https:\/\/marieclaire.be\/fr\/pharrell-williams-directeur-de-limagination-g-star\/"]}]},{"@type":"ImageObject","inLanguage":"fr-FR","@id":"https:\/\/marieclaire.be\/fr\/pharrell-williams-directeur-de-limagination-g-star\/#primaryimage","url":"https:\/\/marieclaire.be\/fr\/wp-content\/uploads\/2016\/11\/key_visial_complex_44.png","contentUrl":"https:\/\/marieclaire.be\/fr\/wp-content\/uploads\/2016\/11\/key_visial_complex_44.png","width":745,"height":499},{"@type":"BreadcrumbList","@id":"https:\/\/marieclaire.be\/fr\/pharrell-williams-directeur-de-limagination-g-star\/#breadcrumb","itemListElement":[{"@type":"ListItem","position":1,"name":"Accueil","item":"https:\/\/marieclaire.be\/fr\/"},{"@type":"ListItem","position":2,"name":"Pharrell Williams, directeur de l&rsquo;imagination pour G-Star"}]},{"@type":"WebSite","@id":"https:\/\/marieclaire.be\/fr\/#website","url":"https:\/\/marieclaire.be\/fr\/","name":"Marie Claire Belgique","description":"Marie Claire Belgique, le magazine du style et de l\u2019intelligence qui parle de mode, des tendances, de la beaut\u00e9, de l\u2019actualit\u00e9 et de la culture","publisher":{"@id":"https:\/\/marieclaire.be\/fr\/#organization"},"potentialAction":[{"@type":"SearchAction","target":{"@type":"EntryPoint","urlTemplate":"https:\/\/marieclaire.be\/fr\/?s={search_term_string}"},"query-input":{"@type":"PropertyValueSpecification","valueRequired":true,"valueName":"search_term_string"}}],"inLanguage":"fr-FR"},{"@type":"Organization","@id":"https:\/\/marieclaire.be\/fr\/#organization","name":"Marie Claire","url":"https:\/\/marieclaire.be\/fr\/","logo":{"@type":"ImageObject","inLanguage":"fr-FR","@id":"https:\/\/marieclaire.be\/fr\/#\/schema\/logo\/image\/","url":"https:\/\/marieclaire.be\/fr\/wp-content\/uploads\/2018\/05\/mc-logo2.png","contentUrl":"https:\/\/marieclaire.be\/fr\/wp-content\/uploads\/2018\/05\/mc-logo2.png","width":1001,"height":189,"caption":"Marie Claire"},"image":{"@id":"https:\/\/marieclaire.be\/fr\/#\/schema\/logo\/image\/"},"sameAs":["https:\/\/www.facebook.com\/MarieClaire.Belgique\/","https:\/\/www.instagram.com\/marieclaire_belgique\/","https:\/\/fr.pinterest.com\/marieclairebe\/","https:\/\/www.youtube.com\/user\/BelgiumMarieClaire"]},{"@type":"Person","@id":"https:\/\/marieclaire.be\/fr\/#\/schema\/person\/fe43d5f7d8c7da28c96d26f260085820","name":"Marie","image":{"@type":"ImageObject","inLanguage":"fr-FR","@id":"https:\/\/marieclaire.be\/fr\/wp-content\/uploads\/2016\/11\/mclogo-96x96.jpg","url":"https:\/\/marieclaire.be\/fr\/wp-content\/uploads\/2016\/11\/mclogo-96x96.jpg","contentUrl":"https:\/\/marieclaire.be\/fr\/wp-content\/uploads\/2016\/11\/mclogo-96x96.jpg","caption":"Marie"},"description":"Journaliste","url":"https:\/\/marieclaire.be\/fr\/author\/marieh\/"}]}},"_links":{"self":[{"href":"https:\/\/marieclaire.be\/fr\/wp-json\/wp\/v2\/posts\/5504","targetHints":{"allow":["GET"]}}],"collection":[{"href":"https:\/\/marieclaire.be\/fr\/wp-json\/wp\/v2\/posts"}],"about":[{"href":"https:\/\/marieclaire.be\/fr\/wp-json\/wp\/v2\/types\/post"}],"author":[{"embeddable":true,"href":"https:\/\/marieclaire.be\/fr\/wp-json\/wp\/v2\/users\/4"}],"replies":[{"embeddable":true,"href":"https:\/\/marieclaire.be\/fr\/wp-json\/wp\/v2\/comments?post=5504"}],"version-history":[{"count":0,"href":"https:\/\/marieclaire.be\/fr\/wp-json\/wp\/v2\/posts\/5504\/revisions"}],"wp:featuredmedia":[{"embeddable":true,"href":"https:\/\/marieclaire.be\/fr\/wp-json\/wp\/v2\/media\/5505"}],"wp:attachment":[{"href":"https:\/\/marieclaire.be\/fr\/wp-json\/wp\/v2\/media?parent=5504"}],"wp:term":[{"taxonomy":"category","embeddable":true,"href":"https:\/\/marieclaire.be\/fr\/wp-json\/wp\/v2\/categories?post=5504"},{"taxonomy":"post_tag","embeddable":true,"href":"https:\/\/marieclaire.be\/fr\/wp-json\/wp\/v2\/tags?post=5504"}],"curies":[{"name":"wp","href":"https:\/\/api.w.org\/{rel}","templated":true}]}}