{"id":53604,"date":"2025-05-22T07:12:47","date_gmt":"2025-05-22T05:12:47","guid":{"rendered":"http:\/\/marieclaire.be\/fr\/?p=53604"},"modified":"2025-05-20T18:48:12","modified_gmt":"2025-05-20T16:48:12","slug":"staycation-hotels-bruxellois","status":"publish","type":"post","link":"https:\/\/marieclaire.be\/fr\/staycation-hotels-bruxellois\/","title":{"rendered":"6 h\u00f4tels bruxellois o\u00f9 poser ses valises pour un staycation r\u00e9ussi"},"content":{"rendered":"","protected":false},"excerpt":{"rendered":"L&#8217;id\u00e9e de la tendance &#8220;staycation&#8221; ? Partir en vacances sans quitter le pays ! On ne va pas trop loin, mais on se fait plaisir quand m\u00eame en jouant les touristes dans notre propre pays, voire dans notre propre ville.","protected":false},"author":30,"featured_media":143763,"comment_status":"closed","ping_status":"closed","sticky":false,"template":"","format":"standard","meta":{"_acf_changed":false,"footnotes":""},"categories":[30,67],"tags":[156,4808],"class_list":["post-53604","post","type-post","status-publish","format-standard","has-post-thumbnail","hentry","category-hotspots","category-lifestyle","tag-bruxelles","tag-staycation"],"acf":[],"_yoast_wpseo_title":null,"_yoast_wpseo_metadesc":"On ne va pas trop loin, mais on se fait plaisir quand m\u00eame ! C'est ce que l'on a fait dans 6 h\u00f4tels bruxellois, et voil\u00e0 ce qu'on en a pens\u00e9.","image_verticale":"143761","yoast_head":"<!-- This site is optimized with the Yoast SEO plugin v27.3 - https:\/\/yoast.com\/product\/yoast-seo-wordpress\/ -->\n<title>6 h\u00f4tels bruxellois o\u00f9 poser ses valises pour un staycation r\u00e9ussi - Marie Claire Belgique<\/title>\n<meta name=\"description\" content=\"On ne va pas trop loin, mais on se fait plaisir quand m\u00eame ! C&#039;est ce que l&#039;on a fait dans 6 h\u00f4tels bruxellois, et voil\u00e0 ce qu&#039;on en a pens\u00e9.\" \/>\n<meta name=\"robots\" content=\"index, follow, max-snippet:-1, max-image-preview:large, max-video-preview:-1\" \/>\n<link rel=\"canonical\" href=\"https:\/\/marieclaire.be\/fr\/staycation-hotels-bruxellois\/\" \/>\n<link rel=\"next\" href=\"https:\/\/marieclaire.be\/fr\/staycation-hotels-bruxellois\/2\/\" \/>\n<meta property=\"og:locale\" content=\"fr_FR\" \/>\n<meta property=\"og:type\" content=\"article\" \/>\n<meta property=\"og:title\" content=\"6 h\u00f4tels bruxellois o\u00f9 poser ses valises pour un staycation r\u00e9ussi - Marie Claire Belgique\" \/>\n<meta property=\"og:description\" content=\"On ne va pas trop loin, mais on se fait plaisir quand m\u00eame ! C&#039;est ce que l&#039;on a fait dans 6 h\u00f4tels bruxellois, et voil\u00e0 ce qu&#039;on en a pens\u00e9.\" \/>\n<meta property=\"og:url\" content=\"https:\/\/marieclaire.be\/fr\/staycation-hotels-bruxellois\/\" \/>\n<meta property=\"og:site_name\" content=\"Marie Claire Belgique\" \/>\n<meta property=\"article:publisher\" content=\"https:\/\/www.facebook.com\/MarieClaire.Belgique\/\" \/>\n<meta property=\"article:published_time\" content=\"2025-05-22T05:12:47+00:00\" \/>\n<meta property=\"og:image\" content=\"https:\/\/marieclaire.be\/fr\/wp-content\/uploads\/2023\/02\/staycation-bruxelles.png\" \/>\n\t<meta property=\"og:image:width\" content=\"1200\" \/>\n\t<meta property=\"og:image:height\" content=\"628\" \/>\n\t<meta property=\"og:image:type\" content=\"image\/png\" \/>\n<meta name=\"author\" content=\"Malvine Sevrin\" \/>\n<meta name=\"twitter:label1\" content=\"\u00c9crit par\" \/>\n\t<meta name=\"twitter:data1\" content=\"Malvine Sevrin\" \/>\n\t<meta name=\"twitter:label2\" content=\"Dur\u00e9e de lecture estim\u00e9e\" \/>\n\t<meta name=\"twitter:data2\" content=\"8 minutes\" \/>\n<script type=\"application\/ld+json\" class=\"yoast-schema-graph\">{\"@context\":\"https:\\\/\\\/schema.org\",\"@graph\":[{\"@type\":\"NewsArticle\",\"@id\":\"https:\\\/\\\/marieclaire.be\\\/fr\\\/staycation-hotels-bruxellois\\\/#article\",\"isPartOf\":{\"@id\":\"https:\\\/\\\/marieclaire.be\\\/fr\\\/staycation-hotels-bruxellois\\\/\"},\"author\":{\"name\":\"Malvine Sevrin\",\"@id\":\"https:\\\/\\\/marieclaire.be\\\/fr\\\/#\\\/schema\\\/person\\\/c71bd7a8c3e622513c7531a39292a34e\"},\"headline\":\"6 h\u00f4tels bruxellois o\u00f9 poser ses valises pour un staycation r\u00e9ussi\",\"datePublished\":\"2025-05-22T05:12:47+00:00\",\"mainEntityOfPage\":{\"@id\":\"https:\\\/\\\/marieclaire.be\\\/fr\\\/staycation-hotels-bruxellois\\\/\"},\"wordCount\":1648,\"publisher\":{\"@id\":\"https:\\\/\\\/marieclaire.be\\\/fr\\\/#organization\"},\"image\":{\"@id\":\"https:\\\/\\\/marieclaire.be\\\/fr\\\/staycation-hotels-bruxellois\\\/#primaryimage\"},\"thumbnailUrl\":\"https:\\\/\\\/marieclaire.be\\\/fr\\\/wp-content\\\/uploads\\\/2023\\\/02\\\/staycation-bruxelles.png\",\"keywords\":[\"Bruxelles\",\"staycation\"],\"articleSection\":[\"Hotspots\",\"Lifestyle\"],\"inLanguage\":\"fr-FR\"},{\"@type\":\"WebPage\",\"@id\":\"https:\\\/\\\/marieclaire.be\\\/fr\\\/staycation-hotels-bruxellois\\\/\",\"url\":\"https:\\\/\\\/marieclaire.be\\\/fr\\\/staycation-hotels-bruxellois\\\/\",\"name\":\"6 h\u00f4tels bruxellois o\u00f9 poser ses valises pour un staycation r\u00e9ussi - Marie Claire Belgique\",\"isPartOf\":{\"@id\":\"https:\\\/\\\/marieclaire.be\\\/fr\\\/#website\"},\"primaryImageOfPage\":{\"@id\":\"https:\\\/\\\/marieclaire.be\\\/fr\\\/staycation-hotels-bruxellois\\\/#primaryimage\"},\"image\":{\"@id\":\"https:\\\/\\\/marieclaire.be\\\/fr\\\/staycation-hotels-bruxellois\\\/#primaryimage\"},\"thumbnailUrl\":\"https:\\\/\\\/marieclaire.be\\\/fr\\\/wp-content\\\/uploads\\\/2023\\\/02\\\/staycation-bruxelles.png\",\"datePublished\":\"2025-05-22T05:12:47+00:00\",\"description\":\"On ne va pas trop loin, mais on se fait plaisir quand m\u00eame ! C'est ce que l'on a fait dans 6 h\u00f4tels bruxellois, et voil\u00e0 ce qu'on en a pens\u00e9.\",\"inLanguage\":\"fr-FR\",\"potentialAction\":[{\"@type\":\"ReadAction\",\"target\":[\"https:\\\/\\\/marieclaire.be\\\/fr\\\/staycation-hotels-bruxellois\\\/\"]}]},{\"@type\":\"ImageObject\",\"inLanguage\":\"fr-FR\",\"@id\":\"https:\\\/\\\/marieclaire.be\\\/fr\\\/staycation-hotels-bruxellois\\\/#primaryimage\",\"url\":\"https:\\\/\\\/marieclaire.be\\\/fr\\\/wp-content\\\/uploads\\\/2023\\\/02\\\/staycation-bruxelles.png\",\"contentUrl\":\"https:\\\/\\\/marieclaire.be\\\/fr\\\/wp-content\\\/uploads\\\/2023\\\/02\\\/staycation-bruxelles.png\",\"width\":1200,\"height\":628,\"caption\":\"Wouter van der Sar\"},{\"@type\":\"WebSite\",\"@id\":\"https:\\\/\\\/marieclaire.be\\\/fr\\\/#website\",\"url\":\"https:\\\/\\\/marieclaire.be\\\/fr\\\/\",\"name\":\"Marie Claire Belgique\",\"description\":\"Marie Claire Belgique, le magazine du style et de l\u2019intelligence qui parle de mode, des tendances, de la beaut\u00e9, de l\u2019actualit\u00e9 et de la culture\",\"publisher\":{\"@id\":\"https:\\\/\\\/marieclaire.be\\\/fr\\\/#organization\"},\"potentialAction\":[{\"@type\":\"SearchAction\",\"target\":{\"@type\":\"EntryPoint\",\"urlTemplate\":\"https:\\\/\\\/marieclaire.be\\\/fr\\\/?s={search_term_string}\"},\"query-input\":{\"@type\":\"PropertyValueSpecification\",\"valueRequired\":true,\"valueName\":\"search_term_string\"}}],\"inLanguage\":\"fr-FR\"},{\"@type\":\"Organization\",\"@id\":\"https:\\\/\\\/marieclaire.be\\\/fr\\\/#organization\",\"name\":\"Marie Claire\",\"url\":\"https:\\\/\\\/marieclaire.be\\\/fr\\\/\",\"logo\":{\"@type\":\"ImageObject\",\"inLanguage\":\"fr-FR\",\"@id\":\"https:\\\/\\\/marieclaire.be\\\/fr\\\/#\\\/schema\\\/logo\\\/image\\\/\",\"url\":\"https:\\\/\\\/marieclaire.be\\\/fr\\\/wp-content\\\/uploads\\\/2018\\\/05\\\/mc-logo2.png\",\"contentUrl\":\"https:\\\/\\\/marieclaire.be\\\/fr\\\/wp-content\\\/uploads\\\/2018\\\/05\\\/mc-logo2.png\",\"width\":1001,\"height\":189,\"caption\":\"Marie Claire\"},\"image\":{\"@id\":\"https:\\\/\\\/marieclaire.be\\\/fr\\\/#\\\/schema\\\/logo\\\/image\\\/\"},\"sameAs\":[\"https:\\\/\\\/www.facebook.com\\\/MarieClaire.Belgique\\\/\",\"https:\\\/\\\/www.instagram.com\\\/marieclaire_belgique\\\/\",\"https:\\\/\\\/fr.pinterest.com\\\/marieclairebe\\\/\",\"https:\\\/\\\/www.youtube.com\\\/user\\\/BelgiumMarieClaire\"]},{\"@type\":\"Person\",\"@id\":\"https:\\\/\\\/marieclaire.be\\\/fr\\\/#\\\/schema\\\/person\\\/c71bd7a8c3e622513c7531a39292a34e\",\"name\":\"Malvine Sevrin\",\"image\":{\"@type\":\"ImageObject\",\"inLanguage\":\"fr-FR\",\"@id\":\"https:\\\/\\\/marieclaire.be\\\/fr\\\/wp-content\\\/uploads\\\/2017\\\/05\\\/capture-decran-2024-02-13-a-145920-96x96.png\",\"url\":\"https:\\\/\\\/marieclaire.be\\\/fr\\\/wp-content\\\/uploads\\\/2017\\\/05\\\/capture-decran-2024-02-13-a-145920-96x96.png\",\"contentUrl\":\"https:\\\/\\\/marieclaire.be\\\/fr\\\/wp-content\\\/uploads\\\/2017\\\/05\\\/capture-decran-2024-02-13-a-145920-96x96.png\",\"caption\":\"Malvine Sevrin\"},\"description\":\"Des podiums parisiens aux derni\u00e8res nouveaut\u00e9s skincare qui enflamment TikTok, je d\u00e9crypte les tendances pour Marie Claire Belgique. Passionn\u00e9e de voyage, de mode et de beaut\u00e9, je partage mes coups de coeur d\u00e9nich\u00e9s aux quatre coins du globe. En tant que r\u00e9dactrice en chef digital, j'ai \u00e9galement \u00e0 coeur de mettre en lumi\u00e8re les histoires inspirantes de femmes \u00e0 travers notre site et sur nos r\u00e9seaux sociaux.\",\"sameAs\":[\"https:\\\/\\\/www.instagram.com\\\/malvinesev\\\/\"],\"url\":\"https:\\\/\\\/marieclaire.be\\\/fr\\\/author\\\/malvine\\\/\"}]}<\/script>\n<!-- \/ Yoast SEO plugin. -->","yoast_head_json":{"title":"6 h\u00f4tels bruxellois o\u00f9 poser ses valises pour un staycation r\u00e9ussi - Marie Claire Belgique","description":"On ne va pas trop loin, mais on se fait plaisir quand m\u00eame ! C'est ce que l'on a fait dans 6 h\u00f4tels bruxellois, et voil\u00e0 ce qu'on en a pens\u00e9.","robots":{"index":"index","follow":"follow","max-snippet":"max-snippet:-1","max-image-preview":"max-image-preview:large","max-video-preview":"max-video-preview:-1"},"canonical":"https:\/\/marieclaire.be\/fr\/staycation-hotels-bruxellois\/","next":"https:\/\/marieclaire.be\/fr\/staycation-hotels-bruxellois\/2\/","og_locale":"fr_FR","og_type":"article","og_title":"6 h\u00f4tels bruxellois o\u00f9 poser ses valises pour un staycation r\u00e9ussi - Marie Claire Belgique","og_description":"On ne va pas trop loin, mais on se fait plaisir quand m\u00eame ! C'est ce que l'on a fait dans 6 h\u00f4tels bruxellois, et voil\u00e0 ce qu'on en a pens\u00e9.","og_url":"https:\/\/marieclaire.be\/fr\/staycation-hotels-bruxellois\/","og_site_name":"Marie Claire Belgique","article_publisher":"https:\/\/www.facebook.com\/MarieClaire.Belgique\/","article_published_time":"2025-05-22T05:12:47+00:00","og_image":[{"width":1200,"height":628,"url":"https:\/\/marieclaire.be\/fr\/wp-content\/uploads\/2023\/02\/staycation-bruxelles.png","type":"image\/png"}],"author":"Malvine Sevrin","twitter_misc":{"\u00c9crit par":"Malvine Sevrin","Dur\u00e9e de lecture estim\u00e9e":"8 minutes"},"schema":{"@context":"https:\/\/schema.org","@graph":[{"@type":"NewsArticle","@id":"https:\/\/marieclaire.be\/fr\/staycation-hotels-bruxellois\/#article","isPartOf":{"@id":"https:\/\/marieclaire.be\/fr\/staycation-hotels-bruxellois\/"},"author":{"name":"Malvine Sevrin","@id":"https:\/\/marieclaire.be\/fr\/#\/schema\/person\/c71bd7a8c3e622513c7531a39292a34e"},"headline":"6 h\u00f4tels bruxellois o\u00f9 poser ses valises pour un staycation r\u00e9ussi","datePublished":"2025-05-22T05:12:47+00:00","mainEntityOfPage":{"@id":"https:\/\/marieclaire.be\/fr\/staycation-hotels-bruxellois\/"},"wordCount":1648,"publisher":{"@id":"https:\/\/marieclaire.be\/fr\/#organization"},"image":{"@id":"https:\/\/marieclaire.be\/fr\/staycation-hotels-bruxellois\/#primaryimage"},"thumbnailUrl":"https:\/\/marieclaire.be\/fr\/wp-content\/uploads\/2023\/02\/staycation-bruxelles.png","keywords":["Bruxelles","staycation"],"articleSection":["Hotspots","Lifestyle"],"inLanguage":"fr-FR"},{"@type":"WebPage","@id":"https:\/\/marieclaire.be\/fr\/staycation-hotels-bruxellois\/","url":"https:\/\/marieclaire.be\/fr\/staycation-hotels-bruxellois\/","name":"6 h\u00f4tels bruxellois o\u00f9 poser ses valises pour un staycation r\u00e9ussi - Marie Claire Belgique","isPartOf":{"@id":"https:\/\/marieclaire.be\/fr\/#website"},"primaryImageOfPage":{"@id":"https:\/\/marieclaire.be\/fr\/staycation-hotels-bruxellois\/#primaryimage"},"image":{"@id":"https:\/\/marieclaire.be\/fr\/staycation-hotels-bruxellois\/#primaryimage"},"thumbnailUrl":"https:\/\/marieclaire.be\/fr\/wp-content\/uploads\/2023\/02\/staycation-bruxelles.png","datePublished":"2025-05-22T05:12:47+00:00","description":"On ne va pas trop loin, mais on se fait plaisir quand m\u00eame ! C'est ce que l'on a fait dans 6 h\u00f4tels bruxellois, et voil\u00e0 ce qu'on en a pens\u00e9.","inLanguage":"fr-FR","potentialAction":[{"@type":"ReadAction","target":["https:\/\/marieclaire.be\/fr\/staycation-hotels-bruxellois\/"]}]},{"@type":"ImageObject","inLanguage":"fr-FR","@id":"https:\/\/marieclaire.be\/fr\/staycation-hotels-bruxellois\/#primaryimage","url":"https:\/\/marieclaire.be\/fr\/wp-content\/uploads\/2023\/02\/staycation-bruxelles.png","contentUrl":"https:\/\/marieclaire.be\/fr\/wp-content\/uploads\/2023\/02\/staycation-bruxelles.png","width":1200,"height":628,"caption":"Wouter van der Sar"},{"@type":"WebSite","@id":"https:\/\/marieclaire.be\/fr\/#website","url":"https:\/\/marieclaire.be\/fr\/","name":"Marie Claire Belgique","description":"Marie Claire Belgique, le magazine du style et de l\u2019intelligence qui parle de mode, des tendances, de la beaut\u00e9, de l\u2019actualit\u00e9 et de la culture","publisher":{"@id":"https:\/\/marieclaire.be\/fr\/#organization"},"potentialAction":[{"@type":"SearchAction","target":{"@type":"EntryPoint","urlTemplate":"https:\/\/marieclaire.be\/fr\/?s={search_term_string}"},"query-input":{"@type":"PropertyValueSpecification","valueRequired":true,"valueName":"search_term_string"}}],"inLanguage":"fr-FR"},{"@type":"Organization","@id":"https:\/\/marieclaire.be\/fr\/#organization","name":"Marie Claire","url":"https:\/\/marieclaire.be\/fr\/","logo":{"@type":"ImageObject","inLanguage":"fr-FR","@id":"https:\/\/marieclaire.be\/fr\/#\/schema\/logo\/image\/","url":"https:\/\/marieclaire.be\/fr\/wp-content\/uploads\/2018\/05\/mc-logo2.png","contentUrl":"https:\/\/marieclaire.be\/fr\/wp-content\/uploads\/2018\/05\/mc-logo2.png","width":1001,"height":189,"caption":"Marie Claire"},"image":{"@id":"https:\/\/marieclaire.be\/fr\/#\/schema\/logo\/image\/"},"sameAs":["https:\/\/www.facebook.com\/MarieClaire.Belgique\/","https:\/\/www.instagram.com\/marieclaire_belgique\/","https:\/\/fr.pinterest.com\/marieclairebe\/","https:\/\/www.youtube.com\/user\/BelgiumMarieClaire"]},{"@type":"Person","@id":"https:\/\/marieclaire.be\/fr\/#\/schema\/person\/c71bd7a8c3e622513c7531a39292a34e","name":"Malvine Sevrin","image":{"@type":"ImageObject","inLanguage":"fr-FR","@id":"https:\/\/marieclaire.be\/fr\/wp-content\/uploads\/2017\/05\/capture-decran-2024-02-13-a-145920-96x96.png","url":"https:\/\/marieclaire.be\/fr\/wp-content\/uploads\/2017\/05\/capture-decran-2024-02-13-a-145920-96x96.png","contentUrl":"https:\/\/marieclaire.be\/fr\/wp-content\/uploads\/2017\/05\/capture-decran-2024-02-13-a-145920-96x96.png","caption":"Malvine Sevrin"},"description":"Des podiums parisiens aux derni\u00e8res nouveaut\u00e9s skincare qui enflamment TikTok, je d\u00e9crypte les tendances pour Marie Claire Belgique. Passionn\u00e9e de voyage, de mode et de beaut\u00e9, je partage mes coups de coeur d\u00e9nich\u00e9s aux quatre coins du globe. En tant que r\u00e9dactrice en chef digital, j'ai \u00e9galement \u00e0 coeur de mettre en lumi\u00e8re les histoires inspirantes de femmes \u00e0 travers notre site et sur nos r\u00e9seaux sociaux.","sameAs":["https:\/\/www.instagram.com\/malvinesev\/"],"url":"https:\/\/marieclaire.be\/fr\/author\/malvine\/"}]}},"_links":{"self":[{"href":"https:\/\/marieclaire.be\/fr\/wp-json\/wp\/v2\/posts\/53604","targetHints":{"allow":["GET"]}}],"collection":[{"href":"https:\/\/marieclaire.be\/fr\/wp-json\/wp\/v2\/posts"}],"about":[{"href":"https:\/\/marieclaire.be\/fr\/wp-json\/wp\/v2\/types\/post"}],"author":[{"embeddable":true,"href":"https:\/\/marieclaire.be\/fr\/wp-json\/wp\/v2\/users\/30"}],"replies":[{"embeddable":true,"href":"https:\/\/marieclaire.be\/fr\/wp-json\/wp\/v2\/comments?post=53604"}],"version-history":[{"count":19,"href":"https:\/\/marieclaire.be\/fr\/wp-json\/wp\/v2\/posts\/53604\/revisions"}],"predecessor-version":[{"id":143765,"href":"https:\/\/marieclaire.be\/fr\/wp-json\/wp\/v2\/posts\/53604\/revisions\/143765"}],"wp:featuredmedia":[{"embeddable":true,"href":"https:\/\/marieclaire.be\/fr\/wp-json\/wp\/v2\/media\/143763"}],"wp:attachment":[{"href":"https:\/\/marieclaire.be\/fr\/wp-json\/wp\/v2\/media?parent=53604"}],"wp:term":[{"taxonomy":"category","embeddable":true,"href":"https:\/\/marieclaire.be\/fr\/wp-json\/wp\/v2\/categories?post=53604"},{"taxonomy":"post_tag","embeddable":true,"href":"https:\/\/marieclaire.be\/fr\/wp-json\/wp\/v2\/tags?post=53604"}],"curies":[{"name":"wp","href":"https:\/\/api.w.org\/{rel}","templated":true}]}}