{"id":53589,"date":"2018-09-03T13:09:27","date_gmt":"2018-09-03T11:09:27","guid":{"rendered":"http:\/\/marieclaire.be\/fr\/?p=53589"},"modified":"2020-06-04T10:38:45","modified_gmt":"2020-06-04T08:38:45","slug":"mariage-chiara-ferragni","status":"publish","type":"post","link":"https:\/\/marieclaire.be\/fr\/mariage-chiara-ferragni\/","title":{"rendered":"En images: le mariage de Chiara Ferragni et ses robes \u00e0 couper le souffle"},"content":{"rendered":"","protected":false},"excerpt":{"rendered":"Impossible de passer \u00e0 c\u00f4t\u00e9 de l&#8217;\u00e9v\u00e9nement! Ce samedi 1er ao\u00fbt, Chiara Ferragni disait oui au rappeur italien Fedez. ...","protected":false},"author":8,"featured_media":53624,"comment_status":"closed","ping_status":"closed","sticky":false,"template":"","format":"standard","meta":{"_acf_changed":false,"footnotes":""},"categories":[67,82],"tags":[3020,551,1054,900,122,208],"class_list":["post-53589","post","type-post","status-publish","format-standard","has-post-thumbnail","hentry","category-lifestyle","category-people","tag-chiara-ferragni","tag-dior","tag-haute-couture","tag-mariage","tag-mode","tag-people"],"acf":[],"_yoast_wpseo_title":null,"_yoast_wpseo_metadesc":"Impossible de passer \u00e0 c\u00f4t\u00e9 de l'\u00e9v\u00e9nement! Chiara Ferragni a dit oui au rappeur italien Fedez. Retour sur leur mariage et ses robes Dior.","image_verticale":"","yoast_head":"<!-- This site is optimized with the Yoast SEO plugin v27.3 - https:\/\/yoast.com\/product\/yoast-seo-wordpress\/ -->\n<title>En images: le mariage de Chiara Ferragni et ses robes \u00e0 couper le souffle - Marie Claire Belgique<\/title>\n<meta name=\"description\" content=\"Impossible de passer \u00e0 c\u00f4t\u00e9 de l&#039;\u00e9v\u00e9nement! Chiara Ferragni a dit oui au rappeur italien Fedez. Retour sur leur mariage et ses robes Dior.\" \/>\n<meta name=\"robots\" content=\"index, follow, max-snippet:-1, max-image-preview:large, max-video-preview:-1\" \/>\n<link rel=\"canonical\" href=\"https:\/\/marieclaire.be\/fr\/mariage-chiara-ferragni\/\" \/>\n<link rel=\"next\" href=\"https:\/\/marieclaire.be\/fr\/mariage-chiara-ferragni\/2\/\" \/>\n<meta property=\"og:locale\" content=\"fr_FR\" \/>\n<meta property=\"og:type\" content=\"article\" \/>\n<meta property=\"og:title\" content=\"En images: le mariage de Chiara Ferragni et ses robes \u00e0 couper le souffle - Marie Claire Belgique\" \/>\n<meta property=\"og:description\" content=\"Impossible de passer \u00e0 c\u00f4t\u00e9 de l&#039;\u00e9v\u00e9nement! Chiara Ferragni a dit oui au rappeur italien Fedez. Retour sur leur mariage et ses robes Dior.\" \/>\n<meta property=\"og:url\" content=\"https:\/\/marieclaire.be\/fr\/mariage-chiara-ferragni\/\" \/>\n<meta property=\"og:site_name\" content=\"Marie Claire Belgique\" \/>\n<meta property=\"article:publisher\" content=\"https:\/\/www.facebook.com\/MarieClaire.Belgique\/\" \/>\n<meta property=\"article:published_time\" content=\"2018-09-03T11:09:27+00:00\" \/>\n<meta property=\"article:modified_time\" content=\"2020-06-04T08:38:45+00:00\" \/>\n<meta property=\"og:image\" content=\"https:\/\/marieclaire.be\/fr\/wp-content\/uploads\/2018\/09\/covermariage.png\" \/>\n\t<meta property=\"og:image:width\" content=\"1050\" \/>\n\t<meta property=\"og:image:height\" content=\"550\" \/>\n\t<meta property=\"og:image:type\" content=\"image\/png\" \/>\n<meta name=\"author\" content=\"Marie Claire\" \/>\n<meta name=\"twitter:label1\" content=\"\u00c9crit par\" \/>\n\t<meta name=\"twitter:data1\" content=\"Marie Claire\" \/>\n\t<meta name=\"twitter:label2\" content=\"Dur\u00e9e de lecture estim\u00e9e\" \/>\n\t<meta name=\"twitter:data2\" content=\"4 minutes\" \/>\n<script type=\"application\/ld+json\" class=\"yoast-schema-graph\">{\"@context\":\"https:\\\/\\\/schema.org\",\"@graph\":[{\"@type\":\"NewsArticle\",\"@id\":\"https:\\\/\\\/marieclaire.be\\\/fr\\\/mariage-chiara-ferragni\\\/#article\",\"isPartOf\":{\"@id\":\"https:\\\/\\\/marieclaire.be\\\/fr\\\/mariage-chiara-ferragni\\\/\"},\"author\":{\"name\":\"Marie Claire\",\"@id\":\"https:\\\/\\\/marieclaire.be\\\/fr\\\/#\\\/schema\\\/person\\\/6a5bc4eb4707dbc5cb47d17804a85f8c\"},\"headline\":\"En images: le mariage de Chiara Ferragni et ses robes \u00e0 couper le souffle\",\"datePublished\":\"2018-09-03T11:09:27+00:00\",\"dateModified\":\"2020-06-04T08:38:45+00:00\",\"mainEntityOfPage\":{\"@id\":\"https:\\\/\\\/marieclaire.be\\\/fr\\\/mariage-chiara-ferragni\\\/\"},\"wordCount\":889,\"publisher\":{\"@id\":\"https:\\\/\\\/marieclaire.be\\\/fr\\\/#organization\"},\"image\":{\"@id\":\"https:\\\/\\\/marieclaire.be\\\/fr\\\/mariage-chiara-ferragni\\\/#primaryimage\"},\"thumbnailUrl\":\"https:\\\/\\\/marieclaire.be\\\/fr\\\/wp-content\\\/uploads\\\/2018\\\/09\\\/covermariage.png\",\"keywords\":[\"chiara ferragni\",\"Dior\",\"haute couture\",\"mariage\",\"mode\",\"people\"],\"articleSection\":[\"Lifestyle\",\"People\"],\"inLanguage\":\"fr-FR\"},{\"@type\":\"WebPage\",\"@id\":\"https:\\\/\\\/marieclaire.be\\\/fr\\\/mariage-chiara-ferragni\\\/\",\"url\":\"https:\\\/\\\/marieclaire.be\\\/fr\\\/mariage-chiara-ferragni\\\/\",\"name\":\"En images: le mariage de Chiara Ferragni et ses robes \u00e0 couper le souffle - Marie Claire Belgique\",\"isPartOf\":{\"@id\":\"https:\\\/\\\/marieclaire.be\\\/fr\\\/#website\"},\"primaryImageOfPage\":{\"@id\":\"https:\\\/\\\/marieclaire.be\\\/fr\\\/mariage-chiara-ferragni\\\/#primaryimage\"},\"image\":{\"@id\":\"https:\\\/\\\/marieclaire.be\\\/fr\\\/mariage-chiara-ferragni\\\/#primaryimage\"},\"thumbnailUrl\":\"https:\\\/\\\/marieclaire.be\\\/fr\\\/wp-content\\\/uploads\\\/2018\\\/09\\\/covermariage.png\",\"datePublished\":\"2018-09-03T11:09:27+00:00\",\"dateModified\":\"2020-06-04T08:38:45+00:00\",\"description\":\"Impossible de passer \u00e0 c\u00f4t\u00e9 de l'\u00e9v\u00e9nement! Chiara Ferragni a dit oui au rappeur italien Fedez. Retour sur leur mariage et ses robes Dior.\",\"inLanguage\":\"fr-FR\",\"potentialAction\":[{\"@type\":\"ReadAction\",\"target\":[\"https:\\\/\\\/marieclaire.be\\\/fr\\\/mariage-chiara-ferragni\\\/\"]}]},{\"@type\":\"ImageObject\",\"inLanguage\":\"fr-FR\",\"@id\":\"https:\\\/\\\/marieclaire.be\\\/fr\\\/mariage-chiara-ferragni\\\/#primaryimage\",\"url\":\"https:\\\/\\\/marieclaire.be\\\/fr\\\/wp-content\\\/uploads\\\/2018\\\/09\\\/covermariage.png\",\"contentUrl\":\"https:\\\/\\\/marieclaire.be\\\/fr\\\/wp-content\\\/uploads\\\/2018\\\/09\\\/covermariage.png\",\"width\":1050,\"height\":550,\"caption\":\"David Bastianoni - Dior\"},{\"@type\":\"WebSite\",\"@id\":\"https:\\\/\\\/marieclaire.be\\\/fr\\\/#website\",\"url\":\"https:\\\/\\\/marieclaire.be\\\/fr\\\/\",\"name\":\"Marie Claire Belgique\",\"description\":\"Marie Claire Belgique, le magazine du style et de l\u2019intelligence qui parle de mode, des tendances, de la beaut\u00e9, de l\u2019actualit\u00e9 et de la culture\",\"publisher\":{\"@id\":\"https:\\\/\\\/marieclaire.be\\\/fr\\\/#organization\"},\"potentialAction\":[{\"@type\":\"SearchAction\",\"target\":{\"@type\":\"EntryPoint\",\"urlTemplate\":\"https:\\\/\\\/marieclaire.be\\\/fr\\\/?s={search_term_string}\"},\"query-input\":{\"@type\":\"PropertyValueSpecification\",\"valueRequired\":true,\"valueName\":\"search_term_string\"}}],\"inLanguage\":\"fr-FR\"},{\"@type\":\"Organization\",\"@id\":\"https:\\\/\\\/marieclaire.be\\\/fr\\\/#organization\",\"name\":\"Marie Claire\",\"url\":\"https:\\\/\\\/marieclaire.be\\\/fr\\\/\",\"logo\":{\"@type\":\"ImageObject\",\"inLanguage\":\"fr-FR\",\"@id\":\"https:\\\/\\\/marieclaire.be\\\/fr\\\/#\\\/schema\\\/logo\\\/image\\\/\",\"url\":\"https:\\\/\\\/marieclaire.be\\\/fr\\\/wp-content\\\/uploads\\\/2018\\\/05\\\/mc-logo2.png\",\"contentUrl\":\"https:\\\/\\\/marieclaire.be\\\/fr\\\/wp-content\\\/uploads\\\/2018\\\/05\\\/mc-logo2.png\",\"width\":1001,\"height\":189,\"caption\":\"Marie Claire\"},\"image\":{\"@id\":\"https:\\\/\\\/marieclaire.be\\\/fr\\\/#\\\/schema\\\/logo\\\/image\\\/\"},\"sameAs\":[\"https:\\\/\\\/www.facebook.com\\\/MarieClaire.Belgique\\\/\",\"https:\\\/\\\/www.instagram.com\\\/marieclaire_belgique\\\/\",\"https:\\\/\\\/fr.pinterest.com\\\/marieclairebe\\\/\",\"https:\\\/\\\/www.youtube.com\\\/user\\\/BelgiumMarieClaire\"]},{\"@type\":\"Person\",\"@id\":\"https:\\\/\\\/marieclaire.be\\\/fr\\\/#\\\/schema\\\/person\\\/6a5bc4eb4707dbc5cb47d17804a85f8c\",\"name\":\"Marie Claire\",\"image\":{\"@type\":\"ImageObject\",\"inLanguage\":\"fr-FR\",\"@id\":\"https:\\\/\\\/marieclaire.be\\\/fr\\\/wp-content\\\/uploads\\\/2016\\\/11\\\/mclogo-96x96.jpg\",\"url\":\"https:\\\/\\\/marieclaire.be\\\/fr\\\/wp-content\\\/uploads\\\/2016\\\/11\\\/mclogo-96x96.jpg\",\"contentUrl\":\"https:\\\/\\\/marieclaire.be\\\/fr\\\/wp-content\\\/uploads\\\/2016\\\/11\\\/mclogo-96x96.jpg\",\"caption\":\"Marie Claire\"},\"url\":\"https:\\\/\\\/marieclaire.be\\\/fr\\\/author\\\/stagiaire\\\/\"}]}<\/script>\n<!-- \/ Yoast SEO plugin. -->","yoast_head_json":{"title":"En images: le mariage de Chiara Ferragni et ses robes \u00e0 couper le souffle - Marie Claire Belgique","description":"Impossible de passer \u00e0 c\u00f4t\u00e9 de l'\u00e9v\u00e9nement! Chiara Ferragni a dit oui au rappeur italien Fedez. Retour sur leur mariage et ses robes Dior.","robots":{"index":"index","follow":"follow","max-snippet":"max-snippet:-1","max-image-preview":"max-image-preview:large","max-video-preview":"max-video-preview:-1"},"canonical":"https:\/\/marieclaire.be\/fr\/mariage-chiara-ferragni\/","next":"https:\/\/marieclaire.be\/fr\/mariage-chiara-ferragni\/2\/","og_locale":"fr_FR","og_type":"article","og_title":"En images: le mariage de Chiara Ferragni et ses robes \u00e0 couper le souffle - Marie Claire Belgique","og_description":"Impossible de passer \u00e0 c\u00f4t\u00e9 de l'\u00e9v\u00e9nement! Chiara Ferragni a dit oui au rappeur italien Fedez. Retour sur leur mariage et ses robes Dior.","og_url":"https:\/\/marieclaire.be\/fr\/mariage-chiara-ferragni\/","og_site_name":"Marie Claire Belgique","article_publisher":"https:\/\/www.facebook.com\/MarieClaire.Belgique\/","article_published_time":"2018-09-03T11:09:27+00:00","article_modified_time":"2020-06-04T08:38:45+00:00","og_image":[{"width":1050,"height":550,"url":"https:\/\/marieclaire.be\/fr\/wp-content\/uploads\/2018\/09\/covermariage.png","type":"image\/png"}],"author":"Marie Claire","twitter_misc":{"\u00c9crit par":"Marie Claire","Dur\u00e9e de lecture estim\u00e9e":"4 minutes"},"schema":{"@context":"https:\/\/schema.org","@graph":[{"@type":"NewsArticle","@id":"https:\/\/marieclaire.be\/fr\/mariage-chiara-ferragni\/#article","isPartOf":{"@id":"https:\/\/marieclaire.be\/fr\/mariage-chiara-ferragni\/"},"author":{"name":"Marie Claire","@id":"https:\/\/marieclaire.be\/fr\/#\/schema\/person\/6a5bc4eb4707dbc5cb47d17804a85f8c"},"headline":"En images: le mariage de Chiara Ferragni et ses robes \u00e0 couper le souffle","datePublished":"2018-09-03T11:09:27+00:00","dateModified":"2020-06-04T08:38:45+00:00","mainEntityOfPage":{"@id":"https:\/\/marieclaire.be\/fr\/mariage-chiara-ferragni\/"},"wordCount":889,"publisher":{"@id":"https:\/\/marieclaire.be\/fr\/#organization"},"image":{"@id":"https:\/\/marieclaire.be\/fr\/mariage-chiara-ferragni\/#primaryimage"},"thumbnailUrl":"https:\/\/marieclaire.be\/fr\/wp-content\/uploads\/2018\/09\/covermariage.png","keywords":["chiara ferragni","Dior","haute couture","mariage","mode","people"],"articleSection":["Lifestyle","People"],"inLanguage":"fr-FR"},{"@type":"WebPage","@id":"https:\/\/marieclaire.be\/fr\/mariage-chiara-ferragni\/","url":"https:\/\/marieclaire.be\/fr\/mariage-chiara-ferragni\/","name":"En images: le mariage de Chiara Ferragni et ses robes \u00e0 couper le souffle - Marie Claire Belgique","isPartOf":{"@id":"https:\/\/marieclaire.be\/fr\/#website"},"primaryImageOfPage":{"@id":"https:\/\/marieclaire.be\/fr\/mariage-chiara-ferragni\/#primaryimage"},"image":{"@id":"https:\/\/marieclaire.be\/fr\/mariage-chiara-ferragni\/#primaryimage"},"thumbnailUrl":"https:\/\/marieclaire.be\/fr\/wp-content\/uploads\/2018\/09\/covermariage.png","datePublished":"2018-09-03T11:09:27+00:00","dateModified":"2020-06-04T08:38:45+00:00","description":"Impossible de passer \u00e0 c\u00f4t\u00e9 de l'\u00e9v\u00e9nement! Chiara Ferragni a dit oui au rappeur italien Fedez. Retour sur leur mariage et ses robes Dior.","inLanguage":"fr-FR","potentialAction":[{"@type":"ReadAction","target":["https:\/\/marieclaire.be\/fr\/mariage-chiara-ferragni\/"]}]},{"@type":"ImageObject","inLanguage":"fr-FR","@id":"https:\/\/marieclaire.be\/fr\/mariage-chiara-ferragni\/#primaryimage","url":"https:\/\/marieclaire.be\/fr\/wp-content\/uploads\/2018\/09\/covermariage.png","contentUrl":"https:\/\/marieclaire.be\/fr\/wp-content\/uploads\/2018\/09\/covermariage.png","width":1050,"height":550,"caption":"David Bastianoni - Dior"},{"@type":"WebSite","@id":"https:\/\/marieclaire.be\/fr\/#website","url":"https:\/\/marieclaire.be\/fr\/","name":"Marie Claire Belgique","description":"Marie Claire Belgique, le magazine du style et de l\u2019intelligence qui parle de mode, des tendances, de la beaut\u00e9, de l\u2019actualit\u00e9 et de la culture","publisher":{"@id":"https:\/\/marieclaire.be\/fr\/#organization"},"potentialAction":[{"@type":"SearchAction","target":{"@type":"EntryPoint","urlTemplate":"https:\/\/marieclaire.be\/fr\/?s={search_term_string}"},"query-input":{"@type":"PropertyValueSpecification","valueRequired":true,"valueName":"search_term_string"}}],"inLanguage":"fr-FR"},{"@type":"Organization","@id":"https:\/\/marieclaire.be\/fr\/#organization","name":"Marie Claire","url":"https:\/\/marieclaire.be\/fr\/","logo":{"@type":"ImageObject","inLanguage":"fr-FR","@id":"https:\/\/marieclaire.be\/fr\/#\/schema\/logo\/image\/","url":"https:\/\/marieclaire.be\/fr\/wp-content\/uploads\/2018\/05\/mc-logo2.png","contentUrl":"https:\/\/marieclaire.be\/fr\/wp-content\/uploads\/2018\/05\/mc-logo2.png","width":1001,"height":189,"caption":"Marie Claire"},"image":{"@id":"https:\/\/marieclaire.be\/fr\/#\/schema\/logo\/image\/"},"sameAs":["https:\/\/www.facebook.com\/MarieClaire.Belgique\/","https:\/\/www.instagram.com\/marieclaire_belgique\/","https:\/\/fr.pinterest.com\/marieclairebe\/","https:\/\/www.youtube.com\/user\/BelgiumMarieClaire"]},{"@type":"Person","@id":"https:\/\/marieclaire.be\/fr\/#\/schema\/person\/6a5bc4eb4707dbc5cb47d17804a85f8c","name":"Marie Claire","image":{"@type":"ImageObject","inLanguage":"fr-FR","@id":"https:\/\/marieclaire.be\/fr\/wp-content\/uploads\/2016\/11\/mclogo-96x96.jpg","url":"https:\/\/marieclaire.be\/fr\/wp-content\/uploads\/2016\/11\/mclogo-96x96.jpg","contentUrl":"https:\/\/marieclaire.be\/fr\/wp-content\/uploads\/2016\/11\/mclogo-96x96.jpg","caption":"Marie Claire"},"url":"https:\/\/marieclaire.be\/fr\/author\/stagiaire\/"}]}},"_links":{"self":[{"href":"https:\/\/marieclaire.be\/fr\/wp-json\/wp\/v2\/posts\/53589","targetHints":{"allow":["GET"]}}],"collection":[{"href":"https:\/\/marieclaire.be\/fr\/wp-json\/wp\/v2\/posts"}],"about":[{"href":"https:\/\/marieclaire.be\/fr\/wp-json\/wp\/v2\/types\/post"}],"author":[{"embeddable":true,"href":"https:\/\/marieclaire.be\/fr\/wp-json\/wp\/v2\/users\/8"}],"replies":[{"embeddable":true,"href":"https:\/\/marieclaire.be\/fr\/wp-json\/wp\/v2\/comments?post=53589"}],"version-history":[{"count":2,"href":"https:\/\/marieclaire.be\/fr\/wp-json\/wp\/v2\/posts\/53589\/revisions"}],"predecessor-version":[{"id":93307,"href":"https:\/\/marieclaire.be\/fr\/wp-json\/wp\/v2\/posts\/53589\/revisions\/93307"}],"wp:featuredmedia":[{"embeddable":true,"href":"https:\/\/marieclaire.be\/fr\/wp-json\/wp\/v2\/media\/53624"}],"wp:attachment":[{"href":"https:\/\/marieclaire.be\/fr\/wp-json\/wp\/v2\/media?parent=53589"}],"wp:term":[{"taxonomy":"category","embeddable":true,"href":"https:\/\/marieclaire.be\/fr\/wp-json\/wp\/v2\/categories?post=53589"},{"taxonomy":"post_tag","embeddable":true,"href":"https:\/\/marieclaire.be\/fr\/wp-json\/wp\/v2\/tags?post=53589"}],"curies":[{"name":"wp","href":"https:\/\/api.w.org\/{rel}","templated":true}]}}