{"id":52940,"date":"2022-09-02T07:24:55","date_gmt":"2022-09-02T05:24:55","guid":{"rendered":"http:\/\/marieclaire.be\/fr\/?p=52940"},"modified":"2022-09-02T10:45:05","modified_gmt":"2022-09-02T08:45:05","slug":"faut-il-utiliser-creme-de-nuit","status":"publish","type":"post","link":"https:\/\/marieclaire.be\/fr\/faut-il-utiliser-creme-de-nuit\/","title":{"rendered":"Faut-il vraiment utiliser une cr\u00e8me de nuit ? Notre avis et s\u00e9lection"},"content":{"rendered":"","protected":false},"excerpt":{"rendered":"Quand nous dormons, la peau se r\u00e9g\u00e9n\u00e8re. ...","protected":false},"author":30,"featured_media":53361,"comment_status":"closed","ping_status":"closed","sticky":false,"template":"","format":"standard","meta":{"_acf_changed":false,"footnotes":""},"categories":[7,20],"tags":[551,2317,560,627,40,3424],"class_list":["post-52940","post","type-post","status-publish","format-standard","has-post-thumbnail","hentry","category-beaute","category-soins","tag-dior","tag-estee-lauder","tag-lancome","tag-peau","tag-sisley","tag-visage"],"acf":[],"_yoast_wpseo_title":null,"_yoast_wpseo_metadesc":"Quand nous dormons, la peau se r\u00e9g\u00e9n\u00e8re. Une bonne raison pour lui apporter de quoi se reconstituer avec une bonne cr\u00e8me de nuit!","image_verticale":"118529","yoast_head":"<!-- This site is optimized with the Yoast SEO plugin v27.3 - https:\/\/yoast.com\/product\/yoast-seo-wordpress\/ -->\n<title>Faut-il vraiment utiliser une cr\u00e8me de nuit ? Notre avis et s\u00e9lection - Marie Claire Belgique<\/title>\n<meta name=\"description\" content=\"Quand nous dormons, la peau se r\u00e9g\u00e9n\u00e8re. Une bonne raison pour lui apporter de quoi se reconstituer avec une bonne cr\u00e8me de nuit!\" \/>\n<meta name=\"robots\" content=\"index, follow, max-snippet:-1, max-image-preview:large, max-video-preview:-1\" \/>\n<link rel=\"canonical\" href=\"https:\/\/www.marieclaire.fr\/,de-20-a-50-ans-la-creme-de-nuit-qu-il-vous-faut,20145,386044.asp\" \/>\n<link rel=\"next\" href=\"https:\/\/marieclaire.be\/fr\/faut-il-utiliser-creme-de-nuit\/2\/\" \/>\n<meta property=\"og:locale\" content=\"fr_FR\" \/>\n<meta property=\"og:type\" content=\"article\" \/>\n<meta property=\"og:title\" content=\"Faut-il vraiment utiliser une cr\u00e8me de nuit ? Notre avis et s\u00e9lection - Marie Claire Belgique\" \/>\n<meta property=\"og:description\" content=\"Quand nous dormons, la peau se r\u00e9g\u00e9n\u00e8re. Une bonne raison pour lui apporter de quoi se reconstituer avec une bonne cr\u00e8me de nuit!\" \/>\n<meta property=\"og:url\" content=\"https:\/\/www.marieclaire.fr\/,de-20-a-50-ans-la-creme-de-nuit-qu-il-vous-faut,20145,386044.asp\" \/>\n<meta property=\"og:site_name\" content=\"Marie Claire Belgique\" \/>\n<meta property=\"article:publisher\" content=\"https:\/\/www.facebook.com\/MarieClaire.Belgique\/\" \/>\n<meta property=\"article:published_time\" content=\"2022-09-02T05:24:55+00:00\" \/>\n<meta property=\"article:modified_time\" content=\"2022-09-02T08:45:05+00:00\" \/>\n<meta property=\"og:image\" content=\"https:\/\/marieclaire.be\/fr\/wp-content\/uploads\/2018\/08\/marieclaire_cremes_de_nuit.gif\" \/>\n\t<meta property=\"og:image:width\" content=\"1050\" \/>\n\t<meta property=\"og:image:height\" content=\"550\" \/>\n\t<meta property=\"og:image:type\" content=\"image\/gif\" \/>\n<meta name=\"author\" content=\"Malvine Sevrin\" \/>\n<meta name=\"twitter:label1\" content=\"\u00c9crit par\" \/>\n\t<meta name=\"twitter:data1\" content=\"Malvine Sevrin\" \/>\n\t<meta name=\"twitter:label2\" content=\"Dur\u00e9e de lecture estim\u00e9e\" \/>\n\t<meta name=\"twitter:data2\" content=\"3 minutes\" \/>\n<script type=\"application\/ld+json\" class=\"yoast-schema-graph\">{\"@context\":\"https:\\\/\\\/schema.org\",\"@graph\":[{\"@type\":\"NewsArticle\",\"@id\":\"https:\\\/\\\/www.marieclaire.fr\\\/%2cde-20-a-50-ans-la-creme-de-nuit-qu-il-vous-faut%2c20145%2c386044.asp#article\",\"isPartOf\":{\"@id\":\"https:\\\/\\\/marieclaire.be\\\/fr\\\/faut-il-utiliser-creme-de-nuit\\\/\"},\"author\":{\"name\":\"Malvine Sevrin\",\"@id\":\"https:\\\/\\\/marieclaire.be\\\/fr\\\/#\\\/schema\\\/person\\\/c71bd7a8c3e622513c7531a39292a34e\"},\"headline\":\"Faut-il vraiment utiliser une cr\u00e8me de nuit ? Notre avis et s\u00e9lection\",\"datePublished\":\"2022-09-02T05:24:55+00:00\",\"dateModified\":\"2022-09-02T08:45:05+00:00\",\"mainEntityOfPage\":{\"@id\":\"https:\\\/\\\/marieclaire.be\\\/fr\\\/faut-il-utiliser-creme-de-nuit\\\/\"},\"wordCount\":644,\"publisher\":{\"@id\":\"https:\\\/\\\/marieclaire.be\\\/fr\\\/#organization\"},\"image\":{\"@id\":\"https:\\\/\\\/www.marieclaire.fr\\\/%2cde-20-a-50-ans-la-creme-de-nuit-qu-il-vous-faut%2c20145%2c386044.asp#primaryimage\"},\"thumbnailUrl\":\"https:\\\/\\\/marieclaire.be\\\/fr\\\/wp-content\\\/uploads\\\/2018\\\/08\\\/marieclaire_cremes_de_nuit.gif\",\"keywords\":[\"Dior\",\"Est\u00e9e Lauder\",\"lanc\u00f4me\",\"Peau\",\"Sisley\",\"visage\"],\"articleSection\":[\"Beaut\u00e9\",\"Soins\"],\"inLanguage\":\"fr-FR\"},{\"@type\":\"WebPage\",\"@id\":\"https:\\\/\\\/marieclaire.be\\\/fr\\\/faut-il-utiliser-creme-de-nuit\\\/\",\"url\":\"https:\\\/\\\/www.marieclaire.fr\\\/%2cde-20-a-50-ans-la-creme-de-nuit-qu-il-vous-faut%2c20145%2c386044.asp\",\"name\":\"Faut-il vraiment utiliser une cr\u00e8me de nuit ? Notre avis et s\u00e9lection - Marie Claire Belgique\",\"isPartOf\":{\"@id\":\"https:\\\/\\\/marieclaire.be\\\/fr\\\/#website\"},\"primaryImageOfPage\":{\"@id\":\"https:\\\/\\\/www.marieclaire.fr\\\/%2cde-20-a-50-ans-la-creme-de-nuit-qu-il-vous-faut%2c20145%2c386044.asp#primaryimage\"},\"image\":{\"@id\":\"https:\\\/\\\/www.marieclaire.fr\\\/%2cde-20-a-50-ans-la-creme-de-nuit-qu-il-vous-faut%2c20145%2c386044.asp#primaryimage\"},\"thumbnailUrl\":\"https:\\\/\\\/marieclaire.be\\\/fr\\\/wp-content\\\/uploads\\\/2018\\\/08\\\/marieclaire_cremes_de_nuit.gif\",\"datePublished\":\"2022-09-02T05:24:55+00:00\",\"dateModified\":\"2022-09-02T08:45:05+00:00\",\"description\":\"Quand nous dormons, la peau se r\u00e9g\u00e9n\u00e8re. Une bonne raison pour lui apporter de quoi se reconstituer avec une bonne cr\u00e8me de nuit!\",\"inLanguage\":\"fr-FR\",\"potentialAction\":[{\"@type\":\"ReadAction\",\"target\":[\"https:\\\/\\\/www.marieclaire.fr\\\/%2cde-20-a-50-ans-la-creme-de-nuit-qu-il-vous-faut%2c20145%2c386044.asp\"]}]},{\"@type\":\"ImageObject\",\"inLanguage\":\"fr-FR\",\"@id\":\"https:\\\/\\\/www.marieclaire.fr\\\/%2cde-20-a-50-ans-la-creme-de-nuit-qu-il-vous-faut%2c20145%2c386044.asp#primaryimage\",\"url\":\"https:\\\/\\\/marieclaire.be\\\/fr\\\/wp-content\\\/uploads\\\/2018\\\/08\\\/marieclaire_cremes_de_nuit.gif\",\"contentUrl\":\"https:\\\/\\\/marieclaire.be\\\/fr\\\/wp-content\\\/uploads\\\/2018\\\/08\\\/marieclaire_cremes_de_nuit.gif\",\"width\":1050,\"height\":550,\"caption\":\"cr\u00e8me de nuit\"},{\"@type\":\"WebSite\",\"@id\":\"https:\\\/\\\/marieclaire.be\\\/fr\\\/#website\",\"url\":\"https:\\\/\\\/marieclaire.be\\\/fr\\\/\",\"name\":\"Marie Claire Belgique\",\"description\":\"Marie Claire Belgique, le magazine du style et de l\u2019intelligence qui parle de mode, des tendances, de la beaut\u00e9, de l\u2019actualit\u00e9 et de la culture\",\"publisher\":{\"@id\":\"https:\\\/\\\/marieclaire.be\\\/fr\\\/#organization\"},\"potentialAction\":[{\"@type\":\"SearchAction\",\"target\":{\"@type\":\"EntryPoint\",\"urlTemplate\":\"https:\\\/\\\/marieclaire.be\\\/fr\\\/?s={search_term_string}\"},\"query-input\":{\"@type\":\"PropertyValueSpecification\",\"valueRequired\":true,\"valueName\":\"search_term_string\"}}],\"inLanguage\":\"fr-FR\"},{\"@type\":\"Organization\",\"@id\":\"https:\\\/\\\/marieclaire.be\\\/fr\\\/#organization\",\"name\":\"Marie Claire\",\"url\":\"https:\\\/\\\/marieclaire.be\\\/fr\\\/\",\"logo\":{\"@type\":\"ImageObject\",\"inLanguage\":\"fr-FR\",\"@id\":\"https:\\\/\\\/marieclaire.be\\\/fr\\\/#\\\/schema\\\/logo\\\/image\\\/\",\"url\":\"https:\\\/\\\/marieclaire.be\\\/fr\\\/wp-content\\\/uploads\\\/2018\\\/05\\\/mc-logo2.png\",\"contentUrl\":\"https:\\\/\\\/marieclaire.be\\\/fr\\\/wp-content\\\/uploads\\\/2018\\\/05\\\/mc-logo2.png\",\"width\":1001,\"height\":189,\"caption\":\"Marie Claire\"},\"image\":{\"@id\":\"https:\\\/\\\/marieclaire.be\\\/fr\\\/#\\\/schema\\\/logo\\\/image\\\/\"},\"sameAs\":[\"https:\\\/\\\/www.facebook.com\\\/MarieClaire.Belgique\\\/\",\"https:\\\/\\\/www.instagram.com\\\/marieclaire_belgique\\\/\",\"https:\\\/\\\/fr.pinterest.com\\\/marieclairebe\\\/\",\"https:\\\/\\\/www.youtube.com\\\/user\\\/BelgiumMarieClaire\"]},{\"@type\":\"Person\",\"@id\":\"https:\\\/\\\/marieclaire.be\\\/fr\\\/#\\\/schema\\\/person\\\/c71bd7a8c3e622513c7531a39292a34e\",\"name\":\"Malvine Sevrin\",\"image\":{\"@type\":\"ImageObject\",\"inLanguage\":\"fr-FR\",\"@id\":\"https:\\\/\\\/marieclaire.be\\\/fr\\\/wp-content\\\/uploads\\\/2017\\\/05\\\/capture-decran-2024-02-13-a-145920-96x96.png\",\"url\":\"https:\\\/\\\/marieclaire.be\\\/fr\\\/wp-content\\\/uploads\\\/2017\\\/05\\\/capture-decran-2024-02-13-a-145920-96x96.png\",\"contentUrl\":\"https:\\\/\\\/marieclaire.be\\\/fr\\\/wp-content\\\/uploads\\\/2017\\\/05\\\/capture-decran-2024-02-13-a-145920-96x96.png\",\"caption\":\"Malvine Sevrin\"},\"description\":\"Des podiums parisiens aux derni\u00e8res nouveaut\u00e9s skincare qui enflamment TikTok, je d\u00e9crypte les tendances pour Marie Claire Belgique. Passionn\u00e9e de voyage, de mode et de beaut\u00e9, je partage mes coups de coeur d\u00e9nich\u00e9s aux quatre coins du globe. En tant que r\u00e9dactrice en chef digital, j'ai \u00e9galement \u00e0 coeur de mettre en lumi\u00e8re les histoires inspirantes de femmes \u00e0 travers notre site et sur nos r\u00e9seaux sociaux.\",\"sameAs\":[\"https:\\\/\\\/www.instagram.com\\\/malvinesev\\\/\"],\"url\":\"https:\\\/\\\/marieclaire.be\\\/fr\\\/author\\\/malvine\\\/\"}]}<\/script>\n<!-- \/ Yoast SEO plugin. -->","yoast_head_json":{"title":"Faut-il vraiment utiliser une cr\u00e8me de nuit ? Notre avis et s\u00e9lection - Marie Claire Belgique","description":"Quand nous dormons, la peau se r\u00e9g\u00e9n\u00e8re. Une bonne raison pour lui apporter de quoi se reconstituer avec une bonne cr\u00e8me de nuit!","robots":{"index":"index","follow":"follow","max-snippet":"max-snippet:-1","max-image-preview":"max-image-preview:large","max-video-preview":"max-video-preview:-1"},"canonical":"https:\/\/www.marieclaire.fr\/,de-20-a-50-ans-la-creme-de-nuit-qu-il-vous-faut,20145,386044.asp","next":"https:\/\/marieclaire.be\/fr\/faut-il-utiliser-creme-de-nuit\/2\/","og_locale":"fr_FR","og_type":"article","og_title":"Faut-il vraiment utiliser une cr\u00e8me de nuit ? Notre avis et s\u00e9lection - Marie Claire Belgique","og_description":"Quand nous dormons, la peau se r\u00e9g\u00e9n\u00e8re. Une bonne raison pour lui apporter de quoi se reconstituer avec une bonne cr\u00e8me de nuit!","og_url":"https:\/\/www.marieclaire.fr\/,de-20-a-50-ans-la-creme-de-nuit-qu-il-vous-faut,20145,386044.asp","og_site_name":"Marie Claire Belgique","article_publisher":"https:\/\/www.facebook.com\/MarieClaire.Belgique\/","article_published_time":"2022-09-02T05:24:55+00:00","article_modified_time":"2022-09-02T08:45:05+00:00","og_image":[{"width":1050,"height":550,"url":"https:\/\/marieclaire.be\/fr\/wp-content\/uploads\/2018\/08\/marieclaire_cremes_de_nuit.gif","type":"image\/gif"}],"author":"Malvine Sevrin","twitter_misc":{"\u00c9crit par":"Malvine Sevrin","Dur\u00e9e de lecture estim\u00e9e":"3 minutes"},"schema":{"@context":"https:\/\/schema.org","@graph":[{"@type":"NewsArticle","@id":"https:\/\/www.marieclaire.fr\/%2cde-20-a-50-ans-la-creme-de-nuit-qu-il-vous-faut%2c20145%2c386044.asp#article","isPartOf":{"@id":"https:\/\/marieclaire.be\/fr\/faut-il-utiliser-creme-de-nuit\/"},"author":{"name":"Malvine Sevrin","@id":"https:\/\/marieclaire.be\/fr\/#\/schema\/person\/c71bd7a8c3e622513c7531a39292a34e"},"headline":"Faut-il vraiment utiliser une cr\u00e8me de nuit ? Notre avis et s\u00e9lection","datePublished":"2022-09-02T05:24:55+00:00","dateModified":"2022-09-02T08:45:05+00:00","mainEntityOfPage":{"@id":"https:\/\/marieclaire.be\/fr\/faut-il-utiliser-creme-de-nuit\/"},"wordCount":644,"publisher":{"@id":"https:\/\/marieclaire.be\/fr\/#organization"},"image":{"@id":"https:\/\/www.marieclaire.fr\/%2cde-20-a-50-ans-la-creme-de-nuit-qu-il-vous-faut%2c20145%2c386044.asp#primaryimage"},"thumbnailUrl":"https:\/\/marieclaire.be\/fr\/wp-content\/uploads\/2018\/08\/marieclaire_cremes_de_nuit.gif","keywords":["Dior","Est\u00e9e Lauder","lanc\u00f4me","Peau","Sisley","visage"],"articleSection":["Beaut\u00e9","Soins"],"inLanguage":"fr-FR"},{"@type":"WebPage","@id":"https:\/\/marieclaire.be\/fr\/faut-il-utiliser-creme-de-nuit\/","url":"https:\/\/www.marieclaire.fr\/%2cde-20-a-50-ans-la-creme-de-nuit-qu-il-vous-faut%2c20145%2c386044.asp","name":"Faut-il vraiment utiliser une cr\u00e8me de nuit ? Notre avis et s\u00e9lection - Marie Claire Belgique","isPartOf":{"@id":"https:\/\/marieclaire.be\/fr\/#website"},"primaryImageOfPage":{"@id":"https:\/\/www.marieclaire.fr\/%2cde-20-a-50-ans-la-creme-de-nuit-qu-il-vous-faut%2c20145%2c386044.asp#primaryimage"},"image":{"@id":"https:\/\/www.marieclaire.fr\/%2cde-20-a-50-ans-la-creme-de-nuit-qu-il-vous-faut%2c20145%2c386044.asp#primaryimage"},"thumbnailUrl":"https:\/\/marieclaire.be\/fr\/wp-content\/uploads\/2018\/08\/marieclaire_cremes_de_nuit.gif","datePublished":"2022-09-02T05:24:55+00:00","dateModified":"2022-09-02T08:45:05+00:00","description":"Quand nous dormons, la peau se r\u00e9g\u00e9n\u00e8re. Une bonne raison pour lui apporter de quoi se reconstituer avec une bonne cr\u00e8me de nuit!","inLanguage":"fr-FR","potentialAction":[{"@type":"ReadAction","target":["https:\/\/www.marieclaire.fr\/%2cde-20-a-50-ans-la-creme-de-nuit-qu-il-vous-faut%2c20145%2c386044.asp"]}]},{"@type":"ImageObject","inLanguage":"fr-FR","@id":"https:\/\/www.marieclaire.fr\/%2cde-20-a-50-ans-la-creme-de-nuit-qu-il-vous-faut%2c20145%2c386044.asp#primaryimage","url":"https:\/\/marieclaire.be\/fr\/wp-content\/uploads\/2018\/08\/marieclaire_cremes_de_nuit.gif","contentUrl":"https:\/\/marieclaire.be\/fr\/wp-content\/uploads\/2018\/08\/marieclaire_cremes_de_nuit.gif","width":1050,"height":550,"caption":"cr\u00e8me de nuit"},{"@type":"WebSite","@id":"https:\/\/marieclaire.be\/fr\/#website","url":"https:\/\/marieclaire.be\/fr\/","name":"Marie Claire Belgique","description":"Marie Claire Belgique, le magazine du style et de l\u2019intelligence qui parle de mode, des tendances, de la beaut\u00e9, de l\u2019actualit\u00e9 et de la culture","publisher":{"@id":"https:\/\/marieclaire.be\/fr\/#organization"},"potentialAction":[{"@type":"SearchAction","target":{"@type":"EntryPoint","urlTemplate":"https:\/\/marieclaire.be\/fr\/?s={search_term_string}"},"query-input":{"@type":"PropertyValueSpecification","valueRequired":true,"valueName":"search_term_string"}}],"inLanguage":"fr-FR"},{"@type":"Organization","@id":"https:\/\/marieclaire.be\/fr\/#organization","name":"Marie Claire","url":"https:\/\/marieclaire.be\/fr\/","logo":{"@type":"ImageObject","inLanguage":"fr-FR","@id":"https:\/\/marieclaire.be\/fr\/#\/schema\/logo\/image\/","url":"https:\/\/marieclaire.be\/fr\/wp-content\/uploads\/2018\/05\/mc-logo2.png","contentUrl":"https:\/\/marieclaire.be\/fr\/wp-content\/uploads\/2018\/05\/mc-logo2.png","width":1001,"height":189,"caption":"Marie Claire"},"image":{"@id":"https:\/\/marieclaire.be\/fr\/#\/schema\/logo\/image\/"},"sameAs":["https:\/\/www.facebook.com\/MarieClaire.Belgique\/","https:\/\/www.instagram.com\/marieclaire_belgique\/","https:\/\/fr.pinterest.com\/marieclairebe\/","https:\/\/www.youtube.com\/user\/BelgiumMarieClaire"]},{"@type":"Person","@id":"https:\/\/marieclaire.be\/fr\/#\/schema\/person\/c71bd7a8c3e622513c7531a39292a34e","name":"Malvine Sevrin","image":{"@type":"ImageObject","inLanguage":"fr-FR","@id":"https:\/\/marieclaire.be\/fr\/wp-content\/uploads\/2017\/05\/capture-decran-2024-02-13-a-145920-96x96.png","url":"https:\/\/marieclaire.be\/fr\/wp-content\/uploads\/2017\/05\/capture-decran-2024-02-13-a-145920-96x96.png","contentUrl":"https:\/\/marieclaire.be\/fr\/wp-content\/uploads\/2017\/05\/capture-decran-2024-02-13-a-145920-96x96.png","caption":"Malvine Sevrin"},"description":"Des podiums parisiens aux derni\u00e8res nouveaut\u00e9s skincare qui enflamment TikTok, je d\u00e9crypte les tendances pour Marie Claire Belgique. Passionn\u00e9e de voyage, de mode et de beaut\u00e9, je partage mes coups de coeur d\u00e9nich\u00e9s aux quatre coins du globe. En tant que r\u00e9dactrice en chef digital, j'ai \u00e9galement \u00e0 coeur de mettre en lumi\u00e8re les histoires inspirantes de femmes \u00e0 travers notre site et sur nos r\u00e9seaux sociaux.","sameAs":["https:\/\/www.instagram.com\/malvinesev\/"],"url":"https:\/\/marieclaire.be\/fr\/author\/malvine\/"}]}},"_links":{"self":[{"href":"https:\/\/marieclaire.be\/fr\/wp-json\/wp\/v2\/posts\/52940","targetHints":{"allow":["GET"]}}],"collection":[{"href":"https:\/\/marieclaire.be\/fr\/wp-json\/wp\/v2\/posts"}],"about":[{"href":"https:\/\/marieclaire.be\/fr\/wp-json\/wp\/v2\/types\/post"}],"author":[{"embeddable":true,"href":"https:\/\/marieclaire.be\/fr\/wp-json\/wp\/v2\/users\/30"}],"replies":[{"embeddable":true,"href":"https:\/\/marieclaire.be\/fr\/wp-json\/wp\/v2\/comments?post=52940"}],"version-history":[{"count":6,"href":"https:\/\/marieclaire.be\/fr\/wp-json\/wp\/v2\/posts\/52940\/revisions"}],"predecessor-version":[{"id":118530,"href":"https:\/\/marieclaire.be\/fr\/wp-json\/wp\/v2\/posts\/52940\/revisions\/118530"}],"wp:featuredmedia":[{"embeddable":true,"href":"https:\/\/marieclaire.be\/fr\/wp-json\/wp\/v2\/media\/53361"}],"wp:attachment":[{"href":"https:\/\/marieclaire.be\/fr\/wp-json\/wp\/v2\/media?parent=52940"}],"wp:term":[{"taxonomy":"category","embeddable":true,"href":"https:\/\/marieclaire.be\/fr\/wp-json\/wp\/v2\/categories?post=52940"},{"taxonomy":"post_tag","embeddable":true,"href":"https:\/\/marieclaire.be\/fr\/wp-json\/wp\/v2\/tags?post=52940"}],"curies":[{"name":"wp","href":"https:\/\/api.w.org\/{rel}","templated":true}]}}