{"id":51764,"date":"2021-07-22T15:00:00","date_gmt":"2021-07-22T13:00:00","guid":{"rendered":"http:\/\/marieclaire.be\/fr\/?p=51764"},"modified":"2021-07-19T14:41:22","modified_gmt":"2021-07-19T12:41:22","slug":"cafe-glace-maison","status":"publish","type":"post","link":"https:\/\/marieclaire.be\/fr\/cafe-glace-maison\/","title":{"rendered":"Recettes : 4 fa\u00e7ons de se faire un caf\u00e9 glac\u00e9 maison"},"content":{"rendered":"","protected":false},"excerpt":{"rendered":"M\u00eame si le serveur de votre caf\u00e9 pr\u00e9f\u00e9r\u00e9 est tr\u00e8s mignon, il est temps d&#8217;apprendre \u00e0 r\u00e9aliser vous-m\u00eame votre caf\u00e9 glac\u00e9.","protected":false},"author":8,"featured_media":51767,"comment_status":"closed","ping_status":"closed","sticky":false,"template":"","format":"standard","meta":{"_acf_changed":false,"footnotes":""},"categories":[67,70],"tags":[1108,72,202,2218,184],"class_list":["post-51764","post","type-post","status-publish","format-standard","has-post-thumbnail","hentry","category-lifestyle","category-recettes","tag-cuisine","tag-ete","tag-food","tag-nespresso","tag-recette"],"acf":[],"_yoast_wpseo_title":null,"_yoast_wpseo_metadesc":"Coffee addict, m\u00eame l'\u00e9t\u00e9? On vous garantit un max' de saveurs avec ces recettes de caf\u00e9 glac\u00e9 compl\u00e8tement givr\u00e9es!","image_verticale":"93834","yoast_head":"<!-- This site is optimized with the Yoast SEO plugin v27.3 - https:\/\/yoast.com\/product\/yoast-seo-wordpress\/ -->\n<title>Recettes : 4 fa\u00e7ons de se faire un caf\u00e9 glac\u00e9 maison - Marie Claire Belgique<\/title>\n<meta name=\"description\" content=\"Coffee addict, m\u00eame l&#039;\u00e9t\u00e9? On vous garantit un max&#039; de saveurs avec ces recettes de caf\u00e9 glac\u00e9 compl\u00e8tement givr\u00e9es!\" \/>\n<meta name=\"robots\" content=\"index, follow, max-snippet:-1, max-image-preview:large, max-video-preview:-1\" \/>\n<link rel=\"canonical\" href=\"https:\/\/marieclaire.be\/fr\/cafe-glace-maison\/\" \/>\n<link rel=\"next\" href=\"https:\/\/marieclaire.be\/fr\/cafe-glace-maison\/2\/\" \/>\n<meta property=\"og:locale\" content=\"fr_FR\" \/>\n<meta property=\"og:type\" content=\"article\" \/>\n<meta property=\"og:title\" content=\"Recettes : 4 fa\u00e7ons de se faire un caf\u00e9 glac\u00e9 maison - Marie Claire Belgique\" \/>\n<meta property=\"og:description\" content=\"Coffee addict, m\u00eame l&#039;\u00e9t\u00e9? On vous garantit un max&#039; de saveurs avec ces recettes de caf\u00e9 glac\u00e9 compl\u00e8tement givr\u00e9es!\" \/>\n<meta property=\"og:url\" content=\"https:\/\/marieclaire.be\/fr\/cafe-glace-maison\/\" \/>\n<meta property=\"og:site_name\" content=\"Marie Claire Belgique\" \/>\n<meta property=\"article:publisher\" content=\"https:\/\/www.facebook.com\/MarieClaire.Belgique\/\" \/>\n<meta property=\"article:published_time\" content=\"2021-07-22T13:00:00+00:00\" \/>\n<meta property=\"og:image\" content=\"https:\/\/marieclaire.be\/fr\/wp-content\/uploads\/2018\/08\/marieclaire_caf\u00e9.jpg\" \/>\n\t<meta property=\"og:image:width\" content=\"1050\" \/>\n\t<meta property=\"og:image:height\" content=\"550\" \/>\n\t<meta property=\"og:image:type\" content=\"image\/jpeg\" \/>\n<meta name=\"author\" content=\"Marie Claire\" \/>\n<meta name=\"twitter:label1\" content=\"\u00c9crit par\" \/>\n\t<meta name=\"twitter:data1\" content=\"Marie Claire\" \/>\n\t<meta name=\"twitter:label2\" content=\"Dur\u00e9e de lecture estim\u00e9e\" \/>\n\t<meta name=\"twitter:data2\" content=\"3 minutes\" \/>\n<script type=\"application\/ld+json\" class=\"yoast-schema-graph\">{\"@context\":\"https:\\\/\\\/schema.org\",\"@graph\":[{\"@type\":\"NewsArticle\",\"@id\":\"https:\\\/\\\/marieclaire.be\\\/fr\\\/cafe-glace-maison\\\/#article\",\"isPartOf\":{\"@id\":\"https:\\\/\\\/marieclaire.be\\\/fr\\\/cafe-glace-maison\\\/\"},\"author\":{\"name\":\"Marie Claire\",\"@id\":\"https:\\\/\\\/marieclaire.be\\\/fr\\\/#\\\/schema\\\/person\\\/6a5bc4eb4707dbc5cb47d17804a85f8c\"},\"headline\":\"Recettes : 4 fa\u00e7ons de se faire un caf\u00e9 glac\u00e9 maison\",\"datePublished\":\"2021-07-22T13:00:00+00:00\",\"mainEntityOfPage\":{\"@id\":\"https:\\\/\\\/marieclaire.be\\\/fr\\\/cafe-glace-maison\\\/\"},\"wordCount\":618,\"publisher\":{\"@id\":\"https:\\\/\\\/marieclaire.be\\\/fr\\\/#organization\"},\"image\":{\"@id\":\"https:\\\/\\\/marieclaire.be\\\/fr\\\/cafe-glace-maison\\\/#primaryimage\"},\"thumbnailUrl\":\"https:\\\/\\\/marieclaire.be\\\/fr\\\/wp-content\\\/uploads\\\/2018\\\/08\\\/marieclaire_caf\u00e9.jpg\",\"keywords\":[\"cuisine\",\"\u00e9t\u00e9\",\"food\",\"nespresso\",\"recette\"],\"articleSection\":[\"Lifestyle\",\"Recettes\"],\"inLanguage\":\"fr-FR\"},{\"@type\":\"WebPage\",\"@id\":\"https:\\\/\\\/marieclaire.be\\\/fr\\\/cafe-glace-maison\\\/\",\"url\":\"https:\\\/\\\/marieclaire.be\\\/fr\\\/cafe-glace-maison\\\/\",\"name\":\"Recettes : 4 fa\u00e7ons de se faire un caf\u00e9 glac\u00e9 maison - Marie Claire Belgique\",\"isPartOf\":{\"@id\":\"https:\\\/\\\/marieclaire.be\\\/fr\\\/#website\"},\"primaryImageOfPage\":{\"@id\":\"https:\\\/\\\/marieclaire.be\\\/fr\\\/cafe-glace-maison\\\/#primaryimage\"},\"image\":{\"@id\":\"https:\\\/\\\/marieclaire.be\\\/fr\\\/cafe-glace-maison\\\/#primaryimage\"},\"thumbnailUrl\":\"https:\\\/\\\/marieclaire.be\\\/fr\\\/wp-content\\\/uploads\\\/2018\\\/08\\\/marieclaire_caf\u00e9.jpg\",\"datePublished\":\"2021-07-22T13:00:00+00:00\",\"description\":\"Coffee addict, m\u00eame l'\u00e9t\u00e9? On vous garantit un max' de saveurs avec ces recettes de caf\u00e9 glac\u00e9 compl\u00e8tement givr\u00e9es!\",\"inLanguage\":\"fr-FR\",\"potentialAction\":[{\"@type\":\"ReadAction\",\"target\":[\"https:\\\/\\\/marieclaire.be\\\/fr\\\/cafe-glace-maison\\\/\"]}]},{\"@type\":\"ImageObject\",\"inLanguage\":\"fr-FR\",\"@id\":\"https:\\\/\\\/marieclaire.be\\\/fr\\\/cafe-glace-maison\\\/#primaryimage\",\"url\":\"https:\\\/\\\/marieclaire.be\\\/fr\\\/wp-content\\\/uploads\\\/2018\\\/08\\\/marieclaire_caf\u00e9.jpg\",\"contentUrl\":\"https:\\\/\\\/marieclaire.be\\\/fr\\\/wp-content\\\/uploads\\\/2018\\\/08\\\/marieclaire_caf\u00e9.jpg\",\"width\":1050,\"height\":550,\"caption\":\"Photo by Demi Deherrera on Unsplash\"},{\"@type\":\"WebSite\",\"@id\":\"https:\\\/\\\/marieclaire.be\\\/fr\\\/#website\",\"url\":\"https:\\\/\\\/marieclaire.be\\\/fr\\\/\",\"name\":\"Marie Claire Belgique\",\"description\":\"Marie Claire Belgique, le magazine du style et de l\u2019intelligence qui parle de mode, des tendances, de la beaut\u00e9, de l\u2019actualit\u00e9 et de la culture\",\"publisher\":{\"@id\":\"https:\\\/\\\/marieclaire.be\\\/fr\\\/#organization\"},\"potentialAction\":[{\"@type\":\"SearchAction\",\"target\":{\"@type\":\"EntryPoint\",\"urlTemplate\":\"https:\\\/\\\/marieclaire.be\\\/fr\\\/?s={search_term_string}\"},\"query-input\":{\"@type\":\"PropertyValueSpecification\",\"valueRequired\":true,\"valueName\":\"search_term_string\"}}],\"inLanguage\":\"fr-FR\"},{\"@type\":\"Organization\",\"@id\":\"https:\\\/\\\/marieclaire.be\\\/fr\\\/#organization\",\"name\":\"Marie Claire\",\"url\":\"https:\\\/\\\/marieclaire.be\\\/fr\\\/\",\"logo\":{\"@type\":\"ImageObject\",\"inLanguage\":\"fr-FR\",\"@id\":\"https:\\\/\\\/marieclaire.be\\\/fr\\\/#\\\/schema\\\/logo\\\/image\\\/\",\"url\":\"https:\\\/\\\/marieclaire.be\\\/fr\\\/wp-content\\\/uploads\\\/2018\\\/05\\\/mc-logo2.png\",\"contentUrl\":\"https:\\\/\\\/marieclaire.be\\\/fr\\\/wp-content\\\/uploads\\\/2018\\\/05\\\/mc-logo2.png\",\"width\":1001,\"height\":189,\"caption\":\"Marie Claire\"},\"image\":{\"@id\":\"https:\\\/\\\/marieclaire.be\\\/fr\\\/#\\\/schema\\\/logo\\\/image\\\/\"},\"sameAs\":[\"https:\\\/\\\/www.facebook.com\\\/MarieClaire.Belgique\\\/\",\"https:\\\/\\\/www.instagram.com\\\/marieclaire_belgique\\\/\",\"https:\\\/\\\/fr.pinterest.com\\\/marieclairebe\\\/\",\"https:\\\/\\\/www.youtube.com\\\/user\\\/BelgiumMarieClaire\"]},{\"@type\":\"Person\",\"@id\":\"https:\\\/\\\/marieclaire.be\\\/fr\\\/#\\\/schema\\\/person\\\/6a5bc4eb4707dbc5cb47d17804a85f8c\",\"name\":\"Marie Claire\",\"image\":{\"@type\":\"ImageObject\",\"inLanguage\":\"fr-FR\",\"@id\":\"https:\\\/\\\/marieclaire.be\\\/fr\\\/wp-content\\\/uploads\\\/2016\\\/11\\\/mclogo-96x96.jpg\",\"url\":\"https:\\\/\\\/marieclaire.be\\\/fr\\\/wp-content\\\/uploads\\\/2016\\\/11\\\/mclogo-96x96.jpg\",\"contentUrl\":\"https:\\\/\\\/marieclaire.be\\\/fr\\\/wp-content\\\/uploads\\\/2016\\\/11\\\/mclogo-96x96.jpg\",\"caption\":\"Marie Claire\"},\"url\":\"https:\\\/\\\/marieclaire.be\\\/fr\\\/author\\\/stagiaire\\\/\"}]}<\/script>\n<!-- \/ Yoast SEO plugin. -->","yoast_head_json":{"title":"Recettes : 4 fa\u00e7ons de se faire un caf\u00e9 glac\u00e9 maison - Marie Claire Belgique","description":"Coffee addict, m\u00eame l'\u00e9t\u00e9? On vous garantit un max' de saveurs avec ces recettes de caf\u00e9 glac\u00e9 compl\u00e8tement givr\u00e9es!","robots":{"index":"index","follow":"follow","max-snippet":"max-snippet:-1","max-image-preview":"max-image-preview:large","max-video-preview":"max-video-preview:-1"},"canonical":"https:\/\/marieclaire.be\/fr\/cafe-glace-maison\/","next":"https:\/\/marieclaire.be\/fr\/cafe-glace-maison\/2\/","og_locale":"fr_FR","og_type":"article","og_title":"Recettes : 4 fa\u00e7ons de se faire un caf\u00e9 glac\u00e9 maison - Marie Claire Belgique","og_description":"Coffee addict, m\u00eame l'\u00e9t\u00e9? On vous garantit un max' de saveurs avec ces recettes de caf\u00e9 glac\u00e9 compl\u00e8tement givr\u00e9es!","og_url":"https:\/\/marieclaire.be\/fr\/cafe-glace-maison\/","og_site_name":"Marie Claire Belgique","article_publisher":"https:\/\/www.facebook.com\/MarieClaire.Belgique\/","article_published_time":"2021-07-22T13:00:00+00:00","og_image":[{"width":1050,"height":550,"url":"https:\/\/marieclaire.be\/fr\/wp-content\/uploads\/2018\/08\/marieclaire_caf\u00e9.jpg","type":"image\/jpeg"}],"author":"Marie Claire","twitter_misc":{"\u00c9crit par":"Marie Claire","Dur\u00e9e de lecture estim\u00e9e":"3 minutes"},"schema":{"@context":"https:\/\/schema.org","@graph":[{"@type":"NewsArticle","@id":"https:\/\/marieclaire.be\/fr\/cafe-glace-maison\/#article","isPartOf":{"@id":"https:\/\/marieclaire.be\/fr\/cafe-glace-maison\/"},"author":{"name":"Marie Claire","@id":"https:\/\/marieclaire.be\/fr\/#\/schema\/person\/6a5bc4eb4707dbc5cb47d17804a85f8c"},"headline":"Recettes : 4 fa\u00e7ons de se faire un caf\u00e9 glac\u00e9 maison","datePublished":"2021-07-22T13:00:00+00:00","mainEntityOfPage":{"@id":"https:\/\/marieclaire.be\/fr\/cafe-glace-maison\/"},"wordCount":618,"publisher":{"@id":"https:\/\/marieclaire.be\/fr\/#organization"},"image":{"@id":"https:\/\/marieclaire.be\/fr\/cafe-glace-maison\/#primaryimage"},"thumbnailUrl":"https:\/\/marieclaire.be\/fr\/wp-content\/uploads\/2018\/08\/marieclaire_caf\u00e9.jpg","keywords":["cuisine","\u00e9t\u00e9","food","nespresso","recette"],"articleSection":["Lifestyle","Recettes"],"inLanguage":"fr-FR"},{"@type":"WebPage","@id":"https:\/\/marieclaire.be\/fr\/cafe-glace-maison\/","url":"https:\/\/marieclaire.be\/fr\/cafe-glace-maison\/","name":"Recettes : 4 fa\u00e7ons de se faire un caf\u00e9 glac\u00e9 maison - Marie Claire Belgique","isPartOf":{"@id":"https:\/\/marieclaire.be\/fr\/#website"},"primaryImageOfPage":{"@id":"https:\/\/marieclaire.be\/fr\/cafe-glace-maison\/#primaryimage"},"image":{"@id":"https:\/\/marieclaire.be\/fr\/cafe-glace-maison\/#primaryimage"},"thumbnailUrl":"https:\/\/marieclaire.be\/fr\/wp-content\/uploads\/2018\/08\/marieclaire_caf\u00e9.jpg","datePublished":"2021-07-22T13:00:00+00:00","description":"Coffee addict, m\u00eame l'\u00e9t\u00e9? On vous garantit un max' de saveurs avec ces recettes de caf\u00e9 glac\u00e9 compl\u00e8tement givr\u00e9es!","inLanguage":"fr-FR","potentialAction":[{"@type":"ReadAction","target":["https:\/\/marieclaire.be\/fr\/cafe-glace-maison\/"]}]},{"@type":"ImageObject","inLanguage":"fr-FR","@id":"https:\/\/marieclaire.be\/fr\/cafe-glace-maison\/#primaryimage","url":"https:\/\/marieclaire.be\/fr\/wp-content\/uploads\/2018\/08\/marieclaire_caf\u00e9.jpg","contentUrl":"https:\/\/marieclaire.be\/fr\/wp-content\/uploads\/2018\/08\/marieclaire_caf\u00e9.jpg","width":1050,"height":550,"caption":"Photo by Demi Deherrera on Unsplash"},{"@type":"WebSite","@id":"https:\/\/marieclaire.be\/fr\/#website","url":"https:\/\/marieclaire.be\/fr\/","name":"Marie Claire Belgique","description":"Marie Claire Belgique, le magazine du style et de l\u2019intelligence qui parle de mode, des tendances, de la beaut\u00e9, de l\u2019actualit\u00e9 et de la culture","publisher":{"@id":"https:\/\/marieclaire.be\/fr\/#organization"},"potentialAction":[{"@type":"SearchAction","target":{"@type":"EntryPoint","urlTemplate":"https:\/\/marieclaire.be\/fr\/?s={search_term_string}"},"query-input":{"@type":"PropertyValueSpecification","valueRequired":true,"valueName":"search_term_string"}}],"inLanguage":"fr-FR"},{"@type":"Organization","@id":"https:\/\/marieclaire.be\/fr\/#organization","name":"Marie Claire","url":"https:\/\/marieclaire.be\/fr\/","logo":{"@type":"ImageObject","inLanguage":"fr-FR","@id":"https:\/\/marieclaire.be\/fr\/#\/schema\/logo\/image\/","url":"https:\/\/marieclaire.be\/fr\/wp-content\/uploads\/2018\/05\/mc-logo2.png","contentUrl":"https:\/\/marieclaire.be\/fr\/wp-content\/uploads\/2018\/05\/mc-logo2.png","width":1001,"height":189,"caption":"Marie Claire"},"image":{"@id":"https:\/\/marieclaire.be\/fr\/#\/schema\/logo\/image\/"},"sameAs":["https:\/\/www.facebook.com\/MarieClaire.Belgique\/","https:\/\/www.instagram.com\/marieclaire_belgique\/","https:\/\/fr.pinterest.com\/marieclairebe\/","https:\/\/www.youtube.com\/user\/BelgiumMarieClaire"]},{"@type":"Person","@id":"https:\/\/marieclaire.be\/fr\/#\/schema\/person\/6a5bc4eb4707dbc5cb47d17804a85f8c","name":"Marie Claire","image":{"@type":"ImageObject","inLanguage":"fr-FR","@id":"https:\/\/marieclaire.be\/fr\/wp-content\/uploads\/2016\/11\/mclogo-96x96.jpg","url":"https:\/\/marieclaire.be\/fr\/wp-content\/uploads\/2016\/11\/mclogo-96x96.jpg","contentUrl":"https:\/\/marieclaire.be\/fr\/wp-content\/uploads\/2016\/11\/mclogo-96x96.jpg","caption":"Marie Claire"},"url":"https:\/\/marieclaire.be\/fr\/author\/stagiaire\/"}]}},"_links":{"self":[{"href":"https:\/\/marieclaire.be\/fr\/wp-json\/wp\/v2\/posts\/51764","targetHints":{"allow":["GET"]}}],"collection":[{"href":"https:\/\/marieclaire.be\/fr\/wp-json\/wp\/v2\/posts"}],"about":[{"href":"https:\/\/marieclaire.be\/fr\/wp-json\/wp\/v2\/types\/post"}],"author":[{"embeddable":true,"href":"https:\/\/marieclaire.be\/fr\/wp-json\/wp\/v2\/users\/8"}],"replies":[{"embeddable":true,"href":"https:\/\/marieclaire.be\/fr\/wp-json\/wp\/v2\/comments?post=51764"}],"version-history":[{"count":6,"href":"https:\/\/marieclaire.be\/fr\/wp-json\/wp\/v2\/posts\/51764\/revisions"}],"predecessor-version":[{"id":93870,"href":"https:\/\/marieclaire.be\/fr\/wp-json\/wp\/v2\/posts\/51764\/revisions\/93870"}],"wp:featuredmedia":[{"embeddable":true,"href":"https:\/\/marieclaire.be\/fr\/wp-json\/wp\/v2\/media\/51767"}],"wp:attachment":[{"href":"https:\/\/marieclaire.be\/fr\/wp-json\/wp\/v2\/media?parent=51764"}],"wp:term":[{"taxonomy":"category","embeddable":true,"href":"https:\/\/marieclaire.be\/fr\/wp-json\/wp\/v2\/categories?post=51764"},{"taxonomy":"post_tag","embeddable":true,"href":"https:\/\/marieclaire.be\/fr\/wp-json\/wp\/v2\/tags?post=51764"}],"curies":[{"name":"wp","href":"https:\/\/api.w.org\/{rel}","templated":true}]}}