{"id":51335,"date":"2018-08-24T12:14:22","date_gmt":"2018-08-24T10:14:22","guid":{"rendered":"http:\/\/marieclaire.be\/fr\/?p=51335"},"modified":"2018-08-24T12:27:30","modified_gmt":"2018-08-24T10:27:30","slug":"woman-up-by-contrex-coup-de-pouce-pour-les-entrepreneuses","status":"publish","type":"post","link":"https:\/\/marieclaire.be\/fr\/woman-up-by-contrex-coup-de-pouce-pour-les-entrepreneuses\/","title":{"rendered":"Comment transformer un r\u00eave en r\u00e9alit\u00e9: l&#8217;exp\u00e9rience de deux jeunes mamans"},"content":{"rendered":"","protected":false},"excerpt":{"rendered":"De nombreuses femmes sentent que leur corps ne les suit pas quand il s\u2019agit de r\u00e9aliser d\u2019ambitieux projets. ...","protected":false},"author":44,"featured_media":51434,"comment_status":"closed","ping_status":"closed","sticky":false,"template":"","format":"standard","meta":{"_acf_changed":false,"footnotes":""},"categories":[67,1433],"tags":[3445,4112,4111],"class_list":["post-51335","post","type-post","status-publish","format-standard","has-post-thumbnail","hentry","category-lifestyle","category-sante","tag-contrex","tag-entrepreneuses","tag-projets"],"acf":[],"_yoast_wpseo_title":"Comment concr\u00e9tiser son projet profesionnel ? %%page%% %%sep%% %%sitename%%","_yoast_wpseo_metadesc":"Le projet Woman Up by Contrex aide les femmes \u00e0 concr\u00e9tiser leurs r\u00eaves personnels et professionnels. Elfi et Lieve nous expliquent leur exp\u00e9rience.","image_verticale":null,"yoast_head":"<!-- This site is optimized with the Yoast SEO plugin v27.3 - https:\/\/yoast.com\/product\/yoast-seo-wordpress\/ -->\n<title>Comment concr\u00e9tiser son projet profesionnel ? - Marie Claire Belgique<\/title>\n<meta name=\"description\" content=\"Le projet Woman Up by Contrex aide les femmes \u00e0 concr\u00e9tiser leurs r\u00eaves personnels et professionnels. Elfi et Lieve nous expliquent leur exp\u00e9rience.\" \/>\n<meta name=\"robots\" content=\"index, follow, max-snippet:-1, max-image-preview:large, max-video-preview:-1\" \/>\n<link rel=\"canonical\" href=\"https:\/\/marieclaire.be\/fr\/woman-up-by-contrex-coup-de-pouce-pour-les-entrepreneuses\/\" \/>\n<link rel=\"next\" href=\"https:\/\/marieclaire.be\/fr\/woman-up-by-contrex-coup-de-pouce-pour-les-entrepreneuses\/2\/\" \/>\n<meta property=\"og:locale\" content=\"fr_FR\" \/>\n<meta property=\"og:type\" content=\"article\" \/>\n<meta property=\"og:title\" content=\"Comment concr\u00e9tiser son projet profesionnel ? - Marie Claire Belgique\" \/>\n<meta property=\"og:description\" content=\"Le projet Woman Up by Contrex aide les femmes \u00e0 concr\u00e9tiser leurs r\u00eaves personnels et professionnels. Elfi et Lieve nous expliquent leur exp\u00e9rience.\" \/>\n<meta property=\"og:url\" content=\"https:\/\/marieclaire.be\/fr\/woman-up-by-contrex-coup-de-pouce-pour-les-entrepreneuses\/\" \/>\n<meta property=\"og:site_name\" content=\"Marie Claire Belgique\" \/>\n<meta property=\"article:publisher\" content=\"https:\/\/www.facebook.com\/MarieClaire.Belgique\/\" \/>\n<meta property=\"article:published_time\" content=\"2018-08-24T10:14:22+00:00\" \/>\n<meta property=\"article:modified_time\" content=\"2018-08-24T10:27:30+00:00\" \/>\n<meta property=\"og:image\" content=\"https:\/\/marieclaire.be\/fr\/wp-content\/uploads\/2015\/08\/marieclaire_contrex.jpg\" \/>\n\t<meta property=\"og:image:width\" content=\"1050\" \/>\n\t<meta property=\"og:image:height\" content=\"550\" \/>\n\t<meta property=\"og:image:type\" content=\"image\/jpeg\" \/>\n<meta name=\"author\" content=\"Marie Claire Partenaire\" \/>\n<meta name=\"twitter:label1\" content=\"\u00c9crit par\" \/>\n\t<meta name=\"twitter:data1\" content=\"Marie Claire Partenaire\" \/>\n\t<meta name=\"twitter:label2\" content=\"Dur\u00e9e de lecture estim\u00e9e\" \/>\n\t<meta name=\"twitter:data2\" content=\"3 minutes\" \/>\n<script type=\"application\/ld+json\" class=\"yoast-schema-graph\">{\"@context\":\"https:\\\/\\\/schema.org\",\"@graph\":[{\"@type\":\"NewsArticle\",\"@id\":\"https:\\\/\\\/marieclaire.be\\\/fr\\\/woman-up-by-contrex-coup-de-pouce-pour-les-entrepreneuses\\\/#article\",\"isPartOf\":{\"@id\":\"https:\\\/\\\/marieclaire.be\\\/fr\\\/woman-up-by-contrex-coup-de-pouce-pour-les-entrepreneuses\\\/\"},\"author\":{\"name\":\"Marie Claire Partenaire\",\"@id\":\"https:\\\/\\\/marieclaire.be\\\/fr\\\/#\\\/schema\\\/person\\\/bdba51896db3a4a4d511b535c2bfb06c\"},\"headline\":\"Comment transformer un r\u00eave en r\u00e9alit\u00e9: l&#8217;exp\u00e9rience de deux jeunes mamans\",\"datePublished\":\"2018-08-24T10:14:22+00:00\",\"dateModified\":\"2018-08-24T10:27:30+00:00\",\"mainEntityOfPage\":{\"@id\":\"https:\\\/\\\/marieclaire.be\\\/fr\\\/woman-up-by-contrex-coup-de-pouce-pour-les-entrepreneuses\\\/\"},\"wordCount\":562,\"publisher\":{\"@id\":\"https:\\\/\\\/marieclaire.be\\\/fr\\\/#organization\"},\"image\":{\"@id\":\"https:\\\/\\\/marieclaire.be\\\/fr\\\/woman-up-by-contrex-coup-de-pouce-pour-les-entrepreneuses\\\/#primaryimage\"},\"thumbnailUrl\":\"https:\\\/\\\/marieclaire.be\\\/fr\\\/wp-content\\\/uploads\\\/2015\\\/08\\\/marieclaire_contrex.jpg\",\"keywords\":[\"Contrex\",\"entrepreneuses\",\"projets\"],\"articleSection\":[\"Lifestyle\",\"Sant\u00e9\"],\"inLanguage\":\"fr-FR\"},{\"@type\":\"WebPage\",\"@id\":\"https:\\\/\\\/marieclaire.be\\\/fr\\\/woman-up-by-contrex-coup-de-pouce-pour-les-entrepreneuses\\\/\",\"url\":\"https:\\\/\\\/marieclaire.be\\\/fr\\\/woman-up-by-contrex-coup-de-pouce-pour-les-entrepreneuses\\\/\",\"name\":\"Comment concr\u00e9tiser son projet profesionnel ? - Marie Claire Belgique\",\"isPartOf\":{\"@id\":\"https:\\\/\\\/marieclaire.be\\\/fr\\\/#website\"},\"primaryImageOfPage\":{\"@id\":\"https:\\\/\\\/marieclaire.be\\\/fr\\\/woman-up-by-contrex-coup-de-pouce-pour-les-entrepreneuses\\\/#primaryimage\"},\"image\":{\"@id\":\"https:\\\/\\\/marieclaire.be\\\/fr\\\/woman-up-by-contrex-coup-de-pouce-pour-les-entrepreneuses\\\/#primaryimage\"},\"thumbnailUrl\":\"https:\\\/\\\/marieclaire.be\\\/fr\\\/wp-content\\\/uploads\\\/2015\\\/08\\\/marieclaire_contrex.jpg\",\"datePublished\":\"2018-08-24T10:14:22+00:00\",\"dateModified\":\"2018-08-24T10:27:30+00:00\",\"description\":\"Le projet Woman Up by Contrex aide les femmes \u00e0 concr\u00e9tiser leurs r\u00eaves personnels et professionnels. Elfi et Lieve nous expliquent leur exp\u00e9rience.\",\"inLanguage\":\"fr-FR\",\"potentialAction\":[{\"@type\":\"ReadAction\",\"target\":[\"https:\\\/\\\/marieclaire.be\\\/fr\\\/woman-up-by-contrex-coup-de-pouce-pour-les-entrepreneuses\\\/\"]}]},{\"@type\":\"ImageObject\",\"inLanguage\":\"fr-FR\",\"@id\":\"https:\\\/\\\/marieclaire.be\\\/fr\\\/woman-up-by-contrex-coup-de-pouce-pour-les-entrepreneuses\\\/#primaryimage\",\"url\":\"https:\\\/\\\/marieclaire.be\\\/fr\\\/wp-content\\\/uploads\\\/2015\\\/08\\\/marieclaire_contrex.jpg\",\"contentUrl\":\"https:\\\/\\\/marieclaire.be\\\/fr\\\/wp-content\\\/uploads\\\/2015\\\/08\\\/marieclaire_contrex.jpg\",\"width\":1050,\"height\":550},{\"@type\":\"WebSite\",\"@id\":\"https:\\\/\\\/marieclaire.be\\\/fr\\\/#website\",\"url\":\"https:\\\/\\\/marieclaire.be\\\/fr\\\/\",\"name\":\"Marie Claire Belgique\",\"description\":\"Marie Claire Belgique, le magazine du style et de l\u2019intelligence qui parle de mode, des tendances, de la beaut\u00e9, de l\u2019actualit\u00e9 et de la culture\",\"publisher\":{\"@id\":\"https:\\\/\\\/marieclaire.be\\\/fr\\\/#organization\"},\"potentialAction\":[{\"@type\":\"SearchAction\",\"target\":{\"@type\":\"EntryPoint\",\"urlTemplate\":\"https:\\\/\\\/marieclaire.be\\\/fr\\\/?s={search_term_string}\"},\"query-input\":{\"@type\":\"PropertyValueSpecification\",\"valueRequired\":true,\"valueName\":\"search_term_string\"}}],\"inLanguage\":\"fr-FR\"},{\"@type\":\"Organization\",\"@id\":\"https:\\\/\\\/marieclaire.be\\\/fr\\\/#organization\",\"name\":\"Marie Claire\",\"url\":\"https:\\\/\\\/marieclaire.be\\\/fr\\\/\",\"logo\":{\"@type\":\"ImageObject\",\"inLanguage\":\"fr-FR\",\"@id\":\"https:\\\/\\\/marieclaire.be\\\/fr\\\/#\\\/schema\\\/logo\\\/image\\\/\",\"url\":\"https:\\\/\\\/marieclaire.be\\\/fr\\\/wp-content\\\/uploads\\\/2018\\\/05\\\/mc-logo2.png\",\"contentUrl\":\"https:\\\/\\\/marieclaire.be\\\/fr\\\/wp-content\\\/uploads\\\/2018\\\/05\\\/mc-logo2.png\",\"width\":1001,\"height\":189,\"caption\":\"Marie Claire\"},\"image\":{\"@id\":\"https:\\\/\\\/marieclaire.be\\\/fr\\\/#\\\/schema\\\/logo\\\/image\\\/\"},\"sameAs\":[\"https:\\\/\\\/www.facebook.com\\\/MarieClaire.Belgique\\\/\",\"https:\\\/\\\/www.instagram.com\\\/marieclaire_belgique\\\/\",\"https:\\\/\\\/fr.pinterest.com\\\/marieclairebe\\\/\",\"https:\\\/\\\/www.youtube.com\\\/user\\\/BelgiumMarieClaire\"]},{\"@type\":\"Person\",\"@id\":\"https:\\\/\\\/marieclaire.be\\\/fr\\\/#\\\/schema\\\/person\\\/bdba51896db3a4a4d511b535c2bfb06c\",\"name\":\"Marie Claire Partenaire\",\"image\":{\"@type\":\"ImageObject\",\"inLanguage\":\"fr-FR\",\"@id\":\"https:\\\/\\\/marieclaire.be\\\/fr\\\/wp-content\\\/uploads\\\/2025\\\/02\\\/mclogo-300x3001-96x96.jpg\",\"url\":\"https:\\\/\\\/marieclaire.be\\\/fr\\\/wp-content\\\/uploads\\\/2025\\\/02\\\/mclogo-300x3001-96x96.jpg\",\"contentUrl\":\"https:\\\/\\\/marieclaire.be\\\/fr\\\/wp-content\\\/uploads\\\/2025\\\/02\\\/mclogo-300x3001-96x96.jpg\",\"caption\":\"Marie Claire Partenaire\"},\"url\":\"https:\\\/\\\/marieclaire.be\\\/fr\\\/author\\\/marie-claire-os\\\/\"}]}<\/script>\n<!-- \/ Yoast SEO plugin. -->","yoast_head_json":{"title":"Comment concr\u00e9tiser son projet profesionnel ? - Marie Claire Belgique","description":"Le projet Woman Up by Contrex aide les femmes \u00e0 concr\u00e9tiser leurs r\u00eaves personnels et professionnels. Elfi et Lieve nous expliquent leur exp\u00e9rience.","robots":{"index":"index","follow":"follow","max-snippet":"max-snippet:-1","max-image-preview":"max-image-preview:large","max-video-preview":"max-video-preview:-1"},"canonical":"https:\/\/marieclaire.be\/fr\/woman-up-by-contrex-coup-de-pouce-pour-les-entrepreneuses\/","next":"https:\/\/marieclaire.be\/fr\/woman-up-by-contrex-coup-de-pouce-pour-les-entrepreneuses\/2\/","og_locale":"fr_FR","og_type":"article","og_title":"Comment concr\u00e9tiser son projet profesionnel ? - Marie Claire Belgique","og_description":"Le projet Woman Up by Contrex aide les femmes \u00e0 concr\u00e9tiser leurs r\u00eaves personnels et professionnels. Elfi et Lieve nous expliquent leur exp\u00e9rience.","og_url":"https:\/\/marieclaire.be\/fr\/woman-up-by-contrex-coup-de-pouce-pour-les-entrepreneuses\/","og_site_name":"Marie Claire Belgique","article_publisher":"https:\/\/www.facebook.com\/MarieClaire.Belgique\/","article_published_time":"2018-08-24T10:14:22+00:00","article_modified_time":"2018-08-24T10:27:30+00:00","og_image":[{"width":1050,"height":550,"url":"https:\/\/marieclaire.be\/fr\/wp-content\/uploads\/2015\/08\/marieclaire_contrex.jpg","type":"image\/jpeg"}],"author":"Marie Claire Partenaire","twitter_misc":{"\u00c9crit par":"Marie Claire Partenaire","Dur\u00e9e de lecture estim\u00e9e":"3 minutes"},"schema":{"@context":"https:\/\/schema.org","@graph":[{"@type":"NewsArticle","@id":"https:\/\/marieclaire.be\/fr\/woman-up-by-contrex-coup-de-pouce-pour-les-entrepreneuses\/#article","isPartOf":{"@id":"https:\/\/marieclaire.be\/fr\/woman-up-by-contrex-coup-de-pouce-pour-les-entrepreneuses\/"},"author":{"name":"Marie Claire Partenaire","@id":"https:\/\/marieclaire.be\/fr\/#\/schema\/person\/bdba51896db3a4a4d511b535c2bfb06c"},"headline":"Comment transformer un r\u00eave en r\u00e9alit\u00e9: l&#8217;exp\u00e9rience de deux jeunes mamans","datePublished":"2018-08-24T10:14:22+00:00","dateModified":"2018-08-24T10:27:30+00:00","mainEntityOfPage":{"@id":"https:\/\/marieclaire.be\/fr\/woman-up-by-contrex-coup-de-pouce-pour-les-entrepreneuses\/"},"wordCount":562,"publisher":{"@id":"https:\/\/marieclaire.be\/fr\/#organization"},"image":{"@id":"https:\/\/marieclaire.be\/fr\/woman-up-by-contrex-coup-de-pouce-pour-les-entrepreneuses\/#primaryimage"},"thumbnailUrl":"https:\/\/marieclaire.be\/fr\/wp-content\/uploads\/2015\/08\/marieclaire_contrex.jpg","keywords":["Contrex","entrepreneuses","projets"],"articleSection":["Lifestyle","Sant\u00e9"],"inLanguage":"fr-FR"},{"@type":"WebPage","@id":"https:\/\/marieclaire.be\/fr\/woman-up-by-contrex-coup-de-pouce-pour-les-entrepreneuses\/","url":"https:\/\/marieclaire.be\/fr\/woman-up-by-contrex-coup-de-pouce-pour-les-entrepreneuses\/","name":"Comment concr\u00e9tiser son projet profesionnel ? - Marie Claire Belgique","isPartOf":{"@id":"https:\/\/marieclaire.be\/fr\/#website"},"primaryImageOfPage":{"@id":"https:\/\/marieclaire.be\/fr\/woman-up-by-contrex-coup-de-pouce-pour-les-entrepreneuses\/#primaryimage"},"image":{"@id":"https:\/\/marieclaire.be\/fr\/woman-up-by-contrex-coup-de-pouce-pour-les-entrepreneuses\/#primaryimage"},"thumbnailUrl":"https:\/\/marieclaire.be\/fr\/wp-content\/uploads\/2015\/08\/marieclaire_contrex.jpg","datePublished":"2018-08-24T10:14:22+00:00","dateModified":"2018-08-24T10:27:30+00:00","description":"Le projet Woman Up by Contrex aide les femmes \u00e0 concr\u00e9tiser leurs r\u00eaves personnels et professionnels. Elfi et Lieve nous expliquent leur exp\u00e9rience.","inLanguage":"fr-FR","potentialAction":[{"@type":"ReadAction","target":["https:\/\/marieclaire.be\/fr\/woman-up-by-contrex-coup-de-pouce-pour-les-entrepreneuses\/"]}]},{"@type":"ImageObject","inLanguage":"fr-FR","@id":"https:\/\/marieclaire.be\/fr\/woman-up-by-contrex-coup-de-pouce-pour-les-entrepreneuses\/#primaryimage","url":"https:\/\/marieclaire.be\/fr\/wp-content\/uploads\/2015\/08\/marieclaire_contrex.jpg","contentUrl":"https:\/\/marieclaire.be\/fr\/wp-content\/uploads\/2015\/08\/marieclaire_contrex.jpg","width":1050,"height":550},{"@type":"WebSite","@id":"https:\/\/marieclaire.be\/fr\/#website","url":"https:\/\/marieclaire.be\/fr\/","name":"Marie Claire Belgique","description":"Marie Claire Belgique, le magazine du style et de l\u2019intelligence qui parle de mode, des tendances, de la beaut\u00e9, de l\u2019actualit\u00e9 et de la culture","publisher":{"@id":"https:\/\/marieclaire.be\/fr\/#organization"},"potentialAction":[{"@type":"SearchAction","target":{"@type":"EntryPoint","urlTemplate":"https:\/\/marieclaire.be\/fr\/?s={search_term_string}"},"query-input":{"@type":"PropertyValueSpecification","valueRequired":true,"valueName":"search_term_string"}}],"inLanguage":"fr-FR"},{"@type":"Organization","@id":"https:\/\/marieclaire.be\/fr\/#organization","name":"Marie Claire","url":"https:\/\/marieclaire.be\/fr\/","logo":{"@type":"ImageObject","inLanguage":"fr-FR","@id":"https:\/\/marieclaire.be\/fr\/#\/schema\/logo\/image\/","url":"https:\/\/marieclaire.be\/fr\/wp-content\/uploads\/2018\/05\/mc-logo2.png","contentUrl":"https:\/\/marieclaire.be\/fr\/wp-content\/uploads\/2018\/05\/mc-logo2.png","width":1001,"height":189,"caption":"Marie Claire"},"image":{"@id":"https:\/\/marieclaire.be\/fr\/#\/schema\/logo\/image\/"},"sameAs":["https:\/\/www.facebook.com\/MarieClaire.Belgique\/","https:\/\/www.instagram.com\/marieclaire_belgique\/","https:\/\/fr.pinterest.com\/marieclairebe\/","https:\/\/www.youtube.com\/user\/BelgiumMarieClaire"]},{"@type":"Person","@id":"https:\/\/marieclaire.be\/fr\/#\/schema\/person\/bdba51896db3a4a4d511b535c2bfb06c","name":"Marie Claire Partenaire","image":{"@type":"ImageObject","inLanguage":"fr-FR","@id":"https:\/\/marieclaire.be\/fr\/wp-content\/uploads\/2025\/02\/mclogo-300x3001-96x96.jpg","url":"https:\/\/marieclaire.be\/fr\/wp-content\/uploads\/2025\/02\/mclogo-300x3001-96x96.jpg","contentUrl":"https:\/\/marieclaire.be\/fr\/wp-content\/uploads\/2025\/02\/mclogo-300x3001-96x96.jpg","caption":"Marie Claire Partenaire"},"url":"https:\/\/marieclaire.be\/fr\/author\/marie-claire-os\/"}]}},"_links":{"self":[{"href":"https:\/\/marieclaire.be\/fr\/wp-json\/wp\/v2\/posts\/51335","targetHints":{"allow":["GET"]}}],"collection":[{"href":"https:\/\/marieclaire.be\/fr\/wp-json\/wp\/v2\/posts"}],"about":[{"href":"https:\/\/marieclaire.be\/fr\/wp-json\/wp\/v2\/types\/post"}],"author":[{"embeddable":true,"href":"https:\/\/marieclaire.be\/fr\/wp-json\/wp\/v2\/users\/44"}],"replies":[{"embeddable":true,"href":"https:\/\/marieclaire.be\/fr\/wp-json\/wp\/v2\/comments?post=51335"}],"version-history":[{"count":0,"href":"https:\/\/marieclaire.be\/fr\/wp-json\/wp\/v2\/posts\/51335\/revisions"}],"wp:featuredmedia":[{"embeddable":true,"href":"https:\/\/marieclaire.be\/fr\/wp-json\/wp\/v2\/media\/51434"}],"wp:attachment":[{"href":"https:\/\/marieclaire.be\/fr\/wp-json\/wp\/v2\/media?parent=51335"}],"wp:term":[{"taxonomy":"category","embeddable":true,"href":"https:\/\/marieclaire.be\/fr\/wp-json\/wp\/v2\/categories?post=51335"},{"taxonomy":"post_tag","embeddable":true,"href":"https:\/\/marieclaire.be\/fr\/wp-json\/wp\/v2\/tags?post=51335"}],"curies":[{"name":"wp","href":"https:\/\/api.w.org\/{rel}","templated":true}]}}