{"id":48653,"date":"2022-06-13T07:00:00","date_gmt":"2022-06-13T05:00:00","guid":{"rendered":"http:\/\/marieclaire.be\/fr\/?p=48653"},"modified":"2022-06-09T19:33:34","modified_gmt":"2022-06-09T17:33:34","slug":"plus-beaux-voyages-en-train-a-travers-leurope","status":"publish","type":"post","link":"https:\/\/marieclaire.be\/fr\/plus-beaux-voyages-en-train-a-travers-leurope\/","title":{"rendered":"Neuf des plus beaux voyages en train \u00e0 travers l&#8217;Europe"},"content":{"rendered":"","protected":false},"excerpt":{"rendered":"Confortablement install\u00e9e avec des paysages \u00e0 couper le souffle qui d\u00e9filent de l&#8217;autre c\u00f4t\u00e9 de la fen\u00eatre, vous \u00eates sans aucun doute dans l&#8217;un de ces &#8220;scenic train&#8221;.","protected":false},"author":8,"featured_media":48658,"comment_status":"closed","ping_status":"closed","sticky":false,"template":"","format":"standard","meta":{"_acf_changed":false,"footnotes":""},"categories":[29,67],"tags":[999,1466,4025],"class_list":["post-48653","post","type-post","status-publish","format-standard","has-post-thumbnail","hentry","category-voyages","category-lifestyle","tag-europe","tag-train","tag-voyages-en-train"],"acf":[],"_yoast_wpseo_title":"Neuf des plus beaux voyages en train \u00e0 travers l'Europe","_yoast_wpseo_metadesc":"Les voyages en train ont la chance d'offrir \u00e0 ses passagers un s\u00e9jour relaxant sans \u00eatre d\u00e9pourvu de panoramas.","image_verticale":"93566","yoast_head":"<!-- This site is optimized with the Yoast SEO plugin v27.3 - https:\/\/yoast.com\/product\/yoast-seo-wordpress\/ -->\n<title>Neuf des plus beaux voyages en train \u00e0 travers l&#039;Europe<\/title>\n<meta name=\"description\" content=\"Les voyages en train ont la chance d&#039;offrir \u00e0 ses passagers un s\u00e9jour relaxant sans \u00eatre d\u00e9pourvu de panoramas.\" \/>\n<meta name=\"robots\" content=\"index, follow, max-snippet:-1, max-image-preview:large, max-video-preview:-1\" \/>\n<link rel=\"canonical\" href=\"https:\/\/marieclaire.be\/fr\/plus-beaux-voyages-en-train-a-travers-leurope\/\" \/>\n<link rel=\"next\" href=\"https:\/\/marieclaire.be\/fr\/plus-beaux-voyages-en-train-a-travers-leurope\/2\/\" \/>\n<meta property=\"og:locale\" content=\"fr_FR\" \/>\n<meta property=\"og:type\" content=\"article\" \/>\n<meta property=\"og:title\" content=\"Neuf des plus beaux voyages en train \u00e0 travers l&#039;Europe\" \/>\n<meta property=\"og:description\" content=\"Les voyages en train ont la chance d&#039;offrir \u00e0 ses passagers un s\u00e9jour relaxant sans \u00eatre d\u00e9pourvu de panoramas.\" \/>\n<meta property=\"og:url\" content=\"https:\/\/marieclaire.be\/fr\/plus-beaux-voyages-en-train-a-travers-leurope\/\" \/>\n<meta property=\"og:site_name\" content=\"Marie Claire Belgique\" \/>\n<meta property=\"article:publisher\" content=\"https:\/\/www.facebook.com\/MarieClaire.Belgique\/\" \/>\n<meta property=\"article:published_time\" content=\"2022-06-13T05:00:00+00:00\" \/>\n<meta property=\"og:image\" content=\"https:\/\/marieclaire.be\/fr\/wp-content\/uploads\/2018\/06\/marieclaire_voyagesentrain.png\" \/>\n\t<meta property=\"og:image:width\" content=\"1050\" \/>\n\t<meta property=\"og:image:height\" content=\"550\" \/>\n\t<meta property=\"og:image:type\" content=\"image\/png\" \/>\n<meta name=\"author\" content=\"Marie Claire\" \/>\n<meta name=\"twitter:label1\" content=\"\u00c9crit par\" \/>\n\t<meta name=\"twitter:data1\" content=\"Marie Claire\" \/>\n\t<meta name=\"twitter:label2\" content=\"Dur\u00e9e de lecture estim\u00e9e\" \/>\n\t<meta name=\"twitter:data2\" content=\"5 minutes\" \/>\n<script type=\"application\/ld+json\" class=\"yoast-schema-graph\">{\"@context\":\"https:\\\/\\\/schema.org\",\"@graph\":[{\"@type\":\"NewsArticle\",\"@id\":\"https:\\\/\\\/marieclaire.be\\\/fr\\\/plus-beaux-voyages-en-train-a-travers-leurope\\\/#article\",\"isPartOf\":{\"@id\":\"https:\\\/\\\/marieclaire.be\\\/fr\\\/plus-beaux-voyages-en-train-a-travers-leurope\\\/\"},\"author\":{\"name\":\"Marie Claire\",\"@id\":\"https:\\\/\\\/marieclaire.be\\\/fr\\\/#\\\/schema\\\/person\\\/6a5bc4eb4707dbc5cb47d17804a85f8c\"},\"headline\":\"Neuf des plus beaux voyages en train \u00e0 travers l&#8217;Europe\",\"datePublished\":\"2022-06-13T05:00:00+00:00\",\"mainEntityOfPage\":{\"@id\":\"https:\\\/\\\/marieclaire.be\\\/fr\\\/plus-beaux-voyages-en-train-a-travers-leurope\\\/\"},\"wordCount\":1002,\"publisher\":{\"@id\":\"https:\\\/\\\/marieclaire.be\\\/fr\\\/#organization\"},\"image\":{\"@id\":\"https:\\\/\\\/marieclaire.be\\\/fr\\\/plus-beaux-voyages-en-train-a-travers-leurope\\\/#primaryimage\"},\"thumbnailUrl\":\"https:\\\/\\\/marieclaire.be\\\/fr\\\/wp-content\\\/uploads\\\/2018\\\/06\\\/marieclaire_voyagesentrain.png\",\"keywords\":[\"europe\",\"train\",\"voyages en train\"],\"articleSection\":[\"Evasion\",\"Lifestyle\"],\"inLanguage\":\"fr-FR\"},{\"@type\":\"WebPage\",\"@id\":\"https:\\\/\\\/marieclaire.be\\\/fr\\\/plus-beaux-voyages-en-train-a-travers-leurope\\\/\",\"url\":\"https:\\\/\\\/marieclaire.be\\\/fr\\\/plus-beaux-voyages-en-train-a-travers-leurope\\\/\",\"name\":\"Neuf des plus beaux voyages en train \u00e0 travers l'Europe\",\"isPartOf\":{\"@id\":\"https:\\\/\\\/marieclaire.be\\\/fr\\\/#website\"},\"primaryImageOfPage\":{\"@id\":\"https:\\\/\\\/marieclaire.be\\\/fr\\\/plus-beaux-voyages-en-train-a-travers-leurope\\\/#primaryimage\"},\"image\":{\"@id\":\"https:\\\/\\\/marieclaire.be\\\/fr\\\/plus-beaux-voyages-en-train-a-travers-leurope\\\/#primaryimage\"},\"thumbnailUrl\":\"https:\\\/\\\/marieclaire.be\\\/fr\\\/wp-content\\\/uploads\\\/2018\\\/06\\\/marieclaire_voyagesentrain.png\",\"datePublished\":\"2022-06-13T05:00:00+00:00\",\"description\":\"Les voyages en train ont la chance d'offrir \u00e0 ses passagers un s\u00e9jour relaxant sans \u00eatre d\u00e9pourvu de panoramas.\",\"inLanguage\":\"fr-FR\",\"potentialAction\":[{\"@type\":\"ReadAction\",\"target\":[\"https:\\\/\\\/marieclaire.be\\\/fr\\\/plus-beaux-voyages-en-train-a-travers-leurope\\\/\"]}]},{\"@type\":\"ImageObject\",\"inLanguage\":\"fr-FR\",\"@id\":\"https:\\\/\\\/marieclaire.be\\\/fr\\\/plus-beaux-voyages-en-train-a-travers-leurope\\\/#primaryimage\",\"url\":\"https:\\\/\\\/marieclaire.be\\\/fr\\\/wp-content\\\/uploads\\\/2018\\\/06\\\/marieclaire_voyagesentrain.png\",\"contentUrl\":\"https:\\\/\\\/marieclaire.be\\\/fr\\\/wp-content\\\/uploads\\\/2018\\\/06\\\/marieclaire_voyagesentrain.png\",\"width\":1050,\"height\":550,\"caption\":\"Jack Anstey\"},{\"@type\":\"WebSite\",\"@id\":\"https:\\\/\\\/marieclaire.be\\\/fr\\\/#website\",\"url\":\"https:\\\/\\\/marieclaire.be\\\/fr\\\/\",\"name\":\"Marie Claire Belgique\",\"description\":\"Marie Claire Belgique, le magazine du style et de l\u2019intelligence qui parle de mode, des tendances, de la beaut\u00e9, de l\u2019actualit\u00e9 et de la culture\",\"publisher\":{\"@id\":\"https:\\\/\\\/marieclaire.be\\\/fr\\\/#organization\"},\"potentialAction\":[{\"@type\":\"SearchAction\",\"target\":{\"@type\":\"EntryPoint\",\"urlTemplate\":\"https:\\\/\\\/marieclaire.be\\\/fr\\\/?s={search_term_string}\"},\"query-input\":{\"@type\":\"PropertyValueSpecification\",\"valueRequired\":true,\"valueName\":\"search_term_string\"}}],\"inLanguage\":\"fr-FR\"},{\"@type\":\"Organization\",\"@id\":\"https:\\\/\\\/marieclaire.be\\\/fr\\\/#organization\",\"name\":\"Marie Claire\",\"url\":\"https:\\\/\\\/marieclaire.be\\\/fr\\\/\",\"logo\":{\"@type\":\"ImageObject\",\"inLanguage\":\"fr-FR\",\"@id\":\"https:\\\/\\\/marieclaire.be\\\/fr\\\/#\\\/schema\\\/logo\\\/image\\\/\",\"url\":\"https:\\\/\\\/marieclaire.be\\\/fr\\\/wp-content\\\/uploads\\\/2018\\\/05\\\/mc-logo2.png\",\"contentUrl\":\"https:\\\/\\\/marieclaire.be\\\/fr\\\/wp-content\\\/uploads\\\/2018\\\/05\\\/mc-logo2.png\",\"width\":1001,\"height\":189,\"caption\":\"Marie Claire\"},\"image\":{\"@id\":\"https:\\\/\\\/marieclaire.be\\\/fr\\\/#\\\/schema\\\/logo\\\/image\\\/\"},\"sameAs\":[\"https:\\\/\\\/www.facebook.com\\\/MarieClaire.Belgique\\\/\",\"https:\\\/\\\/www.instagram.com\\\/marieclaire_belgique\\\/\",\"https:\\\/\\\/fr.pinterest.com\\\/marieclairebe\\\/\",\"https:\\\/\\\/www.youtube.com\\\/user\\\/BelgiumMarieClaire\"]},{\"@type\":\"Person\",\"@id\":\"https:\\\/\\\/marieclaire.be\\\/fr\\\/#\\\/schema\\\/person\\\/6a5bc4eb4707dbc5cb47d17804a85f8c\",\"name\":\"Marie Claire\",\"image\":{\"@type\":\"ImageObject\",\"inLanguage\":\"fr-FR\",\"@id\":\"https:\\\/\\\/marieclaire.be\\\/fr\\\/wp-content\\\/uploads\\\/2016\\\/11\\\/mclogo-96x96.jpg\",\"url\":\"https:\\\/\\\/marieclaire.be\\\/fr\\\/wp-content\\\/uploads\\\/2016\\\/11\\\/mclogo-96x96.jpg\",\"contentUrl\":\"https:\\\/\\\/marieclaire.be\\\/fr\\\/wp-content\\\/uploads\\\/2016\\\/11\\\/mclogo-96x96.jpg\",\"caption\":\"Marie Claire\"},\"url\":\"https:\\\/\\\/marieclaire.be\\\/fr\\\/author\\\/stagiaire\\\/\"}]}<\/script>\n<!-- \/ Yoast SEO plugin. -->","yoast_head_json":{"title":"Neuf des plus beaux voyages en train \u00e0 travers l'Europe","description":"Les voyages en train ont la chance d'offrir \u00e0 ses passagers un s\u00e9jour relaxant sans \u00eatre d\u00e9pourvu de panoramas.","robots":{"index":"index","follow":"follow","max-snippet":"max-snippet:-1","max-image-preview":"max-image-preview:large","max-video-preview":"max-video-preview:-1"},"canonical":"https:\/\/marieclaire.be\/fr\/plus-beaux-voyages-en-train-a-travers-leurope\/","next":"https:\/\/marieclaire.be\/fr\/plus-beaux-voyages-en-train-a-travers-leurope\/2\/","og_locale":"fr_FR","og_type":"article","og_title":"Neuf des plus beaux voyages en train \u00e0 travers l'Europe","og_description":"Les voyages en train ont la chance d'offrir \u00e0 ses passagers un s\u00e9jour relaxant sans \u00eatre d\u00e9pourvu de panoramas.","og_url":"https:\/\/marieclaire.be\/fr\/plus-beaux-voyages-en-train-a-travers-leurope\/","og_site_name":"Marie Claire Belgique","article_publisher":"https:\/\/www.facebook.com\/MarieClaire.Belgique\/","article_published_time":"2022-06-13T05:00:00+00:00","og_image":[{"width":1050,"height":550,"url":"https:\/\/marieclaire.be\/fr\/wp-content\/uploads\/2018\/06\/marieclaire_voyagesentrain.png","type":"image\/png"}],"author":"Marie Claire","twitter_misc":{"\u00c9crit par":"Marie Claire","Dur\u00e9e de lecture estim\u00e9e":"5 minutes"},"schema":{"@context":"https:\/\/schema.org","@graph":[{"@type":"NewsArticle","@id":"https:\/\/marieclaire.be\/fr\/plus-beaux-voyages-en-train-a-travers-leurope\/#article","isPartOf":{"@id":"https:\/\/marieclaire.be\/fr\/plus-beaux-voyages-en-train-a-travers-leurope\/"},"author":{"name":"Marie Claire","@id":"https:\/\/marieclaire.be\/fr\/#\/schema\/person\/6a5bc4eb4707dbc5cb47d17804a85f8c"},"headline":"Neuf des plus beaux voyages en train \u00e0 travers l&#8217;Europe","datePublished":"2022-06-13T05:00:00+00:00","mainEntityOfPage":{"@id":"https:\/\/marieclaire.be\/fr\/plus-beaux-voyages-en-train-a-travers-leurope\/"},"wordCount":1002,"publisher":{"@id":"https:\/\/marieclaire.be\/fr\/#organization"},"image":{"@id":"https:\/\/marieclaire.be\/fr\/plus-beaux-voyages-en-train-a-travers-leurope\/#primaryimage"},"thumbnailUrl":"https:\/\/marieclaire.be\/fr\/wp-content\/uploads\/2018\/06\/marieclaire_voyagesentrain.png","keywords":["europe","train","voyages en train"],"articleSection":["Evasion","Lifestyle"],"inLanguage":"fr-FR"},{"@type":"WebPage","@id":"https:\/\/marieclaire.be\/fr\/plus-beaux-voyages-en-train-a-travers-leurope\/","url":"https:\/\/marieclaire.be\/fr\/plus-beaux-voyages-en-train-a-travers-leurope\/","name":"Neuf des plus beaux voyages en train \u00e0 travers l'Europe","isPartOf":{"@id":"https:\/\/marieclaire.be\/fr\/#website"},"primaryImageOfPage":{"@id":"https:\/\/marieclaire.be\/fr\/plus-beaux-voyages-en-train-a-travers-leurope\/#primaryimage"},"image":{"@id":"https:\/\/marieclaire.be\/fr\/plus-beaux-voyages-en-train-a-travers-leurope\/#primaryimage"},"thumbnailUrl":"https:\/\/marieclaire.be\/fr\/wp-content\/uploads\/2018\/06\/marieclaire_voyagesentrain.png","datePublished":"2022-06-13T05:00:00+00:00","description":"Les voyages en train ont la chance d'offrir \u00e0 ses passagers un s\u00e9jour relaxant sans \u00eatre d\u00e9pourvu de panoramas.","inLanguage":"fr-FR","potentialAction":[{"@type":"ReadAction","target":["https:\/\/marieclaire.be\/fr\/plus-beaux-voyages-en-train-a-travers-leurope\/"]}]},{"@type":"ImageObject","inLanguage":"fr-FR","@id":"https:\/\/marieclaire.be\/fr\/plus-beaux-voyages-en-train-a-travers-leurope\/#primaryimage","url":"https:\/\/marieclaire.be\/fr\/wp-content\/uploads\/2018\/06\/marieclaire_voyagesentrain.png","contentUrl":"https:\/\/marieclaire.be\/fr\/wp-content\/uploads\/2018\/06\/marieclaire_voyagesentrain.png","width":1050,"height":550,"caption":"Jack Anstey"},{"@type":"WebSite","@id":"https:\/\/marieclaire.be\/fr\/#website","url":"https:\/\/marieclaire.be\/fr\/","name":"Marie Claire Belgique","description":"Marie Claire Belgique, le magazine du style et de l\u2019intelligence qui parle de mode, des tendances, de la beaut\u00e9, de l\u2019actualit\u00e9 et de la culture","publisher":{"@id":"https:\/\/marieclaire.be\/fr\/#organization"},"potentialAction":[{"@type":"SearchAction","target":{"@type":"EntryPoint","urlTemplate":"https:\/\/marieclaire.be\/fr\/?s={search_term_string}"},"query-input":{"@type":"PropertyValueSpecification","valueRequired":true,"valueName":"search_term_string"}}],"inLanguage":"fr-FR"},{"@type":"Organization","@id":"https:\/\/marieclaire.be\/fr\/#organization","name":"Marie Claire","url":"https:\/\/marieclaire.be\/fr\/","logo":{"@type":"ImageObject","inLanguage":"fr-FR","@id":"https:\/\/marieclaire.be\/fr\/#\/schema\/logo\/image\/","url":"https:\/\/marieclaire.be\/fr\/wp-content\/uploads\/2018\/05\/mc-logo2.png","contentUrl":"https:\/\/marieclaire.be\/fr\/wp-content\/uploads\/2018\/05\/mc-logo2.png","width":1001,"height":189,"caption":"Marie Claire"},"image":{"@id":"https:\/\/marieclaire.be\/fr\/#\/schema\/logo\/image\/"},"sameAs":["https:\/\/www.facebook.com\/MarieClaire.Belgique\/","https:\/\/www.instagram.com\/marieclaire_belgique\/","https:\/\/fr.pinterest.com\/marieclairebe\/","https:\/\/www.youtube.com\/user\/BelgiumMarieClaire"]},{"@type":"Person","@id":"https:\/\/marieclaire.be\/fr\/#\/schema\/person\/6a5bc4eb4707dbc5cb47d17804a85f8c","name":"Marie Claire","image":{"@type":"ImageObject","inLanguage":"fr-FR","@id":"https:\/\/marieclaire.be\/fr\/wp-content\/uploads\/2016\/11\/mclogo-96x96.jpg","url":"https:\/\/marieclaire.be\/fr\/wp-content\/uploads\/2016\/11\/mclogo-96x96.jpg","contentUrl":"https:\/\/marieclaire.be\/fr\/wp-content\/uploads\/2016\/11\/mclogo-96x96.jpg","caption":"Marie Claire"},"url":"https:\/\/marieclaire.be\/fr\/author\/stagiaire\/"}]}},"_links":{"self":[{"href":"https:\/\/marieclaire.be\/fr\/wp-json\/wp\/v2\/posts\/48653","targetHints":{"allow":["GET"]}}],"collection":[{"href":"https:\/\/marieclaire.be\/fr\/wp-json\/wp\/v2\/posts"}],"about":[{"href":"https:\/\/marieclaire.be\/fr\/wp-json\/wp\/v2\/types\/post"}],"author":[{"embeddable":true,"href":"https:\/\/marieclaire.be\/fr\/wp-json\/wp\/v2\/users\/8"}],"replies":[{"embeddable":true,"href":"https:\/\/marieclaire.be\/fr\/wp-json\/wp\/v2\/comments?post=48653"}],"version-history":[{"count":4,"href":"https:\/\/marieclaire.be\/fr\/wp-json\/wp\/v2\/posts\/48653\/revisions"}],"predecessor-version":[{"id":116173,"href":"https:\/\/marieclaire.be\/fr\/wp-json\/wp\/v2\/posts\/48653\/revisions\/116173"}],"wp:featuredmedia":[{"embeddable":true,"href":"https:\/\/marieclaire.be\/fr\/wp-json\/wp\/v2\/media\/48658"}],"wp:attachment":[{"href":"https:\/\/marieclaire.be\/fr\/wp-json\/wp\/v2\/media?parent=48653"}],"wp:term":[{"taxonomy":"category","embeddable":true,"href":"https:\/\/marieclaire.be\/fr\/wp-json\/wp\/v2\/categories?post=48653"},{"taxonomy":"post_tag","embeddable":true,"href":"https:\/\/marieclaire.be\/fr\/wp-json\/wp\/v2\/tags?post=48653"}],"curies":[{"name":"wp","href":"https:\/\/api.w.org\/{rel}","templated":true}]}}