{"id":47298,"date":"2019-06-09T09:10:13","date_gmt":"2019-06-09T07:10:13","guid":{"rendered":"http:\/\/marieclaire.be\/fr\/?p=47298"},"modified":"2019-06-07T11:21:43","modified_gmt":"2019-06-07T09:21:43","slug":"calla-garden-potager-plantes-aromatiques","status":"publish","type":"post","link":"https:\/\/marieclaire.be\/fr\/calla-garden-potager-plantes-aromatiques\/","title":{"rendered":"Verdict : Calla Garden, le potager d&#8217;int\u00e9rieur pour des plantes aromatiques increvables"},"content":{"rendered":"","protected":false},"excerpt":{"rendered":"Un plant de basilic peut vivre toute une saison et plus (m\u00eame si vous n&#8217;avez pas la main verte) telle est la promesse du potager d&#8217;int\u00e9rieur made in Belgium sign\u00e9 Calla Garden.","protected":false},"author":8,"featured_media":47310,"comment_status":"closed","ping_status":"closed","sticky":false,"template":"","format":"standard","meta":{"_acf_changed":false,"footnotes":""},"categories":[64,67],"tags":[3951,3950,1116,3952,2733],"class_list":["post-47298","post","type-post","status-publish","format-standard","has-post-thumbnail","hentry","category-verdict","category-lifestyle","tag-basilic","tag-calla-garden","tag-jardinage","tag-plantes-aromatiques","tag-potager"],"acf":[],"_yoast_wpseo_title":"Verdict: Calla Garden, le potager d'int\u00e9rieur pour des plantes aromatiques increvables","_yoast_wpseo_metadesc":"Un plant de basilic peut vivre toute une saison (et plus) telle est la promesse du potager d'int\u00e9rieur made in Belgium sign\u00e9 Calla Garden. Dubitatif surtout face \u00e0 la vitesse avec laquelle nos plantes aromatiques perdent la vie, on a d\u00e9cid\u00e9 de tester le concept. Verdict!","image_verticale":null,"yoast_head":"<!-- This site is optimized with the Yoast SEO plugin v27.3 - https:\/\/yoast.com\/product\/yoast-seo-wordpress\/ -->\n<title>Verdict: Calla Garden, le potager d&#039;int\u00e9rieur pour des plantes aromatiques increvables<\/title>\n<meta name=\"description\" content=\"Un plant de basilic peut vivre toute une saison (et plus) telle est la promesse du potager d&#039;int\u00e9rieur made in Belgium sign\u00e9 Calla Garden. Dubitatif surtout face \u00e0 la vitesse avec laquelle nos plantes aromatiques perdent la vie, on a d\u00e9cid\u00e9 de tester le concept. Verdict!\" \/>\n<meta name=\"robots\" content=\"index, follow, max-snippet:-1, max-image-preview:large, max-video-preview:-1\" \/>\n<link rel=\"canonical\" href=\"https:\/\/marieclaire.be\/fr\/calla-garden-potager-plantes-aromatiques\/\" \/>\n<link rel=\"next\" href=\"https:\/\/marieclaire.be\/fr\/calla-garden-potager-plantes-aromatiques\/2\/\" \/>\n<meta property=\"og:locale\" content=\"fr_FR\" \/>\n<meta property=\"og:type\" content=\"article\" \/>\n<meta property=\"og:title\" content=\"Verdict: Calla Garden, le potager d&#039;int\u00e9rieur pour des plantes aromatiques increvables\" \/>\n<meta property=\"og:description\" content=\"Un plant de basilic peut vivre toute une saison (et plus) telle est la promesse du potager d&#039;int\u00e9rieur made in Belgium sign\u00e9 Calla Garden. Dubitatif surtout face \u00e0 la vitesse avec laquelle nos plantes aromatiques perdent la vie, on a d\u00e9cid\u00e9 de tester le concept. Verdict!\" \/>\n<meta property=\"og:url\" content=\"https:\/\/marieclaire.be\/fr\/calla-garden-potager-plantes-aromatiques\/\" \/>\n<meta property=\"og:site_name\" content=\"Marie Claire Belgique\" \/>\n<meta property=\"article:publisher\" content=\"https:\/\/www.facebook.com\/MarieClaire.Belgique\/\" \/>\n<meta property=\"article:published_time\" content=\"2019-06-09T07:10:13+00:00\" \/>\n<meta property=\"og:image\" content=\"https:\/\/marieclaire.be\/fr\/wp-content\/uploads\/2018\/06\/marieclaire-alt-callagarden.png\" \/>\n\t<meta property=\"og:image:width\" content=\"1050\" \/>\n\t<meta property=\"og:image:height\" content=\"550\" \/>\n\t<meta property=\"og:image:type\" content=\"image\/png\" \/>\n<meta name=\"author\" content=\"Marie Claire\" \/>\n<meta name=\"twitter:label1\" content=\"\u00c9crit par\" \/>\n\t<meta name=\"twitter:data1\" content=\"Marie Claire\" \/>\n\t<meta name=\"twitter:label2\" content=\"Dur\u00e9e de lecture estim\u00e9e\" \/>\n\t<meta name=\"twitter:data2\" content=\"4 minutes\" \/>\n<script type=\"application\/ld+json\" class=\"yoast-schema-graph\">{\"@context\":\"https:\\\/\\\/schema.org\",\"@graph\":[{\"@type\":\"NewsArticle\",\"@id\":\"https:\\\/\\\/marieclaire.be\\\/fr\\\/calla-garden-potager-plantes-aromatiques\\\/#article\",\"isPartOf\":{\"@id\":\"https:\\\/\\\/marieclaire.be\\\/fr\\\/calla-garden-potager-plantes-aromatiques\\\/\"},\"author\":{\"name\":\"Marie Claire\",\"@id\":\"https:\\\/\\\/marieclaire.be\\\/fr\\\/#\\\/schema\\\/person\\\/6a5bc4eb4707dbc5cb47d17804a85f8c\"},\"headline\":\"Verdict : Calla Garden, le potager d&#8217;int\u00e9rieur pour des plantes aromatiques increvables\",\"datePublished\":\"2019-06-09T07:10:13+00:00\",\"mainEntityOfPage\":{\"@id\":\"https:\\\/\\\/marieclaire.be\\\/fr\\\/calla-garden-potager-plantes-aromatiques\\\/\"},\"wordCount\":853,\"publisher\":{\"@id\":\"https:\\\/\\\/marieclaire.be\\\/fr\\\/#organization\"},\"image\":{\"@id\":\"https:\\\/\\\/marieclaire.be\\\/fr\\\/calla-garden-potager-plantes-aromatiques\\\/#primaryimage\"},\"thumbnailUrl\":\"https:\\\/\\\/marieclaire.be\\\/fr\\\/wp-content\\\/uploads\\\/2018\\\/06\\\/marieclaire-alt-callagarden.png\",\"keywords\":[\"Basilic\",\"Calla Garden\",\"jardinage\",\"plantes aromatiques\",\"potager\"],\"articleSection\":[\"Le verdict lifestyle\",\"Lifestyle\"],\"inLanguage\":\"fr-FR\"},{\"@type\":\"WebPage\",\"@id\":\"https:\\\/\\\/marieclaire.be\\\/fr\\\/calla-garden-potager-plantes-aromatiques\\\/\",\"url\":\"https:\\\/\\\/marieclaire.be\\\/fr\\\/calla-garden-potager-plantes-aromatiques\\\/\",\"name\":\"Verdict: Calla Garden, le potager d'int\u00e9rieur pour des plantes aromatiques increvables\",\"isPartOf\":{\"@id\":\"https:\\\/\\\/marieclaire.be\\\/fr\\\/#website\"},\"primaryImageOfPage\":{\"@id\":\"https:\\\/\\\/marieclaire.be\\\/fr\\\/calla-garden-potager-plantes-aromatiques\\\/#primaryimage\"},\"image\":{\"@id\":\"https:\\\/\\\/marieclaire.be\\\/fr\\\/calla-garden-potager-plantes-aromatiques\\\/#primaryimage\"},\"thumbnailUrl\":\"https:\\\/\\\/marieclaire.be\\\/fr\\\/wp-content\\\/uploads\\\/2018\\\/06\\\/marieclaire-alt-callagarden.png\",\"datePublished\":\"2019-06-09T07:10:13+00:00\",\"description\":\"Un plant de basilic peut vivre toute une saison (et plus) telle est la promesse du potager d'int\u00e9rieur made in Belgium sign\u00e9 Calla Garden. Dubitatif surtout face \u00e0 la vitesse avec laquelle nos plantes aromatiques perdent la vie, on a d\u00e9cid\u00e9 de tester le concept. Verdict!\",\"inLanguage\":\"fr-FR\",\"potentialAction\":[{\"@type\":\"ReadAction\",\"target\":[\"https:\\\/\\\/marieclaire.be\\\/fr\\\/calla-garden-potager-plantes-aromatiques\\\/\"]}]},{\"@type\":\"ImageObject\",\"inLanguage\":\"fr-FR\",\"@id\":\"https:\\\/\\\/marieclaire.be\\\/fr\\\/calla-garden-potager-plantes-aromatiques\\\/#primaryimage\",\"url\":\"https:\\\/\\\/marieclaire.be\\\/fr\\\/wp-content\\\/uploads\\\/2018\\\/06\\\/marieclaire-alt-callagarden.png\",\"contentUrl\":\"https:\\\/\\\/marieclaire.be\\\/fr\\\/wp-content\\\/uploads\\\/2018\\\/06\\\/marieclaire-alt-callagarden.png\",\"width\":1050,\"height\":550,\"caption\":\"@Calla Garden\"},{\"@type\":\"WebSite\",\"@id\":\"https:\\\/\\\/marieclaire.be\\\/fr\\\/#website\",\"url\":\"https:\\\/\\\/marieclaire.be\\\/fr\\\/\",\"name\":\"Marie Claire Belgique\",\"description\":\"Marie Claire Belgique, le magazine du style et de l\u2019intelligence qui parle de mode, des tendances, de la beaut\u00e9, de l\u2019actualit\u00e9 et de la culture\",\"publisher\":{\"@id\":\"https:\\\/\\\/marieclaire.be\\\/fr\\\/#organization\"},\"potentialAction\":[{\"@type\":\"SearchAction\",\"target\":{\"@type\":\"EntryPoint\",\"urlTemplate\":\"https:\\\/\\\/marieclaire.be\\\/fr\\\/?s={search_term_string}\"},\"query-input\":{\"@type\":\"PropertyValueSpecification\",\"valueRequired\":true,\"valueName\":\"search_term_string\"}}],\"inLanguage\":\"fr-FR\"},{\"@type\":\"Organization\",\"@id\":\"https:\\\/\\\/marieclaire.be\\\/fr\\\/#organization\",\"name\":\"Marie Claire\",\"url\":\"https:\\\/\\\/marieclaire.be\\\/fr\\\/\",\"logo\":{\"@type\":\"ImageObject\",\"inLanguage\":\"fr-FR\",\"@id\":\"https:\\\/\\\/marieclaire.be\\\/fr\\\/#\\\/schema\\\/logo\\\/image\\\/\",\"url\":\"https:\\\/\\\/marieclaire.be\\\/fr\\\/wp-content\\\/uploads\\\/2018\\\/05\\\/mc-logo2.png\",\"contentUrl\":\"https:\\\/\\\/marieclaire.be\\\/fr\\\/wp-content\\\/uploads\\\/2018\\\/05\\\/mc-logo2.png\",\"width\":1001,\"height\":189,\"caption\":\"Marie Claire\"},\"image\":{\"@id\":\"https:\\\/\\\/marieclaire.be\\\/fr\\\/#\\\/schema\\\/logo\\\/image\\\/\"},\"sameAs\":[\"https:\\\/\\\/www.facebook.com\\\/MarieClaire.Belgique\\\/\",\"https:\\\/\\\/www.instagram.com\\\/marieclaire_belgique\\\/\",\"https:\\\/\\\/fr.pinterest.com\\\/marieclairebe\\\/\",\"https:\\\/\\\/www.youtube.com\\\/user\\\/BelgiumMarieClaire\"]},{\"@type\":\"Person\",\"@id\":\"https:\\\/\\\/marieclaire.be\\\/fr\\\/#\\\/schema\\\/person\\\/6a5bc4eb4707dbc5cb47d17804a85f8c\",\"name\":\"Marie Claire\",\"image\":{\"@type\":\"ImageObject\",\"inLanguage\":\"fr-FR\",\"@id\":\"https:\\\/\\\/marieclaire.be\\\/fr\\\/wp-content\\\/uploads\\\/2016\\\/11\\\/mclogo-96x96.jpg\",\"url\":\"https:\\\/\\\/marieclaire.be\\\/fr\\\/wp-content\\\/uploads\\\/2016\\\/11\\\/mclogo-96x96.jpg\",\"contentUrl\":\"https:\\\/\\\/marieclaire.be\\\/fr\\\/wp-content\\\/uploads\\\/2016\\\/11\\\/mclogo-96x96.jpg\",\"caption\":\"Marie Claire\"},\"url\":\"https:\\\/\\\/marieclaire.be\\\/fr\\\/author\\\/stagiaire\\\/\"}]}<\/script>\n<!-- \/ Yoast SEO plugin. -->","yoast_head_json":{"title":"Verdict: Calla Garden, le potager d'int\u00e9rieur pour des plantes aromatiques increvables","description":"Un plant de basilic peut vivre toute une saison (et plus) telle est la promesse du potager d'int\u00e9rieur made in Belgium sign\u00e9 Calla Garden. Dubitatif surtout face \u00e0 la vitesse avec laquelle nos plantes aromatiques perdent la vie, on a d\u00e9cid\u00e9 de tester le concept. Verdict!","robots":{"index":"index","follow":"follow","max-snippet":"max-snippet:-1","max-image-preview":"max-image-preview:large","max-video-preview":"max-video-preview:-1"},"canonical":"https:\/\/marieclaire.be\/fr\/calla-garden-potager-plantes-aromatiques\/","next":"https:\/\/marieclaire.be\/fr\/calla-garden-potager-plantes-aromatiques\/2\/","og_locale":"fr_FR","og_type":"article","og_title":"Verdict: Calla Garden, le potager d'int\u00e9rieur pour des plantes aromatiques increvables","og_description":"Un plant de basilic peut vivre toute une saison (et plus) telle est la promesse du potager d'int\u00e9rieur made in Belgium sign\u00e9 Calla Garden. Dubitatif surtout face \u00e0 la vitesse avec laquelle nos plantes aromatiques perdent la vie, on a d\u00e9cid\u00e9 de tester le concept. Verdict!","og_url":"https:\/\/marieclaire.be\/fr\/calla-garden-potager-plantes-aromatiques\/","og_site_name":"Marie Claire Belgique","article_publisher":"https:\/\/www.facebook.com\/MarieClaire.Belgique\/","article_published_time":"2019-06-09T07:10:13+00:00","og_image":[{"width":1050,"height":550,"url":"https:\/\/marieclaire.be\/fr\/wp-content\/uploads\/2018\/06\/marieclaire-alt-callagarden.png","type":"image\/png"}],"author":"Marie Claire","twitter_misc":{"\u00c9crit par":"Marie Claire","Dur\u00e9e de lecture estim\u00e9e":"4 minutes"},"schema":{"@context":"https:\/\/schema.org","@graph":[{"@type":"NewsArticle","@id":"https:\/\/marieclaire.be\/fr\/calla-garden-potager-plantes-aromatiques\/#article","isPartOf":{"@id":"https:\/\/marieclaire.be\/fr\/calla-garden-potager-plantes-aromatiques\/"},"author":{"name":"Marie Claire","@id":"https:\/\/marieclaire.be\/fr\/#\/schema\/person\/6a5bc4eb4707dbc5cb47d17804a85f8c"},"headline":"Verdict : Calla Garden, le potager d&#8217;int\u00e9rieur pour des plantes aromatiques increvables","datePublished":"2019-06-09T07:10:13+00:00","mainEntityOfPage":{"@id":"https:\/\/marieclaire.be\/fr\/calla-garden-potager-plantes-aromatiques\/"},"wordCount":853,"publisher":{"@id":"https:\/\/marieclaire.be\/fr\/#organization"},"image":{"@id":"https:\/\/marieclaire.be\/fr\/calla-garden-potager-plantes-aromatiques\/#primaryimage"},"thumbnailUrl":"https:\/\/marieclaire.be\/fr\/wp-content\/uploads\/2018\/06\/marieclaire-alt-callagarden.png","keywords":["Basilic","Calla Garden","jardinage","plantes aromatiques","potager"],"articleSection":["Le verdict lifestyle","Lifestyle"],"inLanguage":"fr-FR"},{"@type":"WebPage","@id":"https:\/\/marieclaire.be\/fr\/calla-garden-potager-plantes-aromatiques\/","url":"https:\/\/marieclaire.be\/fr\/calla-garden-potager-plantes-aromatiques\/","name":"Verdict: Calla Garden, le potager d'int\u00e9rieur pour des plantes aromatiques increvables","isPartOf":{"@id":"https:\/\/marieclaire.be\/fr\/#website"},"primaryImageOfPage":{"@id":"https:\/\/marieclaire.be\/fr\/calla-garden-potager-plantes-aromatiques\/#primaryimage"},"image":{"@id":"https:\/\/marieclaire.be\/fr\/calla-garden-potager-plantes-aromatiques\/#primaryimage"},"thumbnailUrl":"https:\/\/marieclaire.be\/fr\/wp-content\/uploads\/2018\/06\/marieclaire-alt-callagarden.png","datePublished":"2019-06-09T07:10:13+00:00","description":"Un plant de basilic peut vivre toute une saison (et plus) telle est la promesse du potager d'int\u00e9rieur made in Belgium sign\u00e9 Calla Garden. Dubitatif surtout face \u00e0 la vitesse avec laquelle nos plantes aromatiques perdent la vie, on a d\u00e9cid\u00e9 de tester le concept. Verdict!","inLanguage":"fr-FR","potentialAction":[{"@type":"ReadAction","target":["https:\/\/marieclaire.be\/fr\/calla-garden-potager-plantes-aromatiques\/"]}]},{"@type":"ImageObject","inLanguage":"fr-FR","@id":"https:\/\/marieclaire.be\/fr\/calla-garden-potager-plantes-aromatiques\/#primaryimage","url":"https:\/\/marieclaire.be\/fr\/wp-content\/uploads\/2018\/06\/marieclaire-alt-callagarden.png","contentUrl":"https:\/\/marieclaire.be\/fr\/wp-content\/uploads\/2018\/06\/marieclaire-alt-callagarden.png","width":1050,"height":550,"caption":"@Calla Garden"},{"@type":"WebSite","@id":"https:\/\/marieclaire.be\/fr\/#website","url":"https:\/\/marieclaire.be\/fr\/","name":"Marie Claire Belgique","description":"Marie Claire Belgique, le magazine du style et de l\u2019intelligence qui parle de mode, des tendances, de la beaut\u00e9, de l\u2019actualit\u00e9 et de la culture","publisher":{"@id":"https:\/\/marieclaire.be\/fr\/#organization"},"potentialAction":[{"@type":"SearchAction","target":{"@type":"EntryPoint","urlTemplate":"https:\/\/marieclaire.be\/fr\/?s={search_term_string}"},"query-input":{"@type":"PropertyValueSpecification","valueRequired":true,"valueName":"search_term_string"}}],"inLanguage":"fr-FR"},{"@type":"Organization","@id":"https:\/\/marieclaire.be\/fr\/#organization","name":"Marie Claire","url":"https:\/\/marieclaire.be\/fr\/","logo":{"@type":"ImageObject","inLanguage":"fr-FR","@id":"https:\/\/marieclaire.be\/fr\/#\/schema\/logo\/image\/","url":"https:\/\/marieclaire.be\/fr\/wp-content\/uploads\/2018\/05\/mc-logo2.png","contentUrl":"https:\/\/marieclaire.be\/fr\/wp-content\/uploads\/2018\/05\/mc-logo2.png","width":1001,"height":189,"caption":"Marie Claire"},"image":{"@id":"https:\/\/marieclaire.be\/fr\/#\/schema\/logo\/image\/"},"sameAs":["https:\/\/www.facebook.com\/MarieClaire.Belgique\/","https:\/\/www.instagram.com\/marieclaire_belgique\/","https:\/\/fr.pinterest.com\/marieclairebe\/","https:\/\/www.youtube.com\/user\/BelgiumMarieClaire"]},{"@type":"Person","@id":"https:\/\/marieclaire.be\/fr\/#\/schema\/person\/6a5bc4eb4707dbc5cb47d17804a85f8c","name":"Marie Claire","image":{"@type":"ImageObject","inLanguage":"fr-FR","@id":"https:\/\/marieclaire.be\/fr\/wp-content\/uploads\/2016\/11\/mclogo-96x96.jpg","url":"https:\/\/marieclaire.be\/fr\/wp-content\/uploads\/2016\/11\/mclogo-96x96.jpg","contentUrl":"https:\/\/marieclaire.be\/fr\/wp-content\/uploads\/2016\/11\/mclogo-96x96.jpg","caption":"Marie Claire"},"url":"https:\/\/marieclaire.be\/fr\/author\/stagiaire\/"}]}},"_links":{"self":[{"href":"https:\/\/marieclaire.be\/fr\/wp-json\/wp\/v2\/posts\/47298","targetHints":{"allow":["GET"]}}],"collection":[{"href":"https:\/\/marieclaire.be\/fr\/wp-json\/wp\/v2\/posts"}],"about":[{"href":"https:\/\/marieclaire.be\/fr\/wp-json\/wp\/v2\/types\/post"}],"author":[{"embeddable":true,"href":"https:\/\/marieclaire.be\/fr\/wp-json\/wp\/v2\/users\/8"}],"replies":[{"embeddable":true,"href":"https:\/\/marieclaire.be\/fr\/wp-json\/wp\/v2\/comments?post=47298"}],"version-history":[{"count":0,"href":"https:\/\/marieclaire.be\/fr\/wp-json\/wp\/v2\/posts\/47298\/revisions"}],"wp:featuredmedia":[{"embeddable":true,"href":"https:\/\/marieclaire.be\/fr\/wp-json\/wp\/v2\/media\/47310"}],"wp:attachment":[{"href":"https:\/\/marieclaire.be\/fr\/wp-json\/wp\/v2\/media?parent=47298"}],"wp:term":[{"taxonomy":"category","embeddable":true,"href":"https:\/\/marieclaire.be\/fr\/wp-json\/wp\/v2\/categories?post=47298"},{"taxonomy":"post_tag","embeddable":true,"href":"https:\/\/marieclaire.be\/fr\/wp-json\/wp\/v2\/tags?post=47298"}],"curies":[{"name":"wp","href":"https:\/\/api.w.org\/{rel}","templated":true}]}}