{"id":46934,"date":"2018-06-04T08:29:21","date_gmt":"2018-06-04T06:29:21","guid":{"rendered":"http:\/\/marieclaire.be\/fr\/?p=46934"},"modified":"2018-06-04T11:38:53","modified_gmt":"2018-06-04T09:38:53","slug":"brussels-yoga-day-2018","status":"publish","type":"post","link":"https:\/\/marieclaire.be\/fr\/brussels-yoga-day-2018\/","title":{"rendered":"Brussels Yoga Day 2018: on vous donne rendez-vous le 24 juin au Bois de La Cambre !"},"content":{"rendered":"","protected":false},"excerpt":{"rendered":"Une salutation au soleil g\u00e9ante gratuite, \u00e7a vous tente? Pour sa cinqui\u00e8me \u00e9dition, le Brussels Yoga Day 2018 vous invite au Bois de La Cambre.","protected":false},"author":26,"featured_media":46945,"comment_status":"closed","ping_status":"closed","sticky":false,"template":"","format":"standard","meta":{"_acf_changed":false,"footnotes":""},"categories":[21,1433],"tags":[1653,3933,1769,198],"class_list":["post-46934","post","type-post","status-publish","format-standard","has-post-thumbnail","hentry","category-wellness","category-sante","tag-bois-de-la-cambre","tag-brussels-yoga-day","tag-plein-air","tag-yoga"],"acf":[],"_yoast_wpseo_title":null,"_yoast_wpseo_metadesc":"Une s\u00e9ance de yoga g\u00e9ante gratuite, \u00e7a vous tente? Pour sa cinqui\u00e8me \u00e9dition, le Brussels Yoga Day 2018 vous invite au Bois de La Cambre pour une salutation au soleil g\u00e9ante. On vous explique pourquoi il faut y aller.","image_verticale":null,"yoast_head":"<!-- This site is optimized with the Yoast SEO plugin v27.3 - https:\/\/yoast.com\/product\/yoast-seo-wordpress\/ -->\n<title>Brussels Yoga Day 2018: on vous donne rendez-vous le 24 juin au Bois de La Cambre ! - Marie Claire Belgique<\/title>\n<meta name=\"description\" content=\"Une s\u00e9ance de yoga g\u00e9ante gratuite, \u00e7a vous tente? Pour sa cinqui\u00e8me \u00e9dition, le Brussels Yoga Day 2018 vous invite au Bois de La Cambre pour une salutation au soleil g\u00e9ante. On vous explique pourquoi il faut y aller.\" \/>\n<meta name=\"robots\" content=\"index, follow, max-snippet:-1, max-image-preview:large, max-video-preview:-1\" \/>\n<link rel=\"canonical\" href=\"https:\/\/marieclaire.be\/fr\/brussels-yoga-day-2018\/\" \/>\n<meta property=\"og:locale\" content=\"fr_FR\" \/>\n<meta property=\"og:type\" content=\"article\" \/>\n<meta property=\"og:title\" content=\"Brussels Yoga Day 2018: on vous donne rendez-vous le 24 juin au Bois de La Cambre ! - Marie Claire Belgique\" \/>\n<meta property=\"og:description\" content=\"Une s\u00e9ance de yoga g\u00e9ante gratuite, \u00e7a vous tente? Pour sa cinqui\u00e8me \u00e9dition, le Brussels Yoga Day 2018 vous invite au Bois de La Cambre pour une salutation au soleil g\u00e9ante. On vous explique pourquoi il faut y aller.\" \/>\n<meta property=\"og:url\" content=\"https:\/\/marieclaire.be\/fr\/brussels-yoga-day-2018\/\" \/>\n<meta property=\"og:site_name\" content=\"Marie Claire Belgique\" \/>\n<meta property=\"article:publisher\" content=\"https:\/\/www.facebook.com\/MarieClaire.Belgique\/\" \/>\n<meta property=\"article:author\" content=\"https:\/\/www.facebook.com\/Belen Ucros\" \/>\n<meta property=\"article:published_time\" content=\"2018-06-04T06:29:21+00:00\" \/>\n<meta property=\"article:modified_time\" content=\"2018-06-04T09:38:53+00:00\" \/>\n<meta property=\"og:image\" content=\"https:\/\/marieclaire.be\/fr\/wp-content\/uploads\/2018\/05\/marieclaire_yogaday2018_cover.jpg\" \/>\n\t<meta property=\"og:image:width\" content=\"1050\" \/>\n\t<meta property=\"og:image:height\" content=\"550\" \/>\n\t<meta property=\"og:image:type\" content=\"image\/jpeg\" \/>\n<meta name=\"author\" content=\"Belen Ucros\" \/>\n<meta name=\"twitter:label1\" content=\"\u00c9crit par\" \/>\n\t<meta name=\"twitter:data1\" content=\"Belen Ucros\" \/>\n\t<meta name=\"twitter:label2\" content=\"Dur\u00e9e de lecture estim\u00e9e\" \/>\n\t<meta name=\"twitter:data2\" content=\"2 minutes\" \/>\n<script type=\"application\/ld+json\" class=\"yoast-schema-graph\">{\"@context\":\"https:\\\/\\\/schema.org\",\"@graph\":[{\"@type\":\"NewsArticle\",\"@id\":\"https:\\\/\\\/marieclaire.be\\\/fr\\\/brussels-yoga-day-2018\\\/#article\",\"isPartOf\":{\"@id\":\"https:\\\/\\\/marieclaire.be\\\/fr\\\/brussels-yoga-day-2018\\\/\"},\"author\":{\"name\":\"Belen Ucros\",\"@id\":\"https:\\\/\\\/marieclaire.be\\\/fr\\\/#\\\/schema\\\/person\\\/38e8a21628b635dc5ba91615bac53430\"},\"headline\":\"Brussels Yoga Day 2018: on vous donne rendez-vous le 24 juin au Bois de La Cambre !\",\"datePublished\":\"2018-06-04T06:29:21+00:00\",\"dateModified\":\"2018-06-04T09:38:53+00:00\",\"mainEntityOfPage\":{\"@id\":\"https:\\\/\\\/marieclaire.be\\\/fr\\\/brussels-yoga-day-2018\\\/\"},\"wordCount\":463,\"publisher\":{\"@id\":\"https:\\\/\\\/marieclaire.be\\\/fr\\\/#organization\"},\"image\":{\"@id\":\"https:\\\/\\\/marieclaire.be\\\/fr\\\/brussels-yoga-day-2018\\\/#primaryimage\"},\"thumbnailUrl\":\"https:\\\/\\\/marieclaire.be\\\/fr\\\/wp-content\\\/uploads\\\/2018\\\/05\\\/marieclaire_yogaday2018_cover.jpg\",\"keywords\":[\"bois de la cambre\",\"Brussels Yoga Day\",\"plein air\",\"yoga\"],\"articleSection\":[\"Bien-\u00eatre\",\"Sant\u00e9\"],\"inLanguage\":\"fr-FR\"},{\"@type\":\"WebPage\",\"@id\":\"https:\\\/\\\/marieclaire.be\\\/fr\\\/brussels-yoga-day-2018\\\/\",\"url\":\"https:\\\/\\\/marieclaire.be\\\/fr\\\/brussels-yoga-day-2018\\\/\",\"name\":\"Brussels Yoga Day 2018: on vous donne rendez-vous le 24 juin au Bois de La Cambre ! - Marie Claire Belgique\",\"isPartOf\":{\"@id\":\"https:\\\/\\\/marieclaire.be\\\/fr\\\/#website\"},\"primaryImageOfPage\":{\"@id\":\"https:\\\/\\\/marieclaire.be\\\/fr\\\/brussels-yoga-day-2018\\\/#primaryimage\"},\"image\":{\"@id\":\"https:\\\/\\\/marieclaire.be\\\/fr\\\/brussels-yoga-day-2018\\\/#primaryimage\"},\"thumbnailUrl\":\"https:\\\/\\\/marieclaire.be\\\/fr\\\/wp-content\\\/uploads\\\/2018\\\/05\\\/marieclaire_yogaday2018_cover.jpg\",\"datePublished\":\"2018-06-04T06:29:21+00:00\",\"dateModified\":\"2018-06-04T09:38:53+00:00\",\"description\":\"Une s\u00e9ance de yoga g\u00e9ante gratuite, \u00e7a vous tente? Pour sa cinqui\u00e8me \u00e9dition, le Brussels Yoga Day 2018 vous invite au Bois de La Cambre pour une salutation au soleil g\u00e9ante. On vous explique pourquoi il faut y aller.\",\"breadcrumb\":{\"@id\":\"https:\\\/\\\/marieclaire.be\\\/fr\\\/brussels-yoga-day-2018\\\/#breadcrumb\"},\"inLanguage\":\"fr-FR\",\"potentialAction\":[{\"@type\":\"ReadAction\",\"target\":[\"https:\\\/\\\/marieclaire.be\\\/fr\\\/brussels-yoga-day-2018\\\/\"]}]},{\"@type\":\"ImageObject\",\"inLanguage\":\"fr-FR\",\"@id\":\"https:\\\/\\\/marieclaire.be\\\/fr\\\/brussels-yoga-day-2018\\\/#primaryimage\",\"url\":\"https:\\\/\\\/marieclaire.be\\\/fr\\\/wp-content\\\/uploads\\\/2018\\\/05\\\/marieclaire_yogaday2018_cover.jpg\",\"contentUrl\":\"https:\\\/\\\/marieclaire.be\\\/fr\\\/wp-content\\\/uploads\\\/2018\\\/05\\\/marieclaire_yogaday2018_cover.jpg\",\"width\":1050,\"height\":550,\"caption\":\"Presse\"},{\"@type\":\"BreadcrumbList\",\"@id\":\"https:\\\/\\\/marieclaire.be\\\/fr\\\/brussels-yoga-day-2018\\\/#breadcrumb\",\"itemListElement\":[{\"@type\":\"ListItem\",\"position\":1,\"name\":\"Accueil\",\"item\":\"https:\\\/\\\/marieclaire.be\\\/fr\\\/\"},{\"@type\":\"ListItem\",\"position\":2,\"name\":\"Brussels Yoga Day 2018: on vous donne rendez-vous le 24 juin au Bois de La Cambre !\"}]},{\"@type\":\"WebSite\",\"@id\":\"https:\\\/\\\/marieclaire.be\\\/fr\\\/#website\",\"url\":\"https:\\\/\\\/marieclaire.be\\\/fr\\\/\",\"name\":\"Marie Claire Belgique\",\"description\":\"Marie Claire Belgique, le magazine du style et de l\u2019intelligence qui parle de mode, des tendances, de la beaut\u00e9, de l\u2019actualit\u00e9 et de la culture\",\"publisher\":{\"@id\":\"https:\\\/\\\/marieclaire.be\\\/fr\\\/#organization\"},\"potentialAction\":[{\"@type\":\"SearchAction\",\"target\":{\"@type\":\"EntryPoint\",\"urlTemplate\":\"https:\\\/\\\/marieclaire.be\\\/fr\\\/?s={search_term_string}\"},\"query-input\":{\"@type\":\"PropertyValueSpecification\",\"valueRequired\":true,\"valueName\":\"search_term_string\"}}],\"inLanguage\":\"fr-FR\"},{\"@type\":\"Organization\",\"@id\":\"https:\\\/\\\/marieclaire.be\\\/fr\\\/#organization\",\"name\":\"Marie Claire\",\"url\":\"https:\\\/\\\/marieclaire.be\\\/fr\\\/\",\"logo\":{\"@type\":\"ImageObject\",\"inLanguage\":\"fr-FR\",\"@id\":\"https:\\\/\\\/marieclaire.be\\\/fr\\\/#\\\/schema\\\/logo\\\/image\\\/\",\"url\":\"https:\\\/\\\/marieclaire.be\\\/fr\\\/wp-content\\\/uploads\\\/2018\\\/05\\\/mc-logo2.png\",\"contentUrl\":\"https:\\\/\\\/marieclaire.be\\\/fr\\\/wp-content\\\/uploads\\\/2018\\\/05\\\/mc-logo2.png\",\"width\":1001,\"height\":189,\"caption\":\"Marie Claire\"},\"image\":{\"@id\":\"https:\\\/\\\/marieclaire.be\\\/fr\\\/#\\\/schema\\\/logo\\\/image\\\/\"},\"sameAs\":[\"https:\\\/\\\/www.facebook.com\\\/MarieClaire.Belgique\\\/\",\"https:\\\/\\\/www.instagram.com\\\/marieclaire_belgique\\\/\",\"https:\\\/\\\/fr.pinterest.com\\\/marieclairebe\\\/\",\"https:\\\/\\\/www.youtube.com\\\/user\\\/BelgiumMarieClaire\"]},{\"@type\":\"Person\",\"@id\":\"https:\\\/\\\/marieclaire.be\\\/fr\\\/#\\\/schema\\\/person\\\/38e8a21628b635dc5ba91615bac53430\",\"name\":\"Belen Ucros\",\"image\":{\"@type\":\"ImageObject\",\"inLanguage\":\"fr-FR\",\"@id\":\"https:\\\/\\\/marieclaire.be\\\/fr\\\/wp-content\\\/uploads\\\/2016\\\/12\\\/belen-96x96.jpg\",\"url\":\"https:\\\/\\\/marieclaire.be\\\/fr\\\/wp-content\\\/uploads\\\/2016\\\/12\\\/belen-96x96.jpg\",\"contentUrl\":\"https:\\\/\\\/marieclaire.be\\\/fr\\\/wp-content\\\/uploads\\\/2016\\\/12\\\/belen-96x96.jpg\",\"caption\":\"Belen Ucros\"},\"description\":\"Experte dans le domaine de la beaut\u00e9 et du bien-\u00eatre, je n'h\u00e9site pas \u00e0 mouiller mon maillot pour vous aider \u00e0 faire le tri dans l'abondance de nouveaut\u00e9s.\",\"sameAs\":[\"https:\\\/\\\/www.facebook.com\\\/Belen Ucros\",\"https:\\\/\\\/www.instagram.com\\\/belenucros\",\"https:\\\/\\\/www.pinterest.com\\\/Belen Ucros\",\"https:\\\/\\\/x.com\\\/BelenUcros\"],\"url\":\"https:\\\/\\\/marieclaire.be\\\/fr\\\/author\\\/belen\\\/\"}]}<\/script>\n<!-- \/ Yoast SEO plugin. -->","yoast_head_json":{"title":"Brussels Yoga Day 2018: on vous donne rendez-vous le 24 juin au Bois de La Cambre ! - Marie Claire Belgique","description":"Une s\u00e9ance de yoga g\u00e9ante gratuite, \u00e7a vous tente? Pour sa cinqui\u00e8me \u00e9dition, le Brussels Yoga Day 2018 vous invite au Bois de La Cambre pour une salutation au soleil g\u00e9ante. On vous explique pourquoi il faut y aller.","robots":{"index":"index","follow":"follow","max-snippet":"max-snippet:-1","max-image-preview":"max-image-preview:large","max-video-preview":"max-video-preview:-1"},"canonical":"https:\/\/marieclaire.be\/fr\/brussels-yoga-day-2018\/","og_locale":"fr_FR","og_type":"article","og_title":"Brussels Yoga Day 2018: on vous donne rendez-vous le 24 juin au Bois de La Cambre ! - Marie Claire Belgique","og_description":"Une s\u00e9ance de yoga g\u00e9ante gratuite, \u00e7a vous tente? Pour sa cinqui\u00e8me \u00e9dition, le Brussels Yoga Day 2018 vous invite au Bois de La Cambre pour une salutation au soleil g\u00e9ante. On vous explique pourquoi il faut y aller.","og_url":"https:\/\/marieclaire.be\/fr\/brussels-yoga-day-2018\/","og_site_name":"Marie Claire Belgique","article_publisher":"https:\/\/www.facebook.com\/MarieClaire.Belgique\/","article_author":"https:\/\/www.facebook.com\/Belen Ucros","article_published_time":"2018-06-04T06:29:21+00:00","article_modified_time":"2018-06-04T09:38:53+00:00","og_image":[{"width":1050,"height":550,"url":"https:\/\/marieclaire.be\/fr\/wp-content\/uploads\/2018\/05\/marieclaire_yogaday2018_cover.jpg","type":"image\/jpeg"}],"author":"Belen Ucros","twitter_misc":{"\u00c9crit par":"Belen Ucros","Dur\u00e9e de lecture estim\u00e9e":"2 minutes"},"schema":{"@context":"https:\/\/schema.org","@graph":[{"@type":"NewsArticle","@id":"https:\/\/marieclaire.be\/fr\/brussels-yoga-day-2018\/#article","isPartOf":{"@id":"https:\/\/marieclaire.be\/fr\/brussels-yoga-day-2018\/"},"author":{"name":"Belen Ucros","@id":"https:\/\/marieclaire.be\/fr\/#\/schema\/person\/38e8a21628b635dc5ba91615bac53430"},"headline":"Brussels Yoga Day 2018: on vous donne rendez-vous le 24 juin au Bois de La Cambre !","datePublished":"2018-06-04T06:29:21+00:00","dateModified":"2018-06-04T09:38:53+00:00","mainEntityOfPage":{"@id":"https:\/\/marieclaire.be\/fr\/brussels-yoga-day-2018\/"},"wordCount":463,"publisher":{"@id":"https:\/\/marieclaire.be\/fr\/#organization"},"image":{"@id":"https:\/\/marieclaire.be\/fr\/brussels-yoga-day-2018\/#primaryimage"},"thumbnailUrl":"https:\/\/marieclaire.be\/fr\/wp-content\/uploads\/2018\/05\/marieclaire_yogaday2018_cover.jpg","keywords":["bois de la cambre","Brussels Yoga Day","plein air","yoga"],"articleSection":["Bien-\u00eatre","Sant\u00e9"],"inLanguage":"fr-FR"},{"@type":"WebPage","@id":"https:\/\/marieclaire.be\/fr\/brussels-yoga-day-2018\/","url":"https:\/\/marieclaire.be\/fr\/brussels-yoga-day-2018\/","name":"Brussels Yoga Day 2018: on vous donne rendez-vous le 24 juin au Bois de La Cambre ! - Marie Claire Belgique","isPartOf":{"@id":"https:\/\/marieclaire.be\/fr\/#website"},"primaryImageOfPage":{"@id":"https:\/\/marieclaire.be\/fr\/brussels-yoga-day-2018\/#primaryimage"},"image":{"@id":"https:\/\/marieclaire.be\/fr\/brussels-yoga-day-2018\/#primaryimage"},"thumbnailUrl":"https:\/\/marieclaire.be\/fr\/wp-content\/uploads\/2018\/05\/marieclaire_yogaday2018_cover.jpg","datePublished":"2018-06-04T06:29:21+00:00","dateModified":"2018-06-04T09:38:53+00:00","description":"Une s\u00e9ance de yoga g\u00e9ante gratuite, \u00e7a vous tente? Pour sa cinqui\u00e8me \u00e9dition, le Brussels Yoga Day 2018 vous invite au Bois de La Cambre pour une salutation au soleil g\u00e9ante. On vous explique pourquoi il faut y aller.","breadcrumb":{"@id":"https:\/\/marieclaire.be\/fr\/brussels-yoga-day-2018\/#breadcrumb"},"inLanguage":"fr-FR","potentialAction":[{"@type":"ReadAction","target":["https:\/\/marieclaire.be\/fr\/brussels-yoga-day-2018\/"]}]},{"@type":"ImageObject","inLanguage":"fr-FR","@id":"https:\/\/marieclaire.be\/fr\/brussels-yoga-day-2018\/#primaryimage","url":"https:\/\/marieclaire.be\/fr\/wp-content\/uploads\/2018\/05\/marieclaire_yogaday2018_cover.jpg","contentUrl":"https:\/\/marieclaire.be\/fr\/wp-content\/uploads\/2018\/05\/marieclaire_yogaday2018_cover.jpg","width":1050,"height":550,"caption":"Presse"},{"@type":"BreadcrumbList","@id":"https:\/\/marieclaire.be\/fr\/brussels-yoga-day-2018\/#breadcrumb","itemListElement":[{"@type":"ListItem","position":1,"name":"Accueil","item":"https:\/\/marieclaire.be\/fr\/"},{"@type":"ListItem","position":2,"name":"Brussels Yoga Day 2018: on vous donne rendez-vous le 24 juin au Bois de La Cambre !"}]},{"@type":"WebSite","@id":"https:\/\/marieclaire.be\/fr\/#website","url":"https:\/\/marieclaire.be\/fr\/","name":"Marie Claire Belgique","description":"Marie Claire Belgique, le magazine du style et de l\u2019intelligence qui parle de mode, des tendances, de la beaut\u00e9, de l\u2019actualit\u00e9 et de la culture","publisher":{"@id":"https:\/\/marieclaire.be\/fr\/#organization"},"potentialAction":[{"@type":"SearchAction","target":{"@type":"EntryPoint","urlTemplate":"https:\/\/marieclaire.be\/fr\/?s={search_term_string}"},"query-input":{"@type":"PropertyValueSpecification","valueRequired":true,"valueName":"search_term_string"}}],"inLanguage":"fr-FR"},{"@type":"Organization","@id":"https:\/\/marieclaire.be\/fr\/#organization","name":"Marie Claire","url":"https:\/\/marieclaire.be\/fr\/","logo":{"@type":"ImageObject","inLanguage":"fr-FR","@id":"https:\/\/marieclaire.be\/fr\/#\/schema\/logo\/image\/","url":"https:\/\/marieclaire.be\/fr\/wp-content\/uploads\/2018\/05\/mc-logo2.png","contentUrl":"https:\/\/marieclaire.be\/fr\/wp-content\/uploads\/2018\/05\/mc-logo2.png","width":1001,"height":189,"caption":"Marie Claire"},"image":{"@id":"https:\/\/marieclaire.be\/fr\/#\/schema\/logo\/image\/"},"sameAs":["https:\/\/www.facebook.com\/MarieClaire.Belgique\/","https:\/\/www.instagram.com\/marieclaire_belgique\/","https:\/\/fr.pinterest.com\/marieclairebe\/","https:\/\/www.youtube.com\/user\/BelgiumMarieClaire"]},{"@type":"Person","@id":"https:\/\/marieclaire.be\/fr\/#\/schema\/person\/38e8a21628b635dc5ba91615bac53430","name":"Belen Ucros","image":{"@type":"ImageObject","inLanguage":"fr-FR","@id":"https:\/\/marieclaire.be\/fr\/wp-content\/uploads\/2016\/12\/belen-96x96.jpg","url":"https:\/\/marieclaire.be\/fr\/wp-content\/uploads\/2016\/12\/belen-96x96.jpg","contentUrl":"https:\/\/marieclaire.be\/fr\/wp-content\/uploads\/2016\/12\/belen-96x96.jpg","caption":"Belen Ucros"},"description":"Experte dans le domaine de la beaut\u00e9 et du bien-\u00eatre, je n'h\u00e9site pas \u00e0 mouiller mon maillot pour vous aider \u00e0 faire le tri dans l'abondance de nouveaut\u00e9s.","sameAs":["https:\/\/www.facebook.com\/Belen Ucros","https:\/\/www.instagram.com\/belenucros","https:\/\/www.pinterest.com\/Belen Ucros","https:\/\/x.com\/BelenUcros"],"url":"https:\/\/marieclaire.be\/fr\/author\/belen\/"}]}},"_links":{"self":[{"href":"https:\/\/marieclaire.be\/fr\/wp-json\/wp\/v2\/posts\/46934","targetHints":{"allow":["GET"]}}],"collection":[{"href":"https:\/\/marieclaire.be\/fr\/wp-json\/wp\/v2\/posts"}],"about":[{"href":"https:\/\/marieclaire.be\/fr\/wp-json\/wp\/v2\/types\/post"}],"author":[{"embeddable":true,"href":"https:\/\/marieclaire.be\/fr\/wp-json\/wp\/v2\/users\/26"}],"replies":[{"embeddable":true,"href":"https:\/\/marieclaire.be\/fr\/wp-json\/wp\/v2\/comments?post=46934"}],"version-history":[{"count":0,"href":"https:\/\/marieclaire.be\/fr\/wp-json\/wp\/v2\/posts\/46934\/revisions"}],"wp:featuredmedia":[{"embeddable":true,"href":"https:\/\/marieclaire.be\/fr\/wp-json\/wp\/v2\/media\/46945"}],"wp:attachment":[{"href":"https:\/\/marieclaire.be\/fr\/wp-json\/wp\/v2\/media?parent=46934"}],"wp:term":[{"taxonomy":"category","embeddable":true,"href":"https:\/\/marieclaire.be\/fr\/wp-json\/wp\/v2\/categories?post=46934"},{"taxonomy":"post_tag","embeddable":true,"href":"https:\/\/marieclaire.be\/fr\/wp-json\/wp\/v2\/tags?post=46934"}],"curies":[{"name":"wp","href":"https:\/\/api.w.org\/{rel}","templated":true}]}}