{"id":46624,"date":"2020-06-12T08:59:25","date_gmt":"2020-06-12T06:59:25","guid":{"rendered":"http:\/\/marieclaire.be\/fr\/?p=46624"},"modified":"2020-06-12T10:31:12","modified_gmt":"2020-06-12T08:31:12","slug":"podcasts-psycho","status":"publish","type":"post","link":"https:\/\/marieclaire.be\/fr\/podcasts-psycho\/","title":{"rendered":"5 podcasts psycho pour s&#8217;\u00e9panouir au quotidien"},"content":{"rendered":"","protected":false},"excerpt":{"rendered":"\u00c9panouissement, productivit\u00e9, r\u00e9ussite ou organisation : voici une liste non exhaustive de podcasts psycho et orient\u00e9s d\u00e9veloppement personnel. ...","protected":false},"author":19,"featured_media":93606,"comment_status":"closed","ping_status":"closed","sticky":false,"template":"","format":"standard","meta":{"_acf_changed":false,"footnotes":""},"categories":[73,1433],"tags":[4115,834],"class_list":["post-46624","post","type-post","status-publish","format-standard","has-post-thumbnail","hentry","category-psycho","category-sante","tag-podcast","tag-psycho"],"acf":[],"_yoast_wpseo_title":null,"_yoast_wpseo_metadesc":"\u00c9panouissement, productivit\u00e9, r\u00e9ussite ou organisation : voici une liste non exhaustive de podcasts psycho et d\u00e9veloppement personnel.","image_verticale":"93605","yoast_head":"<!-- This site is optimized with the Yoast SEO plugin v27.3 - https:\/\/yoast.com\/product\/yoast-seo-wordpress\/ -->\n<title>5 podcasts psycho pour s&#039;\u00e9panouir au quotidien - Marie Claire Belgique<\/title>\n<meta name=\"description\" content=\"\u00c9panouissement, productivit\u00e9, r\u00e9ussite ou organisation : voici une liste non exhaustive de podcasts psycho et d\u00e9veloppement personnel.\" \/>\n<meta name=\"robots\" content=\"index, follow, max-snippet:-1, max-image-preview:large, max-video-preview:-1\" \/>\n<link rel=\"canonical\" href=\"http:\/\/www.marieclaire.fr\/podcasts-psycho-epanouissement-personnel,1266081.asp\" \/>\n<link rel=\"next\" href=\"https:\/\/marieclaire.be\/fr\/podcasts-psycho\/2\/\" \/>\n<meta property=\"og:locale\" content=\"fr_FR\" \/>\n<meta property=\"og:type\" content=\"article\" \/>\n<meta property=\"og:title\" content=\"5 podcasts psycho pour s&#039;\u00e9panouir au quotidien - Marie Claire Belgique\" \/>\n<meta property=\"og:description\" content=\"\u00c9panouissement, productivit\u00e9, r\u00e9ussite ou organisation : voici une liste non exhaustive de podcasts psycho et d\u00e9veloppement personnel.\" \/>\n<meta property=\"og:url\" content=\"http:\/\/www.marieclaire.fr\/podcasts-psycho-epanouissement-personnel,1266081.asp\" \/>\n<meta property=\"og:site_name\" content=\"Marie Claire Belgique\" \/>\n<meta property=\"article:publisher\" content=\"https:\/\/www.facebook.com\/MarieClaire.Belgique\/\" \/>\n<meta property=\"article:published_time\" content=\"2020-06-12T06:59:25+00:00\" \/>\n<meta property=\"article:modified_time\" content=\"2020-06-12T08:31:12+00:00\" \/>\n<meta property=\"og:image\" content=\"https:\/\/marieclaire.be\/fr\/wp-content\/uploads\/2018\/05\/marieclaire_podcasts_psycho_horiz.png\" \/>\n\t<meta property=\"og:image:width\" content=\"1280\" \/>\n\t<meta property=\"og:image:height\" content=\"670\" \/>\n\t<meta property=\"og:image:type\" content=\"image\/png\" \/>\n<meta name=\"author\" content=\"Charlotte Deprez\" \/>\n<meta name=\"twitter:label1\" content=\"\u00c9crit par\" \/>\n\t<meta name=\"twitter:data1\" content=\"Charlotte Deprez\" \/>\n\t<meta name=\"twitter:label2\" content=\"Dur\u00e9e de lecture estim\u00e9e\" \/>\n\t<meta name=\"twitter:data2\" content=\"3 minutes\" \/>\n<script type=\"application\/ld+json\" class=\"yoast-schema-graph\">{\"@context\":\"https:\\\/\\\/schema.org\",\"@graph\":[{\"@type\":\"NewsArticle\",\"@id\":\"http:\\\/\\\/www.marieclaire.fr\\\/podcasts-psycho-epanouissement-personnel%2c1266081.asp#article\",\"isPartOf\":{\"@id\":\"https:\\\/\\\/marieclaire.be\\\/fr\\\/podcasts-psycho\\\/\"},\"author\":{\"name\":\"Charlotte Deprez\",\"@id\":\"https:\\\/\\\/marieclaire.be\\\/fr\\\/#\\\/schema\\\/person\\\/0f2a2faab8a1cdf67c909271eb6dcb39\"},\"headline\":\"5 podcasts psycho pour s&#8217;\u00e9panouir au quotidien\",\"datePublished\":\"2020-06-12T06:59:25+00:00\",\"dateModified\":\"2020-06-12T08:31:12+00:00\",\"mainEntityOfPage\":{\"@id\":\"https:\\\/\\\/marieclaire.be\\\/fr\\\/podcasts-psycho\\\/\"},\"wordCount\":615,\"publisher\":{\"@id\":\"https:\\\/\\\/marieclaire.be\\\/fr\\\/#organization\"},\"image\":{\"@id\":\"http:\\\/\\\/www.marieclaire.fr\\\/podcasts-psycho-epanouissement-personnel%2c1266081.asp#primaryimage\"},\"thumbnailUrl\":\"https:\\\/\\\/marieclaire.be\\\/fr\\\/wp-content\\\/uploads\\\/2018\\\/05\\\/marieclaire_podcasts_psycho_horiz.png\",\"keywords\":[\"podcast\",\"psycho\"],\"articleSection\":[\"Psycho\",\"Sant\u00e9\"],\"inLanguage\":\"fr-FR\"},{\"@type\":\"WebPage\",\"@id\":\"https:\\\/\\\/marieclaire.be\\\/fr\\\/podcasts-psycho\\\/\",\"url\":\"http:\\\/\\\/www.marieclaire.fr\\\/podcasts-psycho-epanouissement-personnel%2c1266081.asp\",\"name\":\"5 podcasts psycho pour s'\u00e9panouir au quotidien - Marie Claire Belgique\",\"isPartOf\":{\"@id\":\"https:\\\/\\\/marieclaire.be\\\/fr\\\/#website\"},\"primaryImageOfPage\":{\"@id\":\"http:\\\/\\\/www.marieclaire.fr\\\/podcasts-psycho-epanouissement-personnel%2c1266081.asp#primaryimage\"},\"image\":{\"@id\":\"http:\\\/\\\/www.marieclaire.fr\\\/podcasts-psycho-epanouissement-personnel%2c1266081.asp#primaryimage\"},\"thumbnailUrl\":\"https:\\\/\\\/marieclaire.be\\\/fr\\\/wp-content\\\/uploads\\\/2018\\\/05\\\/marieclaire_podcasts_psycho_horiz.png\",\"datePublished\":\"2020-06-12T06:59:25+00:00\",\"dateModified\":\"2020-06-12T08:31:12+00:00\",\"description\":\"\u00c9panouissement, productivit\u00e9, r\u00e9ussite ou organisation : voici une liste non exhaustive de podcasts psycho et d\u00e9veloppement personnel.\",\"inLanguage\":\"fr-FR\",\"potentialAction\":[{\"@type\":\"ReadAction\",\"target\":[\"http:\\\/\\\/www.marieclaire.fr\\\/podcasts-psycho-epanouissement-personnel%2c1266081.asp\"]}]},{\"@type\":\"ImageObject\",\"inLanguage\":\"fr-FR\",\"@id\":\"http:\\\/\\\/www.marieclaire.fr\\\/podcasts-psycho-epanouissement-personnel%2c1266081.asp#primaryimage\",\"url\":\"https:\\\/\\\/marieclaire.be\\\/fr\\\/wp-content\\\/uploads\\\/2018\\\/05\\\/marieclaire_podcasts_psycho_horiz.png\",\"contentUrl\":\"https:\\\/\\\/marieclaire.be\\\/fr\\\/wp-content\\\/uploads\\\/2018\\\/05\\\/marieclaire_podcasts_psycho_horiz.png\",\"width\":1280,\"height\":670,\"caption\":\"Getty Images\"},{\"@type\":\"WebSite\",\"@id\":\"https:\\\/\\\/marieclaire.be\\\/fr\\\/#website\",\"url\":\"https:\\\/\\\/marieclaire.be\\\/fr\\\/\",\"name\":\"Marie Claire Belgique\",\"description\":\"Marie Claire Belgique, le magazine du style et de l\u2019intelligence qui parle de mode, des tendances, de la beaut\u00e9, de l\u2019actualit\u00e9 et de la culture\",\"publisher\":{\"@id\":\"https:\\\/\\\/marieclaire.be\\\/fr\\\/#organization\"},\"potentialAction\":[{\"@type\":\"SearchAction\",\"target\":{\"@type\":\"EntryPoint\",\"urlTemplate\":\"https:\\\/\\\/marieclaire.be\\\/fr\\\/?s={search_term_string}\"},\"query-input\":{\"@type\":\"PropertyValueSpecification\",\"valueRequired\":true,\"valueName\":\"search_term_string\"}}],\"inLanguage\":\"fr-FR\"},{\"@type\":\"Organization\",\"@id\":\"https:\\\/\\\/marieclaire.be\\\/fr\\\/#organization\",\"name\":\"Marie Claire\",\"url\":\"https:\\\/\\\/marieclaire.be\\\/fr\\\/\",\"logo\":{\"@type\":\"ImageObject\",\"inLanguage\":\"fr-FR\",\"@id\":\"https:\\\/\\\/marieclaire.be\\\/fr\\\/#\\\/schema\\\/logo\\\/image\\\/\",\"url\":\"https:\\\/\\\/marieclaire.be\\\/fr\\\/wp-content\\\/uploads\\\/2018\\\/05\\\/mc-logo2.png\",\"contentUrl\":\"https:\\\/\\\/marieclaire.be\\\/fr\\\/wp-content\\\/uploads\\\/2018\\\/05\\\/mc-logo2.png\",\"width\":1001,\"height\":189,\"caption\":\"Marie Claire\"},\"image\":{\"@id\":\"https:\\\/\\\/marieclaire.be\\\/fr\\\/#\\\/schema\\\/logo\\\/image\\\/\"},\"sameAs\":[\"https:\\\/\\\/www.facebook.com\\\/MarieClaire.Belgique\\\/\",\"https:\\\/\\\/www.instagram.com\\\/marieclaire_belgique\\\/\",\"https:\\\/\\\/fr.pinterest.com\\\/marieclairebe\\\/\",\"https:\\\/\\\/www.youtube.com\\\/user\\\/BelgiumMarieClaire\"]},{\"@type\":\"Person\",\"@id\":\"https:\\\/\\\/marieclaire.be\\\/fr\\\/#\\\/schema\\\/person\\\/0f2a2faab8a1cdf67c909271eb6dcb39\",\"name\":\"Charlotte Deprez\",\"image\":{\"@type\":\"ImageObject\",\"inLanguage\":\"fr-FR\",\"@id\":\"https:\\\/\\\/marieclaire.be\\\/fr\\\/wp-content\\\/uploads\\\/2019\\\/09\\\/charlotte_deprez-96x96.jpg\",\"url\":\"https:\\\/\\\/marieclaire.be\\\/fr\\\/wp-content\\\/uploads\\\/2019\\\/09\\\/charlotte_deprez-96x96.jpg\",\"contentUrl\":\"https:\\\/\\\/marieclaire.be\\\/fr\\\/wp-content\\\/uploads\\\/2019\\\/09\\\/charlotte_deprez-96x96.jpg\",\"caption\":\"Charlotte Deprez\"},\"description\":\"Foodie assum\u00e9e, obs\u00e9d\u00e9e par les voyages, la photographie et la tech, toujours \u00e0 l'aff\u00fbt de la derni\u00e8re tendance Instagram qui va r\u00e9volutionner le monde.\",\"sameAs\":[\"http:\\\/\\\/www.thetinynomad.com\",\"https:\\\/\\\/www.instagram.com\\\/thetinynomad\",\"https:\\\/\\\/be.linkedin.com\\\/in\\\/charlottedeprez\",\"https:\\\/\\\/fr.pinterest.com\\\/chadeprez\\\/\",\"https:\\\/\\\/x.com\\\/chadeprez\"],\"url\":\"https:\\\/\\\/marieclaire.be\\\/fr\\\/author\\\/charlotte\\\/\"}]}<\/script>\n<!-- \/ Yoast SEO plugin. -->","yoast_head_json":{"title":"5 podcasts psycho pour s'\u00e9panouir au quotidien - Marie Claire Belgique","description":"\u00c9panouissement, productivit\u00e9, r\u00e9ussite ou organisation : voici une liste non exhaustive de podcasts psycho et d\u00e9veloppement personnel.","robots":{"index":"index","follow":"follow","max-snippet":"max-snippet:-1","max-image-preview":"max-image-preview:large","max-video-preview":"max-video-preview:-1"},"canonical":"http:\/\/www.marieclaire.fr\/podcasts-psycho-epanouissement-personnel,1266081.asp","next":"https:\/\/marieclaire.be\/fr\/podcasts-psycho\/2\/","og_locale":"fr_FR","og_type":"article","og_title":"5 podcasts psycho pour s'\u00e9panouir au quotidien - Marie Claire Belgique","og_description":"\u00c9panouissement, productivit\u00e9, r\u00e9ussite ou organisation : voici une liste non exhaustive de podcasts psycho et d\u00e9veloppement personnel.","og_url":"http:\/\/www.marieclaire.fr\/podcasts-psycho-epanouissement-personnel,1266081.asp","og_site_name":"Marie Claire Belgique","article_publisher":"https:\/\/www.facebook.com\/MarieClaire.Belgique\/","article_published_time":"2020-06-12T06:59:25+00:00","article_modified_time":"2020-06-12T08:31:12+00:00","og_image":[{"width":1280,"height":670,"url":"https:\/\/marieclaire.be\/fr\/wp-content\/uploads\/2018\/05\/marieclaire_podcasts_psycho_horiz.png","type":"image\/png"}],"author":"Charlotte Deprez","twitter_misc":{"\u00c9crit par":"Charlotte Deprez","Dur\u00e9e de lecture estim\u00e9e":"3 minutes"},"schema":{"@context":"https:\/\/schema.org","@graph":[{"@type":"NewsArticle","@id":"http:\/\/www.marieclaire.fr\/podcasts-psycho-epanouissement-personnel%2c1266081.asp#article","isPartOf":{"@id":"https:\/\/marieclaire.be\/fr\/podcasts-psycho\/"},"author":{"name":"Charlotte Deprez","@id":"https:\/\/marieclaire.be\/fr\/#\/schema\/person\/0f2a2faab8a1cdf67c909271eb6dcb39"},"headline":"5 podcasts psycho pour s&#8217;\u00e9panouir au quotidien","datePublished":"2020-06-12T06:59:25+00:00","dateModified":"2020-06-12T08:31:12+00:00","mainEntityOfPage":{"@id":"https:\/\/marieclaire.be\/fr\/podcasts-psycho\/"},"wordCount":615,"publisher":{"@id":"https:\/\/marieclaire.be\/fr\/#organization"},"image":{"@id":"http:\/\/www.marieclaire.fr\/podcasts-psycho-epanouissement-personnel%2c1266081.asp#primaryimage"},"thumbnailUrl":"https:\/\/marieclaire.be\/fr\/wp-content\/uploads\/2018\/05\/marieclaire_podcasts_psycho_horiz.png","keywords":["podcast","psycho"],"articleSection":["Psycho","Sant\u00e9"],"inLanguage":"fr-FR"},{"@type":"WebPage","@id":"https:\/\/marieclaire.be\/fr\/podcasts-psycho\/","url":"http:\/\/www.marieclaire.fr\/podcasts-psycho-epanouissement-personnel%2c1266081.asp","name":"5 podcasts psycho pour s'\u00e9panouir au quotidien - Marie Claire Belgique","isPartOf":{"@id":"https:\/\/marieclaire.be\/fr\/#website"},"primaryImageOfPage":{"@id":"http:\/\/www.marieclaire.fr\/podcasts-psycho-epanouissement-personnel%2c1266081.asp#primaryimage"},"image":{"@id":"http:\/\/www.marieclaire.fr\/podcasts-psycho-epanouissement-personnel%2c1266081.asp#primaryimage"},"thumbnailUrl":"https:\/\/marieclaire.be\/fr\/wp-content\/uploads\/2018\/05\/marieclaire_podcasts_psycho_horiz.png","datePublished":"2020-06-12T06:59:25+00:00","dateModified":"2020-06-12T08:31:12+00:00","description":"\u00c9panouissement, productivit\u00e9, r\u00e9ussite ou organisation : voici une liste non exhaustive de podcasts psycho et d\u00e9veloppement personnel.","inLanguage":"fr-FR","potentialAction":[{"@type":"ReadAction","target":["http:\/\/www.marieclaire.fr\/podcasts-psycho-epanouissement-personnel%2c1266081.asp"]}]},{"@type":"ImageObject","inLanguage":"fr-FR","@id":"http:\/\/www.marieclaire.fr\/podcasts-psycho-epanouissement-personnel%2c1266081.asp#primaryimage","url":"https:\/\/marieclaire.be\/fr\/wp-content\/uploads\/2018\/05\/marieclaire_podcasts_psycho_horiz.png","contentUrl":"https:\/\/marieclaire.be\/fr\/wp-content\/uploads\/2018\/05\/marieclaire_podcasts_psycho_horiz.png","width":1280,"height":670,"caption":"Getty Images"},{"@type":"WebSite","@id":"https:\/\/marieclaire.be\/fr\/#website","url":"https:\/\/marieclaire.be\/fr\/","name":"Marie Claire Belgique","description":"Marie Claire Belgique, le magazine du style et de l\u2019intelligence qui parle de mode, des tendances, de la beaut\u00e9, de l\u2019actualit\u00e9 et de la culture","publisher":{"@id":"https:\/\/marieclaire.be\/fr\/#organization"},"potentialAction":[{"@type":"SearchAction","target":{"@type":"EntryPoint","urlTemplate":"https:\/\/marieclaire.be\/fr\/?s={search_term_string}"},"query-input":{"@type":"PropertyValueSpecification","valueRequired":true,"valueName":"search_term_string"}}],"inLanguage":"fr-FR"},{"@type":"Organization","@id":"https:\/\/marieclaire.be\/fr\/#organization","name":"Marie Claire","url":"https:\/\/marieclaire.be\/fr\/","logo":{"@type":"ImageObject","inLanguage":"fr-FR","@id":"https:\/\/marieclaire.be\/fr\/#\/schema\/logo\/image\/","url":"https:\/\/marieclaire.be\/fr\/wp-content\/uploads\/2018\/05\/mc-logo2.png","contentUrl":"https:\/\/marieclaire.be\/fr\/wp-content\/uploads\/2018\/05\/mc-logo2.png","width":1001,"height":189,"caption":"Marie Claire"},"image":{"@id":"https:\/\/marieclaire.be\/fr\/#\/schema\/logo\/image\/"},"sameAs":["https:\/\/www.facebook.com\/MarieClaire.Belgique\/","https:\/\/www.instagram.com\/marieclaire_belgique\/","https:\/\/fr.pinterest.com\/marieclairebe\/","https:\/\/www.youtube.com\/user\/BelgiumMarieClaire"]},{"@type":"Person","@id":"https:\/\/marieclaire.be\/fr\/#\/schema\/person\/0f2a2faab8a1cdf67c909271eb6dcb39","name":"Charlotte Deprez","image":{"@type":"ImageObject","inLanguage":"fr-FR","@id":"https:\/\/marieclaire.be\/fr\/wp-content\/uploads\/2019\/09\/charlotte_deprez-96x96.jpg","url":"https:\/\/marieclaire.be\/fr\/wp-content\/uploads\/2019\/09\/charlotte_deprez-96x96.jpg","contentUrl":"https:\/\/marieclaire.be\/fr\/wp-content\/uploads\/2019\/09\/charlotte_deprez-96x96.jpg","caption":"Charlotte Deprez"},"description":"Foodie assum\u00e9e, obs\u00e9d\u00e9e par les voyages, la photographie et la tech, toujours \u00e0 l'aff\u00fbt de la derni\u00e8re tendance Instagram qui va r\u00e9volutionner le monde.","sameAs":["http:\/\/www.thetinynomad.com","https:\/\/www.instagram.com\/thetinynomad","https:\/\/be.linkedin.com\/in\/charlottedeprez","https:\/\/fr.pinterest.com\/chadeprez\/","https:\/\/x.com\/chadeprez"],"url":"https:\/\/marieclaire.be\/fr\/author\/charlotte\/"}]}},"_links":{"self":[{"href":"https:\/\/marieclaire.be\/fr\/wp-json\/wp\/v2\/posts\/46624","targetHints":{"allow":["GET"]}}],"collection":[{"href":"https:\/\/marieclaire.be\/fr\/wp-json\/wp\/v2\/posts"}],"about":[{"href":"https:\/\/marieclaire.be\/fr\/wp-json\/wp\/v2\/types\/post"}],"author":[{"embeddable":true,"href":"https:\/\/marieclaire.be\/fr\/wp-json\/wp\/v2\/users\/19"}],"replies":[{"embeddable":true,"href":"https:\/\/marieclaire.be\/fr\/wp-json\/wp\/v2\/comments?post=46624"}],"version-history":[{"count":2,"href":"https:\/\/marieclaire.be\/fr\/wp-json\/wp\/v2\/posts\/46624\/revisions"}],"predecessor-version":[{"id":93608,"href":"https:\/\/marieclaire.be\/fr\/wp-json\/wp\/v2\/posts\/46624\/revisions\/93608"}],"wp:featuredmedia":[{"embeddable":true,"href":"https:\/\/marieclaire.be\/fr\/wp-json\/wp\/v2\/media\/93606"}],"wp:attachment":[{"href":"https:\/\/marieclaire.be\/fr\/wp-json\/wp\/v2\/media?parent=46624"}],"wp:term":[{"taxonomy":"category","embeddable":true,"href":"https:\/\/marieclaire.be\/fr\/wp-json\/wp\/v2\/categories?post=46624"},{"taxonomy":"post_tag","embeddable":true,"href":"https:\/\/marieclaire.be\/fr\/wp-json\/wp\/v2\/tags?post=46624"}],"curies":[{"name":"wp","href":"https:\/\/api.w.org\/{rel}","templated":true}]}}