{"id":46433,"date":"2018-05-20T09:03:31","date_gmt":"2018-05-20T07:03:31","guid":{"rendered":"http:\/\/marieclaire.be\/fr\/?p=46433"},"modified":"2018-06-01T10:34:09","modified_gmt":"2018-06-01T08:34:09","slug":"stress","status":"publish","type":"post","link":"https:\/\/marieclaire.be\/fr\/stress\/","title":{"rendered":"Faites de votre stress\u2026 un alli\u00e9 !"},"content":{"rendered":"","protected":false},"excerpt":{"rendered":"\u00c0 l&#8217;heure o\u00f9 le burn out apparait comme la nouvelle maladie du si\u00e8cle, et le stress comme principal facteur \u00e0 notre notre mal-\u00eatre, il est temps de refaire un point sur la place et le r\u00f4le de ce dernier: celui de nous alerter.","protected":false},"author":7,"featured_media":46434,"comment_status":"closed","ping_status":"closed","sticky":false,"template":"","format":"standard","meta":{"_acf_changed":false,"footnotes":""},"categories":[73,1433],"tags":[3895,1221,3230,3893,834,3896,2267,3894],"class_list":["post-46433","post","type-post","status-publish","format-standard","has-post-thumbnail","hentry","category-psycho","category-sante","tag-allie","tag-bien-etre","tag-burn-out","tag-patrick-collignon","tag-psycho","tag-serenite","tag-stress","tag-tensions"],"acf":[],"_yoast_wpseo_title":null,"_yoast_wpseo_metadesc":"Le stress apparait comme principal facteur de notre notre mal-\u00eatre. Il est temps de refaire un point sur la place et le r\u00f4le de ce dernier: celui de nous alerter. Explications.","image_verticale":null,"yoast_head":"<!-- This site is optimized with the Yoast SEO plugin v27.3 - https:\/\/yoast.com\/product\/yoast-seo-wordpress\/ -->\n<title>Faites de votre stress\u2026 un alli\u00e9 ! - Marie Claire Belgique<\/title>\n<meta name=\"description\" content=\"Le stress apparait comme principal facteur de notre notre mal-\u00eatre. Il est temps de refaire un point sur la place et le r\u00f4le de ce dernier: celui de nous alerter. Explications.\" \/>\n<meta name=\"robots\" content=\"index, follow, max-snippet:-1, max-image-preview:large, max-video-preview:-1\" \/>\n<link rel=\"canonical\" href=\"https:\/\/marieclaire.be\/fr\/stress\/\" \/>\n<meta property=\"og:locale\" content=\"fr_FR\" \/>\n<meta property=\"og:type\" content=\"article\" \/>\n<meta property=\"og:title\" content=\"Faites de votre stress\u2026 un alli\u00e9 ! - Marie Claire Belgique\" \/>\n<meta property=\"og:description\" content=\"Le stress apparait comme principal facteur de notre notre mal-\u00eatre. Il est temps de refaire un point sur la place et le r\u00f4le de ce dernier: celui de nous alerter. Explications.\" \/>\n<meta property=\"og:url\" content=\"https:\/\/marieclaire.be\/fr\/stress\/\" \/>\n<meta property=\"og:site_name\" content=\"Marie Claire Belgique\" \/>\n<meta property=\"article:publisher\" content=\"https:\/\/www.facebook.com\/MarieClaire.Belgique\/\" \/>\n<meta property=\"article:published_time\" content=\"2018-05-20T07:03:31+00:00\" \/>\n<meta property=\"article:modified_time\" content=\"2018-06-01T08:34:09+00:00\" \/>\n<meta property=\"og:image\" content=\"https:\/\/marieclaire.be\/fr\/wp-content\/uploads\/2018\/05\/marie_claire_stress.jpg\" \/>\n\t<meta property=\"og:image:width\" content=\"1050\" \/>\n\t<meta property=\"og:image:height\" content=\"551\" \/>\n\t<meta property=\"og:image:type\" content=\"image\/jpeg\" \/>\n<meta name=\"author\" content=\"Valentine Van Gestel\" \/>\n<meta name=\"twitter:label1\" content=\"\u00c9crit par\" \/>\n\t<meta name=\"twitter:data1\" content=\"Valentine Van Gestel\" \/>\n\t<meta name=\"twitter:label2\" content=\"Dur\u00e9e de lecture estim\u00e9e\" \/>\n\t<meta name=\"twitter:data2\" content=\"4 minutes\" \/>\n<script type=\"application\/ld+json\" class=\"yoast-schema-graph\">{\"@context\":\"https:\\\/\\\/schema.org\",\"@graph\":[{\"@type\":\"NewsArticle\",\"@id\":\"https:\\\/\\\/marieclaire.be\\\/fr\\\/stress\\\/#article\",\"isPartOf\":{\"@id\":\"https:\\\/\\\/marieclaire.be\\\/fr\\\/stress\\\/\"},\"author\":{\"name\":\"Valentine Van Gestel\",\"@id\":\"https:\\\/\\\/marieclaire.be\\\/fr\\\/#\\\/schema\\\/person\\\/1c062fa509f6b9b0e842535bdbe82e6f\"},\"headline\":\"Faites de votre stress\u2026 un alli\u00e9 !\",\"datePublished\":\"2018-05-20T07:03:31+00:00\",\"dateModified\":\"2018-06-01T08:34:09+00:00\",\"mainEntityOfPage\":{\"@id\":\"https:\\\/\\\/marieclaire.be\\\/fr\\\/stress\\\/\"},\"wordCount\":824,\"publisher\":{\"@id\":\"https:\\\/\\\/marieclaire.be\\\/fr\\\/#organization\"},\"image\":{\"@id\":\"https:\\\/\\\/marieclaire.be\\\/fr\\\/stress\\\/#primaryimage\"},\"thumbnailUrl\":\"https:\\\/\\\/marieclaire.be\\\/fr\\\/wp-content\\\/uploads\\\/2018\\\/05\\\/marie_claire_stress.jpg\",\"keywords\":[\"alli\u00e9\",\"bien-\u00eatre\",\"burn-out\",\"Patrick Collignon\",\"psycho\",\"s\u00e9r\u00e9nit\u00e9\",\"stress\",\"tensions\"],\"articleSection\":[\"Psycho\",\"Sant\u00e9\"],\"inLanguage\":\"fr-FR\"},{\"@type\":\"WebPage\",\"@id\":\"https:\\\/\\\/marieclaire.be\\\/fr\\\/stress\\\/\",\"url\":\"https:\\\/\\\/marieclaire.be\\\/fr\\\/stress\\\/\",\"name\":\"Faites de votre stress\u2026 un alli\u00e9 ! - Marie Claire Belgique\",\"isPartOf\":{\"@id\":\"https:\\\/\\\/marieclaire.be\\\/fr\\\/#website\"},\"primaryImageOfPage\":{\"@id\":\"https:\\\/\\\/marieclaire.be\\\/fr\\\/stress\\\/#primaryimage\"},\"image\":{\"@id\":\"https:\\\/\\\/marieclaire.be\\\/fr\\\/stress\\\/#primaryimage\"},\"thumbnailUrl\":\"https:\\\/\\\/marieclaire.be\\\/fr\\\/wp-content\\\/uploads\\\/2018\\\/05\\\/marie_claire_stress.jpg\",\"datePublished\":\"2018-05-20T07:03:31+00:00\",\"dateModified\":\"2018-06-01T08:34:09+00:00\",\"description\":\"Le stress apparait comme principal facteur de notre notre mal-\u00eatre. Il est temps de refaire un point sur la place et le r\u00f4le de ce dernier: celui de nous alerter. Explications.\",\"breadcrumb\":{\"@id\":\"https:\\\/\\\/marieclaire.be\\\/fr\\\/stress\\\/#breadcrumb\"},\"inLanguage\":\"fr-FR\",\"potentialAction\":[{\"@type\":\"ReadAction\",\"target\":[\"https:\\\/\\\/marieclaire.be\\\/fr\\\/stress\\\/\"]}]},{\"@type\":\"ImageObject\",\"inLanguage\":\"fr-FR\",\"@id\":\"https:\\\/\\\/marieclaire.be\\\/fr\\\/stress\\\/#primaryimage\",\"url\":\"https:\\\/\\\/marieclaire.be\\\/fr\\\/wp-content\\\/uploads\\\/2018\\\/05\\\/marie_claire_stress.jpg\",\"contentUrl\":\"https:\\\/\\\/marieclaire.be\\\/fr\\\/wp-content\\\/uploads\\\/2018\\\/05\\\/marie_claire_stress.jpg\",\"width\":1050,\"height\":551,\"caption\":\"\u00a9 Carson Arias sur Unsplash\"},{\"@type\":\"BreadcrumbList\",\"@id\":\"https:\\\/\\\/marieclaire.be\\\/fr\\\/stress\\\/#breadcrumb\",\"itemListElement\":[{\"@type\":\"ListItem\",\"position\":1,\"name\":\"Accueil\",\"item\":\"https:\\\/\\\/marieclaire.be\\\/fr\\\/\"},{\"@type\":\"ListItem\",\"position\":2,\"name\":\"Faites de votre stress\u2026 un alli\u00e9 !\"}]},{\"@type\":\"WebSite\",\"@id\":\"https:\\\/\\\/marieclaire.be\\\/fr\\\/#website\",\"url\":\"https:\\\/\\\/marieclaire.be\\\/fr\\\/\",\"name\":\"Marie Claire Belgique\",\"description\":\"Marie Claire Belgique, le magazine du style et de l\u2019intelligence qui parle de mode, des tendances, de la beaut\u00e9, de l\u2019actualit\u00e9 et de la culture\",\"publisher\":{\"@id\":\"https:\\\/\\\/marieclaire.be\\\/fr\\\/#organization\"},\"potentialAction\":[{\"@type\":\"SearchAction\",\"target\":{\"@type\":\"EntryPoint\",\"urlTemplate\":\"https:\\\/\\\/marieclaire.be\\\/fr\\\/?s={search_term_string}\"},\"query-input\":{\"@type\":\"PropertyValueSpecification\",\"valueRequired\":true,\"valueName\":\"search_term_string\"}}],\"inLanguage\":\"fr-FR\"},{\"@type\":\"Organization\",\"@id\":\"https:\\\/\\\/marieclaire.be\\\/fr\\\/#organization\",\"name\":\"Marie Claire\",\"url\":\"https:\\\/\\\/marieclaire.be\\\/fr\\\/\",\"logo\":{\"@type\":\"ImageObject\",\"inLanguage\":\"fr-FR\",\"@id\":\"https:\\\/\\\/marieclaire.be\\\/fr\\\/#\\\/schema\\\/logo\\\/image\\\/\",\"url\":\"https:\\\/\\\/marieclaire.be\\\/fr\\\/wp-content\\\/uploads\\\/2018\\\/05\\\/mc-logo2.png\",\"contentUrl\":\"https:\\\/\\\/marieclaire.be\\\/fr\\\/wp-content\\\/uploads\\\/2018\\\/05\\\/mc-logo2.png\",\"width\":1001,\"height\":189,\"caption\":\"Marie Claire\"},\"image\":{\"@id\":\"https:\\\/\\\/marieclaire.be\\\/fr\\\/#\\\/schema\\\/logo\\\/image\\\/\"},\"sameAs\":[\"https:\\\/\\\/www.facebook.com\\\/MarieClaire.Belgique\\\/\",\"https:\\\/\\\/www.instagram.com\\\/marieclaire_belgique\\\/\",\"https:\\\/\\\/fr.pinterest.com\\\/marieclairebe\\\/\",\"https:\\\/\\\/www.youtube.com\\\/user\\\/BelgiumMarieClaire\"]},{\"@type\":\"Person\",\"@id\":\"https:\\\/\\\/marieclaire.be\\\/fr\\\/#\\\/schema\\\/person\\\/1c062fa509f6b9b0e842535bdbe82e6f\",\"name\":\"Valentine Van Gestel\",\"image\":{\"@type\":\"ImageObject\",\"inLanguage\":\"fr-FR\",\"@id\":\"https:\\\/\\\/marieclaire.be\\\/fr\\\/wp-content\\\/uploads\\\/2016\\\/11\\\/Valentine1-96x96.jpg\",\"url\":\"https:\\\/\\\/marieclaire.be\\\/fr\\\/wp-content\\\/uploads\\\/2016\\\/11\\\/Valentine1-96x96.jpg\",\"contentUrl\":\"https:\\\/\\\/marieclaire.be\\\/fr\\\/wp-content\\\/uploads\\\/2016\\\/11\\\/Valentine1-96x96.jpg\",\"caption\":\"Valentine Van Gestel\"},\"description\":\"Amoureuse de la diversit\u00e9, \u00e9ternelle gourmande, tendre passionn\u00e9e et maman curieuse et imparfaite, je partage avec enthousiasme mes d\u00e9couvertes.\",\"url\":\"https:\\\/\\\/marieclaire.be\\\/fr\\\/author\\\/valentine\\\/\"}]}<\/script>\n<!-- \/ Yoast SEO plugin. -->","yoast_head_json":{"title":"Faites de votre stress\u2026 un alli\u00e9 ! - Marie Claire Belgique","description":"Le stress apparait comme principal facteur de notre notre mal-\u00eatre. Il est temps de refaire un point sur la place et le r\u00f4le de ce dernier: celui de nous alerter. Explications.","robots":{"index":"index","follow":"follow","max-snippet":"max-snippet:-1","max-image-preview":"max-image-preview:large","max-video-preview":"max-video-preview:-1"},"canonical":"https:\/\/marieclaire.be\/fr\/stress\/","og_locale":"fr_FR","og_type":"article","og_title":"Faites de votre stress\u2026 un alli\u00e9 ! - Marie Claire Belgique","og_description":"Le stress apparait comme principal facteur de notre notre mal-\u00eatre. Il est temps de refaire un point sur la place et le r\u00f4le de ce dernier: celui de nous alerter. Explications.","og_url":"https:\/\/marieclaire.be\/fr\/stress\/","og_site_name":"Marie Claire Belgique","article_publisher":"https:\/\/www.facebook.com\/MarieClaire.Belgique\/","article_published_time":"2018-05-20T07:03:31+00:00","article_modified_time":"2018-06-01T08:34:09+00:00","og_image":[{"width":1050,"height":551,"url":"https:\/\/marieclaire.be\/fr\/wp-content\/uploads\/2018\/05\/marie_claire_stress.jpg","type":"image\/jpeg"}],"author":"Valentine Van Gestel","twitter_misc":{"\u00c9crit par":"Valentine Van Gestel","Dur\u00e9e de lecture estim\u00e9e":"4 minutes"},"schema":{"@context":"https:\/\/schema.org","@graph":[{"@type":"NewsArticle","@id":"https:\/\/marieclaire.be\/fr\/stress\/#article","isPartOf":{"@id":"https:\/\/marieclaire.be\/fr\/stress\/"},"author":{"name":"Valentine Van Gestel","@id":"https:\/\/marieclaire.be\/fr\/#\/schema\/person\/1c062fa509f6b9b0e842535bdbe82e6f"},"headline":"Faites de votre stress\u2026 un alli\u00e9 !","datePublished":"2018-05-20T07:03:31+00:00","dateModified":"2018-06-01T08:34:09+00:00","mainEntityOfPage":{"@id":"https:\/\/marieclaire.be\/fr\/stress\/"},"wordCount":824,"publisher":{"@id":"https:\/\/marieclaire.be\/fr\/#organization"},"image":{"@id":"https:\/\/marieclaire.be\/fr\/stress\/#primaryimage"},"thumbnailUrl":"https:\/\/marieclaire.be\/fr\/wp-content\/uploads\/2018\/05\/marie_claire_stress.jpg","keywords":["alli\u00e9","bien-\u00eatre","burn-out","Patrick Collignon","psycho","s\u00e9r\u00e9nit\u00e9","stress","tensions"],"articleSection":["Psycho","Sant\u00e9"],"inLanguage":"fr-FR"},{"@type":"WebPage","@id":"https:\/\/marieclaire.be\/fr\/stress\/","url":"https:\/\/marieclaire.be\/fr\/stress\/","name":"Faites de votre stress\u2026 un alli\u00e9 ! - Marie Claire Belgique","isPartOf":{"@id":"https:\/\/marieclaire.be\/fr\/#website"},"primaryImageOfPage":{"@id":"https:\/\/marieclaire.be\/fr\/stress\/#primaryimage"},"image":{"@id":"https:\/\/marieclaire.be\/fr\/stress\/#primaryimage"},"thumbnailUrl":"https:\/\/marieclaire.be\/fr\/wp-content\/uploads\/2018\/05\/marie_claire_stress.jpg","datePublished":"2018-05-20T07:03:31+00:00","dateModified":"2018-06-01T08:34:09+00:00","description":"Le stress apparait comme principal facteur de notre notre mal-\u00eatre. Il est temps de refaire un point sur la place et le r\u00f4le de ce dernier: celui de nous alerter. Explications.","breadcrumb":{"@id":"https:\/\/marieclaire.be\/fr\/stress\/#breadcrumb"},"inLanguage":"fr-FR","potentialAction":[{"@type":"ReadAction","target":["https:\/\/marieclaire.be\/fr\/stress\/"]}]},{"@type":"ImageObject","inLanguage":"fr-FR","@id":"https:\/\/marieclaire.be\/fr\/stress\/#primaryimage","url":"https:\/\/marieclaire.be\/fr\/wp-content\/uploads\/2018\/05\/marie_claire_stress.jpg","contentUrl":"https:\/\/marieclaire.be\/fr\/wp-content\/uploads\/2018\/05\/marie_claire_stress.jpg","width":1050,"height":551,"caption":"\u00a9 Carson Arias sur Unsplash"},{"@type":"BreadcrumbList","@id":"https:\/\/marieclaire.be\/fr\/stress\/#breadcrumb","itemListElement":[{"@type":"ListItem","position":1,"name":"Accueil","item":"https:\/\/marieclaire.be\/fr\/"},{"@type":"ListItem","position":2,"name":"Faites de votre stress\u2026 un alli\u00e9 !"}]},{"@type":"WebSite","@id":"https:\/\/marieclaire.be\/fr\/#website","url":"https:\/\/marieclaire.be\/fr\/","name":"Marie Claire Belgique","description":"Marie Claire Belgique, le magazine du style et de l\u2019intelligence qui parle de mode, des tendances, de la beaut\u00e9, de l\u2019actualit\u00e9 et de la culture","publisher":{"@id":"https:\/\/marieclaire.be\/fr\/#organization"},"potentialAction":[{"@type":"SearchAction","target":{"@type":"EntryPoint","urlTemplate":"https:\/\/marieclaire.be\/fr\/?s={search_term_string}"},"query-input":{"@type":"PropertyValueSpecification","valueRequired":true,"valueName":"search_term_string"}}],"inLanguage":"fr-FR"},{"@type":"Organization","@id":"https:\/\/marieclaire.be\/fr\/#organization","name":"Marie Claire","url":"https:\/\/marieclaire.be\/fr\/","logo":{"@type":"ImageObject","inLanguage":"fr-FR","@id":"https:\/\/marieclaire.be\/fr\/#\/schema\/logo\/image\/","url":"https:\/\/marieclaire.be\/fr\/wp-content\/uploads\/2018\/05\/mc-logo2.png","contentUrl":"https:\/\/marieclaire.be\/fr\/wp-content\/uploads\/2018\/05\/mc-logo2.png","width":1001,"height":189,"caption":"Marie Claire"},"image":{"@id":"https:\/\/marieclaire.be\/fr\/#\/schema\/logo\/image\/"},"sameAs":["https:\/\/www.facebook.com\/MarieClaire.Belgique\/","https:\/\/www.instagram.com\/marieclaire_belgique\/","https:\/\/fr.pinterest.com\/marieclairebe\/","https:\/\/www.youtube.com\/user\/BelgiumMarieClaire"]},{"@type":"Person","@id":"https:\/\/marieclaire.be\/fr\/#\/schema\/person\/1c062fa509f6b9b0e842535bdbe82e6f","name":"Valentine Van Gestel","image":{"@type":"ImageObject","inLanguage":"fr-FR","@id":"https:\/\/marieclaire.be\/fr\/wp-content\/uploads\/2016\/11\/Valentine1-96x96.jpg","url":"https:\/\/marieclaire.be\/fr\/wp-content\/uploads\/2016\/11\/Valentine1-96x96.jpg","contentUrl":"https:\/\/marieclaire.be\/fr\/wp-content\/uploads\/2016\/11\/Valentine1-96x96.jpg","caption":"Valentine Van Gestel"},"description":"Amoureuse de la diversit\u00e9, \u00e9ternelle gourmande, tendre passionn\u00e9e et maman curieuse et imparfaite, je partage avec enthousiasme mes d\u00e9couvertes.","url":"https:\/\/marieclaire.be\/fr\/author\/valentine\/"}]}},"_links":{"self":[{"href":"https:\/\/marieclaire.be\/fr\/wp-json\/wp\/v2\/posts\/46433","targetHints":{"allow":["GET"]}}],"collection":[{"href":"https:\/\/marieclaire.be\/fr\/wp-json\/wp\/v2\/posts"}],"about":[{"href":"https:\/\/marieclaire.be\/fr\/wp-json\/wp\/v2\/types\/post"}],"author":[{"embeddable":true,"href":"https:\/\/marieclaire.be\/fr\/wp-json\/wp\/v2\/users\/7"}],"replies":[{"embeddable":true,"href":"https:\/\/marieclaire.be\/fr\/wp-json\/wp\/v2\/comments?post=46433"}],"version-history":[{"count":0,"href":"https:\/\/marieclaire.be\/fr\/wp-json\/wp\/v2\/posts\/46433\/revisions"}],"wp:featuredmedia":[{"embeddable":true,"href":"https:\/\/marieclaire.be\/fr\/wp-json\/wp\/v2\/media\/46434"}],"wp:attachment":[{"href":"https:\/\/marieclaire.be\/fr\/wp-json\/wp\/v2\/media?parent=46433"}],"wp:term":[{"taxonomy":"category","embeddable":true,"href":"https:\/\/marieclaire.be\/fr\/wp-json\/wp\/v2\/categories?post=46433"},{"taxonomy":"post_tag","embeddable":true,"href":"https:\/\/marieclaire.be\/fr\/wp-json\/wp\/v2\/tags?post=46433"}],"curies":[{"name":"wp","href":"https:\/\/api.w.org\/{rel}","templated":true}]}}