{"id":45332,"date":"2018-05-08T08:30:00","date_gmt":"2018-05-08T06:30:00","guid":{"rendered":"http:\/\/marieclaire.be\/fr\/?p=45332"},"modified":"2018-05-07T21:02:49","modified_gmt":"2018-05-07T19:02:49","slug":"3-raisons-consommer-fraise","status":"publish","type":"post","link":"https:\/\/marieclaire.be\/fr\/3-raisons-consommer-fraise\/","title":{"rendered":"3 bonnes raisons de consommer la fraise, le fruit du mois de mai"},"content":{"rendered":"","protected":false},"excerpt":{"rendered":"Le printemps a point\u00e9 le bout de son nez, l&#8217;occasion pour nous de v\u00e9rifier notre calendrier de fruits et l\u00e9gumes de saison et le moins que l&#8217;on puisse dire, c&#8217;est que le mois de mai est d\u00e9finitivement celui de la fraise, ce fruit \u00e0 la jolie robe rouge et au go\u00fbt \u00e0 la fois sucr\u00e9 et acidul\u00e9.","protected":false},"author":8,"featured_media":45599,"comment_status":"closed","ping_status":"closed","sticky":false,"template":"","format":"standard","meta":{"_acf_changed":false,"footnotes":""},"categories":[806,67],"tags":[3808,3809,916,653],"class_list":["post-45332","post","type-post","status-publish","format-standard","has-post-thumbnail","hentry","category-food","category-lifestyle","tag-fraise","tag-fruit","tag-printemps","tag-sante"],"acf":[],"_yoast_wpseo_title":null,"_yoast_wpseo_metadesc":"Le printemps a point\u00e9 le bout de son nez, l'occasion pour nous de v\u00e9rifier notre calendrier de fruits et l\u00e9gumes de saison et le moins que l'on puisse dire, c'est que le mois de mai est d\u00e9finitivement celui de la fraise, ce fruit \u00e0 la jolie robe rouge et au go\u00fbt \u00e0 la fois sucr\u00e9 et acidul\u00e9.\u00a0","image_verticale":null,"yoast_head":"<!-- This site is optimized with the Yoast SEO plugin v27.3 - https:\/\/yoast.com\/product\/yoast-seo-wordpress\/ -->\n<title>3 bonnes raisons de consommer la fraise, le fruit du mois de mai - Marie Claire Belgique<\/title>\n<meta name=\"description\" content=\"Le printemps a point\u00e9 le bout de son nez, l&#039;occasion pour nous de v\u00e9rifier notre calendrier de fruits et l\u00e9gumes de saison et le moins que l&#039;on puisse dire, c&#039;est que le mois de mai est d\u00e9finitivement celui de la fraise, ce fruit \u00e0 la jolie robe rouge et au go\u00fbt \u00e0 la fois sucr\u00e9 et acidul\u00e9.\u00a0\" \/>\n<meta name=\"robots\" content=\"index, follow, max-snippet:-1, max-image-preview:large, max-video-preview:-1\" \/>\n<link rel=\"canonical\" href=\"https:\/\/marieclaire.be\/fr\/3-raisons-consommer-fraise\/\" \/>\n<meta property=\"og:locale\" content=\"fr_FR\" \/>\n<meta property=\"og:type\" content=\"article\" \/>\n<meta property=\"og:title\" content=\"3 bonnes raisons de consommer la fraise, le fruit du mois de mai - Marie Claire Belgique\" \/>\n<meta property=\"og:description\" content=\"Le printemps a point\u00e9 le bout de son nez, l&#039;occasion pour nous de v\u00e9rifier notre calendrier de fruits et l\u00e9gumes de saison et le moins que l&#039;on puisse dire, c&#039;est que le mois de mai est d\u00e9finitivement celui de la fraise, ce fruit \u00e0 la jolie robe rouge et au go\u00fbt \u00e0 la fois sucr\u00e9 et acidul\u00e9.\u00a0\" \/>\n<meta property=\"og:url\" content=\"https:\/\/marieclaire.be\/fr\/3-raisons-consommer-fraise\/\" \/>\n<meta property=\"og:site_name\" content=\"Marie Claire Belgique\" \/>\n<meta property=\"article:publisher\" content=\"https:\/\/www.facebook.com\/MarieClaire.Belgique\/\" \/>\n<meta property=\"article:published_time\" content=\"2018-05-08T06:30:00+00:00\" \/>\n<meta property=\"og:image\" content=\"https:\/\/marieclaire.be\/fr\/wp-content\/uploads\/2018\/04\/marieclaire_fraises-1.png\" \/>\n\t<meta property=\"og:image:width\" content=\"1050\" \/>\n\t<meta property=\"og:image:height\" content=\"550\" \/>\n\t<meta property=\"og:image:type\" content=\"image\/png\" \/>\n<meta name=\"author\" content=\"Marie Claire\" \/>\n<meta name=\"twitter:label1\" content=\"\u00c9crit par\" \/>\n\t<meta name=\"twitter:data1\" content=\"Marie Claire\" \/>\n\t<meta name=\"twitter:label2\" content=\"Dur\u00e9e de lecture estim\u00e9e\" \/>\n\t<meta name=\"twitter:data2\" content=\"3 minutes\" \/>\n<script type=\"application\/ld+json\" class=\"yoast-schema-graph\">{\"@context\":\"https:\\\/\\\/schema.org\",\"@graph\":[{\"@type\":\"NewsArticle\",\"@id\":\"https:\\\/\\\/marieclaire.be\\\/fr\\\/3-raisons-consommer-fraise\\\/#article\",\"isPartOf\":{\"@id\":\"https:\\\/\\\/marieclaire.be\\\/fr\\\/3-raisons-consommer-fraise\\\/\"},\"author\":{\"name\":\"Marie Claire\",\"@id\":\"https:\\\/\\\/marieclaire.be\\\/fr\\\/#\\\/schema\\\/person\\\/6a5bc4eb4707dbc5cb47d17804a85f8c\"},\"headline\":\"3 bonnes raisons de consommer la fraise, le fruit du mois de mai\",\"datePublished\":\"2018-05-08T06:30:00+00:00\",\"mainEntityOfPage\":{\"@id\":\"https:\\\/\\\/marieclaire.be\\\/fr\\\/3-raisons-consommer-fraise\\\/\"},\"wordCount\":622,\"publisher\":{\"@id\":\"https:\\\/\\\/marieclaire.be\\\/fr\\\/#organization\"},\"image\":{\"@id\":\"https:\\\/\\\/marieclaire.be\\\/fr\\\/3-raisons-consommer-fraise\\\/#primaryimage\"},\"thumbnailUrl\":\"https:\\\/\\\/marieclaire.be\\\/fr\\\/wp-content\\\/uploads\\\/2018\\\/04\\\/marieclaire_fraises-1.png\",\"keywords\":[\"fraise\",\"fruit\",\"printemps\",\"sant\u00e9\"],\"articleSection\":[\"Food\",\"Lifestyle\"],\"inLanguage\":\"fr-FR\"},{\"@type\":\"WebPage\",\"@id\":\"https:\\\/\\\/marieclaire.be\\\/fr\\\/3-raisons-consommer-fraise\\\/\",\"url\":\"https:\\\/\\\/marieclaire.be\\\/fr\\\/3-raisons-consommer-fraise\\\/\",\"name\":\"3 bonnes raisons de consommer la fraise, le fruit du mois de mai - Marie Claire Belgique\",\"isPartOf\":{\"@id\":\"https:\\\/\\\/marieclaire.be\\\/fr\\\/#website\"},\"primaryImageOfPage\":{\"@id\":\"https:\\\/\\\/marieclaire.be\\\/fr\\\/3-raisons-consommer-fraise\\\/#primaryimage\"},\"image\":{\"@id\":\"https:\\\/\\\/marieclaire.be\\\/fr\\\/3-raisons-consommer-fraise\\\/#primaryimage\"},\"thumbnailUrl\":\"https:\\\/\\\/marieclaire.be\\\/fr\\\/wp-content\\\/uploads\\\/2018\\\/04\\\/marieclaire_fraises-1.png\",\"datePublished\":\"2018-05-08T06:30:00+00:00\",\"description\":\"Le printemps a point\u00e9 le bout de son nez, l'occasion pour nous de v\u00e9rifier notre calendrier de fruits et l\u00e9gumes de saison et le moins que l'on puisse dire, c'est que le mois de mai est d\u00e9finitivement celui de la fraise, ce fruit \u00e0 la jolie robe rouge et au go\u00fbt \u00e0 la fois sucr\u00e9 et acidul\u00e9.\u00a0\",\"breadcrumb\":{\"@id\":\"https:\\\/\\\/marieclaire.be\\\/fr\\\/3-raisons-consommer-fraise\\\/#breadcrumb\"},\"inLanguage\":\"fr-FR\",\"potentialAction\":[{\"@type\":\"ReadAction\",\"target\":[\"https:\\\/\\\/marieclaire.be\\\/fr\\\/3-raisons-consommer-fraise\\\/\"]}]},{\"@type\":\"ImageObject\",\"inLanguage\":\"fr-FR\",\"@id\":\"https:\\\/\\\/marieclaire.be\\\/fr\\\/3-raisons-consommer-fraise\\\/#primaryimage\",\"url\":\"https:\\\/\\\/marieclaire.be\\\/fr\\\/wp-content\\\/uploads\\\/2018\\\/04\\\/marieclaire_fraises-1.png\",\"contentUrl\":\"https:\\\/\\\/marieclaire.be\\\/fr\\\/wp-content\\\/uploads\\\/2018\\\/04\\\/marieclaire_fraises-1.png\",\"width\":1050,\"height\":550,\"caption\":\"Unsplash - Johnny Martinez\"},{\"@type\":\"BreadcrumbList\",\"@id\":\"https:\\\/\\\/marieclaire.be\\\/fr\\\/3-raisons-consommer-fraise\\\/#breadcrumb\",\"itemListElement\":[{\"@type\":\"ListItem\",\"position\":1,\"name\":\"Accueil\",\"item\":\"https:\\\/\\\/marieclaire.be\\\/fr\\\/\"},{\"@type\":\"ListItem\",\"position\":2,\"name\":\"3 bonnes raisons de consommer la fraise, le fruit du mois de mai\"}]},{\"@type\":\"WebSite\",\"@id\":\"https:\\\/\\\/marieclaire.be\\\/fr\\\/#website\",\"url\":\"https:\\\/\\\/marieclaire.be\\\/fr\\\/\",\"name\":\"Marie Claire Belgique\",\"description\":\"Marie Claire Belgique, le magazine du style et de l\u2019intelligence qui parle de mode, des tendances, de la beaut\u00e9, de l\u2019actualit\u00e9 et de la culture\",\"publisher\":{\"@id\":\"https:\\\/\\\/marieclaire.be\\\/fr\\\/#organization\"},\"potentialAction\":[{\"@type\":\"SearchAction\",\"target\":{\"@type\":\"EntryPoint\",\"urlTemplate\":\"https:\\\/\\\/marieclaire.be\\\/fr\\\/?s={search_term_string}\"},\"query-input\":{\"@type\":\"PropertyValueSpecification\",\"valueRequired\":true,\"valueName\":\"search_term_string\"}}],\"inLanguage\":\"fr-FR\"},{\"@type\":\"Organization\",\"@id\":\"https:\\\/\\\/marieclaire.be\\\/fr\\\/#organization\",\"name\":\"Marie Claire\",\"url\":\"https:\\\/\\\/marieclaire.be\\\/fr\\\/\",\"logo\":{\"@type\":\"ImageObject\",\"inLanguage\":\"fr-FR\",\"@id\":\"https:\\\/\\\/marieclaire.be\\\/fr\\\/#\\\/schema\\\/logo\\\/image\\\/\",\"url\":\"https:\\\/\\\/marieclaire.be\\\/fr\\\/wp-content\\\/uploads\\\/2018\\\/05\\\/mc-logo2.png\",\"contentUrl\":\"https:\\\/\\\/marieclaire.be\\\/fr\\\/wp-content\\\/uploads\\\/2018\\\/05\\\/mc-logo2.png\",\"width\":1001,\"height\":189,\"caption\":\"Marie Claire\"},\"image\":{\"@id\":\"https:\\\/\\\/marieclaire.be\\\/fr\\\/#\\\/schema\\\/logo\\\/image\\\/\"},\"sameAs\":[\"https:\\\/\\\/www.facebook.com\\\/MarieClaire.Belgique\\\/\",\"https:\\\/\\\/www.instagram.com\\\/marieclaire_belgique\\\/\",\"https:\\\/\\\/fr.pinterest.com\\\/marieclairebe\\\/\",\"https:\\\/\\\/www.youtube.com\\\/user\\\/BelgiumMarieClaire\"]},{\"@type\":\"Person\",\"@id\":\"https:\\\/\\\/marieclaire.be\\\/fr\\\/#\\\/schema\\\/person\\\/6a5bc4eb4707dbc5cb47d17804a85f8c\",\"name\":\"Marie Claire\",\"image\":{\"@type\":\"ImageObject\",\"inLanguage\":\"fr-FR\",\"@id\":\"https:\\\/\\\/marieclaire.be\\\/fr\\\/wp-content\\\/uploads\\\/2016\\\/11\\\/mclogo-96x96.jpg\",\"url\":\"https:\\\/\\\/marieclaire.be\\\/fr\\\/wp-content\\\/uploads\\\/2016\\\/11\\\/mclogo-96x96.jpg\",\"contentUrl\":\"https:\\\/\\\/marieclaire.be\\\/fr\\\/wp-content\\\/uploads\\\/2016\\\/11\\\/mclogo-96x96.jpg\",\"caption\":\"Marie Claire\"},\"url\":\"https:\\\/\\\/marieclaire.be\\\/fr\\\/author\\\/stagiaire\\\/\"}]}<\/script>\n<!-- \/ Yoast SEO plugin. -->","yoast_head_json":{"title":"3 bonnes raisons de consommer la fraise, le fruit du mois de mai - Marie Claire Belgique","description":"Le printemps a point\u00e9 le bout de son nez, l'occasion pour nous de v\u00e9rifier notre calendrier de fruits et l\u00e9gumes de saison et le moins que l'on puisse dire, c'est que le mois de mai est d\u00e9finitivement celui de la fraise, ce fruit \u00e0 la jolie robe rouge et au go\u00fbt \u00e0 la fois sucr\u00e9 et acidul\u00e9.\u00a0","robots":{"index":"index","follow":"follow","max-snippet":"max-snippet:-1","max-image-preview":"max-image-preview:large","max-video-preview":"max-video-preview:-1"},"canonical":"https:\/\/marieclaire.be\/fr\/3-raisons-consommer-fraise\/","og_locale":"fr_FR","og_type":"article","og_title":"3 bonnes raisons de consommer la fraise, le fruit du mois de mai - Marie Claire Belgique","og_description":"Le printemps a point\u00e9 le bout de son nez, l'occasion pour nous de v\u00e9rifier notre calendrier de fruits et l\u00e9gumes de saison et le moins que l'on puisse dire, c'est que le mois de mai est d\u00e9finitivement celui de la fraise, ce fruit \u00e0 la jolie robe rouge et au go\u00fbt \u00e0 la fois sucr\u00e9 et acidul\u00e9.\u00a0","og_url":"https:\/\/marieclaire.be\/fr\/3-raisons-consommer-fraise\/","og_site_name":"Marie Claire Belgique","article_publisher":"https:\/\/www.facebook.com\/MarieClaire.Belgique\/","article_published_time":"2018-05-08T06:30:00+00:00","og_image":[{"width":1050,"height":550,"url":"https:\/\/marieclaire.be\/fr\/wp-content\/uploads\/2018\/04\/marieclaire_fraises-1.png","type":"image\/png"}],"author":"Marie Claire","twitter_misc":{"\u00c9crit par":"Marie Claire","Dur\u00e9e de lecture estim\u00e9e":"3 minutes"},"schema":{"@context":"https:\/\/schema.org","@graph":[{"@type":"NewsArticle","@id":"https:\/\/marieclaire.be\/fr\/3-raisons-consommer-fraise\/#article","isPartOf":{"@id":"https:\/\/marieclaire.be\/fr\/3-raisons-consommer-fraise\/"},"author":{"name":"Marie Claire","@id":"https:\/\/marieclaire.be\/fr\/#\/schema\/person\/6a5bc4eb4707dbc5cb47d17804a85f8c"},"headline":"3 bonnes raisons de consommer la fraise, le fruit du mois de mai","datePublished":"2018-05-08T06:30:00+00:00","mainEntityOfPage":{"@id":"https:\/\/marieclaire.be\/fr\/3-raisons-consommer-fraise\/"},"wordCount":622,"publisher":{"@id":"https:\/\/marieclaire.be\/fr\/#organization"},"image":{"@id":"https:\/\/marieclaire.be\/fr\/3-raisons-consommer-fraise\/#primaryimage"},"thumbnailUrl":"https:\/\/marieclaire.be\/fr\/wp-content\/uploads\/2018\/04\/marieclaire_fraises-1.png","keywords":["fraise","fruit","printemps","sant\u00e9"],"articleSection":["Food","Lifestyle"],"inLanguage":"fr-FR"},{"@type":"WebPage","@id":"https:\/\/marieclaire.be\/fr\/3-raisons-consommer-fraise\/","url":"https:\/\/marieclaire.be\/fr\/3-raisons-consommer-fraise\/","name":"3 bonnes raisons de consommer la fraise, le fruit du mois de mai - Marie Claire Belgique","isPartOf":{"@id":"https:\/\/marieclaire.be\/fr\/#website"},"primaryImageOfPage":{"@id":"https:\/\/marieclaire.be\/fr\/3-raisons-consommer-fraise\/#primaryimage"},"image":{"@id":"https:\/\/marieclaire.be\/fr\/3-raisons-consommer-fraise\/#primaryimage"},"thumbnailUrl":"https:\/\/marieclaire.be\/fr\/wp-content\/uploads\/2018\/04\/marieclaire_fraises-1.png","datePublished":"2018-05-08T06:30:00+00:00","description":"Le printemps a point\u00e9 le bout de son nez, l'occasion pour nous de v\u00e9rifier notre calendrier de fruits et l\u00e9gumes de saison et le moins que l'on puisse dire, c'est que le mois de mai est d\u00e9finitivement celui de la fraise, ce fruit \u00e0 la jolie robe rouge et au go\u00fbt \u00e0 la fois sucr\u00e9 et acidul\u00e9.\u00a0","breadcrumb":{"@id":"https:\/\/marieclaire.be\/fr\/3-raisons-consommer-fraise\/#breadcrumb"},"inLanguage":"fr-FR","potentialAction":[{"@type":"ReadAction","target":["https:\/\/marieclaire.be\/fr\/3-raisons-consommer-fraise\/"]}]},{"@type":"ImageObject","inLanguage":"fr-FR","@id":"https:\/\/marieclaire.be\/fr\/3-raisons-consommer-fraise\/#primaryimage","url":"https:\/\/marieclaire.be\/fr\/wp-content\/uploads\/2018\/04\/marieclaire_fraises-1.png","contentUrl":"https:\/\/marieclaire.be\/fr\/wp-content\/uploads\/2018\/04\/marieclaire_fraises-1.png","width":1050,"height":550,"caption":"Unsplash - Johnny Martinez"},{"@type":"BreadcrumbList","@id":"https:\/\/marieclaire.be\/fr\/3-raisons-consommer-fraise\/#breadcrumb","itemListElement":[{"@type":"ListItem","position":1,"name":"Accueil","item":"https:\/\/marieclaire.be\/fr\/"},{"@type":"ListItem","position":2,"name":"3 bonnes raisons de consommer la fraise, le fruit du mois de mai"}]},{"@type":"WebSite","@id":"https:\/\/marieclaire.be\/fr\/#website","url":"https:\/\/marieclaire.be\/fr\/","name":"Marie Claire Belgique","description":"Marie Claire Belgique, le magazine du style et de l\u2019intelligence qui parle de mode, des tendances, de la beaut\u00e9, de l\u2019actualit\u00e9 et de la culture","publisher":{"@id":"https:\/\/marieclaire.be\/fr\/#organization"},"potentialAction":[{"@type":"SearchAction","target":{"@type":"EntryPoint","urlTemplate":"https:\/\/marieclaire.be\/fr\/?s={search_term_string}"},"query-input":{"@type":"PropertyValueSpecification","valueRequired":true,"valueName":"search_term_string"}}],"inLanguage":"fr-FR"},{"@type":"Organization","@id":"https:\/\/marieclaire.be\/fr\/#organization","name":"Marie Claire","url":"https:\/\/marieclaire.be\/fr\/","logo":{"@type":"ImageObject","inLanguage":"fr-FR","@id":"https:\/\/marieclaire.be\/fr\/#\/schema\/logo\/image\/","url":"https:\/\/marieclaire.be\/fr\/wp-content\/uploads\/2018\/05\/mc-logo2.png","contentUrl":"https:\/\/marieclaire.be\/fr\/wp-content\/uploads\/2018\/05\/mc-logo2.png","width":1001,"height":189,"caption":"Marie Claire"},"image":{"@id":"https:\/\/marieclaire.be\/fr\/#\/schema\/logo\/image\/"},"sameAs":["https:\/\/www.facebook.com\/MarieClaire.Belgique\/","https:\/\/www.instagram.com\/marieclaire_belgique\/","https:\/\/fr.pinterest.com\/marieclairebe\/","https:\/\/www.youtube.com\/user\/BelgiumMarieClaire"]},{"@type":"Person","@id":"https:\/\/marieclaire.be\/fr\/#\/schema\/person\/6a5bc4eb4707dbc5cb47d17804a85f8c","name":"Marie Claire","image":{"@type":"ImageObject","inLanguage":"fr-FR","@id":"https:\/\/marieclaire.be\/fr\/wp-content\/uploads\/2016\/11\/mclogo-96x96.jpg","url":"https:\/\/marieclaire.be\/fr\/wp-content\/uploads\/2016\/11\/mclogo-96x96.jpg","contentUrl":"https:\/\/marieclaire.be\/fr\/wp-content\/uploads\/2016\/11\/mclogo-96x96.jpg","caption":"Marie Claire"},"url":"https:\/\/marieclaire.be\/fr\/author\/stagiaire\/"}]}},"_links":{"self":[{"href":"https:\/\/marieclaire.be\/fr\/wp-json\/wp\/v2\/posts\/45332","targetHints":{"allow":["GET"]}}],"collection":[{"href":"https:\/\/marieclaire.be\/fr\/wp-json\/wp\/v2\/posts"}],"about":[{"href":"https:\/\/marieclaire.be\/fr\/wp-json\/wp\/v2\/types\/post"}],"author":[{"embeddable":true,"href":"https:\/\/marieclaire.be\/fr\/wp-json\/wp\/v2\/users\/8"}],"replies":[{"embeddable":true,"href":"https:\/\/marieclaire.be\/fr\/wp-json\/wp\/v2\/comments?post=45332"}],"version-history":[{"count":0,"href":"https:\/\/marieclaire.be\/fr\/wp-json\/wp\/v2\/posts\/45332\/revisions"}],"wp:featuredmedia":[{"embeddable":true,"href":"https:\/\/marieclaire.be\/fr\/wp-json\/wp\/v2\/media\/45599"}],"wp:attachment":[{"href":"https:\/\/marieclaire.be\/fr\/wp-json\/wp\/v2\/media?parent=45332"}],"wp:term":[{"taxonomy":"category","embeddable":true,"href":"https:\/\/marieclaire.be\/fr\/wp-json\/wp\/v2\/categories?post=45332"},{"taxonomy":"post_tag","embeddable":true,"href":"https:\/\/marieclaire.be\/fr\/wp-json\/wp\/v2\/tags?post=45332"}],"curies":[{"name":"wp","href":"https:\/\/api.w.org\/{rel}","templated":true}]}}