{"id":45202,"date":"2019-04-28T14:50:24","date_gmt":"2019-04-28T12:50:24","guid":{"rendered":"http:\/\/marieclaire.be\/fr\/?p=45202"},"modified":"2019-10-14T12:41:53","modified_gmt":"2019-10-14T10:41:53","slug":"objectif-belles-jambes","status":"publish","type":"post","link":"https:\/\/marieclaire.be\/fr\/objectif-belles-jambes\/","title":{"rendered":"Objectif belles jambes : tous les gestes pour sublimer nos gambettes"},"content":{"rendered":"","protected":false},"excerpt":{"rendered":"Avant de d\u00e9voiler nos jambes au grand jour, on met tout en \u0153uvre pour les sublimer. ...","protected":false},"author":8,"featured_media":45208,"comment_status":"closed","ping_status":"closed","sticky":false,"template":"","format":"standard","meta":{"_acf_changed":false,"footnotes":""},"categories":[7,20],"tags":[3045],"class_list":["post-45202","post","type-post","status-publish","format-standard","has-post-thumbnail","hentry","category-beaute","category-soins","tag-autobronzant"],"acf":[],"_yoast_wpseo_title":null,"_yoast_wpseo_metadesc":"Avant de d\u00e9voiler nos jambes au grand jour, on met tout en \u0153uvre pour les sublimer. D\u00e9couvrez notre plan d\u2019attaque.","image_verticale":null,"yoast_head":"<!-- This site is optimized with the Yoast SEO plugin v27.3 - https:\/\/yoast.com\/product\/yoast-seo-wordpress\/ -->\n<title>Objectif belles jambes : tous les gestes pour sublimer nos gambettes - Marie Claire Belgique<\/title>\n<meta name=\"description\" content=\"Avant de d\u00e9voiler nos jambes au grand jour, on met tout en \u0153uvre pour les sublimer. D\u00e9couvrez notre plan d\u2019attaque.\" \/>\n<meta name=\"robots\" content=\"index, follow, max-snippet:-1, max-image-preview:large, max-video-preview:-1\" \/>\n<link rel=\"canonical\" href=\"http:\/\/www.marieclaire.fr\/,belles-jambes-20-gestes-pour-les-sublimer,20144,482789.asp\" \/>\n<link rel=\"next\" href=\"https:\/\/marieclaire.be\/fr\/objectif-belles-jambes\/2\/\" \/>\n<meta property=\"og:locale\" content=\"fr_FR\" \/>\n<meta property=\"og:type\" content=\"article\" \/>\n<meta property=\"og:title\" content=\"Objectif belles jambes : tous les gestes pour sublimer nos gambettes - Marie Claire Belgique\" \/>\n<meta property=\"og:description\" content=\"Avant de d\u00e9voiler nos jambes au grand jour, on met tout en \u0153uvre pour les sublimer. D\u00e9couvrez notre plan d\u2019attaque.\" \/>\n<meta property=\"og:url\" content=\"http:\/\/www.marieclaire.fr\/,belles-jambes-20-gestes-pour-les-sublimer,20144,482789.asp\" \/>\n<meta property=\"og:site_name\" content=\"Marie Claire Belgique\" \/>\n<meta property=\"article:publisher\" content=\"https:\/\/www.facebook.com\/MarieClaire.Belgique\/\" \/>\n<meta property=\"article:published_time\" content=\"2019-04-28T12:50:24+00:00\" \/>\n<meta property=\"article:modified_time\" content=\"2019-10-14T10:41:53+00:00\" \/>\n<meta property=\"og:image\" content=\"https:\/\/marieclaire.be\/fr\/wp-content\/uploads\/2018\/04\/marieclaire-jambes.png\" \/>\n\t<meta property=\"og:image:width\" content=\"1050\" \/>\n\t<meta property=\"og:image:height\" content=\"550\" \/>\n\t<meta property=\"og:image:type\" content=\"image\/png\" \/>\n<meta name=\"author\" content=\"Marie Claire\" \/>\n<meta name=\"twitter:label1\" content=\"\u00c9crit par\" \/>\n\t<meta name=\"twitter:data1\" content=\"Marie Claire\" \/>\n\t<meta name=\"twitter:label2\" content=\"Dur\u00e9e de lecture estim\u00e9e\" \/>\n\t<meta name=\"twitter:data2\" content=\"6 minutes\" \/>\n<script type=\"application\/ld+json\" class=\"yoast-schema-graph\">{\"@context\":\"https:\\\/\\\/schema.org\",\"@graph\":[{\"@type\":\"NewsArticle\",\"@id\":\"http:\\\/\\\/www.marieclaire.fr\\\/,belles-jambes-20-gestes-pour-les-sublimer,20144,482789.asp#article\",\"isPartOf\":{\"@id\":\"https:\\\/\\\/marieclaire.be\\\/fr\\\/objectif-belles-jambes\\\/\"},\"author\":{\"name\":\"Marie Claire\",\"@id\":\"https:\\\/\\\/marieclaire.be\\\/fr\\\/#\\\/schema\\\/person\\\/6a5bc4eb4707dbc5cb47d17804a85f8c\"},\"headline\":\"Objectif belles jambes : tous les gestes pour sublimer nos gambettes\",\"datePublished\":\"2019-04-28T12:50:24+00:00\",\"dateModified\":\"2019-10-14T10:41:53+00:00\",\"mainEntityOfPage\":{\"@id\":\"https:\\\/\\\/marieclaire.be\\\/fr\\\/objectif-belles-jambes\\\/\"},\"wordCount\":1120,\"publisher\":{\"@id\":\"https:\\\/\\\/marieclaire.be\\\/fr\\\/#organization\"},\"image\":{\"@id\":\"http:\\\/\\\/www.marieclaire.fr\\\/,belles-jambes-20-gestes-pour-les-sublimer,20144,482789.asp#primaryimage\"},\"thumbnailUrl\":\"https:\\\/\\\/marieclaire.be\\\/fr\\\/wp-content\\\/uploads\\\/2018\\\/04\\\/marieclaire-jambes.png\",\"keywords\":[\"autobronzant\"],\"articleSection\":[\"Beaut\u00e9\",\"Soins\"],\"inLanguage\":\"fr-FR\"},{\"@type\":\"WebPage\",\"@id\":\"https:\\\/\\\/marieclaire.be\\\/fr\\\/objectif-belles-jambes\\\/\",\"url\":\"http:\\\/\\\/www.marieclaire.fr\\\/,belles-jambes-20-gestes-pour-les-sublimer,20144,482789.asp\",\"name\":\"Objectif belles jambes : tous les gestes pour sublimer nos gambettes - Marie Claire Belgique\",\"isPartOf\":{\"@id\":\"https:\\\/\\\/marieclaire.be\\\/fr\\\/#website\"},\"primaryImageOfPage\":{\"@id\":\"http:\\\/\\\/www.marieclaire.fr\\\/,belles-jambes-20-gestes-pour-les-sublimer,20144,482789.asp#primaryimage\"},\"image\":{\"@id\":\"http:\\\/\\\/www.marieclaire.fr\\\/,belles-jambes-20-gestes-pour-les-sublimer,20144,482789.asp#primaryimage\"},\"thumbnailUrl\":\"https:\\\/\\\/marieclaire.be\\\/fr\\\/wp-content\\\/uploads\\\/2018\\\/04\\\/marieclaire-jambes.png\",\"datePublished\":\"2019-04-28T12:50:24+00:00\",\"dateModified\":\"2019-10-14T10:41:53+00:00\",\"description\":\"Avant de d\u00e9voiler nos jambes au grand jour, on met tout en \u0153uvre pour les sublimer. D\u00e9couvrez notre plan d\u2019attaque.\",\"inLanguage\":\"fr-FR\",\"potentialAction\":[{\"@type\":\"ReadAction\",\"target\":[\"http:\\\/\\\/www.marieclaire.fr\\\/,belles-jambes-20-gestes-pour-les-sublimer,20144,482789.asp\"]}]},{\"@type\":\"ImageObject\",\"inLanguage\":\"fr-FR\",\"@id\":\"http:\\\/\\\/www.marieclaire.fr\\\/,belles-jambes-20-gestes-pour-les-sublimer,20144,482789.asp#primaryimage\",\"url\":\"https:\\\/\\\/marieclaire.be\\\/fr\\\/wp-content\\\/uploads\\\/2018\\\/04\\\/marieclaire-jambes.png\",\"contentUrl\":\"https:\\\/\\\/marieclaire.be\\\/fr\\\/wp-content\\\/uploads\\\/2018\\\/04\\\/marieclaire-jambes.png\",\"width\":1050,\"height\":550,\"caption\":\"Shutterstock\"},{\"@type\":\"WebSite\",\"@id\":\"https:\\\/\\\/marieclaire.be\\\/fr\\\/#website\",\"url\":\"https:\\\/\\\/marieclaire.be\\\/fr\\\/\",\"name\":\"Marie Claire Belgique\",\"description\":\"Marie Claire Belgique, le magazine du style et de l\u2019intelligence qui parle de mode, des tendances, de la beaut\u00e9, de l\u2019actualit\u00e9 et de la culture\",\"publisher\":{\"@id\":\"https:\\\/\\\/marieclaire.be\\\/fr\\\/#organization\"},\"potentialAction\":[{\"@type\":\"SearchAction\",\"target\":{\"@type\":\"EntryPoint\",\"urlTemplate\":\"https:\\\/\\\/marieclaire.be\\\/fr\\\/?s={search_term_string}\"},\"query-input\":{\"@type\":\"PropertyValueSpecification\",\"valueRequired\":true,\"valueName\":\"search_term_string\"}}],\"inLanguage\":\"fr-FR\"},{\"@type\":\"Organization\",\"@id\":\"https:\\\/\\\/marieclaire.be\\\/fr\\\/#organization\",\"name\":\"Marie Claire\",\"url\":\"https:\\\/\\\/marieclaire.be\\\/fr\\\/\",\"logo\":{\"@type\":\"ImageObject\",\"inLanguage\":\"fr-FR\",\"@id\":\"https:\\\/\\\/marieclaire.be\\\/fr\\\/#\\\/schema\\\/logo\\\/image\\\/\",\"url\":\"https:\\\/\\\/marieclaire.be\\\/fr\\\/wp-content\\\/uploads\\\/2018\\\/05\\\/mc-logo2.png\",\"contentUrl\":\"https:\\\/\\\/marieclaire.be\\\/fr\\\/wp-content\\\/uploads\\\/2018\\\/05\\\/mc-logo2.png\",\"width\":1001,\"height\":189,\"caption\":\"Marie Claire\"},\"image\":{\"@id\":\"https:\\\/\\\/marieclaire.be\\\/fr\\\/#\\\/schema\\\/logo\\\/image\\\/\"},\"sameAs\":[\"https:\\\/\\\/www.facebook.com\\\/MarieClaire.Belgique\\\/\",\"https:\\\/\\\/www.instagram.com\\\/marieclaire_belgique\\\/\",\"https:\\\/\\\/fr.pinterest.com\\\/marieclairebe\\\/\",\"https:\\\/\\\/www.youtube.com\\\/user\\\/BelgiumMarieClaire\"]},{\"@type\":\"Person\",\"@id\":\"https:\\\/\\\/marieclaire.be\\\/fr\\\/#\\\/schema\\\/person\\\/6a5bc4eb4707dbc5cb47d17804a85f8c\",\"name\":\"Marie Claire\",\"image\":{\"@type\":\"ImageObject\",\"inLanguage\":\"fr-FR\",\"@id\":\"https:\\\/\\\/marieclaire.be\\\/fr\\\/wp-content\\\/uploads\\\/2016\\\/11\\\/mclogo-96x96.jpg\",\"url\":\"https:\\\/\\\/marieclaire.be\\\/fr\\\/wp-content\\\/uploads\\\/2016\\\/11\\\/mclogo-96x96.jpg\",\"contentUrl\":\"https:\\\/\\\/marieclaire.be\\\/fr\\\/wp-content\\\/uploads\\\/2016\\\/11\\\/mclogo-96x96.jpg\",\"caption\":\"Marie Claire\"},\"url\":\"https:\\\/\\\/marieclaire.be\\\/fr\\\/author\\\/stagiaire\\\/\"}]}<\/script>\n<!-- \/ Yoast SEO plugin. -->","yoast_head_json":{"title":"Objectif belles jambes : tous les gestes pour sublimer nos gambettes - Marie Claire Belgique","description":"Avant de d\u00e9voiler nos jambes au grand jour, on met tout en \u0153uvre pour les sublimer. D\u00e9couvrez notre plan d\u2019attaque.","robots":{"index":"index","follow":"follow","max-snippet":"max-snippet:-1","max-image-preview":"max-image-preview:large","max-video-preview":"max-video-preview:-1"},"canonical":"http:\/\/www.marieclaire.fr\/,belles-jambes-20-gestes-pour-les-sublimer,20144,482789.asp","next":"https:\/\/marieclaire.be\/fr\/objectif-belles-jambes\/2\/","og_locale":"fr_FR","og_type":"article","og_title":"Objectif belles jambes : tous les gestes pour sublimer nos gambettes - Marie Claire Belgique","og_description":"Avant de d\u00e9voiler nos jambes au grand jour, on met tout en \u0153uvre pour les sublimer. D\u00e9couvrez notre plan d\u2019attaque.","og_url":"http:\/\/www.marieclaire.fr\/,belles-jambes-20-gestes-pour-les-sublimer,20144,482789.asp","og_site_name":"Marie Claire Belgique","article_publisher":"https:\/\/www.facebook.com\/MarieClaire.Belgique\/","article_published_time":"2019-04-28T12:50:24+00:00","article_modified_time":"2019-10-14T10:41:53+00:00","og_image":[{"width":1050,"height":550,"url":"https:\/\/marieclaire.be\/fr\/wp-content\/uploads\/2018\/04\/marieclaire-jambes.png","type":"image\/png"}],"author":"Marie Claire","twitter_misc":{"\u00c9crit par":"Marie Claire","Dur\u00e9e de lecture estim\u00e9e":"6 minutes"},"schema":{"@context":"https:\/\/schema.org","@graph":[{"@type":"NewsArticle","@id":"http:\/\/www.marieclaire.fr\/,belles-jambes-20-gestes-pour-les-sublimer,20144,482789.asp#article","isPartOf":{"@id":"https:\/\/marieclaire.be\/fr\/objectif-belles-jambes\/"},"author":{"name":"Marie Claire","@id":"https:\/\/marieclaire.be\/fr\/#\/schema\/person\/6a5bc4eb4707dbc5cb47d17804a85f8c"},"headline":"Objectif belles jambes : tous les gestes pour sublimer nos gambettes","datePublished":"2019-04-28T12:50:24+00:00","dateModified":"2019-10-14T10:41:53+00:00","mainEntityOfPage":{"@id":"https:\/\/marieclaire.be\/fr\/objectif-belles-jambes\/"},"wordCount":1120,"publisher":{"@id":"https:\/\/marieclaire.be\/fr\/#organization"},"image":{"@id":"http:\/\/www.marieclaire.fr\/,belles-jambes-20-gestes-pour-les-sublimer,20144,482789.asp#primaryimage"},"thumbnailUrl":"https:\/\/marieclaire.be\/fr\/wp-content\/uploads\/2018\/04\/marieclaire-jambes.png","keywords":["autobronzant"],"articleSection":["Beaut\u00e9","Soins"],"inLanguage":"fr-FR"},{"@type":"WebPage","@id":"https:\/\/marieclaire.be\/fr\/objectif-belles-jambes\/","url":"http:\/\/www.marieclaire.fr\/,belles-jambes-20-gestes-pour-les-sublimer,20144,482789.asp","name":"Objectif belles jambes : tous les gestes pour sublimer nos gambettes - Marie Claire Belgique","isPartOf":{"@id":"https:\/\/marieclaire.be\/fr\/#website"},"primaryImageOfPage":{"@id":"http:\/\/www.marieclaire.fr\/,belles-jambes-20-gestes-pour-les-sublimer,20144,482789.asp#primaryimage"},"image":{"@id":"http:\/\/www.marieclaire.fr\/,belles-jambes-20-gestes-pour-les-sublimer,20144,482789.asp#primaryimage"},"thumbnailUrl":"https:\/\/marieclaire.be\/fr\/wp-content\/uploads\/2018\/04\/marieclaire-jambes.png","datePublished":"2019-04-28T12:50:24+00:00","dateModified":"2019-10-14T10:41:53+00:00","description":"Avant de d\u00e9voiler nos jambes au grand jour, on met tout en \u0153uvre pour les sublimer. D\u00e9couvrez notre plan d\u2019attaque.","inLanguage":"fr-FR","potentialAction":[{"@type":"ReadAction","target":["http:\/\/www.marieclaire.fr\/,belles-jambes-20-gestes-pour-les-sublimer,20144,482789.asp"]}]},{"@type":"ImageObject","inLanguage":"fr-FR","@id":"http:\/\/www.marieclaire.fr\/,belles-jambes-20-gestes-pour-les-sublimer,20144,482789.asp#primaryimage","url":"https:\/\/marieclaire.be\/fr\/wp-content\/uploads\/2018\/04\/marieclaire-jambes.png","contentUrl":"https:\/\/marieclaire.be\/fr\/wp-content\/uploads\/2018\/04\/marieclaire-jambes.png","width":1050,"height":550,"caption":"Shutterstock"},{"@type":"WebSite","@id":"https:\/\/marieclaire.be\/fr\/#website","url":"https:\/\/marieclaire.be\/fr\/","name":"Marie Claire Belgique","description":"Marie Claire Belgique, le magazine du style et de l\u2019intelligence qui parle de mode, des tendances, de la beaut\u00e9, de l\u2019actualit\u00e9 et de la culture","publisher":{"@id":"https:\/\/marieclaire.be\/fr\/#organization"},"potentialAction":[{"@type":"SearchAction","target":{"@type":"EntryPoint","urlTemplate":"https:\/\/marieclaire.be\/fr\/?s={search_term_string}"},"query-input":{"@type":"PropertyValueSpecification","valueRequired":true,"valueName":"search_term_string"}}],"inLanguage":"fr-FR"},{"@type":"Organization","@id":"https:\/\/marieclaire.be\/fr\/#organization","name":"Marie Claire","url":"https:\/\/marieclaire.be\/fr\/","logo":{"@type":"ImageObject","inLanguage":"fr-FR","@id":"https:\/\/marieclaire.be\/fr\/#\/schema\/logo\/image\/","url":"https:\/\/marieclaire.be\/fr\/wp-content\/uploads\/2018\/05\/mc-logo2.png","contentUrl":"https:\/\/marieclaire.be\/fr\/wp-content\/uploads\/2018\/05\/mc-logo2.png","width":1001,"height":189,"caption":"Marie Claire"},"image":{"@id":"https:\/\/marieclaire.be\/fr\/#\/schema\/logo\/image\/"},"sameAs":["https:\/\/www.facebook.com\/MarieClaire.Belgique\/","https:\/\/www.instagram.com\/marieclaire_belgique\/","https:\/\/fr.pinterest.com\/marieclairebe\/","https:\/\/www.youtube.com\/user\/BelgiumMarieClaire"]},{"@type":"Person","@id":"https:\/\/marieclaire.be\/fr\/#\/schema\/person\/6a5bc4eb4707dbc5cb47d17804a85f8c","name":"Marie Claire","image":{"@type":"ImageObject","inLanguage":"fr-FR","@id":"https:\/\/marieclaire.be\/fr\/wp-content\/uploads\/2016\/11\/mclogo-96x96.jpg","url":"https:\/\/marieclaire.be\/fr\/wp-content\/uploads\/2016\/11\/mclogo-96x96.jpg","contentUrl":"https:\/\/marieclaire.be\/fr\/wp-content\/uploads\/2016\/11\/mclogo-96x96.jpg","caption":"Marie Claire"},"url":"https:\/\/marieclaire.be\/fr\/author\/stagiaire\/"}]}},"_links":{"self":[{"href":"https:\/\/marieclaire.be\/fr\/wp-json\/wp\/v2\/posts\/45202","targetHints":{"allow":["GET"]}}],"collection":[{"href":"https:\/\/marieclaire.be\/fr\/wp-json\/wp\/v2\/posts"}],"about":[{"href":"https:\/\/marieclaire.be\/fr\/wp-json\/wp\/v2\/types\/post"}],"author":[{"embeddable":true,"href":"https:\/\/marieclaire.be\/fr\/wp-json\/wp\/v2\/users\/8"}],"replies":[{"embeddable":true,"href":"https:\/\/marieclaire.be\/fr\/wp-json\/wp\/v2\/comments?post=45202"}],"version-history":[{"count":0,"href":"https:\/\/marieclaire.be\/fr\/wp-json\/wp\/v2\/posts\/45202\/revisions"}],"wp:featuredmedia":[{"embeddable":true,"href":"https:\/\/marieclaire.be\/fr\/wp-json\/wp\/v2\/media\/45208"}],"wp:attachment":[{"href":"https:\/\/marieclaire.be\/fr\/wp-json\/wp\/v2\/media?parent=45202"}],"wp:term":[{"taxonomy":"category","embeddable":true,"href":"https:\/\/marieclaire.be\/fr\/wp-json\/wp\/v2\/categories?post=45202"},{"taxonomy":"post_tag","embeddable":true,"href":"https:\/\/marieclaire.be\/fr\/wp-json\/wp\/v2\/tags?post=45202"}],"curies":[{"name":"wp","href":"https:\/\/api.w.org\/{rel}","templated":true}]}}