{"id":43246,"date":"2018-04-13T08:34:42","date_gmt":"2018-04-13T06:34:42","guid":{"rendered":"http:\/\/marieclaire.be\/fr\/?p=43246"},"modified":"2018-04-11T15:35:05","modified_gmt":"2018-04-11T13:35:05","slug":"arteeshow-t-shirts-artistes-art-contemporain-belge","status":"publish","type":"post","link":"https:\/\/marieclaire.be\/fr\/arteeshow-t-shirts-artistes-art-contemporain-belge\/","title":{"rendered":"ARTEESHOW, les t-shirts qui c\u00e9l\u00e8brent les artistes contemporains belges"},"content":{"rendered":"","protected":false},"excerpt":{"rendered":"A l&#8217;image d&#8217;un manifeste pour l\u2019art belge, le nouveau label ARTEESHOW con\u00e7oit des v\u00eatements et des accessoires avec les plus grandes figures de l&#8217;art contemporain belge (ou leurs ayant-droits) pour faire (re)-d\u00e9couvrir leur travail.","protected":false},"author":5,"featured_media":43487,"comment_status":"closed","ping_status":"closed","sticky":false,"template":"","format":"standard","meta":{"_acf_changed":false,"footnotes":""},"categories":[23,6],"tags":[3632,3621,1307,122,1970,3622],"class_list":["post-43246","post","type-post","status-publish","format-standard","has-post-thumbnail","hentry","category-designers","category-mode","tag-art-contemporain-belge","tag-biologique","tag-marque-belge","tag-mode","tag-t-shirts","tag-travail-artisanal"],"acf":[],"_yoast_wpseo_title":null,"_yoast_wpseo_metadesc":"Cr\u00e9\u00e9 en 2017, ARTEESHOW con\u00e7oit des v\u00eatements et accessoires en collaboration avec les plus grandes figures de l'art contemporain belge.","image_verticale":null,"yoast_head":"<!-- This site is optimized with the Yoast SEO plugin v27.3 - https:\/\/yoast.com\/product\/yoast-seo-wordpress\/ -->\n<title>ARTEESHOW, les t-shirts qui c\u00e9l\u00e8brent les artistes contemporains belges - Marie Claire Belgique<\/title>\n<meta name=\"description\" content=\"Cr\u00e9\u00e9 en 2017, ARTEESHOW con\u00e7oit des v\u00eatements et accessoires en collaboration avec les plus grandes figures de l&#039;art contemporain belge.\" \/>\n<meta name=\"robots\" content=\"index, follow, max-snippet:-1, max-image-preview:large, max-video-preview:-1\" \/>\n<link rel=\"canonical\" href=\"https:\/\/marieclaire.be\/fr\/arteeshow-t-shirts-artistes-art-contemporain-belge\/\" \/>\n<meta property=\"og:locale\" content=\"fr_FR\" \/>\n<meta property=\"og:type\" content=\"article\" \/>\n<meta property=\"og:title\" content=\"ARTEESHOW, les t-shirts qui c\u00e9l\u00e8brent les artistes contemporains belges - Marie Claire Belgique\" \/>\n<meta property=\"og:description\" content=\"Cr\u00e9\u00e9 en 2017, ARTEESHOW con\u00e7oit des v\u00eatements et accessoires en collaboration avec les plus grandes figures de l&#039;art contemporain belge.\" \/>\n<meta property=\"og:url\" content=\"https:\/\/marieclaire.be\/fr\/arteeshow-t-shirts-artistes-art-contemporain-belge\/\" \/>\n<meta property=\"og:site_name\" content=\"Marie Claire Belgique\" \/>\n<meta property=\"article:publisher\" content=\"https:\/\/www.facebook.com\/MarieClaire.Belgique\/\" \/>\n<meta property=\"article:published_time\" content=\"2018-04-13T06:34:42+00:00\" \/>\n<meta property=\"og:image\" content=\"https:\/\/marieclaire.be\/fr\/wp-content\/uploads\/2018\/04\/marieclaire_arteeshow_ok.gif\" \/>\n\t<meta property=\"og:image:width\" content=\"1050\" \/>\n\t<meta property=\"og:image:height\" content=\"550\" \/>\n\t<meta property=\"og:image:type\" content=\"image\/gif\" \/>\n<meta name=\"author\" content=\"Marguerite Durant\" \/>\n<meta name=\"twitter:label1\" content=\"\u00c9crit par\" \/>\n\t<meta name=\"twitter:data1\" content=\"Marguerite Durant\" \/>\n\t<meta name=\"twitter:label2\" content=\"Dur\u00e9e de lecture estim\u00e9e\" \/>\n\t<meta name=\"twitter:data2\" content=\"2 minutes\" \/>\n<script type=\"application\/ld+json\" class=\"yoast-schema-graph\">{\"@context\":\"https:\\\/\\\/schema.org\",\"@graph\":[{\"@type\":\"NewsArticle\",\"@id\":\"https:\\\/\\\/marieclaire.be\\\/fr\\\/arteeshow-t-shirts-artistes-art-contemporain-belge\\\/#article\",\"isPartOf\":{\"@id\":\"https:\\\/\\\/marieclaire.be\\\/fr\\\/arteeshow-t-shirts-artistes-art-contemporain-belge\\\/\"},\"author\":{\"name\":\"Marguerite Durant\",\"@id\":\"https:\\\/\\\/marieclaire.be\\\/fr\\\/#\\\/schema\\\/person\\\/e90fe5a869d103f114a39041d72bdd64\"},\"headline\":\"ARTEESHOW, les t-shirts qui c\u00e9l\u00e8brent les artistes contemporains belges\",\"datePublished\":\"2018-04-13T06:34:42+00:00\",\"mainEntityOfPage\":{\"@id\":\"https:\\\/\\\/marieclaire.be\\\/fr\\\/arteeshow-t-shirts-artistes-art-contemporain-belge\\\/\"},\"wordCount\":344,\"publisher\":{\"@id\":\"https:\\\/\\\/marieclaire.be\\\/fr\\\/#organization\"},\"image\":{\"@id\":\"https:\\\/\\\/marieclaire.be\\\/fr\\\/arteeshow-t-shirts-artistes-art-contemporain-belge\\\/#primaryimage\"},\"thumbnailUrl\":\"https:\\\/\\\/marieclaire.be\\\/fr\\\/wp-content\\\/uploads\\\/2018\\\/04\\\/marieclaire_arteeshow_ok.gif\",\"keywords\":[\"art contemporain belge\",\"biologique\",\"marque belge\",\"mode\",\"t-shirts\",\"travail artisanal\"],\"articleSection\":[\"Designers\",\"Mode\"],\"inLanguage\":\"fr-FR\"},{\"@type\":\"WebPage\",\"@id\":\"https:\\\/\\\/marieclaire.be\\\/fr\\\/arteeshow-t-shirts-artistes-art-contemporain-belge\\\/\",\"url\":\"https:\\\/\\\/marieclaire.be\\\/fr\\\/arteeshow-t-shirts-artistes-art-contemporain-belge\\\/\",\"name\":\"ARTEESHOW, les t-shirts qui c\u00e9l\u00e8brent les artistes contemporains belges - Marie Claire Belgique\",\"isPartOf\":{\"@id\":\"https:\\\/\\\/marieclaire.be\\\/fr\\\/#website\"},\"primaryImageOfPage\":{\"@id\":\"https:\\\/\\\/marieclaire.be\\\/fr\\\/arteeshow-t-shirts-artistes-art-contemporain-belge\\\/#primaryimage\"},\"image\":{\"@id\":\"https:\\\/\\\/marieclaire.be\\\/fr\\\/arteeshow-t-shirts-artistes-art-contemporain-belge\\\/#primaryimage\"},\"thumbnailUrl\":\"https:\\\/\\\/marieclaire.be\\\/fr\\\/wp-content\\\/uploads\\\/2018\\\/04\\\/marieclaire_arteeshow_ok.gif\",\"datePublished\":\"2018-04-13T06:34:42+00:00\",\"description\":\"Cr\u00e9\u00e9 en 2017, ARTEESHOW con\u00e7oit des v\u00eatements et accessoires en collaboration avec les plus grandes figures de l'art contemporain belge.\",\"breadcrumb\":{\"@id\":\"https:\\\/\\\/marieclaire.be\\\/fr\\\/arteeshow-t-shirts-artistes-art-contemporain-belge\\\/#breadcrumb\"},\"inLanguage\":\"fr-FR\",\"potentialAction\":[{\"@type\":\"ReadAction\",\"target\":[\"https:\\\/\\\/marieclaire.be\\\/fr\\\/arteeshow-t-shirts-artistes-art-contemporain-belge\\\/\"]}]},{\"@type\":\"ImageObject\",\"inLanguage\":\"fr-FR\",\"@id\":\"https:\\\/\\\/marieclaire.be\\\/fr\\\/arteeshow-t-shirts-artistes-art-contemporain-belge\\\/#primaryimage\",\"url\":\"https:\\\/\\\/marieclaire.be\\\/fr\\\/wp-content\\\/uploads\\\/2018\\\/04\\\/marieclaire_arteeshow_ok.gif\",\"contentUrl\":\"https:\\\/\\\/marieclaire.be\\\/fr\\\/wp-content\\\/uploads\\\/2018\\\/04\\\/marieclaire_arteeshow_ok.gif\",\"width\":1050,\"height\":550,\"caption\":\"Presse\"},{\"@type\":\"BreadcrumbList\",\"@id\":\"https:\\\/\\\/marieclaire.be\\\/fr\\\/arteeshow-t-shirts-artistes-art-contemporain-belge\\\/#breadcrumb\",\"itemListElement\":[{\"@type\":\"ListItem\",\"position\":1,\"name\":\"Accueil\",\"item\":\"https:\\\/\\\/marieclaire.be\\\/fr\\\/\"},{\"@type\":\"ListItem\",\"position\":2,\"name\":\"ARTEESHOW, les t-shirts qui c\u00e9l\u00e8brent les artistes contemporains belges\"}]},{\"@type\":\"WebSite\",\"@id\":\"https:\\\/\\\/marieclaire.be\\\/fr\\\/#website\",\"url\":\"https:\\\/\\\/marieclaire.be\\\/fr\\\/\",\"name\":\"Marie Claire Belgique\",\"description\":\"Marie Claire Belgique, le magazine du style et de l\u2019intelligence qui parle de mode, des tendances, de la beaut\u00e9, de l\u2019actualit\u00e9 et de la culture\",\"publisher\":{\"@id\":\"https:\\\/\\\/marieclaire.be\\\/fr\\\/#organization\"},\"potentialAction\":[{\"@type\":\"SearchAction\",\"target\":{\"@type\":\"EntryPoint\",\"urlTemplate\":\"https:\\\/\\\/marieclaire.be\\\/fr\\\/?s={search_term_string}\"},\"query-input\":{\"@type\":\"PropertyValueSpecification\",\"valueRequired\":true,\"valueName\":\"search_term_string\"}}],\"inLanguage\":\"fr-FR\"},{\"@type\":\"Organization\",\"@id\":\"https:\\\/\\\/marieclaire.be\\\/fr\\\/#organization\",\"name\":\"Marie Claire\",\"url\":\"https:\\\/\\\/marieclaire.be\\\/fr\\\/\",\"logo\":{\"@type\":\"ImageObject\",\"inLanguage\":\"fr-FR\",\"@id\":\"https:\\\/\\\/marieclaire.be\\\/fr\\\/#\\\/schema\\\/logo\\\/image\\\/\",\"url\":\"https:\\\/\\\/marieclaire.be\\\/fr\\\/wp-content\\\/uploads\\\/2018\\\/05\\\/mc-logo2.png\",\"contentUrl\":\"https:\\\/\\\/marieclaire.be\\\/fr\\\/wp-content\\\/uploads\\\/2018\\\/05\\\/mc-logo2.png\",\"width\":1001,\"height\":189,\"caption\":\"Marie Claire\"},\"image\":{\"@id\":\"https:\\\/\\\/marieclaire.be\\\/fr\\\/#\\\/schema\\\/logo\\\/image\\\/\"},\"sameAs\":[\"https:\\\/\\\/www.facebook.com\\\/MarieClaire.Belgique\\\/\",\"https:\\\/\\\/www.instagram.com\\\/marieclaire_belgique\\\/\",\"https:\\\/\\\/fr.pinterest.com\\\/marieclairebe\\\/\",\"https:\\\/\\\/www.youtube.com\\\/user\\\/BelgiumMarieClaire\"]},{\"@type\":\"Person\",\"@id\":\"https:\\\/\\\/marieclaire.be\\\/fr\\\/#\\\/schema\\\/person\\\/e90fe5a869d103f114a39041d72bdd64\",\"name\":\"Marguerite Durant\",\"image\":{\"@type\":\"ImageObject\",\"inLanguage\":\"fr-FR\",\"@id\":\"https:\\\/\\\/marieclaire.be\\\/fr\\\/wp-content\\\/uploads\\\/2016\\\/11\\\/marguerite1-1-96x96.jpg\",\"url\":\"https:\\\/\\\/marieclaire.be\\\/fr\\\/wp-content\\\/uploads\\\/2016\\\/11\\\/marguerite1-1-96x96.jpg\",\"contentUrl\":\"https:\\\/\\\/marieclaire.be\\\/fr\\\/wp-content\\\/uploads\\\/2016\\\/11\\\/marguerite1-1-96x96.jpg\",\"caption\":\"Marguerite Durant\"},\"description\":\"La mode est fascinante ! C\u2019est le miroir de notre soci\u00e9t\u00e9, de notre pr\u00e9sent. Passionn\u00e9e de violoncelle aussi\u2026 et de musique \u00e9lectronique.\",\"sameAs\":[\"https:\\\/\\\/www.instagram.com\\\/margotdurant\\\/\",\"https:\\\/\\\/www.linkedin.com\\\/in\\\/marguerite-durant-a9556649\\\/?trk=nav_responsive_tab_profile\"],\"url\":\"https:\\\/\\\/marieclaire.be\\\/fr\\\/author\\\/marguerite-durant\\\/\"}]}<\/script>\n<!-- \/ Yoast SEO plugin. -->","yoast_head_json":{"title":"ARTEESHOW, les t-shirts qui c\u00e9l\u00e8brent les artistes contemporains belges - Marie Claire Belgique","description":"Cr\u00e9\u00e9 en 2017, ARTEESHOW con\u00e7oit des v\u00eatements et accessoires en collaboration avec les plus grandes figures de l'art contemporain belge.","robots":{"index":"index","follow":"follow","max-snippet":"max-snippet:-1","max-image-preview":"max-image-preview:large","max-video-preview":"max-video-preview:-1"},"canonical":"https:\/\/marieclaire.be\/fr\/arteeshow-t-shirts-artistes-art-contemporain-belge\/","og_locale":"fr_FR","og_type":"article","og_title":"ARTEESHOW, les t-shirts qui c\u00e9l\u00e8brent les artistes contemporains belges - Marie Claire Belgique","og_description":"Cr\u00e9\u00e9 en 2017, ARTEESHOW con\u00e7oit des v\u00eatements et accessoires en collaboration avec les plus grandes figures de l'art contemporain belge.","og_url":"https:\/\/marieclaire.be\/fr\/arteeshow-t-shirts-artistes-art-contemporain-belge\/","og_site_name":"Marie Claire Belgique","article_publisher":"https:\/\/www.facebook.com\/MarieClaire.Belgique\/","article_published_time":"2018-04-13T06:34:42+00:00","og_image":[{"width":1050,"height":550,"url":"https:\/\/marieclaire.be\/fr\/wp-content\/uploads\/2018\/04\/marieclaire_arteeshow_ok.gif","type":"image\/gif"}],"author":"Marguerite Durant","twitter_misc":{"\u00c9crit par":"Marguerite Durant","Dur\u00e9e de lecture estim\u00e9e":"2 minutes"},"schema":{"@context":"https:\/\/schema.org","@graph":[{"@type":"NewsArticle","@id":"https:\/\/marieclaire.be\/fr\/arteeshow-t-shirts-artistes-art-contemporain-belge\/#article","isPartOf":{"@id":"https:\/\/marieclaire.be\/fr\/arteeshow-t-shirts-artistes-art-contemporain-belge\/"},"author":{"name":"Marguerite Durant","@id":"https:\/\/marieclaire.be\/fr\/#\/schema\/person\/e90fe5a869d103f114a39041d72bdd64"},"headline":"ARTEESHOW, les t-shirts qui c\u00e9l\u00e8brent les artistes contemporains belges","datePublished":"2018-04-13T06:34:42+00:00","mainEntityOfPage":{"@id":"https:\/\/marieclaire.be\/fr\/arteeshow-t-shirts-artistes-art-contemporain-belge\/"},"wordCount":344,"publisher":{"@id":"https:\/\/marieclaire.be\/fr\/#organization"},"image":{"@id":"https:\/\/marieclaire.be\/fr\/arteeshow-t-shirts-artistes-art-contemporain-belge\/#primaryimage"},"thumbnailUrl":"https:\/\/marieclaire.be\/fr\/wp-content\/uploads\/2018\/04\/marieclaire_arteeshow_ok.gif","keywords":["art contemporain belge","biologique","marque belge","mode","t-shirts","travail artisanal"],"articleSection":["Designers","Mode"],"inLanguage":"fr-FR"},{"@type":"WebPage","@id":"https:\/\/marieclaire.be\/fr\/arteeshow-t-shirts-artistes-art-contemporain-belge\/","url":"https:\/\/marieclaire.be\/fr\/arteeshow-t-shirts-artistes-art-contemporain-belge\/","name":"ARTEESHOW, les t-shirts qui c\u00e9l\u00e8brent les artistes contemporains belges - Marie Claire Belgique","isPartOf":{"@id":"https:\/\/marieclaire.be\/fr\/#website"},"primaryImageOfPage":{"@id":"https:\/\/marieclaire.be\/fr\/arteeshow-t-shirts-artistes-art-contemporain-belge\/#primaryimage"},"image":{"@id":"https:\/\/marieclaire.be\/fr\/arteeshow-t-shirts-artistes-art-contemporain-belge\/#primaryimage"},"thumbnailUrl":"https:\/\/marieclaire.be\/fr\/wp-content\/uploads\/2018\/04\/marieclaire_arteeshow_ok.gif","datePublished":"2018-04-13T06:34:42+00:00","description":"Cr\u00e9\u00e9 en 2017, ARTEESHOW con\u00e7oit des v\u00eatements et accessoires en collaboration avec les plus grandes figures de l'art contemporain belge.","breadcrumb":{"@id":"https:\/\/marieclaire.be\/fr\/arteeshow-t-shirts-artistes-art-contemporain-belge\/#breadcrumb"},"inLanguage":"fr-FR","potentialAction":[{"@type":"ReadAction","target":["https:\/\/marieclaire.be\/fr\/arteeshow-t-shirts-artistes-art-contemporain-belge\/"]}]},{"@type":"ImageObject","inLanguage":"fr-FR","@id":"https:\/\/marieclaire.be\/fr\/arteeshow-t-shirts-artistes-art-contemporain-belge\/#primaryimage","url":"https:\/\/marieclaire.be\/fr\/wp-content\/uploads\/2018\/04\/marieclaire_arteeshow_ok.gif","contentUrl":"https:\/\/marieclaire.be\/fr\/wp-content\/uploads\/2018\/04\/marieclaire_arteeshow_ok.gif","width":1050,"height":550,"caption":"Presse"},{"@type":"BreadcrumbList","@id":"https:\/\/marieclaire.be\/fr\/arteeshow-t-shirts-artistes-art-contemporain-belge\/#breadcrumb","itemListElement":[{"@type":"ListItem","position":1,"name":"Accueil","item":"https:\/\/marieclaire.be\/fr\/"},{"@type":"ListItem","position":2,"name":"ARTEESHOW, les t-shirts qui c\u00e9l\u00e8brent les artistes contemporains belges"}]},{"@type":"WebSite","@id":"https:\/\/marieclaire.be\/fr\/#website","url":"https:\/\/marieclaire.be\/fr\/","name":"Marie Claire Belgique","description":"Marie Claire Belgique, le magazine du style et de l\u2019intelligence qui parle de mode, des tendances, de la beaut\u00e9, de l\u2019actualit\u00e9 et de la culture","publisher":{"@id":"https:\/\/marieclaire.be\/fr\/#organization"},"potentialAction":[{"@type":"SearchAction","target":{"@type":"EntryPoint","urlTemplate":"https:\/\/marieclaire.be\/fr\/?s={search_term_string}"},"query-input":{"@type":"PropertyValueSpecification","valueRequired":true,"valueName":"search_term_string"}}],"inLanguage":"fr-FR"},{"@type":"Organization","@id":"https:\/\/marieclaire.be\/fr\/#organization","name":"Marie Claire","url":"https:\/\/marieclaire.be\/fr\/","logo":{"@type":"ImageObject","inLanguage":"fr-FR","@id":"https:\/\/marieclaire.be\/fr\/#\/schema\/logo\/image\/","url":"https:\/\/marieclaire.be\/fr\/wp-content\/uploads\/2018\/05\/mc-logo2.png","contentUrl":"https:\/\/marieclaire.be\/fr\/wp-content\/uploads\/2018\/05\/mc-logo2.png","width":1001,"height":189,"caption":"Marie Claire"},"image":{"@id":"https:\/\/marieclaire.be\/fr\/#\/schema\/logo\/image\/"},"sameAs":["https:\/\/www.facebook.com\/MarieClaire.Belgique\/","https:\/\/www.instagram.com\/marieclaire_belgique\/","https:\/\/fr.pinterest.com\/marieclairebe\/","https:\/\/www.youtube.com\/user\/BelgiumMarieClaire"]},{"@type":"Person","@id":"https:\/\/marieclaire.be\/fr\/#\/schema\/person\/e90fe5a869d103f114a39041d72bdd64","name":"Marguerite Durant","image":{"@type":"ImageObject","inLanguage":"fr-FR","@id":"https:\/\/marieclaire.be\/fr\/wp-content\/uploads\/2016\/11\/marguerite1-1-96x96.jpg","url":"https:\/\/marieclaire.be\/fr\/wp-content\/uploads\/2016\/11\/marguerite1-1-96x96.jpg","contentUrl":"https:\/\/marieclaire.be\/fr\/wp-content\/uploads\/2016\/11\/marguerite1-1-96x96.jpg","caption":"Marguerite Durant"},"description":"La mode est fascinante ! C\u2019est le miroir de notre soci\u00e9t\u00e9, de notre pr\u00e9sent. Passionn\u00e9e de violoncelle aussi\u2026 et de musique \u00e9lectronique.","sameAs":["https:\/\/www.instagram.com\/margotdurant\/","https:\/\/www.linkedin.com\/in\/marguerite-durant-a9556649\/?trk=nav_responsive_tab_profile"],"url":"https:\/\/marieclaire.be\/fr\/author\/marguerite-durant\/"}]}},"_links":{"self":[{"href":"https:\/\/marieclaire.be\/fr\/wp-json\/wp\/v2\/posts\/43246","targetHints":{"allow":["GET"]}}],"collection":[{"href":"https:\/\/marieclaire.be\/fr\/wp-json\/wp\/v2\/posts"}],"about":[{"href":"https:\/\/marieclaire.be\/fr\/wp-json\/wp\/v2\/types\/post"}],"author":[{"embeddable":true,"href":"https:\/\/marieclaire.be\/fr\/wp-json\/wp\/v2\/users\/5"}],"replies":[{"embeddable":true,"href":"https:\/\/marieclaire.be\/fr\/wp-json\/wp\/v2\/comments?post=43246"}],"version-history":[{"count":0,"href":"https:\/\/marieclaire.be\/fr\/wp-json\/wp\/v2\/posts\/43246\/revisions"}],"wp:featuredmedia":[{"embeddable":true,"href":"https:\/\/marieclaire.be\/fr\/wp-json\/wp\/v2\/media\/43487"}],"wp:attachment":[{"href":"https:\/\/marieclaire.be\/fr\/wp-json\/wp\/v2\/media?parent=43246"}],"wp:term":[{"taxonomy":"category","embeddable":true,"href":"https:\/\/marieclaire.be\/fr\/wp-json\/wp\/v2\/categories?post=43246"},{"taxonomy":"post_tag","embeddable":true,"href":"https:\/\/marieclaire.be\/fr\/wp-json\/wp\/v2\/tags?post=43246"}],"curies":[{"name":"wp","href":"https:\/\/api.w.org\/{rel}","templated":true}]}}