{"id":42965,"date":"2021-11-25T07:30:53","date_gmt":"2021-11-25T06:30:53","guid":{"rendered":"http:\/\/marieclaire.be\/fr\/?p=42965"},"modified":"2021-11-22T15:53:40","modified_gmt":"2021-11-22T14:53:40","slug":"feminicide-tuer-femme","status":"publish","type":"post","link":"https:\/\/marieclaire.be\/fr\/feminicide-tuer-femme\/","title":{"rendered":"Journ\u00e9e internationale pour l&#8217;\u00e9limination de la violence \u00e0 l&#8217;\u00e9gard des femmes : d\u00e9finition du f\u00e9minicide, ou quand un homme tue une femme parce qu&#8217;elle est une femme"},"content":{"rendered":"","protected":false},"excerpt":{"rendered":"Le f\u00e9minicide, c&#8217;est quand un homme tue une femme parce qu&#8217;elle est une femme. ...","protected":false},"author":30,"featured_media":98415,"comment_status":"closed","ping_status":"closed","sticky":false,"template":"","format":"standard","meta":{"_acf_changed":false,"footnotes":""},"categories":[27,1434],"tags":[1188,921,3601,964,865],"class_list":["post-42965","post","type-post","status-publish","format-standard","has-post-thumbnail","hentry","category-combats-de-femme","category-societe","tag-combat-de-femmes","tag-droit-des-femmes","tag-feminicide","tag-feminisme","tag-femmes"],"acf":[],"_yoast_wpseo_title":null,"_yoast_wpseo_metadesc":"On vous explique concr\u00e8tement ce qu'est le f\u00e9minicide et surtout quelles sont les initiatives belges pour \u00e9viter ce genre de drame.","image_verticale":"98414","yoast_head":"<!-- This site is optimized with the Yoast SEO plugin v27.3 - https:\/\/yoast.com\/product\/yoast-seo-wordpress\/ -->\n<title>Journ\u00e9e internationale pour l&#039;\u00e9limination de la violence \u00e0 l&#039;\u00e9gard des femmes : d\u00e9finition du f\u00e9minicide, ou quand un homme tue une femme parce qu&#039;elle est une femme - Marie Claire Belgique<\/title>\n<meta name=\"description\" content=\"On vous explique concr\u00e8tement ce qu&#039;est le f\u00e9minicide et surtout quelles sont les initiatives belges pour \u00e9viter ce genre de drame.\" \/>\n<meta name=\"robots\" content=\"index, follow, max-snippet:-1, max-image-preview:large, max-video-preview:-1\" \/>\n<link rel=\"canonical\" href=\"https:\/\/marieclaire.be\/fr\/feminicide-tuer-femme\/\" \/>\n<link rel=\"next\" href=\"https:\/\/marieclaire.be\/fr\/feminicide-tuer-femme\/2\/\" \/>\n<meta property=\"og:locale\" content=\"fr_FR\" \/>\n<meta property=\"og:type\" content=\"article\" \/>\n<meta property=\"og:title\" content=\"Journ\u00e9e internationale pour l&#039;\u00e9limination de la violence \u00e0 l&#039;\u00e9gard des femmes : d\u00e9finition du f\u00e9minicide, ou quand un homme tue une femme parce qu&#039;elle est une femme - Marie Claire Belgique\" \/>\n<meta property=\"og:description\" content=\"On vous explique concr\u00e8tement ce qu&#039;est le f\u00e9minicide et surtout quelles sont les initiatives belges pour \u00e9viter ce genre de drame.\" \/>\n<meta property=\"og:url\" content=\"https:\/\/marieclaire.be\/fr\/feminicide-tuer-femme\/\" \/>\n<meta property=\"og:site_name\" content=\"Marie Claire Belgique\" \/>\n<meta property=\"article:publisher\" content=\"https:\/\/www.facebook.com\/MarieClaire.Belgique\/\" \/>\n<meta property=\"article:published_time\" content=\"2021-11-25T06:30:53+00:00\" \/>\n<meta property=\"og:image\" content=\"https:\/\/marieclaire.be\/fr\/wp-content\/uploads\/2019\/11\/marieclaire_violences_femmes_horiz.png\" \/>\n\t<meta property=\"og:image:width\" content=\"1280\" \/>\n\t<meta property=\"og:image:height\" content=\"670\" \/>\n\t<meta property=\"og:image:type\" content=\"image\/png\" \/>\n<meta name=\"author\" content=\"Malvine Sevrin\" \/>\n<meta name=\"twitter:label1\" content=\"\u00c9crit par\" \/>\n\t<meta name=\"twitter:data1\" content=\"Malvine Sevrin\" \/>\n\t<meta name=\"twitter:label2\" content=\"Dur\u00e9e de lecture estim\u00e9e\" \/>\n\t<meta name=\"twitter:data2\" content=\"3 minutes\" \/>\n<script type=\"application\/ld+json\" class=\"yoast-schema-graph\">{\"@context\":\"https:\\\/\\\/schema.org\",\"@graph\":[{\"@type\":\"NewsArticle\",\"@id\":\"https:\\\/\\\/marieclaire.be\\\/fr\\\/feminicide-tuer-femme\\\/#article\",\"isPartOf\":{\"@id\":\"https:\\\/\\\/marieclaire.be\\\/fr\\\/feminicide-tuer-femme\\\/\"},\"author\":{\"name\":\"Malvine Sevrin\",\"@id\":\"https:\\\/\\\/marieclaire.be\\\/fr\\\/#\\\/schema\\\/person\\\/c71bd7a8c3e622513c7531a39292a34e\"},\"headline\":\"Journ\u00e9e internationale pour l&#8217;\u00e9limination de la violence \u00e0 l&#8217;\u00e9gard des femmes : d\u00e9finition du f\u00e9minicide, ou quand un homme tue une femme parce qu&#8217;elle est une femme\",\"datePublished\":\"2021-11-25T06:30:53+00:00\",\"mainEntityOfPage\":{\"@id\":\"https:\\\/\\\/marieclaire.be\\\/fr\\\/feminicide-tuer-femme\\\/\"},\"wordCount\":689,\"publisher\":{\"@id\":\"https:\\\/\\\/marieclaire.be\\\/fr\\\/#organization\"},\"image\":{\"@id\":\"https:\\\/\\\/marieclaire.be\\\/fr\\\/feminicide-tuer-femme\\\/#primaryimage\"},\"thumbnailUrl\":\"https:\\\/\\\/marieclaire.be\\\/fr\\\/wp-content\\\/uploads\\\/2019\\\/11\\\/marieclaire_violences_femmes_horiz.png\",\"keywords\":[\"combat de femmes\",\"droit des femmes\",\"f\u00e9minicide\",\"f\u00e9minisme\",\"Femmes\"],\"articleSection\":[\"Combats de femmes\",\"Soci\u00e9t\u00e9\"],\"inLanguage\":\"fr-FR\"},{\"@type\":\"WebPage\",\"@id\":\"https:\\\/\\\/marieclaire.be\\\/fr\\\/feminicide-tuer-femme\\\/\",\"url\":\"https:\\\/\\\/marieclaire.be\\\/fr\\\/feminicide-tuer-femme\\\/\",\"name\":\"Journ\u00e9e internationale pour l'\u00e9limination de la violence \u00e0 l'\u00e9gard des femmes : d\u00e9finition du f\u00e9minicide, ou quand un homme tue une femme parce qu'elle est une femme - Marie Claire Belgique\",\"isPartOf\":{\"@id\":\"https:\\\/\\\/marieclaire.be\\\/fr\\\/#website\"},\"primaryImageOfPage\":{\"@id\":\"https:\\\/\\\/marieclaire.be\\\/fr\\\/feminicide-tuer-femme\\\/#primaryimage\"},\"image\":{\"@id\":\"https:\\\/\\\/marieclaire.be\\\/fr\\\/feminicide-tuer-femme\\\/#primaryimage\"},\"thumbnailUrl\":\"https:\\\/\\\/marieclaire.be\\\/fr\\\/wp-content\\\/uploads\\\/2019\\\/11\\\/marieclaire_violences_femmes_horiz.png\",\"datePublished\":\"2021-11-25T06:30:53+00:00\",\"description\":\"On vous explique concr\u00e8tement ce qu'est le f\u00e9minicide et surtout quelles sont les initiatives belges pour \u00e9viter ce genre de drame.\",\"inLanguage\":\"fr-FR\",\"potentialAction\":[{\"@type\":\"ReadAction\",\"target\":[\"https:\\\/\\\/marieclaire.be\\\/fr\\\/feminicide-tuer-femme\\\/\"]}]},{\"@type\":\"ImageObject\",\"inLanguage\":\"fr-FR\",\"@id\":\"https:\\\/\\\/marieclaire.be\\\/fr\\\/feminicide-tuer-femme\\\/#primaryimage\",\"url\":\"https:\\\/\\\/marieclaire.be\\\/fr\\\/wp-content\\\/uploads\\\/2019\\\/11\\\/marieclaire_violences_femmes_horiz.png\",\"contentUrl\":\"https:\\\/\\\/marieclaire.be\\\/fr\\\/wp-content\\\/uploads\\\/2019\\\/11\\\/marieclaire_violences_femmes_horiz.png\",\"width\":1280,\"height\":670},{\"@type\":\"WebSite\",\"@id\":\"https:\\\/\\\/marieclaire.be\\\/fr\\\/#website\",\"url\":\"https:\\\/\\\/marieclaire.be\\\/fr\\\/\",\"name\":\"Marie Claire Belgique\",\"description\":\"Marie Claire Belgique, le magazine du style et de l\u2019intelligence qui parle de mode, des tendances, de la beaut\u00e9, de l\u2019actualit\u00e9 et de la culture\",\"publisher\":{\"@id\":\"https:\\\/\\\/marieclaire.be\\\/fr\\\/#organization\"},\"potentialAction\":[{\"@type\":\"SearchAction\",\"target\":{\"@type\":\"EntryPoint\",\"urlTemplate\":\"https:\\\/\\\/marieclaire.be\\\/fr\\\/?s={search_term_string}\"},\"query-input\":{\"@type\":\"PropertyValueSpecification\",\"valueRequired\":true,\"valueName\":\"search_term_string\"}}],\"inLanguage\":\"fr-FR\"},{\"@type\":\"Organization\",\"@id\":\"https:\\\/\\\/marieclaire.be\\\/fr\\\/#organization\",\"name\":\"Marie Claire\",\"url\":\"https:\\\/\\\/marieclaire.be\\\/fr\\\/\",\"logo\":{\"@type\":\"ImageObject\",\"inLanguage\":\"fr-FR\",\"@id\":\"https:\\\/\\\/marieclaire.be\\\/fr\\\/#\\\/schema\\\/logo\\\/image\\\/\",\"url\":\"https:\\\/\\\/marieclaire.be\\\/fr\\\/wp-content\\\/uploads\\\/2018\\\/05\\\/mc-logo2.png\",\"contentUrl\":\"https:\\\/\\\/marieclaire.be\\\/fr\\\/wp-content\\\/uploads\\\/2018\\\/05\\\/mc-logo2.png\",\"width\":1001,\"height\":189,\"caption\":\"Marie Claire\"},\"image\":{\"@id\":\"https:\\\/\\\/marieclaire.be\\\/fr\\\/#\\\/schema\\\/logo\\\/image\\\/\"},\"sameAs\":[\"https:\\\/\\\/www.facebook.com\\\/MarieClaire.Belgique\\\/\",\"https:\\\/\\\/www.instagram.com\\\/marieclaire_belgique\\\/\",\"https:\\\/\\\/fr.pinterest.com\\\/marieclairebe\\\/\",\"https:\\\/\\\/www.youtube.com\\\/user\\\/BelgiumMarieClaire\"]},{\"@type\":\"Person\",\"@id\":\"https:\\\/\\\/marieclaire.be\\\/fr\\\/#\\\/schema\\\/person\\\/c71bd7a8c3e622513c7531a39292a34e\",\"name\":\"Malvine Sevrin\",\"image\":{\"@type\":\"ImageObject\",\"inLanguage\":\"fr-FR\",\"@id\":\"https:\\\/\\\/marieclaire.be\\\/fr\\\/wp-content\\\/uploads\\\/2017\\\/05\\\/capture-decran-2024-02-13-a-145920-96x96.png\",\"url\":\"https:\\\/\\\/marieclaire.be\\\/fr\\\/wp-content\\\/uploads\\\/2017\\\/05\\\/capture-decran-2024-02-13-a-145920-96x96.png\",\"contentUrl\":\"https:\\\/\\\/marieclaire.be\\\/fr\\\/wp-content\\\/uploads\\\/2017\\\/05\\\/capture-decran-2024-02-13-a-145920-96x96.png\",\"caption\":\"Malvine Sevrin\"},\"description\":\"Des podiums parisiens aux derni\u00e8res nouveaut\u00e9s skincare qui enflamment TikTok, je d\u00e9crypte les tendances pour Marie Claire Belgique. Passionn\u00e9e de voyage, de mode et de beaut\u00e9, je partage mes coups de coeur d\u00e9nich\u00e9s aux quatre coins du globe. En tant que r\u00e9dactrice en chef digital, j'ai \u00e9galement \u00e0 coeur de mettre en lumi\u00e8re les histoires inspirantes de femmes \u00e0 travers notre site et sur nos r\u00e9seaux sociaux.\",\"sameAs\":[\"https:\\\/\\\/www.instagram.com\\\/malvinesev\\\/\"],\"url\":\"https:\\\/\\\/marieclaire.be\\\/fr\\\/author\\\/malvine\\\/\"}]}<\/script>\n<!-- \/ Yoast SEO plugin. -->","yoast_head_json":{"title":"Journ\u00e9e internationale pour l'\u00e9limination de la violence \u00e0 l'\u00e9gard des femmes : d\u00e9finition du f\u00e9minicide, ou quand un homme tue une femme parce qu'elle est une femme - Marie Claire Belgique","description":"On vous explique concr\u00e8tement ce qu'est le f\u00e9minicide et surtout quelles sont les initiatives belges pour \u00e9viter ce genre de drame.","robots":{"index":"index","follow":"follow","max-snippet":"max-snippet:-1","max-image-preview":"max-image-preview:large","max-video-preview":"max-video-preview:-1"},"canonical":"https:\/\/marieclaire.be\/fr\/feminicide-tuer-femme\/","next":"https:\/\/marieclaire.be\/fr\/feminicide-tuer-femme\/2\/","og_locale":"fr_FR","og_type":"article","og_title":"Journ\u00e9e internationale pour l'\u00e9limination de la violence \u00e0 l'\u00e9gard des femmes : d\u00e9finition du f\u00e9minicide, ou quand un homme tue une femme parce qu'elle est une femme - Marie Claire Belgique","og_description":"On vous explique concr\u00e8tement ce qu'est le f\u00e9minicide et surtout quelles sont les initiatives belges pour \u00e9viter ce genre de drame.","og_url":"https:\/\/marieclaire.be\/fr\/feminicide-tuer-femme\/","og_site_name":"Marie Claire Belgique","article_publisher":"https:\/\/www.facebook.com\/MarieClaire.Belgique\/","article_published_time":"2021-11-25T06:30:53+00:00","og_image":[{"width":1280,"height":670,"url":"https:\/\/marieclaire.be\/fr\/wp-content\/uploads\/2019\/11\/marieclaire_violences_femmes_horiz.png","type":"image\/png"}],"author":"Malvine Sevrin","twitter_misc":{"\u00c9crit par":"Malvine Sevrin","Dur\u00e9e de lecture estim\u00e9e":"3 minutes"},"schema":{"@context":"https:\/\/schema.org","@graph":[{"@type":"NewsArticle","@id":"https:\/\/marieclaire.be\/fr\/feminicide-tuer-femme\/#article","isPartOf":{"@id":"https:\/\/marieclaire.be\/fr\/feminicide-tuer-femme\/"},"author":{"name":"Malvine Sevrin","@id":"https:\/\/marieclaire.be\/fr\/#\/schema\/person\/c71bd7a8c3e622513c7531a39292a34e"},"headline":"Journ\u00e9e internationale pour l&#8217;\u00e9limination de la violence \u00e0 l&#8217;\u00e9gard des femmes : d\u00e9finition du f\u00e9minicide, ou quand un homme tue une femme parce qu&#8217;elle est une femme","datePublished":"2021-11-25T06:30:53+00:00","mainEntityOfPage":{"@id":"https:\/\/marieclaire.be\/fr\/feminicide-tuer-femme\/"},"wordCount":689,"publisher":{"@id":"https:\/\/marieclaire.be\/fr\/#organization"},"image":{"@id":"https:\/\/marieclaire.be\/fr\/feminicide-tuer-femme\/#primaryimage"},"thumbnailUrl":"https:\/\/marieclaire.be\/fr\/wp-content\/uploads\/2019\/11\/marieclaire_violences_femmes_horiz.png","keywords":["combat de femmes","droit des femmes","f\u00e9minicide","f\u00e9minisme","Femmes"],"articleSection":["Combats de femmes","Soci\u00e9t\u00e9"],"inLanguage":"fr-FR"},{"@type":"WebPage","@id":"https:\/\/marieclaire.be\/fr\/feminicide-tuer-femme\/","url":"https:\/\/marieclaire.be\/fr\/feminicide-tuer-femme\/","name":"Journ\u00e9e internationale pour l'\u00e9limination de la violence \u00e0 l'\u00e9gard des femmes : d\u00e9finition du f\u00e9minicide, ou quand un homme tue une femme parce qu'elle est une femme - Marie Claire Belgique","isPartOf":{"@id":"https:\/\/marieclaire.be\/fr\/#website"},"primaryImageOfPage":{"@id":"https:\/\/marieclaire.be\/fr\/feminicide-tuer-femme\/#primaryimage"},"image":{"@id":"https:\/\/marieclaire.be\/fr\/feminicide-tuer-femme\/#primaryimage"},"thumbnailUrl":"https:\/\/marieclaire.be\/fr\/wp-content\/uploads\/2019\/11\/marieclaire_violences_femmes_horiz.png","datePublished":"2021-11-25T06:30:53+00:00","description":"On vous explique concr\u00e8tement ce qu'est le f\u00e9minicide et surtout quelles sont les initiatives belges pour \u00e9viter ce genre de drame.","inLanguage":"fr-FR","potentialAction":[{"@type":"ReadAction","target":["https:\/\/marieclaire.be\/fr\/feminicide-tuer-femme\/"]}]},{"@type":"ImageObject","inLanguage":"fr-FR","@id":"https:\/\/marieclaire.be\/fr\/feminicide-tuer-femme\/#primaryimage","url":"https:\/\/marieclaire.be\/fr\/wp-content\/uploads\/2019\/11\/marieclaire_violences_femmes_horiz.png","contentUrl":"https:\/\/marieclaire.be\/fr\/wp-content\/uploads\/2019\/11\/marieclaire_violences_femmes_horiz.png","width":1280,"height":670},{"@type":"WebSite","@id":"https:\/\/marieclaire.be\/fr\/#website","url":"https:\/\/marieclaire.be\/fr\/","name":"Marie Claire Belgique","description":"Marie Claire Belgique, le magazine du style et de l\u2019intelligence qui parle de mode, des tendances, de la beaut\u00e9, de l\u2019actualit\u00e9 et de la culture","publisher":{"@id":"https:\/\/marieclaire.be\/fr\/#organization"},"potentialAction":[{"@type":"SearchAction","target":{"@type":"EntryPoint","urlTemplate":"https:\/\/marieclaire.be\/fr\/?s={search_term_string}"},"query-input":{"@type":"PropertyValueSpecification","valueRequired":true,"valueName":"search_term_string"}}],"inLanguage":"fr-FR"},{"@type":"Organization","@id":"https:\/\/marieclaire.be\/fr\/#organization","name":"Marie Claire","url":"https:\/\/marieclaire.be\/fr\/","logo":{"@type":"ImageObject","inLanguage":"fr-FR","@id":"https:\/\/marieclaire.be\/fr\/#\/schema\/logo\/image\/","url":"https:\/\/marieclaire.be\/fr\/wp-content\/uploads\/2018\/05\/mc-logo2.png","contentUrl":"https:\/\/marieclaire.be\/fr\/wp-content\/uploads\/2018\/05\/mc-logo2.png","width":1001,"height":189,"caption":"Marie Claire"},"image":{"@id":"https:\/\/marieclaire.be\/fr\/#\/schema\/logo\/image\/"},"sameAs":["https:\/\/www.facebook.com\/MarieClaire.Belgique\/","https:\/\/www.instagram.com\/marieclaire_belgique\/","https:\/\/fr.pinterest.com\/marieclairebe\/","https:\/\/www.youtube.com\/user\/BelgiumMarieClaire"]},{"@type":"Person","@id":"https:\/\/marieclaire.be\/fr\/#\/schema\/person\/c71bd7a8c3e622513c7531a39292a34e","name":"Malvine Sevrin","image":{"@type":"ImageObject","inLanguage":"fr-FR","@id":"https:\/\/marieclaire.be\/fr\/wp-content\/uploads\/2017\/05\/capture-decran-2024-02-13-a-145920-96x96.png","url":"https:\/\/marieclaire.be\/fr\/wp-content\/uploads\/2017\/05\/capture-decran-2024-02-13-a-145920-96x96.png","contentUrl":"https:\/\/marieclaire.be\/fr\/wp-content\/uploads\/2017\/05\/capture-decran-2024-02-13-a-145920-96x96.png","caption":"Malvine Sevrin"},"description":"Des podiums parisiens aux derni\u00e8res nouveaut\u00e9s skincare qui enflamment TikTok, je d\u00e9crypte les tendances pour Marie Claire Belgique. Passionn\u00e9e de voyage, de mode et de beaut\u00e9, je partage mes coups de coeur d\u00e9nich\u00e9s aux quatre coins du globe. En tant que r\u00e9dactrice en chef digital, j'ai \u00e9galement \u00e0 coeur de mettre en lumi\u00e8re les histoires inspirantes de femmes \u00e0 travers notre site et sur nos r\u00e9seaux sociaux.","sameAs":["https:\/\/www.instagram.com\/malvinesev\/"],"url":"https:\/\/marieclaire.be\/fr\/author\/malvine\/"}]}},"_links":{"self":[{"href":"https:\/\/marieclaire.be\/fr\/wp-json\/wp\/v2\/posts\/42965","targetHints":{"allow":["GET"]}}],"collection":[{"href":"https:\/\/marieclaire.be\/fr\/wp-json\/wp\/v2\/posts"}],"about":[{"href":"https:\/\/marieclaire.be\/fr\/wp-json\/wp\/v2\/types\/post"}],"author":[{"embeddable":true,"href":"https:\/\/marieclaire.be\/fr\/wp-json\/wp\/v2\/users\/30"}],"replies":[{"embeddable":true,"href":"https:\/\/marieclaire.be\/fr\/wp-json\/wp\/v2\/comments?post=42965"}],"version-history":[{"count":5,"href":"https:\/\/marieclaire.be\/fr\/wp-json\/wp\/v2\/posts\/42965\/revisions"}],"predecessor-version":[{"id":109750,"href":"https:\/\/marieclaire.be\/fr\/wp-json\/wp\/v2\/posts\/42965\/revisions\/109750"}],"wp:featuredmedia":[{"embeddable":true,"href":"https:\/\/marieclaire.be\/fr\/wp-json\/wp\/v2\/media\/98415"}],"wp:attachment":[{"href":"https:\/\/marieclaire.be\/fr\/wp-json\/wp\/v2\/media?parent=42965"}],"wp:term":[{"taxonomy":"category","embeddable":true,"href":"https:\/\/marieclaire.be\/fr\/wp-json\/wp\/v2\/categories?post=42965"},{"taxonomy":"post_tag","embeddable":true,"href":"https:\/\/marieclaire.be\/fr\/wp-json\/wp\/v2\/tags?post=42965"}],"curies":[{"name":"wp","href":"https:\/\/api.w.org\/{rel}","templated":true}]}}