{"id":39678,"date":"2018-03-09T11:56:29","date_gmt":"2018-03-09T10:56:29","guid":{"rendered":"http:\/\/marieclaire.be\/fr\/?p=39678"},"modified":"2018-03-09T12:09:38","modified_gmt":"2018-03-09T11:09:38","slug":"le-meufisme-basique-orelsan-8-mars","status":"publish","type":"post","link":"https:\/\/marieclaire.be\/fr\/le-meufisme-basique-orelsan-8-mars\/","title":{"rendered":"8 mars: le collectif &#8220;Le Meufisme&#8221; d\u00e9tourne Orelsan avec brio"},"content":{"rendered":"","protected":false},"excerpt":{"rendered":"Le collectif f\u00e9ministe \u00ab\u00a0Le Meufisme\u00a0\u00bb reprend Basique, le titre du rappeur Orelsan, en version engag\u00e9e et bien remont\u00e9e. ...","protected":false},"author":8,"featured_media":39700,"comment_status":"closed","ping_status":"closed","sticky":false,"template":"","format":"standard","meta":{"_acf_changed":false,"footnotes":""},"categories":[1453],"tags":[1186,964,1187,3359,2390,2409],"class_list":["post-39678","post","type-post","status-publish","format-standard","has-post-thumbnail","hentry","category-enbref","tag-8-mars","tag-feminisme","tag-journee-internationale-des-droits-des-femmes","tag-le-meufisme","tag-orelsan","tag-sexisme"],"acf":[],"_yoast_wpseo_title":null,"_yoast_wpseo_metadesc":"Le collectif f\u00e9ministe \u00ab\u00a0Le Meufisme\u00a0\u00bb, reprend Basique, le titre du rappeur Orelsan en version engag\u00e9e et plut\u00f4t bien remont\u00e9e.","image_verticale":null,"yoast_head":"<!-- This site is optimized with the Yoast SEO plugin v27.3 - https:\/\/yoast.com\/product\/yoast-seo-wordpress\/ -->\n<title>8 mars: le collectif &quot;Le Meufisme&quot; d\u00e9tourne Orelsan avec brio - Marie Claire Belgique<\/title>\n<meta name=\"description\" content=\"Le collectif f\u00e9ministe \u00ab\u00a0Le Meufisme\u00a0\u00bb, reprend Basique, le titre du rappeur Orelsan en version engag\u00e9e et plut\u00f4t bien remont\u00e9e.\" \/>\n<meta name=\"robots\" content=\"index, follow, max-snippet:-1, max-image-preview:large, max-video-preview:-1\" \/>\n<link rel=\"canonical\" href=\"https:\/\/marieclaire.be\/fr\/le-meufisme-basique-orelsan-8-mars\/\" \/>\n<meta property=\"og:locale\" content=\"fr_FR\" \/>\n<meta property=\"og:type\" content=\"article\" \/>\n<meta property=\"og:title\" content=\"8 mars: le collectif &quot;Le Meufisme&quot; d\u00e9tourne Orelsan avec brio - Marie Claire Belgique\" \/>\n<meta property=\"og:description\" content=\"Le collectif f\u00e9ministe \u00ab\u00a0Le Meufisme\u00a0\u00bb, reprend Basique, le titre du rappeur Orelsan en version engag\u00e9e et plut\u00f4t bien remont\u00e9e.\" \/>\n<meta property=\"og:url\" content=\"https:\/\/marieclaire.be\/fr\/le-meufisme-basique-orelsan-8-mars\/\" \/>\n<meta property=\"og:site_name\" content=\"Marie Claire Belgique\" \/>\n<meta property=\"article:publisher\" content=\"https:\/\/www.facebook.com\/MarieClaire.Belgique\/\" \/>\n<meta property=\"article:published_time\" content=\"2018-03-09T10:56:29+00:00\" \/>\n<meta property=\"article:modified_time\" content=\"2018-03-09T11:09:38+00:00\" \/>\n<meta property=\"og:image\" content=\"https:\/\/marieclaire.be\/fr\/wp-content\/uploads\/2018\/03\/marieclaire_le_meufisme_basique.png\" \/>\n\t<meta property=\"og:image:width\" content=\"1050\" \/>\n\t<meta property=\"og:image:height\" content=\"550\" \/>\n\t<meta property=\"og:image:type\" content=\"image\/png\" \/>\n<meta name=\"author\" content=\"Marie Claire\" \/>\n<meta name=\"twitter:label1\" content=\"\u00c9crit par\" \/>\n\t<meta name=\"twitter:data1\" content=\"Marie Claire\" \/>\n\t<meta name=\"twitter:label2\" content=\"Dur\u00e9e de lecture estim\u00e9e\" \/>\n\t<meta name=\"twitter:data2\" content=\"1 minute\" \/>\n<script type=\"application\/ld+json\" class=\"yoast-schema-graph\">{\"@context\":\"https:\\\/\\\/schema.org\",\"@graph\":[{\"@type\":\"NewsArticle\",\"@id\":\"https:\\\/\\\/marieclaire.be\\\/fr\\\/le-meufisme-basique-orelsan-8-mars\\\/#article\",\"isPartOf\":{\"@id\":\"https:\\\/\\\/marieclaire.be\\\/fr\\\/le-meufisme-basique-orelsan-8-mars\\\/\"},\"author\":{\"name\":\"Marie Claire\",\"@id\":\"https:\\\/\\\/marieclaire.be\\\/fr\\\/#\\\/schema\\\/person\\\/6a5bc4eb4707dbc5cb47d17804a85f8c\"},\"headline\":\"8 mars: le collectif &#8220;Le Meufisme&#8221; d\u00e9tourne Orelsan avec brio\",\"datePublished\":\"2018-03-09T10:56:29+00:00\",\"dateModified\":\"2018-03-09T11:09:38+00:00\",\"mainEntityOfPage\":{\"@id\":\"https:\\\/\\\/marieclaire.be\\\/fr\\\/le-meufisme-basique-orelsan-8-mars\\\/\"},\"wordCount\":205,\"publisher\":{\"@id\":\"https:\\\/\\\/marieclaire.be\\\/fr\\\/#organization\"},\"image\":{\"@id\":\"https:\\\/\\\/marieclaire.be\\\/fr\\\/le-meufisme-basique-orelsan-8-mars\\\/#primaryimage\"},\"thumbnailUrl\":\"https:\\\/\\\/marieclaire.be\\\/fr\\\/wp-content\\\/uploads\\\/2018\\\/03\\\/marieclaire_le_meufisme_basique.png\",\"keywords\":[\"8 mars\",\"f\u00e9minisme\",\"journ\u00e9e internationale des droits des femmes\",\"Le meufisme\",\"orelsan\",\"sexisme\"],\"articleSection\":[\"En bref\"],\"inLanguage\":\"fr-FR\"},{\"@type\":\"WebPage\",\"@id\":\"https:\\\/\\\/marieclaire.be\\\/fr\\\/le-meufisme-basique-orelsan-8-mars\\\/\",\"url\":\"https:\\\/\\\/marieclaire.be\\\/fr\\\/le-meufisme-basique-orelsan-8-mars\\\/\",\"name\":\"8 mars: le collectif \\\"Le Meufisme\\\" d\u00e9tourne Orelsan avec brio - Marie Claire Belgique\",\"isPartOf\":{\"@id\":\"https:\\\/\\\/marieclaire.be\\\/fr\\\/#website\"},\"primaryImageOfPage\":{\"@id\":\"https:\\\/\\\/marieclaire.be\\\/fr\\\/le-meufisme-basique-orelsan-8-mars\\\/#primaryimage\"},\"image\":{\"@id\":\"https:\\\/\\\/marieclaire.be\\\/fr\\\/le-meufisme-basique-orelsan-8-mars\\\/#primaryimage\"},\"thumbnailUrl\":\"https:\\\/\\\/marieclaire.be\\\/fr\\\/wp-content\\\/uploads\\\/2018\\\/03\\\/marieclaire_le_meufisme_basique.png\",\"datePublished\":\"2018-03-09T10:56:29+00:00\",\"dateModified\":\"2018-03-09T11:09:38+00:00\",\"description\":\"Le collectif f\u00e9ministe \u00ab\u00a0Le Meufisme\u00a0\u00bb, reprend Basique, le titre du rappeur Orelsan en version engag\u00e9e et plut\u00f4t bien remont\u00e9e.\",\"breadcrumb\":{\"@id\":\"https:\\\/\\\/marieclaire.be\\\/fr\\\/le-meufisme-basique-orelsan-8-mars\\\/#breadcrumb\"},\"inLanguage\":\"fr-FR\",\"potentialAction\":[{\"@type\":\"ReadAction\",\"target\":[\"https:\\\/\\\/marieclaire.be\\\/fr\\\/le-meufisme-basique-orelsan-8-mars\\\/\"]}]},{\"@type\":\"ImageObject\",\"inLanguage\":\"fr-FR\",\"@id\":\"https:\\\/\\\/marieclaire.be\\\/fr\\\/le-meufisme-basique-orelsan-8-mars\\\/#primaryimage\",\"url\":\"https:\\\/\\\/marieclaire.be\\\/fr\\\/wp-content\\\/uploads\\\/2018\\\/03\\\/marieclaire_le_meufisme_basique.png\",\"contentUrl\":\"https:\\\/\\\/marieclaire.be\\\/fr\\\/wp-content\\\/uploads\\\/2018\\\/03\\\/marieclaire_le_meufisme_basique.png\",\"width\":1050,\"height\":550,\"caption\":\"YouTube Le Meufisme\"},{\"@type\":\"BreadcrumbList\",\"@id\":\"https:\\\/\\\/marieclaire.be\\\/fr\\\/le-meufisme-basique-orelsan-8-mars\\\/#breadcrumb\",\"itemListElement\":[{\"@type\":\"ListItem\",\"position\":1,\"name\":\"Accueil\",\"item\":\"https:\\\/\\\/marieclaire.be\\\/fr\\\/\"},{\"@type\":\"ListItem\",\"position\":2,\"name\":\"8 mars: le collectif \u00ab\u00a0Le Meufisme\u00a0\u00bb d\u00e9tourne Orelsan avec brio\"}]},{\"@type\":\"WebSite\",\"@id\":\"https:\\\/\\\/marieclaire.be\\\/fr\\\/#website\",\"url\":\"https:\\\/\\\/marieclaire.be\\\/fr\\\/\",\"name\":\"Marie Claire Belgique\",\"description\":\"Marie Claire Belgique, le magazine du style et de l\u2019intelligence qui parle de mode, des tendances, de la beaut\u00e9, de l\u2019actualit\u00e9 et de la culture\",\"publisher\":{\"@id\":\"https:\\\/\\\/marieclaire.be\\\/fr\\\/#organization\"},\"potentialAction\":[{\"@type\":\"SearchAction\",\"target\":{\"@type\":\"EntryPoint\",\"urlTemplate\":\"https:\\\/\\\/marieclaire.be\\\/fr\\\/?s={search_term_string}\"},\"query-input\":{\"@type\":\"PropertyValueSpecification\",\"valueRequired\":true,\"valueName\":\"search_term_string\"}}],\"inLanguage\":\"fr-FR\"},{\"@type\":\"Organization\",\"@id\":\"https:\\\/\\\/marieclaire.be\\\/fr\\\/#organization\",\"name\":\"Marie Claire\",\"url\":\"https:\\\/\\\/marieclaire.be\\\/fr\\\/\",\"logo\":{\"@type\":\"ImageObject\",\"inLanguage\":\"fr-FR\",\"@id\":\"https:\\\/\\\/marieclaire.be\\\/fr\\\/#\\\/schema\\\/logo\\\/image\\\/\",\"url\":\"https:\\\/\\\/marieclaire.be\\\/fr\\\/wp-content\\\/uploads\\\/2018\\\/05\\\/mc-logo2.png\",\"contentUrl\":\"https:\\\/\\\/marieclaire.be\\\/fr\\\/wp-content\\\/uploads\\\/2018\\\/05\\\/mc-logo2.png\",\"width\":1001,\"height\":189,\"caption\":\"Marie Claire\"},\"image\":{\"@id\":\"https:\\\/\\\/marieclaire.be\\\/fr\\\/#\\\/schema\\\/logo\\\/image\\\/\"},\"sameAs\":[\"https:\\\/\\\/www.facebook.com\\\/MarieClaire.Belgique\\\/\",\"https:\\\/\\\/www.instagram.com\\\/marieclaire_belgique\\\/\",\"https:\\\/\\\/fr.pinterest.com\\\/marieclairebe\\\/\",\"https:\\\/\\\/www.youtube.com\\\/user\\\/BelgiumMarieClaire\"]},{\"@type\":\"Person\",\"@id\":\"https:\\\/\\\/marieclaire.be\\\/fr\\\/#\\\/schema\\\/person\\\/6a5bc4eb4707dbc5cb47d17804a85f8c\",\"name\":\"Marie Claire\",\"image\":{\"@type\":\"ImageObject\",\"inLanguage\":\"fr-FR\",\"@id\":\"https:\\\/\\\/marieclaire.be\\\/fr\\\/wp-content\\\/uploads\\\/2016\\\/11\\\/mclogo-96x96.jpg\",\"url\":\"https:\\\/\\\/marieclaire.be\\\/fr\\\/wp-content\\\/uploads\\\/2016\\\/11\\\/mclogo-96x96.jpg\",\"contentUrl\":\"https:\\\/\\\/marieclaire.be\\\/fr\\\/wp-content\\\/uploads\\\/2016\\\/11\\\/mclogo-96x96.jpg\",\"caption\":\"Marie Claire\"},\"url\":\"https:\\\/\\\/marieclaire.be\\\/fr\\\/author\\\/stagiaire\\\/\"}]}<\/script>\n<!-- \/ Yoast SEO plugin. -->","yoast_head_json":{"title":"8 mars: le collectif \"Le Meufisme\" d\u00e9tourne Orelsan avec brio - Marie Claire Belgique","description":"Le collectif f\u00e9ministe \u00ab\u00a0Le Meufisme\u00a0\u00bb, reprend Basique, le titre du rappeur Orelsan en version engag\u00e9e et plut\u00f4t bien remont\u00e9e.","robots":{"index":"index","follow":"follow","max-snippet":"max-snippet:-1","max-image-preview":"max-image-preview:large","max-video-preview":"max-video-preview:-1"},"canonical":"https:\/\/marieclaire.be\/fr\/le-meufisme-basique-orelsan-8-mars\/","og_locale":"fr_FR","og_type":"article","og_title":"8 mars: le collectif \"Le Meufisme\" d\u00e9tourne Orelsan avec brio - Marie Claire Belgique","og_description":"Le collectif f\u00e9ministe \u00ab\u00a0Le Meufisme\u00a0\u00bb, reprend Basique, le titre du rappeur Orelsan en version engag\u00e9e et plut\u00f4t bien remont\u00e9e.","og_url":"https:\/\/marieclaire.be\/fr\/le-meufisme-basique-orelsan-8-mars\/","og_site_name":"Marie Claire Belgique","article_publisher":"https:\/\/www.facebook.com\/MarieClaire.Belgique\/","article_published_time":"2018-03-09T10:56:29+00:00","article_modified_time":"2018-03-09T11:09:38+00:00","og_image":[{"width":1050,"height":550,"url":"https:\/\/marieclaire.be\/fr\/wp-content\/uploads\/2018\/03\/marieclaire_le_meufisme_basique.png","type":"image\/png"}],"author":"Marie Claire","twitter_misc":{"\u00c9crit par":"Marie Claire","Dur\u00e9e de lecture estim\u00e9e":"1 minute"},"schema":{"@context":"https:\/\/schema.org","@graph":[{"@type":"NewsArticle","@id":"https:\/\/marieclaire.be\/fr\/le-meufisme-basique-orelsan-8-mars\/#article","isPartOf":{"@id":"https:\/\/marieclaire.be\/fr\/le-meufisme-basique-orelsan-8-mars\/"},"author":{"name":"Marie Claire","@id":"https:\/\/marieclaire.be\/fr\/#\/schema\/person\/6a5bc4eb4707dbc5cb47d17804a85f8c"},"headline":"8 mars: le collectif &#8220;Le Meufisme&#8221; d\u00e9tourne Orelsan avec brio","datePublished":"2018-03-09T10:56:29+00:00","dateModified":"2018-03-09T11:09:38+00:00","mainEntityOfPage":{"@id":"https:\/\/marieclaire.be\/fr\/le-meufisme-basique-orelsan-8-mars\/"},"wordCount":205,"publisher":{"@id":"https:\/\/marieclaire.be\/fr\/#organization"},"image":{"@id":"https:\/\/marieclaire.be\/fr\/le-meufisme-basique-orelsan-8-mars\/#primaryimage"},"thumbnailUrl":"https:\/\/marieclaire.be\/fr\/wp-content\/uploads\/2018\/03\/marieclaire_le_meufisme_basique.png","keywords":["8 mars","f\u00e9minisme","journ\u00e9e internationale des droits des femmes","Le meufisme","orelsan","sexisme"],"articleSection":["En bref"],"inLanguage":"fr-FR"},{"@type":"WebPage","@id":"https:\/\/marieclaire.be\/fr\/le-meufisme-basique-orelsan-8-mars\/","url":"https:\/\/marieclaire.be\/fr\/le-meufisme-basique-orelsan-8-mars\/","name":"8 mars: le collectif \"Le Meufisme\" d\u00e9tourne Orelsan avec brio - Marie Claire Belgique","isPartOf":{"@id":"https:\/\/marieclaire.be\/fr\/#website"},"primaryImageOfPage":{"@id":"https:\/\/marieclaire.be\/fr\/le-meufisme-basique-orelsan-8-mars\/#primaryimage"},"image":{"@id":"https:\/\/marieclaire.be\/fr\/le-meufisme-basique-orelsan-8-mars\/#primaryimage"},"thumbnailUrl":"https:\/\/marieclaire.be\/fr\/wp-content\/uploads\/2018\/03\/marieclaire_le_meufisme_basique.png","datePublished":"2018-03-09T10:56:29+00:00","dateModified":"2018-03-09T11:09:38+00:00","description":"Le collectif f\u00e9ministe \u00ab\u00a0Le Meufisme\u00a0\u00bb, reprend Basique, le titre du rappeur Orelsan en version engag\u00e9e et plut\u00f4t bien remont\u00e9e.","breadcrumb":{"@id":"https:\/\/marieclaire.be\/fr\/le-meufisme-basique-orelsan-8-mars\/#breadcrumb"},"inLanguage":"fr-FR","potentialAction":[{"@type":"ReadAction","target":["https:\/\/marieclaire.be\/fr\/le-meufisme-basique-orelsan-8-mars\/"]}]},{"@type":"ImageObject","inLanguage":"fr-FR","@id":"https:\/\/marieclaire.be\/fr\/le-meufisme-basique-orelsan-8-mars\/#primaryimage","url":"https:\/\/marieclaire.be\/fr\/wp-content\/uploads\/2018\/03\/marieclaire_le_meufisme_basique.png","contentUrl":"https:\/\/marieclaire.be\/fr\/wp-content\/uploads\/2018\/03\/marieclaire_le_meufisme_basique.png","width":1050,"height":550,"caption":"YouTube Le Meufisme"},{"@type":"BreadcrumbList","@id":"https:\/\/marieclaire.be\/fr\/le-meufisme-basique-orelsan-8-mars\/#breadcrumb","itemListElement":[{"@type":"ListItem","position":1,"name":"Accueil","item":"https:\/\/marieclaire.be\/fr\/"},{"@type":"ListItem","position":2,"name":"8 mars: le collectif \u00ab\u00a0Le Meufisme\u00a0\u00bb d\u00e9tourne Orelsan avec brio"}]},{"@type":"WebSite","@id":"https:\/\/marieclaire.be\/fr\/#website","url":"https:\/\/marieclaire.be\/fr\/","name":"Marie Claire Belgique","description":"Marie Claire Belgique, le magazine du style et de l\u2019intelligence qui parle de mode, des tendances, de la beaut\u00e9, de l\u2019actualit\u00e9 et de la culture","publisher":{"@id":"https:\/\/marieclaire.be\/fr\/#organization"},"potentialAction":[{"@type":"SearchAction","target":{"@type":"EntryPoint","urlTemplate":"https:\/\/marieclaire.be\/fr\/?s={search_term_string}"},"query-input":{"@type":"PropertyValueSpecification","valueRequired":true,"valueName":"search_term_string"}}],"inLanguage":"fr-FR"},{"@type":"Organization","@id":"https:\/\/marieclaire.be\/fr\/#organization","name":"Marie Claire","url":"https:\/\/marieclaire.be\/fr\/","logo":{"@type":"ImageObject","inLanguage":"fr-FR","@id":"https:\/\/marieclaire.be\/fr\/#\/schema\/logo\/image\/","url":"https:\/\/marieclaire.be\/fr\/wp-content\/uploads\/2018\/05\/mc-logo2.png","contentUrl":"https:\/\/marieclaire.be\/fr\/wp-content\/uploads\/2018\/05\/mc-logo2.png","width":1001,"height":189,"caption":"Marie Claire"},"image":{"@id":"https:\/\/marieclaire.be\/fr\/#\/schema\/logo\/image\/"},"sameAs":["https:\/\/www.facebook.com\/MarieClaire.Belgique\/","https:\/\/www.instagram.com\/marieclaire_belgique\/","https:\/\/fr.pinterest.com\/marieclairebe\/","https:\/\/www.youtube.com\/user\/BelgiumMarieClaire"]},{"@type":"Person","@id":"https:\/\/marieclaire.be\/fr\/#\/schema\/person\/6a5bc4eb4707dbc5cb47d17804a85f8c","name":"Marie Claire","image":{"@type":"ImageObject","inLanguage":"fr-FR","@id":"https:\/\/marieclaire.be\/fr\/wp-content\/uploads\/2016\/11\/mclogo-96x96.jpg","url":"https:\/\/marieclaire.be\/fr\/wp-content\/uploads\/2016\/11\/mclogo-96x96.jpg","contentUrl":"https:\/\/marieclaire.be\/fr\/wp-content\/uploads\/2016\/11\/mclogo-96x96.jpg","caption":"Marie Claire"},"url":"https:\/\/marieclaire.be\/fr\/author\/stagiaire\/"}]}},"_links":{"self":[{"href":"https:\/\/marieclaire.be\/fr\/wp-json\/wp\/v2\/posts\/39678","targetHints":{"allow":["GET"]}}],"collection":[{"href":"https:\/\/marieclaire.be\/fr\/wp-json\/wp\/v2\/posts"}],"about":[{"href":"https:\/\/marieclaire.be\/fr\/wp-json\/wp\/v2\/types\/post"}],"author":[{"embeddable":true,"href":"https:\/\/marieclaire.be\/fr\/wp-json\/wp\/v2\/users\/8"}],"replies":[{"embeddable":true,"href":"https:\/\/marieclaire.be\/fr\/wp-json\/wp\/v2\/comments?post=39678"}],"version-history":[{"count":0,"href":"https:\/\/marieclaire.be\/fr\/wp-json\/wp\/v2\/posts\/39678\/revisions"}],"wp:featuredmedia":[{"embeddable":true,"href":"https:\/\/marieclaire.be\/fr\/wp-json\/wp\/v2\/media\/39700"}],"wp:attachment":[{"href":"https:\/\/marieclaire.be\/fr\/wp-json\/wp\/v2\/media?parent=39678"}],"wp:term":[{"taxonomy":"category","embeddable":true,"href":"https:\/\/marieclaire.be\/fr\/wp-json\/wp\/v2\/categories?post=39678"},{"taxonomy":"post_tag","embeddable":true,"href":"https:\/\/marieclaire.be\/fr\/wp-json\/wp\/v2\/tags?post=39678"}],"curies":[{"name":"wp","href":"https:\/\/api.w.org\/{rel}","templated":true}]}}