{"id":38171,"date":"2018-02-26T12:20:37","date_gmt":"2018-02-26T11:20:37","guid":{"rendered":"http:\/\/marieclaire.be\/fr\/?p=38171"},"modified":"2018-02-26T13:21:16","modified_gmt":"2018-02-26T12:21:16","slug":"human-wave-manifestation-politique-migratoire","status":"publish","type":"post","link":"https:\/\/marieclaire.be\/fr\/human-wave-manifestation-politique-migratoire\/","title":{"rendered":"Vague de froid et de solidarit\u00e9 sur Bruxelles: 10.000 personnes manifestent pour plus d&#8217;humanit\u00e9 dans la politique migratoire"},"content":{"rendered":"","protected":false},"excerpt":{"rendered":"Hier, dimanche 25 f\u00e9vrier, malgr\u00e9 un froid litt\u00e9ralement polaire et un soleil \u00e9clatant, 10. ...","protected":false},"author":19,"featured_media":38177,"comment_status":"closed","ping_status":"closed","sticky":false,"template":"","format":"standard","meta":{"_acf_changed":false,"footnotes":""},"categories":[1453],"tags":[893,156,1238,2645,1239,692],"class_list":["post-38171","post","type-post","status-publish","format-standard","has-post-thumbnail","hentry","category-enbref","tag-belgique","tag-bruxelles","tag-crise-migratoire","tag-immigration","tag-refugies","tag-solidarite"],"acf":[],"_yoast_wpseo_title":null,"_yoast_wpseo_metadesc":"Ce dimanche 25 f\u00e9vrier, malgr\u00e9 un froid polaire, 10.000 citoyens se sont mobilis\u00e9s pour d\u00e9noncer la politique migratoire du Gouvernement.","image_verticale":null,"yoast_head":"<!-- This site is optimized with the Yoast SEO plugin v27.3 - https:\/\/yoast.com\/product\/yoast-seo-wordpress\/ -->\n<title>Vague de froid et de solidarit\u00e9 sur Bruxelles: 10.000 personnes manifestent pour plus d&#039;humanit\u00e9 dans la politique migratoire - Marie Claire Belgique<\/title>\n<meta name=\"description\" content=\"Ce dimanche 25 f\u00e9vrier, malgr\u00e9 un froid polaire, 10.000 citoyens se sont mobilis\u00e9s pour d\u00e9noncer la politique migratoire du Gouvernement.\" \/>\n<meta name=\"robots\" content=\"index, follow, max-snippet:-1, max-image-preview:large, max-video-preview:-1\" \/>\n<link rel=\"canonical\" href=\"https:\/\/marieclaire.be\/fr\/human-wave-manifestation-politique-migratoire\/\" \/>\n<meta property=\"og:locale\" content=\"fr_FR\" \/>\n<meta property=\"og:type\" content=\"article\" \/>\n<meta property=\"og:title\" content=\"Vague de froid et de solidarit\u00e9 sur Bruxelles: 10.000 personnes manifestent pour plus d&#039;humanit\u00e9 dans la politique migratoire - Marie Claire Belgique\" \/>\n<meta property=\"og:description\" content=\"Ce dimanche 25 f\u00e9vrier, malgr\u00e9 un froid polaire, 10.000 citoyens se sont mobilis\u00e9s pour d\u00e9noncer la politique migratoire du Gouvernement.\" \/>\n<meta property=\"og:url\" content=\"https:\/\/marieclaire.be\/fr\/human-wave-manifestation-politique-migratoire\/\" \/>\n<meta property=\"og:site_name\" content=\"Marie Claire Belgique\" \/>\n<meta property=\"article:publisher\" content=\"https:\/\/www.facebook.com\/MarieClaire.Belgique\/\" \/>\n<meta property=\"article:published_time\" content=\"2018-02-26T11:20:37+00:00\" \/>\n<meta property=\"article:modified_time\" content=\"2018-02-26T12:21:16+00:00\" \/>\n<meta property=\"og:image\" content=\"https:\/\/marieclaire.be\/fr\/wp-content\/uploads\/2018\/02\/marieclaire_humanwave.png\" \/>\n\t<meta property=\"og:image:width\" content=\"1050\" \/>\n\t<meta property=\"og:image:height\" content=\"550\" \/>\n\t<meta property=\"og:image:type\" content=\"image\/png\" \/>\n<meta name=\"author\" content=\"Charlotte Deprez\" \/>\n<meta name=\"twitter:label1\" content=\"\u00c9crit par\" \/>\n\t<meta name=\"twitter:data1\" content=\"Charlotte Deprez\" \/>\n\t<meta name=\"twitter:label2\" content=\"Dur\u00e9e de lecture estim\u00e9e\" \/>\n\t<meta name=\"twitter:data2\" content=\"1 minute\" \/>\n<script type=\"application\/ld+json\" class=\"yoast-schema-graph\">{\"@context\":\"https:\\\/\\\/schema.org\",\"@graph\":[{\"@type\":\"NewsArticle\",\"@id\":\"https:\\\/\\\/marieclaire.be\\\/fr\\\/human-wave-manifestation-politique-migratoire\\\/#article\",\"isPartOf\":{\"@id\":\"https:\\\/\\\/marieclaire.be\\\/fr\\\/human-wave-manifestation-politique-migratoire\\\/\"},\"author\":{\"name\":\"Charlotte Deprez\",\"@id\":\"https:\\\/\\\/marieclaire.be\\\/fr\\\/#\\\/schema\\\/person\\\/0f2a2faab8a1cdf67c909271eb6dcb39\"},\"headline\":\"Vague de froid et de solidarit\u00e9 sur Bruxelles: 10.000 personnes manifestent pour plus d&#8217;humanit\u00e9 dans la politique migratoire\",\"datePublished\":\"2018-02-26T11:20:37+00:00\",\"dateModified\":\"2018-02-26T12:21:16+00:00\",\"mainEntityOfPage\":{\"@id\":\"https:\\\/\\\/marieclaire.be\\\/fr\\\/human-wave-manifestation-politique-migratoire\\\/\"},\"wordCount\":205,\"publisher\":{\"@id\":\"https:\\\/\\\/marieclaire.be\\\/fr\\\/#organization\"},\"image\":{\"@id\":\"https:\\\/\\\/marieclaire.be\\\/fr\\\/human-wave-manifestation-politique-migratoire\\\/#primaryimage\"},\"thumbnailUrl\":\"https:\\\/\\\/marieclaire.be\\\/fr\\\/wp-content\\\/uploads\\\/2018\\\/02\\\/marieclaire_humanwave.png\",\"keywords\":[\"belgique\",\"Bruxelles\",\"crise migratoire\",\"immigration\",\"r\u00e9fugi\u00e9s\",\"solidarit\u00e9\"],\"articleSection\":[\"En bref\"],\"inLanguage\":\"fr-FR\"},{\"@type\":\"WebPage\",\"@id\":\"https:\\\/\\\/marieclaire.be\\\/fr\\\/human-wave-manifestation-politique-migratoire\\\/\",\"url\":\"https:\\\/\\\/marieclaire.be\\\/fr\\\/human-wave-manifestation-politique-migratoire\\\/\",\"name\":\"Vague de froid et de solidarit\u00e9 sur Bruxelles: 10.000 personnes manifestent pour plus d'humanit\u00e9 dans la politique migratoire - Marie Claire Belgique\",\"isPartOf\":{\"@id\":\"https:\\\/\\\/marieclaire.be\\\/fr\\\/#website\"},\"primaryImageOfPage\":{\"@id\":\"https:\\\/\\\/marieclaire.be\\\/fr\\\/human-wave-manifestation-politique-migratoire\\\/#primaryimage\"},\"image\":{\"@id\":\"https:\\\/\\\/marieclaire.be\\\/fr\\\/human-wave-manifestation-politique-migratoire\\\/#primaryimage\"},\"thumbnailUrl\":\"https:\\\/\\\/marieclaire.be\\\/fr\\\/wp-content\\\/uploads\\\/2018\\\/02\\\/marieclaire_humanwave.png\",\"datePublished\":\"2018-02-26T11:20:37+00:00\",\"dateModified\":\"2018-02-26T12:21:16+00:00\",\"description\":\"Ce dimanche 25 f\u00e9vrier, malgr\u00e9 un froid polaire, 10.000 citoyens se sont mobilis\u00e9s pour d\u00e9noncer la politique migratoire du Gouvernement.\",\"breadcrumb\":{\"@id\":\"https:\\\/\\\/marieclaire.be\\\/fr\\\/human-wave-manifestation-politique-migratoire\\\/#breadcrumb\"},\"inLanguage\":\"fr-FR\",\"potentialAction\":[{\"@type\":\"ReadAction\",\"target\":[\"https:\\\/\\\/marieclaire.be\\\/fr\\\/human-wave-manifestation-politique-migratoire\\\/\"]}]},{\"@type\":\"ImageObject\",\"inLanguage\":\"fr-FR\",\"@id\":\"https:\\\/\\\/marieclaire.be\\\/fr\\\/human-wave-manifestation-politique-migratoire\\\/#primaryimage\",\"url\":\"https:\\\/\\\/marieclaire.be\\\/fr\\\/wp-content\\\/uploads\\\/2018\\\/02\\\/marieclaire_humanwave.png\",\"contentUrl\":\"https:\\\/\\\/marieclaire.be\\\/fr\\\/wp-content\\\/uploads\\\/2018\\\/02\\\/marieclaire_humanwave.png\",\"width\":1050,\"height\":550,\"caption\":\"Samir Sam'Touch\"},{\"@type\":\"BreadcrumbList\",\"@id\":\"https:\\\/\\\/marieclaire.be\\\/fr\\\/human-wave-manifestation-politique-migratoire\\\/#breadcrumb\",\"itemListElement\":[{\"@type\":\"ListItem\",\"position\":1,\"name\":\"Accueil\",\"item\":\"https:\\\/\\\/marieclaire.be\\\/fr\\\/\"},{\"@type\":\"ListItem\",\"position\":2,\"name\":\"Vague de froid et de solidarit\u00e9 sur Bruxelles: 10.000 personnes manifestent pour plus d&rsquo;humanit\u00e9 dans la politique migratoire\"}]},{\"@type\":\"WebSite\",\"@id\":\"https:\\\/\\\/marieclaire.be\\\/fr\\\/#website\",\"url\":\"https:\\\/\\\/marieclaire.be\\\/fr\\\/\",\"name\":\"Marie Claire Belgique\",\"description\":\"Marie Claire Belgique, le magazine du style et de l\u2019intelligence qui parle de mode, des tendances, de la beaut\u00e9, de l\u2019actualit\u00e9 et de la culture\",\"publisher\":{\"@id\":\"https:\\\/\\\/marieclaire.be\\\/fr\\\/#organization\"},\"potentialAction\":[{\"@type\":\"SearchAction\",\"target\":{\"@type\":\"EntryPoint\",\"urlTemplate\":\"https:\\\/\\\/marieclaire.be\\\/fr\\\/?s={search_term_string}\"},\"query-input\":{\"@type\":\"PropertyValueSpecification\",\"valueRequired\":true,\"valueName\":\"search_term_string\"}}],\"inLanguage\":\"fr-FR\"},{\"@type\":\"Organization\",\"@id\":\"https:\\\/\\\/marieclaire.be\\\/fr\\\/#organization\",\"name\":\"Marie Claire\",\"url\":\"https:\\\/\\\/marieclaire.be\\\/fr\\\/\",\"logo\":{\"@type\":\"ImageObject\",\"inLanguage\":\"fr-FR\",\"@id\":\"https:\\\/\\\/marieclaire.be\\\/fr\\\/#\\\/schema\\\/logo\\\/image\\\/\",\"url\":\"https:\\\/\\\/marieclaire.be\\\/fr\\\/wp-content\\\/uploads\\\/2018\\\/05\\\/mc-logo2.png\",\"contentUrl\":\"https:\\\/\\\/marieclaire.be\\\/fr\\\/wp-content\\\/uploads\\\/2018\\\/05\\\/mc-logo2.png\",\"width\":1001,\"height\":189,\"caption\":\"Marie Claire\"},\"image\":{\"@id\":\"https:\\\/\\\/marieclaire.be\\\/fr\\\/#\\\/schema\\\/logo\\\/image\\\/\"},\"sameAs\":[\"https:\\\/\\\/www.facebook.com\\\/MarieClaire.Belgique\\\/\",\"https:\\\/\\\/www.instagram.com\\\/marieclaire_belgique\\\/\",\"https:\\\/\\\/fr.pinterest.com\\\/marieclairebe\\\/\",\"https:\\\/\\\/www.youtube.com\\\/user\\\/BelgiumMarieClaire\"]},{\"@type\":\"Person\",\"@id\":\"https:\\\/\\\/marieclaire.be\\\/fr\\\/#\\\/schema\\\/person\\\/0f2a2faab8a1cdf67c909271eb6dcb39\",\"name\":\"Charlotte Deprez\",\"image\":{\"@type\":\"ImageObject\",\"inLanguage\":\"fr-FR\",\"@id\":\"https:\\\/\\\/marieclaire.be\\\/fr\\\/wp-content\\\/uploads\\\/2019\\\/09\\\/charlotte_deprez-96x96.jpg\",\"url\":\"https:\\\/\\\/marieclaire.be\\\/fr\\\/wp-content\\\/uploads\\\/2019\\\/09\\\/charlotte_deprez-96x96.jpg\",\"contentUrl\":\"https:\\\/\\\/marieclaire.be\\\/fr\\\/wp-content\\\/uploads\\\/2019\\\/09\\\/charlotte_deprez-96x96.jpg\",\"caption\":\"Charlotte Deprez\"},\"description\":\"Foodie assum\u00e9e, obs\u00e9d\u00e9e par les voyages, la photographie et la tech, toujours \u00e0 l'aff\u00fbt de la derni\u00e8re tendance Instagram qui va r\u00e9volutionner le monde.\",\"sameAs\":[\"http:\\\/\\\/www.thetinynomad.com\",\"https:\\\/\\\/www.instagram.com\\\/thetinynomad\",\"https:\\\/\\\/be.linkedin.com\\\/in\\\/charlottedeprez\",\"https:\\\/\\\/fr.pinterest.com\\\/chadeprez\\\/\",\"https:\\\/\\\/x.com\\\/chadeprez\"],\"url\":\"https:\\\/\\\/marieclaire.be\\\/fr\\\/author\\\/charlotte\\\/\"}]}<\/script>\n<!-- \/ Yoast SEO plugin. -->","yoast_head_json":{"title":"Vague de froid et de solidarit\u00e9 sur Bruxelles: 10.000 personnes manifestent pour plus d'humanit\u00e9 dans la politique migratoire - Marie Claire Belgique","description":"Ce dimanche 25 f\u00e9vrier, malgr\u00e9 un froid polaire, 10.000 citoyens se sont mobilis\u00e9s pour d\u00e9noncer la politique migratoire du Gouvernement.","robots":{"index":"index","follow":"follow","max-snippet":"max-snippet:-1","max-image-preview":"max-image-preview:large","max-video-preview":"max-video-preview:-1"},"canonical":"https:\/\/marieclaire.be\/fr\/human-wave-manifestation-politique-migratoire\/","og_locale":"fr_FR","og_type":"article","og_title":"Vague de froid et de solidarit\u00e9 sur Bruxelles: 10.000 personnes manifestent pour plus d'humanit\u00e9 dans la politique migratoire - Marie Claire Belgique","og_description":"Ce dimanche 25 f\u00e9vrier, malgr\u00e9 un froid polaire, 10.000 citoyens se sont mobilis\u00e9s pour d\u00e9noncer la politique migratoire du Gouvernement.","og_url":"https:\/\/marieclaire.be\/fr\/human-wave-manifestation-politique-migratoire\/","og_site_name":"Marie Claire Belgique","article_publisher":"https:\/\/www.facebook.com\/MarieClaire.Belgique\/","article_published_time":"2018-02-26T11:20:37+00:00","article_modified_time":"2018-02-26T12:21:16+00:00","og_image":[{"width":1050,"height":550,"url":"https:\/\/marieclaire.be\/fr\/wp-content\/uploads\/2018\/02\/marieclaire_humanwave.png","type":"image\/png"}],"author":"Charlotte Deprez","twitter_misc":{"\u00c9crit par":"Charlotte Deprez","Dur\u00e9e de lecture estim\u00e9e":"1 minute"},"schema":{"@context":"https:\/\/schema.org","@graph":[{"@type":"NewsArticle","@id":"https:\/\/marieclaire.be\/fr\/human-wave-manifestation-politique-migratoire\/#article","isPartOf":{"@id":"https:\/\/marieclaire.be\/fr\/human-wave-manifestation-politique-migratoire\/"},"author":{"name":"Charlotte Deprez","@id":"https:\/\/marieclaire.be\/fr\/#\/schema\/person\/0f2a2faab8a1cdf67c909271eb6dcb39"},"headline":"Vague de froid et de solidarit\u00e9 sur Bruxelles: 10.000 personnes manifestent pour plus d&#8217;humanit\u00e9 dans la politique migratoire","datePublished":"2018-02-26T11:20:37+00:00","dateModified":"2018-02-26T12:21:16+00:00","mainEntityOfPage":{"@id":"https:\/\/marieclaire.be\/fr\/human-wave-manifestation-politique-migratoire\/"},"wordCount":205,"publisher":{"@id":"https:\/\/marieclaire.be\/fr\/#organization"},"image":{"@id":"https:\/\/marieclaire.be\/fr\/human-wave-manifestation-politique-migratoire\/#primaryimage"},"thumbnailUrl":"https:\/\/marieclaire.be\/fr\/wp-content\/uploads\/2018\/02\/marieclaire_humanwave.png","keywords":["belgique","Bruxelles","crise migratoire","immigration","r\u00e9fugi\u00e9s","solidarit\u00e9"],"articleSection":["En bref"],"inLanguage":"fr-FR"},{"@type":"WebPage","@id":"https:\/\/marieclaire.be\/fr\/human-wave-manifestation-politique-migratoire\/","url":"https:\/\/marieclaire.be\/fr\/human-wave-manifestation-politique-migratoire\/","name":"Vague de froid et de solidarit\u00e9 sur Bruxelles: 10.000 personnes manifestent pour plus d'humanit\u00e9 dans la politique migratoire - Marie Claire Belgique","isPartOf":{"@id":"https:\/\/marieclaire.be\/fr\/#website"},"primaryImageOfPage":{"@id":"https:\/\/marieclaire.be\/fr\/human-wave-manifestation-politique-migratoire\/#primaryimage"},"image":{"@id":"https:\/\/marieclaire.be\/fr\/human-wave-manifestation-politique-migratoire\/#primaryimage"},"thumbnailUrl":"https:\/\/marieclaire.be\/fr\/wp-content\/uploads\/2018\/02\/marieclaire_humanwave.png","datePublished":"2018-02-26T11:20:37+00:00","dateModified":"2018-02-26T12:21:16+00:00","description":"Ce dimanche 25 f\u00e9vrier, malgr\u00e9 un froid polaire, 10.000 citoyens se sont mobilis\u00e9s pour d\u00e9noncer la politique migratoire du Gouvernement.","breadcrumb":{"@id":"https:\/\/marieclaire.be\/fr\/human-wave-manifestation-politique-migratoire\/#breadcrumb"},"inLanguage":"fr-FR","potentialAction":[{"@type":"ReadAction","target":["https:\/\/marieclaire.be\/fr\/human-wave-manifestation-politique-migratoire\/"]}]},{"@type":"ImageObject","inLanguage":"fr-FR","@id":"https:\/\/marieclaire.be\/fr\/human-wave-manifestation-politique-migratoire\/#primaryimage","url":"https:\/\/marieclaire.be\/fr\/wp-content\/uploads\/2018\/02\/marieclaire_humanwave.png","contentUrl":"https:\/\/marieclaire.be\/fr\/wp-content\/uploads\/2018\/02\/marieclaire_humanwave.png","width":1050,"height":550,"caption":"Samir Sam'Touch"},{"@type":"BreadcrumbList","@id":"https:\/\/marieclaire.be\/fr\/human-wave-manifestation-politique-migratoire\/#breadcrumb","itemListElement":[{"@type":"ListItem","position":1,"name":"Accueil","item":"https:\/\/marieclaire.be\/fr\/"},{"@type":"ListItem","position":2,"name":"Vague de froid et de solidarit\u00e9 sur Bruxelles: 10.000 personnes manifestent pour plus d&rsquo;humanit\u00e9 dans la politique migratoire"}]},{"@type":"WebSite","@id":"https:\/\/marieclaire.be\/fr\/#website","url":"https:\/\/marieclaire.be\/fr\/","name":"Marie Claire Belgique","description":"Marie Claire Belgique, le magazine du style et de l\u2019intelligence qui parle de mode, des tendances, de la beaut\u00e9, de l\u2019actualit\u00e9 et de la culture","publisher":{"@id":"https:\/\/marieclaire.be\/fr\/#organization"},"potentialAction":[{"@type":"SearchAction","target":{"@type":"EntryPoint","urlTemplate":"https:\/\/marieclaire.be\/fr\/?s={search_term_string}"},"query-input":{"@type":"PropertyValueSpecification","valueRequired":true,"valueName":"search_term_string"}}],"inLanguage":"fr-FR"},{"@type":"Organization","@id":"https:\/\/marieclaire.be\/fr\/#organization","name":"Marie Claire","url":"https:\/\/marieclaire.be\/fr\/","logo":{"@type":"ImageObject","inLanguage":"fr-FR","@id":"https:\/\/marieclaire.be\/fr\/#\/schema\/logo\/image\/","url":"https:\/\/marieclaire.be\/fr\/wp-content\/uploads\/2018\/05\/mc-logo2.png","contentUrl":"https:\/\/marieclaire.be\/fr\/wp-content\/uploads\/2018\/05\/mc-logo2.png","width":1001,"height":189,"caption":"Marie Claire"},"image":{"@id":"https:\/\/marieclaire.be\/fr\/#\/schema\/logo\/image\/"},"sameAs":["https:\/\/www.facebook.com\/MarieClaire.Belgique\/","https:\/\/www.instagram.com\/marieclaire_belgique\/","https:\/\/fr.pinterest.com\/marieclairebe\/","https:\/\/www.youtube.com\/user\/BelgiumMarieClaire"]},{"@type":"Person","@id":"https:\/\/marieclaire.be\/fr\/#\/schema\/person\/0f2a2faab8a1cdf67c909271eb6dcb39","name":"Charlotte Deprez","image":{"@type":"ImageObject","inLanguage":"fr-FR","@id":"https:\/\/marieclaire.be\/fr\/wp-content\/uploads\/2019\/09\/charlotte_deprez-96x96.jpg","url":"https:\/\/marieclaire.be\/fr\/wp-content\/uploads\/2019\/09\/charlotte_deprez-96x96.jpg","contentUrl":"https:\/\/marieclaire.be\/fr\/wp-content\/uploads\/2019\/09\/charlotte_deprez-96x96.jpg","caption":"Charlotte Deprez"},"description":"Foodie assum\u00e9e, obs\u00e9d\u00e9e par les voyages, la photographie et la tech, toujours \u00e0 l'aff\u00fbt de la derni\u00e8re tendance Instagram qui va r\u00e9volutionner le monde.","sameAs":["http:\/\/www.thetinynomad.com","https:\/\/www.instagram.com\/thetinynomad","https:\/\/be.linkedin.com\/in\/charlottedeprez","https:\/\/fr.pinterest.com\/chadeprez\/","https:\/\/x.com\/chadeprez"],"url":"https:\/\/marieclaire.be\/fr\/author\/charlotte\/"}]}},"_links":{"self":[{"href":"https:\/\/marieclaire.be\/fr\/wp-json\/wp\/v2\/posts\/38171","targetHints":{"allow":["GET"]}}],"collection":[{"href":"https:\/\/marieclaire.be\/fr\/wp-json\/wp\/v2\/posts"}],"about":[{"href":"https:\/\/marieclaire.be\/fr\/wp-json\/wp\/v2\/types\/post"}],"author":[{"embeddable":true,"href":"https:\/\/marieclaire.be\/fr\/wp-json\/wp\/v2\/users\/19"}],"replies":[{"embeddable":true,"href":"https:\/\/marieclaire.be\/fr\/wp-json\/wp\/v2\/comments?post=38171"}],"version-history":[{"count":0,"href":"https:\/\/marieclaire.be\/fr\/wp-json\/wp\/v2\/posts\/38171\/revisions"}],"wp:featuredmedia":[{"embeddable":true,"href":"https:\/\/marieclaire.be\/fr\/wp-json\/wp\/v2\/media\/38177"}],"wp:attachment":[{"href":"https:\/\/marieclaire.be\/fr\/wp-json\/wp\/v2\/media?parent=38171"}],"wp:term":[{"taxonomy":"category","embeddable":true,"href":"https:\/\/marieclaire.be\/fr\/wp-json\/wp\/v2\/categories?post=38171"},{"taxonomy":"post_tag","embeddable":true,"href":"https:\/\/marieclaire.be\/fr\/wp-json\/wp\/v2\/tags?post=38171"}],"curies":[{"name":"wp","href":"https:\/\/api.w.org\/{rel}","templated":true}]}}