{"id":3791,"date":"2016-10-17T14:00:19","date_gmt":"2016-10-17T12:00:19","guid":{"rendered":"http:\/\/marieclaire.be\/fr\/?p=3791"},"modified":"2016-10-17T14:31:28","modified_gmt":"2016-10-17T12:31:28","slug":"pourquoi-voir-fille-train","status":"publish","type":"post","link":"https:\/\/marieclaire.be\/fr\/pourquoi-voir-fille-train\/","title":{"rendered":"Pourquoi voir &#8220;La Fille du Train&#8221; m\u00eame si on a lu le livre"},"content":{"rendered":"","protected":false},"excerpt":{"rendered":"En juin 2015 sortait chez nous \u201cLa Fille du Train\u201d, le premier roman de la britannique Paula Hawkins. Hawkins....","protected":false},"author":17,"featured_media":3811,"comment_status":"open","ping_status":"open","sticky":false,"template":"","format":"standard","meta":{"_acf_changed":false,"footnotes":""},"categories":[26],"tags":[92,89,90,213],"class_list":["post-3791","post","type-post","status-publish","format-standard","has-post-thumbnail","hentry","category-culture","tag-cinema","tag-critique","tag-film","tag-la-fille-du-train"],"acf":[],"_yoast_wpseo_title":null,"_yoast_wpseo_metadesc":null,"image_verticale":null,"yoast_head":"<!-- This site is optimized with the Yoast SEO plugin v27.3 - https:\/\/yoast.com\/product\/yoast-seo-wordpress\/ -->\n<title>Pourquoi voir &quot;La Fille du Train&quot; m\u00eame si on a lu le livre - Marie Claire Belgique<\/title>\n<meta name=\"robots\" content=\"index, follow, max-snippet:-1, max-image-preview:large, max-video-preview:-1\" \/>\n<link rel=\"canonical\" href=\"https:\/\/marieclaire.be\/fr\/pourquoi-voir-fille-train\/\" \/>\n<meta property=\"og:locale\" content=\"fr_FR\" \/>\n<meta property=\"og:type\" content=\"article\" \/>\n<meta property=\"og:title\" content=\"Pourquoi voir &quot;La Fille du Train&quot; m\u00eame si on a lu le livre - Marie Claire Belgique\" \/>\n<meta property=\"og:description\" content=\"En juin 2015 sortait chez nous \u201cLa Fille du Train\u201d, le premier roman de la britannique Paula Hawkins.\" \/>\n<meta property=\"og:url\" content=\"https:\/\/marieclaire.be\/fr\/pourquoi-voir-fille-train\/\" \/>\n<meta property=\"og:site_name\" content=\"Marie Claire Belgique\" \/>\n<meta property=\"article:publisher\" content=\"https:\/\/www.facebook.com\/MarieClaire.Belgique\/\" \/>\n<meta property=\"article:published_time\" content=\"2016-10-17T12:00:19+00:00\" \/>\n<meta property=\"article:modified_time\" content=\"2016-10-17T12:31:28+00:00\" \/>\n<meta property=\"og:image\" content=\"https:\/\/marieclaire.be\/fr\/wp-content\/uploads\/2016\/10\/fille-marie-claire.png\" \/>\n\t<meta property=\"og:image:width\" content=\"690\" \/>\n\t<meta property=\"og:image:height\" content=\"361\" \/>\n\t<meta property=\"og:image:type\" content=\"image\/png\" \/>\n<meta name=\"author\" content=\"Rachel Moreau\" \/>\n<meta name=\"twitter:label1\" content=\"\u00c9crit par\" \/>\n\t<meta name=\"twitter:data1\" content=\"Rachel Moreau\" \/>\n\t<meta name=\"twitter:label2\" content=\"Dur\u00e9e de lecture estim\u00e9e\" \/>\n\t<meta name=\"twitter:data2\" content=\"3 minutes\" \/>\n<script type=\"application\/ld+json\" class=\"yoast-schema-graph\">{\"@context\":\"https:\\\/\\\/schema.org\",\"@graph\":[{\"@type\":\"NewsArticle\",\"@id\":\"https:\\\/\\\/marieclaire.be\\\/fr\\\/pourquoi-voir-fille-train\\\/#article\",\"isPartOf\":{\"@id\":\"https:\\\/\\\/marieclaire.be\\\/fr\\\/pourquoi-voir-fille-train\\\/\"},\"author\":{\"name\":\"Rachel Moreau\",\"@id\":\"https:\\\/\\\/marieclaire.be\\\/fr\\\/#\\\/schema\\\/person\\\/65ec2d3ff4fd2a933917b4c8f0aaebc9\"},\"headline\":\"Pourquoi voir &#8220;La Fille du Train&#8221; m\u00eame si on a lu le livre\",\"datePublished\":\"2016-10-17T12:00:19+00:00\",\"dateModified\":\"2016-10-17T12:31:28+00:00\",\"mainEntityOfPage\":{\"@id\":\"https:\\\/\\\/marieclaire.be\\\/fr\\\/pourquoi-voir-fille-train\\\/\"},\"wordCount\":557,\"commentCount\":0,\"publisher\":{\"@id\":\"https:\\\/\\\/marieclaire.be\\\/fr\\\/#organization\"},\"image\":{\"@id\":\"https:\\\/\\\/marieclaire.be\\\/fr\\\/pourquoi-voir-fille-train\\\/#primaryimage\"},\"thumbnailUrl\":\"https:\\\/\\\/marieclaire.be\\\/fr\\\/wp-content\\\/uploads\\\/2016\\\/10\\\/fille-marie-claire.png\",\"keywords\":[\"cin\u00e9ma\",\"critique\",\"film\",\"la fille du train\"],\"articleSection\":[\"Culture\"],\"inLanguage\":\"fr-FR\",\"potentialAction\":[{\"@type\":\"CommentAction\",\"name\":\"Comment\",\"target\":[\"https:\\\/\\\/marieclaire.be\\\/fr\\\/pourquoi-voir-fille-train\\\/#respond\"]}]},{\"@type\":\"WebPage\",\"@id\":\"https:\\\/\\\/marieclaire.be\\\/fr\\\/pourquoi-voir-fille-train\\\/\",\"url\":\"https:\\\/\\\/marieclaire.be\\\/fr\\\/pourquoi-voir-fille-train\\\/\",\"name\":\"Pourquoi voir \\\"La Fille du Train\\\" m\u00eame si on a lu le livre - Marie Claire Belgique\",\"isPartOf\":{\"@id\":\"https:\\\/\\\/marieclaire.be\\\/fr\\\/#website\"},\"primaryImageOfPage\":{\"@id\":\"https:\\\/\\\/marieclaire.be\\\/fr\\\/pourquoi-voir-fille-train\\\/#primaryimage\"},\"image\":{\"@id\":\"https:\\\/\\\/marieclaire.be\\\/fr\\\/pourquoi-voir-fille-train\\\/#primaryimage\"},\"thumbnailUrl\":\"https:\\\/\\\/marieclaire.be\\\/fr\\\/wp-content\\\/uploads\\\/2016\\\/10\\\/fille-marie-claire.png\",\"datePublished\":\"2016-10-17T12:00:19+00:00\",\"dateModified\":\"2016-10-17T12:31:28+00:00\",\"breadcrumb\":{\"@id\":\"https:\\\/\\\/marieclaire.be\\\/fr\\\/pourquoi-voir-fille-train\\\/#breadcrumb\"},\"inLanguage\":\"fr-FR\",\"potentialAction\":[{\"@type\":\"ReadAction\",\"target\":[\"https:\\\/\\\/marieclaire.be\\\/fr\\\/pourquoi-voir-fille-train\\\/\"]}]},{\"@type\":\"ImageObject\",\"inLanguage\":\"fr-FR\",\"@id\":\"https:\\\/\\\/marieclaire.be\\\/fr\\\/pourquoi-voir-fille-train\\\/#primaryimage\",\"url\":\"https:\\\/\\\/marieclaire.be\\\/fr\\\/wp-content\\\/uploads\\\/2016\\\/10\\\/fille-marie-claire.png\",\"contentUrl\":\"https:\\\/\\\/marieclaire.be\\\/fr\\\/wp-content\\\/uploads\\\/2016\\\/10\\\/fille-marie-claire.png\",\"width\":690,\"height\":361,\"caption\":\"fille train\"},{\"@type\":\"BreadcrumbList\",\"@id\":\"https:\\\/\\\/marieclaire.be\\\/fr\\\/pourquoi-voir-fille-train\\\/#breadcrumb\",\"itemListElement\":[{\"@type\":\"ListItem\",\"position\":1,\"name\":\"Accueil\",\"item\":\"https:\\\/\\\/marieclaire.be\\\/fr\\\/\"},{\"@type\":\"ListItem\",\"position\":2,\"name\":\"Pourquoi voir \u00ab\u00a0La Fille du Train\u00a0\u00bb m\u00eame si on a lu le livre\"}]},{\"@type\":\"WebSite\",\"@id\":\"https:\\\/\\\/marieclaire.be\\\/fr\\\/#website\",\"url\":\"https:\\\/\\\/marieclaire.be\\\/fr\\\/\",\"name\":\"Marie Claire Belgique\",\"description\":\"Marie Claire Belgique, le magazine du style et de l\u2019intelligence qui parle de mode, des tendances, de la beaut\u00e9, de l\u2019actualit\u00e9 et de la culture\",\"publisher\":{\"@id\":\"https:\\\/\\\/marieclaire.be\\\/fr\\\/#organization\"},\"potentialAction\":[{\"@type\":\"SearchAction\",\"target\":{\"@type\":\"EntryPoint\",\"urlTemplate\":\"https:\\\/\\\/marieclaire.be\\\/fr\\\/?s={search_term_string}\"},\"query-input\":{\"@type\":\"PropertyValueSpecification\",\"valueRequired\":true,\"valueName\":\"search_term_string\"}}],\"inLanguage\":\"fr-FR\"},{\"@type\":\"Organization\",\"@id\":\"https:\\\/\\\/marieclaire.be\\\/fr\\\/#organization\",\"name\":\"Marie Claire\",\"url\":\"https:\\\/\\\/marieclaire.be\\\/fr\\\/\",\"logo\":{\"@type\":\"ImageObject\",\"inLanguage\":\"fr-FR\",\"@id\":\"https:\\\/\\\/marieclaire.be\\\/fr\\\/#\\\/schema\\\/logo\\\/image\\\/\",\"url\":\"https:\\\/\\\/marieclaire.be\\\/fr\\\/wp-content\\\/uploads\\\/2018\\\/05\\\/mc-logo2.png\",\"contentUrl\":\"https:\\\/\\\/marieclaire.be\\\/fr\\\/wp-content\\\/uploads\\\/2018\\\/05\\\/mc-logo2.png\",\"width\":1001,\"height\":189,\"caption\":\"Marie Claire\"},\"image\":{\"@id\":\"https:\\\/\\\/marieclaire.be\\\/fr\\\/#\\\/schema\\\/logo\\\/image\\\/\"},\"sameAs\":[\"https:\\\/\\\/www.facebook.com\\\/MarieClaire.Belgique\\\/\",\"https:\\\/\\\/www.instagram.com\\\/marieclaire_belgique\\\/\",\"https:\\\/\\\/fr.pinterest.com\\\/marieclairebe\\\/\",\"https:\\\/\\\/www.youtube.com\\\/user\\\/BelgiumMarieClaire\"]},{\"@type\":\"Person\",\"@id\":\"https:\\\/\\\/marieclaire.be\\\/fr\\\/#\\\/schema\\\/person\\\/65ec2d3ff4fd2a933917b4c8f0aaebc9\",\"name\":\"Rachel Moreau\",\"image\":{\"@type\":\"ImageObject\",\"inLanguage\":\"fr-FR\",\"@id\":\"https:\\\/\\\/marieclaire.be\\\/fr\\\/wp-content\\\/uploads\\\/2016\\\/11\\\/mclogo-96x96.jpg\",\"url\":\"https:\\\/\\\/marieclaire.be\\\/fr\\\/wp-content\\\/uploads\\\/2016\\\/11\\\/mclogo-96x96.jpg\",\"contentUrl\":\"https:\\\/\\\/marieclaire.be\\\/fr\\\/wp-content\\\/uploads\\\/2016\\\/11\\\/mclogo-96x96.jpg\",\"caption\":\"Rachel Moreau\"},\"url\":\"https:\\\/\\\/marieclaire.be\\\/fr\\\/author\\\/rachel-m\\\/\"}]}<\/script>\n<!-- \/ Yoast SEO plugin. -->","yoast_head_json":{"title":"Pourquoi voir \"La Fille du Train\" m\u00eame si on a lu le livre - Marie Claire Belgique","robots":{"index":"index","follow":"follow","max-snippet":"max-snippet:-1","max-image-preview":"max-image-preview:large","max-video-preview":"max-video-preview:-1"},"canonical":"https:\/\/marieclaire.be\/fr\/pourquoi-voir-fille-train\/","og_locale":"fr_FR","og_type":"article","og_title":"Pourquoi voir \"La Fille du Train\" m\u00eame si on a lu le livre - Marie Claire Belgique","og_description":"En juin 2015 sortait chez nous \u201cLa Fille du Train\u201d, le premier roman de la britannique Paula Hawkins.","og_url":"https:\/\/marieclaire.be\/fr\/pourquoi-voir-fille-train\/","og_site_name":"Marie Claire Belgique","article_publisher":"https:\/\/www.facebook.com\/MarieClaire.Belgique\/","article_published_time":"2016-10-17T12:00:19+00:00","article_modified_time":"2016-10-17T12:31:28+00:00","og_image":[{"width":690,"height":361,"url":"https:\/\/marieclaire.be\/fr\/wp-content\/uploads\/2016\/10\/fille-marie-claire.png","type":"image\/png"}],"author":"Rachel Moreau","twitter_misc":{"\u00c9crit par":"Rachel Moreau","Dur\u00e9e de lecture estim\u00e9e":"3 minutes"},"schema":{"@context":"https:\/\/schema.org","@graph":[{"@type":"NewsArticle","@id":"https:\/\/marieclaire.be\/fr\/pourquoi-voir-fille-train\/#article","isPartOf":{"@id":"https:\/\/marieclaire.be\/fr\/pourquoi-voir-fille-train\/"},"author":{"name":"Rachel Moreau","@id":"https:\/\/marieclaire.be\/fr\/#\/schema\/person\/65ec2d3ff4fd2a933917b4c8f0aaebc9"},"headline":"Pourquoi voir &#8220;La Fille du Train&#8221; m\u00eame si on a lu le livre","datePublished":"2016-10-17T12:00:19+00:00","dateModified":"2016-10-17T12:31:28+00:00","mainEntityOfPage":{"@id":"https:\/\/marieclaire.be\/fr\/pourquoi-voir-fille-train\/"},"wordCount":557,"commentCount":0,"publisher":{"@id":"https:\/\/marieclaire.be\/fr\/#organization"},"image":{"@id":"https:\/\/marieclaire.be\/fr\/pourquoi-voir-fille-train\/#primaryimage"},"thumbnailUrl":"https:\/\/marieclaire.be\/fr\/wp-content\/uploads\/2016\/10\/fille-marie-claire.png","keywords":["cin\u00e9ma","critique","film","la fille du train"],"articleSection":["Culture"],"inLanguage":"fr-FR","potentialAction":[{"@type":"CommentAction","name":"Comment","target":["https:\/\/marieclaire.be\/fr\/pourquoi-voir-fille-train\/#respond"]}]},{"@type":"WebPage","@id":"https:\/\/marieclaire.be\/fr\/pourquoi-voir-fille-train\/","url":"https:\/\/marieclaire.be\/fr\/pourquoi-voir-fille-train\/","name":"Pourquoi voir \"La Fille du Train\" m\u00eame si on a lu le livre - Marie Claire Belgique","isPartOf":{"@id":"https:\/\/marieclaire.be\/fr\/#website"},"primaryImageOfPage":{"@id":"https:\/\/marieclaire.be\/fr\/pourquoi-voir-fille-train\/#primaryimage"},"image":{"@id":"https:\/\/marieclaire.be\/fr\/pourquoi-voir-fille-train\/#primaryimage"},"thumbnailUrl":"https:\/\/marieclaire.be\/fr\/wp-content\/uploads\/2016\/10\/fille-marie-claire.png","datePublished":"2016-10-17T12:00:19+00:00","dateModified":"2016-10-17T12:31:28+00:00","breadcrumb":{"@id":"https:\/\/marieclaire.be\/fr\/pourquoi-voir-fille-train\/#breadcrumb"},"inLanguage":"fr-FR","potentialAction":[{"@type":"ReadAction","target":["https:\/\/marieclaire.be\/fr\/pourquoi-voir-fille-train\/"]}]},{"@type":"ImageObject","inLanguage":"fr-FR","@id":"https:\/\/marieclaire.be\/fr\/pourquoi-voir-fille-train\/#primaryimage","url":"https:\/\/marieclaire.be\/fr\/wp-content\/uploads\/2016\/10\/fille-marie-claire.png","contentUrl":"https:\/\/marieclaire.be\/fr\/wp-content\/uploads\/2016\/10\/fille-marie-claire.png","width":690,"height":361,"caption":"fille train"},{"@type":"BreadcrumbList","@id":"https:\/\/marieclaire.be\/fr\/pourquoi-voir-fille-train\/#breadcrumb","itemListElement":[{"@type":"ListItem","position":1,"name":"Accueil","item":"https:\/\/marieclaire.be\/fr\/"},{"@type":"ListItem","position":2,"name":"Pourquoi voir \u00ab\u00a0La Fille du Train\u00a0\u00bb m\u00eame si on a lu le livre"}]},{"@type":"WebSite","@id":"https:\/\/marieclaire.be\/fr\/#website","url":"https:\/\/marieclaire.be\/fr\/","name":"Marie Claire Belgique","description":"Marie Claire Belgique, le magazine du style et de l\u2019intelligence qui parle de mode, des tendances, de la beaut\u00e9, de l\u2019actualit\u00e9 et de la culture","publisher":{"@id":"https:\/\/marieclaire.be\/fr\/#organization"},"potentialAction":[{"@type":"SearchAction","target":{"@type":"EntryPoint","urlTemplate":"https:\/\/marieclaire.be\/fr\/?s={search_term_string}"},"query-input":{"@type":"PropertyValueSpecification","valueRequired":true,"valueName":"search_term_string"}}],"inLanguage":"fr-FR"},{"@type":"Organization","@id":"https:\/\/marieclaire.be\/fr\/#organization","name":"Marie Claire","url":"https:\/\/marieclaire.be\/fr\/","logo":{"@type":"ImageObject","inLanguage":"fr-FR","@id":"https:\/\/marieclaire.be\/fr\/#\/schema\/logo\/image\/","url":"https:\/\/marieclaire.be\/fr\/wp-content\/uploads\/2018\/05\/mc-logo2.png","contentUrl":"https:\/\/marieclaire.be\/fr\/wp-content\/uploads\/2018\/05\/mc-logo2.png","width":1001,"height":189,"caption":"Marie Claire"},"image":{"@id":"https:\/\/marieclaire.be\/fr\/#\/schema\/logo\/image\/"},"sameAs":["https:\/\/www.facebook.com\/MarieClaire.Belgique\/","https:\/\/www.instagram.com\/marieclaire_belgique\/","https:\/\/fr.pinterest.com\/marieclairebe\/","https:\/\/www.youtube.com\/user\/BelgiumMarieClaire"]},{"@type":"Person","@id":"https:\/\/marieclaire.be\/fr\/#\/schema\/person\/65ec2d3ff4fd2a933917b4c8f0aaebc9","name":"Rachel Moreau","image":{"@type":"ImageObject","inLanguage":"fr-FR","@id":"https:\/\/marieclaire.be\/fr\/wp-content\/uploads\/2016\/11\/mclogo-96x96.jpg","url":"https:\/\/marieclaire.be\/fr\/wp-content\/uploads\/2016\/11\/mclogo-96x96.jpg","contentUrl":"https:\/\/marieclaire.be\/fr\/wp-content\/uploads\/2016\/11\/mclogo-96x96.jpg","caption":"Rachel Moreau"},"url":"https:\/\/marieclaire.be\/fr\/author\/rachel-m\/"}]}},"_links":{"self":[{"href":"https:\/\/marieclaire.be\/fr\/wp-json\/wp\/v2\/posts\/3791","targetHints":{"allow":["GET"]}}],"collection":[{"href":"https:\/\/marieclaire.be\/fr\/wp-json\/wp\/v2\/posts"}],"about":[{"href":"https:\/\/marieclaire.be\/fr\/wp-json\/wp\/v2\/types\/post"}],"author":[{"embeddable":true,"href":"https:\/\/marieclaire.be\/fr\/wp-json\/wp\/v2\/users\/17"}],"replies":[{"embeddable":true,"href":"https:\/\/marieclaire.be\/fr\/wp-json\/wp\/v2\/comments?post=3791"}],"version-history":[{"count":0,"href":"https:\/\/marieclaire.be\/fr\/wp-json\/wp\/v2\/posts\/3791\/revisions"}],"wp:featuredmedia":[{"embeddable":true,"href":"https:\/\/marieclaire.be\/fr\/wp-json\/wp\/v2\/media\/3811"}],"wp:attachment":[{"href":"https:\/\/marieclaire.be\/fr\/wp-json\/wp\/v2\/media?parent=3791"}],"wp:term":[{"taxonomy":"category","embeddable":true,"href":"https:\/\/marieclaire.be\/fr\/wp-json\/wp\/v2\/categories?post=3791"},{"taxonomy":"post_tag","embeddable":true,"href":"https:\/\/marieclaire.be\/fr\/wp-json\/wp\/v2\/tags?post=3791"}],"curies":[{"name":"wp","href":"https:\/\/api.w.org\/{rel}","templated":true}]}}